{"id":23379,"date":"2022-07-12T15:11:05","date_gmt":"2022-07-12T15:11:05","guid":{"rendered":"https:\/\/www.africa-press.net\/cameroun\/politique\/cameroun-rupture-de-contrat-le-coq-sportif-menace-de-trainer-la-fecafoot-en-justice"},"modified":"2022-07-12T16:28:20","modified_gmt":"2022-07-12T16:28:20","slug":"cameroun-rupture-de-contrat-le-coq-sportif-menace-de-trainer-la-fecafoot-en-justice","status":"publish","type":"post","link":"https:\/\/www.africa-press.net\/cameroun\/sports\/cameroun-rupture-de-contrat-le-coq-sportif-menace-de-trainer-la-fecafoot-en-justice","title":{"rendered":"Cameroun\u2013Rupture de contrat : Le Coq sportif menace de tra\u00eener la F\u00e9cafoot en justice"},"content":{"rendered":"<p><span style=\"color: #ff6600\"><strong>Africa-Press &#8211; Cameroun. <\/strong><\/span>La firme fran\u00e7aise dont le contrat avec la Fecafoot vient d\u2019\u00eatre r\u00e9sili\u00e9 menace de tra\u00eener l\u2019instance dirig\u00e9e par Samuel Eto\u2019o devant la justice.<\/p>\n<p>L\u2019affaire F\u00e9cafoot \u2013Le Coq sportif est loin d\u2019\u00eatre termin\u00e9e. Le nouveau rebondissement laisse planer le chantage de l\u2019\u00e9quipementier fran\u00e7ais. Dans un communiqu\u00e9 en date du 11 juillet, Le Coq Sportif s\u2019est adress\u00e9 \u00e0 nouveau \u00e0 la F\u00e9cafoot. L\u2019\u00e9quipementier fran\u00e7ais qui habille les Lions indomptables depuis janvier 2020 invite Samuel Eto\u2019o \u00e0 reconsid\u00e9rer sa d\u00e9cision de r\u00e9silier unilat\u00e9ralement le contrat le liant \u00e0 la Fecafoot. Le Coq Sportif dit multiplier ses d\u00e9marches pour prendre contact avec le patron de la F\u00e9d\u00e9ration afin de r\u00e9gler le diff\u00e9rend \u00e0 l\u2019amiable.<\/p>\n<p>\u00ab Comme d\u2019ores et d\u00e9j\u00e0 \u00e9voqu\u00e9, nous vous rappelons une nouvelle fois que nous n\u2019avons manqu\u00e9 \u00e0 aucun des engagements qui nous incombent en qualit\u00e9 d\u2019\u00e9quipementier de la F\u00e9cafoot depuis plus de trois ans et que, sauf \u00e0 ce que cette man\u0153uvre ait pour but de vous engager \u00e0 moindre frais avec un \u00e9quipementier concurrent \u00e0 quelques mois de la Coupe du<\/p>\n<p>Monde de Football 2022 (ce que votre appel d\u2019offre du 06 juillet dernier laisse \u00e0 penser), absolument rien ne justifiait cette r\u00e9siliation, d\u2019autant plus que la F\u00e9cafoot n\u2019est, \u00e0 ce jour, d\u00e9tentrice d\u2019aucune cr\u00e9ance \u00e0 notre encontre.<\/p>\n<p>Nous souhaitons donc, une derni\u00e8re fois, vous inviter, Monsieur le Pr\u00e9sident, \u00e0 revoir votre position, afin de nous permettre de poursuivre sereinement la pr\u00e9paration des commandes de r\u00e9pliquas d\u2019ores et d\u00e9j\u00e0 engag\u00e9e pour votre f\u00e9d\u00e9ration.<\/p>\n<p>A d\u00e9faut, nous vous informons que nous avons d\u2019ores et d\u00e9j\u00e0 mandat\u00e9 notre Conseil habituel, afin d\u2019engager toutes les proc\u00e9dures judiciaires nous permettant d\u2019obtenir r\u00e9paration du pr\u00e9judice subi, ce qui malheureusement aura des cons\u00e9quences importantes pour la Fecafoot.<\/p>\n<p>En ce sens, nous attirons, en outre, votre attention sur le fait que, dans l\u2019hypoth\u00e8se o\u00f9 tout tiers et notamment tout \u00e9quipementier, viendrait \u00e0 porter atteinte aux droits dont nous sommes titulaires, nous ne manquerons pas d\u2019engager imm\u00e9diatement toute proc\u00e9dure judiciaire appropri\u00e9e \u00e0 son encontre.<\/p>\n<p>Les instances dirigeantes du football lisent la pr\u00e9sente en copie. Nous esp\u00e9rons vivement que vous saisirez cette ultime main tendue. Nous vous prions d\u2019agr\u00e9er, Monsieur le Pr\u00e9sident, nos salutations distingu\u00e9es \u00bb<\/p>\n<p>Aux derni\u00e8res nouvelles, Yannick Noah, l\u2019ambassadeur \u00e0 vie de cette firme fran\u00e7aise, qui a grandement influenc\u00e9 la venue de Le Coq sportif \u00e0 la F\u00e9cafoot, aidant ainsi son ami d\u2019enfance Seydou Mbombo Njoya, se serait rendu \u00e0 la pr\u00e9sidence de R\u00e9publique ces derniers jours, pour essayer d\u2019influencer la d\u00e9cision prise par Samuel Eto\u2019o. Pourra \u2013t-on seulement savoir un jour les clauses de ce contrat qui a \u00e9t\u00e9 sign\u00e9 dans une opacit\u00e9 totale ? Affaire \u00e0 suivre.<\/p>\n<p><strong>Pour plus d&rsquo;informations et d&rsquo;analyses sur la <a href=\"https:\/\/www.africa-press.net\/cameroun\">Cameroun<\/a>, suivez <a href=\"https:\/\/www.africa-press.net\/\">Africa-Press<\/a><\/strong><\/p>\n","protected":false},"excerpt":{"rendered":"<p>Africa-Press &#8211; Cameroun. La firme fran\u00e7aise dont le contrat avec la Fecafoot vient d\u2019\u00eatre r\u00e9sili\u00e9 menace de tra\u00eener l\u2019instance dirig\u00e9e par Samuel Eto\u2019o devant la justice. L\u2019affaire F\u00e9cafoot \u2013Le Coq sportif est loin d\u2019\u00eatre termin\u00e9e. Le nouveau rebondissement laisse planer le chantage de l\u2019\u00e9quipementier fran\u00e7ais. Dans un communiqu\u00e9 en date du 11 juillet, Le Coq [&hellip;]<\/p>\n","protected":false},"author":82,"featured_media":23377,"comment_status":"open","ping_status":"closed","sticky":false,"template":"","format":"standard","meta":{"footnotes":""},"categories":[11,6,10],"tags":[36,50,49],"class_list":["post-23379","post","type-post","status-publish","format-standard","has-post-thumbnail","hentry","category-homepage-french","category-sports","category-toutes-les-actualites","tag-africa-press","tag-africa-press-cameroun","tag-cameroun"],"yoast_head":"<!-- This site is optimized with the Yoast SEO Premium plugin v26.1 (Yoast SEO v27.0) - https:\/\/yoast.com\/product\/yoast-seo-premium-wordpress\/ -->\n<title>Cameroun\u2013Rupture de contrat : Le Coq sportif menace de tra\u00eener la F\u00e9cafoot en justice - Cameroun<\/title>\n<meta name=\"description\" content=\"La firme fran\u00e7aise dont le contrat avec la Fecafoot vient d\u2019\u00eatre r\u00e9sili\u00e9 menace de tra\u00eener l\u2019instance dirig\u00e9e par Samuel ...\" \/>\n<meta name=\"robots\" content=\"index, follow, max-snippet:-1, max-image-preview:large, max-video-preview:-1\" \/>\n<link rel=\"canonical\" href=\"https:\/\/www.africa-press.net\/cameroun\/sports\/cameroun-rupture-de-contrat-le-coq-sportif-menace-de-trainer-la-fecafoot-en-justice\" \/>\n<meta property=\"og:locale\" content=\"fr_FR\" \/>\n<meta property=\"og:type\" content=\"article\" \/>\n<meta property=\"og:title\" content=\"Cameroun\u2013Rupture de contrat : Le Coq sportif menace de tra\u00eener la F\u00e9cafoot en justice\" \/>\n<meta property=\"og:description\" content=\"La firme fran\u00e7aise dont le contrat avec la Fecafoot vient d\u2019\u00eatre r\u00e9sili\u00e9 menace de tra\u00eener l\u2019instance dirig\u00e9e par Samuel ...\" \/>\n<meta property=\"og:url\" content=\"https:\/\/www.africa-press.net\/cameroun\/sports\/cameroun-rupture-de-contrat-le-coq-sportif-menace-de-trainer-la-fecafoot-en-justice\" \/>\n<meta property=\"og:site_name\" content=\"Cameroun\" \/>\n<meta property=\"article:published_time\" content=\"2022-07-12T15:11:05+00:00\" \/>\n<meta property=\"article:modified_time\" content=\"2022-07-12T16:28:20+00:00\" \/>\n<meta property=\"og:image\" content=\"https:\/\/static.africa-press.net\/cameroun\/sites\/57\/2022\/07\/img-62cda108bdde2.jpg\" \/>\n\t<meta property=\"og:image:width\" content=\"720\" \/>\n\t<meta property=\"og:image:height\" content=\"540\" \/>\n\t<meta property=\"og:image:type\" content=\"image\/jpeg\" \/>\n<meta name=\"author\" content=\"cfeditorfr\" \/>\n<meta name=\"twitter:card\" content=\"summary_large_image\" \/>\n<meta name=\"twitter:label1\" content=\"\u00c9crit par\" \/>\n\t<meta name=\"twitter:data1\" content=\"cfeditorfr\" \/>\n\t<meta name=\"twitter:label2\" content=\"Dur\u00e9e de lecture estim\u00e9e\" \/>\n\t<meta name=\"twitter:data2\" content=\"3 minutes\" \/>\n<script type=\"application\/ld+json\" class=\"yoast-schema-graph\">{\"@context\":\"https:\/\/schema.org\",\"@graph\":[{\"@type\":\"Article\",\"@id\":\"https:\/\/www.africa-press.net\/cameroun\/sports\/cameroun-rupture-de-contrat-le-coq-sportif-menace-de-trainer-la-fecafoot-en-justice#article\",\"isPartOf\":{\"@id\":\"https:\/\/www.africa-press.net\/cameroun\/sports\/cameroun-rupture-de-contrat-le-coq-sportif-menace-de-trainer-la-fecafoot-en-justice\"},\"author\":{\"name\":\"cfeditorfr\",\"@id\":\"https:\/\/www.africa-press.net\/cameroun\/#\/schema\/person\/2b1cf3cd81a31e3cd26889ca66d677f1\"},\"headline\":\"Cameroun\u2013Rupture de contrat : Le Coq sportif menace de tra\u00eener la F\u00e9cafoot en justice\",\"datePublished\":\"2022-07-12T15:11:05+00:00\",\"dateModified\":\"2022-07-12T16:28:20+00:00\",\"mainEntityOfPage\":{\"@id\":\"https:\/\/www.africa-press.net\/cameroun\/sports\/cameroun-rupture-de-contrat-le-coq-sportif-menace-de-trainer-la-fecafoot-en-justice\"},\"wordCount\":521,\"commentCount\":0,\"image\":{\"@id\":\"https:\/\/www.africa-press.net\/cameroun\/sports\/cameroun-rupture-de-contrat-le-coq-sportif-menace-de-trainer-la-fecafoot-en-justice#primaryimage\"},\"thumbnailUrl\":\"https:\/\/static.africa-press.net\/cameroun\/sites\/57\/2022\/07\/img-62cda108bdde2.jpg\",\"keywords\":[\"Africa Press\",\"Africa Press-Cameroun\",\"Cameroun\"],\"articleSection\":[\"homepage-french\",\"Sports\",\"Toutes les actualit\u00e9s\"],\"inLanguage\":\"fr-FR\",\"potentialAction\":[{\"@type\":\"CommentAction\",\"name\":\"Comment\",\"target\":[\"https:\/\/www.africa-press.net\/cameroun\/sports\/cameroun-rupture-de-contrat-le-coq-sportif-menace-de-trainer-la-fecafoot-en-justice#respond\"]}]},{\"@type\":\"WebPage\",\"@id\":\"https:\/\/www.africa-press.net\/cameroun\/sports\/cameroun-rupture-de-contrat-le-coq-sportif-menace-de-trainer-la-fecafoot-en-justice\",\"url\":\"https:\/\/www.africa-press.net\/cameroun\/sports\/cameroun-rupture-de-contrat-le-coq-sportif-menace-de-trainer-la-fecafoot-en-justice\",\"name\":\"Cameroun\u2013Rupture de contrat : Le Coq sportif menace de tra\u00eener la F\u00e9cafoot en justice - Cameroun\",\"isPartOf\":{\"@id\":\"https:\/\/www.africa-press.net\/cameroun\/#website\"},\"primaryImageOfPage\":{\"@id\":\"https:\/\/www.africa-press.net\/cameroun\/sports\/cameroun-rupture-de-contrat-le-coq-sportif-menace-de-trainer-la-fecafoot-en-justice#primaryimage\"},\"image\":{\"@id\":\"https:\/\/www.africa-press.net\/cameroun\/sports\/cameroun-rupture-de-contrat-le-coq-sportif-menace-de-trainer-la-fecafoot-en-justice#primaryimage\"},\"thumbnailUrl\":\"https:\/\/static.africa-press.net\/cameroun\/sites\/57\/2022\/07\/img-62cda108bdde2.jpg\",\"datePublished\":\"2022-07-12T15:11:05+00:00\",\"dateModified\":\"2022-07-12T16:28:20+00:00\",\"author\":{\"@id\":\"https:\/\/www.africa-press.net\/cameroun\/#\/schema\/person\/2b1cf3cd81a31e3cd26889ca66d677f1\"},\"description\":\"La firme fran\u00e7aise dont le contrat avec la Fecafoot vient d\u2019\u00eatre r\u00e9sili\u00e9 menace de tra\u00eener l\u2019instance dirig\u00e9e par Samuel ...\",\"breadcrumb\":{\"@id\":\"https:\/\/www.africa-press.net\/cameroun\/sports\/cameroun-rupture-de-contrat-le-coq-sportif-menace-de-trainer-la-fecafoot-en-justice#breadcrumb\"},\"inLanguage\":\"fr-FR\",\"potentialAction\":[{\"@type\":\"ReadAction\",\"target\":[\"https:\/\/www.africa-press.net\/cameroun\/sports\/cameroun-rupture-de-contrat-le-coq-sportif-menace-de-trainer-la-fecafoot-en-justice\"]}]},{\"@type\":\"ImageObject\",\"inLanguage\":\"fr-FR\",\"@id\":\"https:\/\/www.africa-press.net\/cameroun\/sports\/cameroun-rupture-de-contrat-le-coq-sportif-menace-de-trainer-la-fecafoot-en-justice#primaryimage\",\"url\":\"https:\/\/static.africa-press.net\/cameroun\/sites\/57\/2022\/07\/img-62cda108bdde2.jpg\",\"contentUrl\":\"https:\/\/static.africa-press.net\/cameroun\/sites\/57\/2022\/07\/img-62cda108bdde2.jpg\",\"width\":720,\"height\":540,\"caption\":\"Cameroun\u2013Rupture de contrat : Le Coq sportif menace de tra\u00eener la F\u00e9cafoot en justice\"},{\"@type\":\"BreadcrumbList\",\"@id\":\"https:\/\/www.africa-press.net\/cameroun\/sports\/cameroun-rupture-de-contrat-le-coq-sportif-menace-de-trainer-la-fecafoot-en-justice#breadcrumb\",\"itemListElement\":[{\"@type\":\"ListItem\",\"position\":1,\"name\":\"Accueil\",\"item\":\"https:\/\/www.africa-press.net\/cameroun\/\"},{\"@type\":\"ListItem\",\"position\":2,\"name\":\"Cameroun\u2013Rupture de contrat : Le Coq sportif menace de tra\u00eener la F\u00e9cafoot en justice\"}]},{\"@type\":\"WebSite\",\"@id\":\"https:\/\/www.africa-press.net\/cameroun\/#website\",\"url\":\"https:\/\/www.africa-press.net\/cameroun\/\",\"name\":\"Cameroun\",\"description\":\"Just another Africa News Agency Sites site\",\"potentialAction\":[{\"@type\":\"SearchAction\",\"target\":{\"@type\":\"EntryPoint\",\"urlTemplate\":\"https:\/\/www.africa-press.net\/cameroun\/?s={search_term_string}\"},\"query-input\":{\"@type\":\"PropertyValueSpecification\",\"valueRequired\":true,\"valueName\":\"search_term_string\"}}],\"inLanguage\":\"fr-FR\"},{\"@type\":\"Person\",\"@id\":\"https:\/\/www.africa-press.net\/cameroun\/#\/schema\/person\/2b1cf3cd81a31e3cd26889ca66d677f1\",\"name\":\"cfeditorfr\"}]}<\/script>\n<!-- \/ Yoast SEO Premium plugin. -->","yoast_head_json":{"title":"Cameroun\u2013Rupture de contrat : Le Coq sportif menace de tra\u00eener la F\u00e9cafoot en justice - Cameroun","description":"La firme fran\u00e7aise dont le contrat avec la Fecafoot vient d\u2019\u00eatre r\u00e9sili\u00e9 menace de tra\u00eener l\u2019instance dirig\u00e9e par Samuel ...","robots":{"index":"index","follow":"follow","max-snippet":"max-snippet:-1","max-image-preview":"max-image-preview:large","max-video-preview":"max-video-preview:-1"},"canonical":"https:\/\/www.africa-press.net\/cameroun\/sports\/cameroun-rupture-de-contrat-le-coq-sportif-menace-de-trainer-la-fecafoot-en-justice","og_locale":"fr_FR","og_type":"article","og_title":"Cameroun\u2013Rupture de contrat : Le Coq sportif menace de tra\u00eener la F\u00e9cafoot en justice","og_description":"La firme fran\u00e7aise dont le contrat avec la Fecafoot vient d\u2019\u00eatre r\u00e9sili\u00e9 menace de tra\u00eener l\u2019instance dirig\u00e9e par Samuel ...","og_url":"https:\/\/www.africa-press.net\/cameroun\/sports\/cameroun-rupture-de-contrat-le-coq-sportif-menace-de-trainer-la-fecafoot-en-justice","og_site_name":"Cameroun","article_published_time":"2022-07-12T15:11:05+00:00","article_modified_time":"2022-07-12T16:28:20+00:00","og_image":[{"width":720,"height":540,"url":"https:\/\/static.africa-press.net\/cameroun\/sites\/57\/2022\/07\/img-62cda108bdde2.jpg","type":"image\/jpeg"}],"author":"cfeditorfr","twitter_card":"summary_large_image","twitter_misc":{"\u00c9crit par":"cfeditorfr","Dur\u00e9e de lecture estim\u00e9e":"3 minutes"},"schema":{"@context":"https:\/\/schema.org","@graph":[{"@type":"Article","@id":"https:\/\/www.africa-press.net\/cameroun\/sports\/cameroun-rupture-de-contrat-le-coq-sportif-menace-de-trainer-la-fecafoot-en-justice#article","isPartOf":{"@id":"https:\/\/www.africa-press.net\/cameroun\/sports\/cameroun-rupture-de-contrat-le-coq-sportif-menace-de-trainer-la-fecafoot-en-justice"},"author":{"name":"cfeditorfr","@id":"https:\/\/www.africa-press.net\/cameroun\/#\/schema\/person\/2b1cf3cd81a31e3cd26889ca66d677f1"},"headline":"Cameroun\u2013Rupture de contrat : Le Coq sportif menace de tra\u00eener la F\u00e9cafoot en justice","datePublished":"2022-07-12T15:11:05+00:00","dateModified":"2022-07-12T16:28:20+00:00","mainEntityOfPage":{"@id":"https:\/\/www.africa-press.net\/cameroun\/sports\/cameroun-rupture-de-contrat-le-coq-sportif-menace-de-trainer-la-fecafoot-en-justice"},"wordCount":521,"commentCount":0,"image":{"@id":"https:\/\/www.africa-press.net\/cameroun\/sports\/cameroun-rupture-de-contrat-le-coq-sportif-menace-de-trainer-la-fecafoot-en-justice#primaryimage"},"thumbnailUrl":"https:\/\/static.africa-press.net\/cameroun\/sites\/57\/2022\/07\/img-62cda108bdde2.jpg","keywords":["Africa Press","Africa Press-Cameroun","Cameroun"],"articleSection":["homepage-french","Sports","Toutes les actualit\u00e9s"],"inLanguage":"fr-FR","potentialAction":[{"@type":"CommentAction","name":"Comment","target":["https:\/\/www.africa-press.net\/cameroun\/sports\/cameroun-rupture-de-contrat-le-coq-sportif-menace-de-trainer-la-fecafoot-en-justice#respond"]}]},{"@type":"WebPage","@id":"https:\/\/www.africa-press.net\/cameroun\/sports\/cameroun-rupture-de-contrat-le-coq-sportif-menace-de-trainer-la-fecafoot-en-justice","url":"https:\/\/www.africa-press.net\/cameroun\/sports\/cameroun-rupture-de-contrat-le-coq-sportif-menace-de-trainer-la-fecafoot-en-justice","name":"Cameroun\u2013Rupture de contrat : Le Coq sportif menace de tra\u00eener la F\u00e9cafoot en justice - Cameroun","isPartOf":{"@id":"https:\/\/www.africa-press.net\/cameroun\/#website"},"primaryImageOfPage":{"@id":"https:\/\/www.africa-press.net\/cameroun\/sports\/cameroun-rupture-de-contrat-le-coq-sportif-menace-de-trainer-la-fecafoot-en-justice#primaryimage"},"image":{"@id":"https:\/\/www.africa-press.net\/cameroun\/sports\/cameroun-rupture-de-contrat-le-coq-sportif-menace-de-trainer-la-fecafoot-en-justice#primaryimage"},"thumbnailUrl":"https:\/\/static.africa-press.net\/cameroun\/sites\/57\/2022\/07\/img-62cda108bdde2.jpg","datePublished":"2022-07-12T15:11:05+00:00","dateModified":"2022-07-12T16:28:20+00:00","author":{"@id":"https:\/\/www.africa-press.net\/cameroun\/#\/schema\/person\/2b1cf3cd81a31e3cd26889ca66d677f1"},"description":"La firme fran\u00e7aise dont le contrat avec la Fecafoot vient d\u2019\u00eatre r\u00e9sili\u00e9 menace de tra\u00eener l\u2019instance dirig\u00e9e par Samuel ...","breadcrumb":{"@id":"https:\/\/www.africa-press.net\/cameroun\/sports\/cameroun-rupture-de-contrat-le-coq-sportif-menace-de-trainer-la-fecafoot-en-justice#breadcrumb"},"inLanguage":"fr-FR","potentialAction":[{"@type":"ReadAction","target":["https:\/\/www.africa-press.net\/cameroun\/sports\/cameroun-rupture-de-contrat-le-coq-sportif-menace-de-trainer-la-fecafoot-en-justice"]}]},{"@type":"ImageObject","inLanguage":"fr-FR","@id":"https:\/\/www.africa-press.net\/cameroun\/sports\/cameroun-rupture-de-contrat-le-coq-sportif-menace-de-trainer-la-fecafoot-en-justice#primaryimage","url":"https:\/\/static.africa-press.net\/cameroun\/sites\/57\/2022\/07\/img-62cda108bdde2.jpg","contentUrl":"https:\/\/static.africa-press.net\/cameroun\/sites\/57\/2022\/07\/img-62cda108bdde2.jpg","width":720,"height":540,"caption":"Cameroun\u2013Rupture de contrat : Le Coq sportif menace de tra\u00eener la F\u00e9cafoot en justice"},{"@type":"BreadcrumbList","@id":"https:\/\/www.africa-press.net\/cameroun\/sports\/cameroun-rupture-de-contrat-le-coq-sportif-menace-de-trainer-la-fecafoot-en-justice#breadcrumb","itemListElement":[{"@type":"ListItem","position":1,"name":"Accueil","item":"https:\/\/www.africa-press.net\/cameroun\/"},{"@type":"ListItem","position":2,"name":"Cameroun\u2013Rupture de contrat : Le Coq sportif menace de tra\u00eener la F\u00e9cafoot en justice"}]},{"@type":"WebSite","@id":"https:\/\/www.africa-press.net\/cameroun\/#website","url":"https:\/\/www.africa-press.net\/cameroun\/","name":"Cameroun","description":"Just another Africa News Agency Sites site","potentialAction":[{"@type":"SearchAction","target":{"@type":"EntryPoint","urlTemplate":"https:\/\/www.africa-press.net\/cameroun\/?s={search_term_string}"},"query-input":{"@type":"PropertyValueSpecification","valueRequired":true,"valueName":"search_term_string"}}],"inLanguage":"fr-FR"},{"@type":"Person","@id":"https:\/\/www.africa-press.net\/cameroun\/#\/schema\/person\/2b1cf3cd81a31e3cd26889ca66d677f1","name":"cfeditorfr"}]}},"_links":{"self":[{"href":"https:\/\/www.africa-press.net\/cameroun\/wp-json\/wp\/v2\/posts\/23379","targetHints":{"allow":["GET"]}}],"collection":[{"href":"https:\/\/www.africa-press.net\/cameroun\/wp-json\/wp\/v2\/posts"}],"about":[{"href":"https:\/\/www.africa-press.net\/cameroun\/wp-json\/wp\/v2\/types\/post"}],"author":[{"embeddable":true,"href":"https:\/\/www.africa-press.net\/cameroun\/wp-json\/wp\/v2\/users\/82"}],"replies":[{"embeddable":true,"href":"https:\/\/www.africa-press.net\/cameroun\/wp-json\/wp\/v2\/comments?post=23379"}],"version-history":[{"count":0,"href":"https:\/\/www.africa-press.net\/cameroun\/wp-json\/wp\/v2\/posts\/23379\/revisions"}],"wp:featuredmedia":[{"embeddable":true,"href":"https:\/\/www.africa-press.net\/cameroun\/wp-json\/wp\/v2\/media\/23377"}],"wp:attachment":[{"href":"https:\/\/www.africa-press.net\/cameroun\/wp-json\/wp\/v2\/media?parent=23379"}],"wp:term":[{"taxonomy":"category","embeddable":true,"href":"https:\/\/www.africa-press.net\/cameroun\/wp-json\/wp\/v2\/categories?post=23379"},{"taxonomy":"post_tag","embeddable":true,"href":"https:\/\/www.africa-press.net\/cameroun\/wp-json\/wp\/v2\/tags?post=23379"}],"curies":[{"name":"wp","href":"https:\/\/api.w.org\/{rel}","templated":true}]}}