{"id":23384,"date":"2022-07-12T15:14:37","date_gmt":"2022-07-12T15:14:37","guid":{"rendered":"https:\/\/www.africa-press.net\/cameroun\/politique\/cameroun-43-deleves-ont-des-difficultes-en-mathematiques"},"modified":"2022-07-12T16:28:48","modified_gmt":"2022-07-12T16:28:48","slug":"cameroun-43-deleves-ont-des-difficultes-en-mathematiques","status":"publish","type":"post","link":"https:\/\/www.africa-press.net\/cameroun\/toutes-les-actualites\/cameroun-43-deleves-ont-des-difficultes-en-mathematiques","title":{"rendered":"Cameroun\u00a0: 43% d\u2019\u00e9l\u00e8ves ont des difficult\u00e9s en math\u00e9matiques"},"content":{"rendered":"<p><span style=\"color: #ff6600\"><strong>Africa-Press &#8211; Cameroun. <\/strong><\/span>Un atelier r\u00e9unissant les experts se tient du 12 au 16 juillet 2022 \u00e0 Yaound\u00e9 dans le souci de trouver des mesures palliatives \u00e0 ce probl\u00e8me.<\/p>\n<p>L\u2019Agence Universitaire de la Francophonie pose les questions des difficult\u00e9s des \u00e9l\u00e8ves en math\u00e9matiques sur la table. L\u2019id\u00e9e est d\u2019\u00e9laborer un document d\u2019analyse diagnostique des difficult\u00e9s des \u00e9l\u00e8ves et des pratiques enseignantes en math\u00e9matiques.<\/p>\n<p>\u00ab On a constat\u00e9 qu\u2019au fil des ann\u00e9es, les performances ne sont pas toujours bonnes malgr\u00e9 tous les efforts que nous faisons, alors, le Cameroun dans la rechercher des solutions a fait appel aux internationaux, notamment Apprendre qui est l\u2019appui professionnel des pratiques enseignantes au d\u00e9veloppement des ressources, pour soutenir avec l\u2019AUF afin qu\u2019ensemble, nous trouvons d\u2019autres solutions alternatives \u00bb, Experte nationale en math\u00e9matiques, Solange Wandji.<\/p>\n<p>Apr\u00e8s les \u00e9tudes sur le terrain, il en ressort que, 43% sur l\u2019\u00e9chelle nationale ont des difficult\u00e9s en math\u00e9matiques. Ce chiffre qui est la raison de l\u2019atelier est tir\u00e9 vers le haut par les zones d\u2019\u00e9ducation prioritaires. Il s\u2019agit notamment de l\u2019Est, l\u2019Adamaoua, le Nord et l\u2019Extr\u00eame-Nord o\u00f9 82% d\u2019\u00e9l\u00e8ves ont des difficult\u00e9s en la mati\u00e8re suscit\u00e9es.<\/p>\n<p>Pour l\u2019AUF il est question au bout de 05 jours de r\u00e9flexion de \u00ab poser le diagnostic sur les probl\u00e8mes enseignants-\u00e9l\u00e8ves \u00bb. Concr\u00e8tement, il s\u2019agit de d\u00e9gager les responsabilit\u00e9s de chacun afin de poser les pistes de solutions \u00e0 ce probl\u00e8me.<\/p>\n<p>Selon l\u2019organisme, il est imp\u00e9ratif de relever le niveau des \u00e9l\u00e8ves en math\u00e9matiques. Car seul un \u00e9l\u00e8ve qui comprend les math\u00e9matiques peut \u00eatre brillant dans les mati\u00e8res comme la Chimie, l\u2019informatique, la physique, etc.<\/p>\n<p>Cette initiative s\u2019appuie sur le programme \u00ab Apprendre \u00bb qui veut accompagner le minist\u00e8re de l\u2019\u00e9ducation de base dans l\u2019am\u00e9lioration de la qualit\u00e9 des enseignements et par cons\u00e9quent am\u00e9liorer le pourcentage de r\u00e9ussite en math\u00e9matiques.<\/p>\n<p>A l\u2019occasion, les organisateurs ont appel\u00e9 les experts selon le niveau d\u2019intervention dans le processus. Les inspecteurs p\u00e9dagogiques nationaux et r\u00e9gionaux, les animateurs p\u00e9dagogiques, les recteurs d\u2019\u00e9coles, les enseignants ruraux et urbains entre autres.<\/p>\n<p>pour m\u00e9moire, le programme Apprendre, a pour abjectif, d\u2019am\u00e9liorer l\u2019enseignement relevant des sciences dures, afin de d\u00e9velopper les comp\u00e9tences scientifiques et technologiques n\u00e9cessaires \u00e0 la r\u00e9alisation des plans nationaux de d\u00e9veloppement.<\/p>\n<p><strong>Pour plus d&rsquo;informations et d&rsquo;analyses sur la <a href=\"https:\/\/www.africa-press.net\/cameroun\">Cameroun<\/a>, suivez <a href=\"https:\/\/www.africa-press.net\/\">Africa-Press<\/a><\/strong><\/p>\n","protected":false},"excerpt":{"rendered":"<p>Africa-Press &#8211; Cameroun. Un atelier r\u00e9unissant les experts se tient du 12 au 16 juillet 2022 \u00e0 Yaound\u00e9 dans le souci de trouver des mesures palliatives \u00e0 ce probl\u00e8me. L\u2019Agence Universitaire de la Francophonie pose les questions des difficult\u00e9s des \u00e9l\u00e8ves en math\u00e9matiques sur la table. L\u2019id\u00e9e est d\u2019\u00e9laborer un document d\u2019analyse diagnostique des difficult\u00e9s [&hellip;]<\/p>\n","protected":false},"author":82,"featured_media":23382,"comment_status":"open","ping_status":"closed","sticky":false,"template":"","format":"standard","meta":{"footnotes":""},"categories":[21,11,10],"tags":[36,50,49],"class_list":["post-23384","post","type-post","status-publish","format-standard","has-post-thumbnail","hentry","category-communaute","category-homepage-french","category-toutes-les-actualites","tag-africa-press","tag-africa-press-cameroun","tag-cameroun"],"yoast_head":"<!-- This site is optimized with the Yoast SEO Premium plugin v26.1 (Yoast SEO v27.0) - https:\/\/yoast.com\/product\/yoast-seo-premium-wordpress\/ -->\n<title>Cameroun\u00a0: 43% d\u2019\u00e9l\u00e8ves ont des difficult\u00e9s en math\u00e9matiques - Cameroun<\/title>\n<meta name=\"description\" content=\"Un atelier r\u00e9unissant les experts se tient du 12 au 16 juillet 2022 \u00e0 Yaound\u00e9 dans le souci de trouver des mesures palli ...\" \/>\n<meta name=\"robots\" content=\"index, follow, max-snippet:-1, max-image-preview:large, max-video-preview:-1\" \/>\n<link rel=\"canonical\" href=\"https:\/\/www.africa-press.net\/cameroun\/toutes-les-actualites\/cameroun-43-deleves-ont-des-difficultes-en-mathematiques\" \/>\n<meta property=\"og:locale\" content=\"fr_FR\" \/>\n<meta property=\"og:type\" content=\"article\" \/>\n<meta property=\"og:title\" content=\"Cameroun\u00a0: 43% d\u2019\u00e9l\u00e8ves ont des difficult\u00e9s en math\u00e9matiques\" \/>\n<meta property=\"og:description\" content=\"Un atelier r\u00e9unissant les experts se tient du 12 au 16 juillet 2022 \u00e0 Yaound\u00e9 dans le souci de trouver des mesures palli ...\" \/>\n<meta property=\"og:url\" content=\"https:\/\/www.africa-press.net\/cameroun\/toutes-les-actualites\/cameroun-43-deleves-ont-des-difficultes-en-mathematiques\" \/>\n<meta property=\"og:site_name\" content=\"Cameroun\" \/>\n<meta property=\"article:published_time\" content=\"2022-07-12T15:14:37+00:00\" \/>\n<meta property=\"article:modified_time\" content=\"2022-07-12T16:28:48+00:00\" \/>\n<meta property=\"og:image\" content=\"https:\/\/static.africa-press.net\/cameroun\/sites\/57\/2022\/07\/img-62cda12b4cae3.jpg\" \/>\n\t<meta property=\"og:image:width\" content=\"720\" \/>\n\t<meta property=\"og:image:height\" content=\"538\" \/>\n\t<meta property=\"og:image:type\" content=\"image\/jpeg\" \/>\n<meta name=\"author\" content=\"cfeditorfr\" \/>\n<meta name=\"twitter:card\" content=\"summary_large_image\" \/>\n<meta name=\"twitter:label1\" content=\"\u00c9crit par\" \/>\n\t<meta name=\"twitter:data1\" content=\"cfeditorfr\" \/>\n\t<meta name=\"twitter:label2\" content=\"Dur\u00e9e de lecture estim\u00e9e\" \/>\n\t<meta name=\"twitter:data2\" content=\"2 minutes\" \/>\n<script type=\"application\/ld+json\" class=\"yoast-schema-graph\">{\"@context\":\"https:\/\/schema.org\",\"@graph\":[{\"@type\":\"Article\",\"@id\":\"https:\/\/www.africa-press.net\/cameroun\/toutes-les-actualites\/cameroun-43-deleves-ont-des-difficultes-en-mathematiques#article\",\"isPartOf\":{\"@id\":\"https:\/\/www.africa-press.net\/cameroun\/toutes-les-actualites\/cameroun-43-deleves-ont-des-difficultes-en-mathematiques\"},\"author\":{\"name\":\"cfeditorfr\",\"@id\":\"https:\/\/www.africa-press.net\/cameroun\/#\/schema\/person\/2b1cf3cd81a31e3cd26889ca66d677f1\"},\"headline\":\"Cameroun\u00a0: 43% d\u2019\u00e9l\u00e8ves ont des difficult\u00e9s en math\u00e9matiques\",\"datePublished\":\"2022-07-12T15:14:37+00:00\",\"dateModified\":\"2022-07-12T16:28:48+00:00\",\"mainEntityOfPage\":{\"@id\":\"https:\/\/www.africa-press.net\/cameroun\/toutes-les-actualites\/cameroun-43-deleves-ont-des-difficultes-en-mathematiques\"},\"wordCount\":447,\"commentCount\":0,\"image\":{\"@id\":\"https:\/\/www.africa-press.net\/cameroun\/toutes-les-actualites\/cameroun-43-deleves-ont-des-difficultes-en-mathematiques#primaryimage\"},\"thumbnailUrl\":\"https:\/\/static.africa-press.net\/cameroun\/sites\/57\/2022\/07\/img-62cda12b4cae3.jpg\",\"keywords\":[\"Africa Press\",\"Africa Press-Cameroun\",\"Cameroun\"],\"articleSection\":[\"Communaut\u00e9\",\"homepage-french\",\"Toutes les actualit\u00e9s\"],\"inLanguage\":\"fr-FR\",\"potentialAction\":[{\"@type\":\"CommentAction\",\"name\":\"Comment\",\"target\":[\"https:\/\/www.africa-press.net\/cameroun\/toutes-les-actualites\/cameroun-43-deleves-ont-des-difficultes-en-mathematiques#respond\"]}]},{\"@type\":\"WebPage\",\"@id\":\"https:\/\/www.africa-press.net\/cameroun\/toutes-les-actualites\/cameroun-43-deleves-ont-des-difficultes-en-mathematiques\",\"url\":\"https:\/\/www.africa-press.net\/cameroun\/toutes-les-actualites\/cameroun-43-deleves-ont-des-difficultes-en-mathematiques\",\"name\":\"Cameroun\u00a0: 43% d\u2019\u00e9l\u00e8ves ont des difficult\u00e9s en math\u00e9matiques - Cameroun\",\"isPartOf\":{\"@id\":\"https:\/\/www.africa-press.net\/cameroun\/#website\"},\"primaryImageOfPage\":{\"@id\":\"https:\/\/www.africa-press.net\/cameroun\/toutes-les-actualites\/cameroun-43-deleves-ont-des-difficultes-en-mathematiques#primaryimage\"},\"image\":{\"@id\":\"https:\/\/www.africa-press.net\/cameroun\/toutes-les-actualites\/cameroun-43-deleves-ont-des-difficultes-en-mathematiques#primaryimage\"},\"thumbnailUrl\":\"https:\/\/static.africa-press.net\/cameroun\/sites\/57\/2022\/07\/img-62cda12b4cae3.jpg\",\"datePublished\":\"2022-07-12T15:14:37+00:00\",\"dateModified\":\"2022-07-12T16:28:48+00:00\",\"author\":{\"@id\":\"https:\/\/www.africa-press.net\/cameroun\/#\/schema\/person\/2b1cf3cd81a31e3cd26889ca66d677f1\"},\"description\":\"Un atelier r\u00e9unissant les experts se tient du 12 au 16 juillet 2022 \u00e0 Yaound\u00e9 dans le souci de trouver des mesures palli ...\",\"breadcrumb\":{\"@id\":\"https:\/\/www.africa-press.net\/cameroun\/toutes-les-actualites\/cameroun-43-deleves-ont-des-difficultes-en-mathematiques#breadcrumb\"},\"inLanguage\":\"fr-FR\",\"potentialAction\":[{\"@type\":\"ReadAction\",\"target\":[\"https:\/\/www.africa-press.net\/cameroun\/toutes-les-actualites\/cameroun-43-deleves-ont-des-difficultes-en-mathematiques\"]}]},{\"@type\":\"ImageObject\",\"inLanguage\":\"fr-FR\",\"@id\":\"https:\/\/www.africa-press.net\/cameroun\/toutes-les-actualites\/cameroun-43-deleves-ont-des-difficultes-en-mathematiques#primaryimage\",\"url\":\"https:\/\/static.africa-press.net\/cameroun\/sites\/57\/2022\/07\/img-62cda12b4cae3.jpg\",\"contentUrl\":\"https:\/\/static.africa-press.net\/cameroun\/sites\/57\/2022\/07\/img-62cda12b4cae3.jpg\",\"width\":720,\"height\":538,\"caption\":\"Cameroun\u00a0: 43% d\u2019\u00e9l\u00e8ves ont des difficult\u00e9s en math\u00e9matiques\"},{\"@type\":\"BreadcrumbList\",\"@id\":\"https:\/\/www.africa-press.net\/cameroun\/toutes-les-actualites\/cameroun-43-deleves-ont-des-difficultes-en-mathematiques#breadcrumb\",\"itemListElement\":[{\"@type\":\"ListItem\",\"position\":1,\"name\":\"Accueil\",\"item\":\"https:\/\/www.africa-press.net\/cameroun\/\"},{\"@type\":\"ListItem\",\"position\":2,\"name\":\"Cameroun\u00a0: 43% d\u2019\u00e9l\u00e8ves ont des difficult\u00e9s en math\u00e9matiques\"}]},{\"@type\":\"WebSite\",\"@id\":\"https:\/\/www.africa-press.net\/cameroun\/#website\",\"url\":\"https:\/\/www.africa-press.net\/cameroun\/\",\"name\":\"Cameroun\",\"description\":\"Just another Africa News Agency Sites site\",\"potentialAction\":[{\"@type\":\"SearchAction\",\"target\":{\"@type\":\"EntryPoint\",\"urlTemplate\":\"https:\/\/www.africa-press.net\/cameroun\/?s={search_term_string}\"},\"query-input\":{\"@type\":\"PropertyValueSpecification\",\"valueRequired\":true,\"valueName\":\"search_term_string\"}}],\"inLanguage\":\"fr-FR\"},{\"@type\":\"Person\",\"@id\":\"https:\/\/www.africa-press.net\/cameroun\/#\/schema\/person\/2b1cf3cd81a31e3cd26889ca66d677f1\",\"name\":\"cfeditorfr\"}]}<\/script>\n<!-- \/ Yoast SEO Premium plugin. -->","yoast_head_json":{"title":"Cameroun\u00a0: 43% d\u2019\u00e9l\u00e8ves ont des difficult\u00e9s en math\u00e9matiques - Cameroun","description":"Un atelier r\u00e9unissant les experts se tient du 12 au 16 juillet 2022 \u00e0 Yaound\u00e9 dans le souci de trouver des mesures palli ...","robots":{"index":"index","follow":"follow","max-snippet":"max-snippet:-1","max-image-preview":"max-image-preview:large","max-video-preview":"max-video-preview:-1"},"canonical":"https:\/\/www.africa-press.net\/cameroun\/toutes-les-actualites\/cameroun-43-deleves-ont-des-difficultes-en-mathematiques","og_locale":"fr_FR","og_type":"article","og_title":"Cameroun\u00a0: 43% d\u2019\u00e9l\u00e8ves ont des difficult\u00e9s en math\u00e9matiques","og_description":"Un atelier r\u00e9unissant les experts se tient du 12 au 16 juillet 2022 \u00e0 Yaound\u00e9 dans le souci de trouver des mesures palli ...","og_url":"https:\/\/www.africa-press.net\/cameroun\/toutes-les-actualites\/cameroun-43-deleves-ont-des-difficultes-en-mathematiques","og_site_name":"Cameroun","article_published_time":"2022-07-12T15:14:37+00:00","article_modified_time":"2022-07-12T16:28:48+00:00","og_image":[{"width":720,"height":538,"url":"https:\/\/static.africa-press.net\/cameroun\/sites\/57\/2022\/07\/img-62cda12b4cae3.jpg","type":"image\/jpeg"}],"author":"cfeditorfr","twitter_card":"summary_large_image","twitter_misc":{"\u00c9crit par":"cfeditorfr","Dur\u00e9e de lecture estim\u00e9e":"2 minutes"},"schema":{"@context":"https:\/\/schema.org","@graph":[{"@type":"Article","@id":"https:\/\/www.africa-press.net\/cameroun\/toutes-les-actualites\/cameroun-43-deleves-ont-des-difficultes-en-mathematiques#article","isPartOf":{"@id":"https:\/\/www.africa-press.net\/cameroun\/toutes-les-actualites\/cameroun-43-deleves-ont-des-difficultes-en-mathematiques"},"author":{"name":"cfeditorfr","@id":"https:\/\/www.africa-press.net\/cameroun\/#\/schema\/person\/2b1cf3cd81a31e3cd26889ca66d677f1"},"headline":"Cameroun\u00a0: 43% d\u2019\u00e9l\u00e8ves ont des difficult\u00e9s en math\u00e9matiques","datePublished":"2022-07-12T15:14:37+00:00","dateModified":"2022-07-12T16:28:48+00:00","mainEntityOfPage":{"@id":"https:\/\/www.africa-press.net\/cameroun\/toutes-les-actualites\/cameroun-43-deleves-ont-des-difficultes-en-mathematiques"},"wordCount":447,"commentCount":0,"image":{"@id":"https:\/\/www.africa-press.net\/cameroun\/toutes-les-actualites\/cameroun-43-deleves-ont-des-difficultes-en-mathematiques#primaryimage"},"thumbnailUrl":"https:\/\/static.africa-press.net\/cameroun\/sites\/57\/2022\/07\/img-62cda12b4cae3.jpg","keywords":["Africa Press","Africa Press-Cameroun","Cameroun"],"articleSection":["Communaut\u00e9","homepage-french","Toutes les actualit\u00e9s"],"inLanguage":"fr-FR","potentialAction":[{"@type":"CommentAction","name":"Comment","target":["https:\/\/www.africa-press.net\/cameroun\/toutes-les-actualites\/cameroun-43-deleves-ont-des-difficultes-en-mathematiques#respond"]}]},{"@type":"WebPage","@id":"https:\/\/www.africa-press.net\/cameroun\/toutes-les-actualites\/cameroun-43-deleves-ont-des-difficultes-en-mathematiques","url":"https:\/\/www.africa-press.net\/cameroun\/toutes-les-actualites\/cameroun-43-deleves-ont-des-difficultes-en-mathematiques","name":"Cameroun\u00a0: 43% d\u2019\u00e9l\u00e8ves ont des difficult\u00e9s en math\u00e9matiques - Cameroun","isPartOf":{"@id":"https:\/\/www.africa-press.net\/cameroun\/#website"},"primaryImageOfPage":{"@id":"https:\/\/www.africa-press.net\/cameroun\/toutes-les-actualites\/cameroun-43-deleves-ont-des-difficultes-en-mathematiques#primaryimage"},"image":{"@id":"https:\/\/www.africa-press.net\/cameroun\/toutes-les-actualites\/cameroun-43-deleves-ont-des-difficultes-en-mathematiques#primaryimage"},"thumbnailUrl":"https:\/\/static.africa-press.net\/cameroun\/sites\/57\/2022\/07\/img-62cda12b4cae3.jpg","datePublished":"2022-07-12T15:14:37+00:00","dateModified":"2022-07-12T16:28:48+00:00","author":{"@id":"https:\/\/www.africa-press.net\/cameroun\/#\/schema\/person\/2b1cf3cd81a31e3cd26889ca66d677f1"},"description":"Un atelier r\u00e9unissant les experts se tient du 12 au 16 juillet 2022 \u00e0 Yaound\u00e9 dans le souci de trouver des mesures palli ...","breadcrumb":{"@id":"https:\/\/www.africa-press.net\/cameroun\/toutes-les-actualites\/cameroun-43-deleves-ont-des-difficultes-en-mathematiques#breadcrumb"},"inLanguage":"fr-FR","potentialAction":[{"@type":"ReadAction","target":["https:\/\/www.africa-press.net\/cameroun\/toutes-les-actualites\/cameroun-43-deleves-ont-des-difficultes-en-mathematiques"]}]},{"@type":"ImageObject","inLanguage":"fr-FR","@id":"https:\/\/www.africa-press.net\/cameroun\/toutes-les-actualites\/cameroun-43-deleves-ont-des-difficultes-en-mathematiques#primaryimage","url":"https:\/\/static.africa-press.net\/cameroun\/sites\/57\/2022\/07\/img-62cda12b4cae3.jpg","contentUrl":"https:\/\/static.africa-press.net\/cameroun\/sites\/57\/2022\/07\/img-62cda12b4cae3.jpg","width":720,"height":538,"caption":"Cameroun\u00a0: 43% d\u2019\u00e9l\u00e8ves ont des difficult\u00e9s en math\u00e9matiques"},{"@type":"BreadcrumbList","@id":"https:\/\/www.africa-press.net\/cameroun\/toutes-les-actualites\/cameroun-43-deleves-ont-des-difficultes-en-mathematiques#breadcrumb","itemListElement":[{"@type":"ListItem","position":1,"name":"Accueil","item":"https:\/\/www.africa-press.net\/cameroun\/"},{"@type":"ListItem","position":2,"name":"Cameroun\u00a0: 43% d\u2019\u00e9l\u00e8ves ont des difficult\u00e9s en math\u00e9matiques"}]},{"@type":"WebSite","@id":"https:\/\/www.africa-press.net\/cameroun\/#website","url":"https:\/\/www.africa-press.net\/cameroun\/","name":"Cameroun","description":"Just another Africa News Agency Sites site","potentialAction":[{"@type":"SearchAction","target":{"@type":"EntryPoint","urlTemplate":"https:\/\/www.africa-press.net\/cameroun\/?s={search_term_string}"},"query-input":{"@type":"PropertyValueSpecification","valueRequired":true,"valueName":"search_term_string"}}],"inLanguage":"fr-FR"},{"@type":"Person","@id":"https:\/\/www.africa-press.net\/cameroun\/#\/schema\/person\/2b1cf3cd81a31e3cd26889ca66d677f1","name":"cfeditorfr"}]}},"_links":{"self":[{"href":"https:\/\/www.africa-press.net\/cameroun\/wp-json\/wp\/v2\/posts\/23384","targetHints":{"allow":["GET"]}}],"collection":[{"href":"https:\/\/www.africa-press.net\/cameroun\/wp-json\/wp\/v2\/posts"}],"about":[{"href":"https:\/\/www.africa-press.net\/cameroun\/wp-json\/wp\/v2\/types\/post"}],"author":[{"embeddable":true,"href":"https:\/\/www.africa-press.net\/cameroun\/wp-json\/wp\/v2\/users\/82"}],"replies":[{"embeddable":true,"href":"https:\/\/www.africa-press.net\/cameroun\/wp-json\/wp\/v2\/comments?post=23384"}],"version-history":[{"count":0,"href":"https:\/\/www.africa-press.net\/cameroun\/wp-json\/wp\/v2\/posts\/23384\/revisions"}],"wp:featuredmedia":[{"embeddable":true,"href":"https:\/\/www.africa-press.net\/cameroun\/wp-json\/wp\/v2\/media\/23382"}],"wp:attachment":[{"href":"https:\/\/www.africa-press.net\/cameroun\/wp-json\/wp\/v2\/media?parent=23384"}],"wp:term":[{"taxonomy":"category","embeddable":true,"href":"https:\/\/www.africa-press.net\/cameroun\/wp-json\/wp\/v2\/categories?post=23384"},{"taxonomy":"post_tag","embeddable":true,"href":"https:\/\/www.africa-press.net\/cameroun\/wp-json\/wp\/v2\/tags?post=23384"}],"curies":[{"name":"wp","href":"https:\/\/api.w.org\/{rel}","templated":true}]}}