{"id":23392,"date":"2022-07-12T15:33:41","date_gmt":"2022-07-12T15:33:41","guid":{"rendered":"https:\/\/www.africa-press.net\/cameroun\/politique\/cameroun-le-conac-organise-une-formation-axee-sur-la-transparence-des-fonds-covid-19"},"modified":"2022-07-12T16:29:54","modified_gmt":"2022-07-12T16:29:54","slug":"cameroun-le-conac-organise-une-formation-axee-sur-la-transparence-des-fonds-covid-19","status":"publish","type":"post","link":"https:\/\/www.africa-press.net\/cameroun\/toutes-les-actualites\/cameroun-le-conac-organise-une-formation-axee-sur-la-transparence-des-fonds-covid-19","title":{"rendered":"Cameroun : le Conac organise une formation ax\u00e9e sur la transparence des fonds Covid-19"},"content":{"rendered":"<p><span style=\"color: #ff6600\"><strong>Africa-Press &#8211; Cameroun. <\/strong><\/span>Cet atelier de formation aura lieu du 14 au 15 juillet 2022 \u00e0 Ebolowa, chef-lieu de la r\u00e9gion du Sud. L\u2019information est du pr\u00e9sident de la Commission nationale anti-corruption (Conac) Dieudonn\u00e9 Massi Gams.<\/p>\n<p>Invit\u00e9 sur les matin\u00e9es de la Crtv ce 12 juillet 2022, le pr\u00e9sident la Conac parle de la situation de lutte contre la corruption au lendemain de la sixi\u00e8me journ\u00e9e africaine de lutte contre la corruption. Dieudonn\u00e9 Massi Gams annonce que la Conac organise un atelier de formation du 14 au 15 juillet 2022.<\/p>\n<p>Les travaux qui regrouperont les pr\u00e9sidents des cellules de lutte contre la corruption des minist\u00e8res et organismes publics et parapublics porteront sur les bonnes pratiques de lutte anti-corruption. Les \u00e9changes seront ax\u00e9s sur la transparence des fonds Covid-19. Voici l\u2019int\u00e9gralit\u00e9 de l\u2019entretien.<\/p>\n<p>Quelles sont les nouvelles du front en mati\u00e8re de lutte contre la corruption au Cameroun ?<\/p>\n<p>Il faut relever que c\u2019est positif. C\u2019est positif d\u2019autant plus qu\u2019il y a un engouement de la part des Camerounais pour la lutte contre la corruption et comme on le dit en Afrique, ce n\u2019est plus un coup d\u2019\u00e9p\u00e9e dans l\u2019eau.<\/p>\n<p>Ce n\u2019est plus un coup d\u2019\u00e9p\u00e9e dans l\u2019eau mais c\u2019est quand m\u00eame une \u00e9p\u00e9e sur une hydre \u00e0 mille t\u00eates. Vous n\u2019avez pas parfois l\u2019impression de lutter contre le moulin \u00e0 vent ?<\/p>\n<p>Non, je crois qu\u2019il faudrait m\u00eame \u00e9viter d\u2019\u00eatre pessimiste. Ce n\u2019est pas quelque chose qu\u2019il faudrait entretenir. Et nous pensons qu\u2019il y a lieu au niveau de notre pays, que l\u2019enseignement d\u00fb \u00e0 la lutte contre la corruption devrait \u00eatre accentu\u00e9e dans toutes les structures et que nous arrivions \u00e0 voir vraiment des citoyens qui d\u00e9veloppent l\u2019int\u00e9grit\u00e9 et la r\u00e9sistance vis-\u00e0-vis de tout acte de corruption possible.<\/p>\n<p>Et donc chaque personne a un r\u00f4le \u00e0 jouer pour pr\u00e9venir ce crime afin de pourvoir la r\u00e9silience et de l\u2019int\u00e9grer au niveau de la soci\u00e9t\u00e9. Qu\u2019est-ce qui vous revient en provenance du num\u00e9ro WhatsApp que vous avez lanc\u00e9 il y a quelque temps ?<\/p>\n<p>Vous faites bien de souligner cet aspect du probl\u00e8me. Les TIC ont permis quand m\u00eame qu\u2019on trouve quelque chose d\u2019important \u00e0 travers l\u2019utilisation du t\u00e9l\u00e9phone. Le num\u00e9ro WhatsApp est tr\u00e8s important pour nombre de d\u00e9nonciations de qualit\u00e9. Il faut le relever, le nombre de d\u00e9nonciations de qualit\u00e9 a augment\u00e9 et puis cela permet en sorte que la Conac ait des \u00e9l\u00e9ments qui lui permettent effectivement d\u2019investiguer d\u2019une mani\u00e8re concr\u00e8te sur le terrain.<\/p>\n<p>Le t\u00e9l\u00e9phone est devenu une bonne arme contre la corruption. Le num\u00e9ro dont il s\u2019agit est le 656 26 26 82. Il faudrait bien que les Camerounais s\u2019en approprient suffisamment et n\u2019aient pas peur puisqu\u2019ils ne font aucune d\u00e9pense par rapport \u00e0 cela. Et on est disponible parce qu\u2019il y a des services qui re\u00e7oivent tous les appels et \u00e0 n\u2019importe quel moment et ceci est utile pour \u00eatre exploit\u00e9.<\/p>\n<p>Parce que des situations d\u2019urgence peuvent offrir un terreau fertile \u00e0 la corruption et m\u00eame au d\u00e9tournement de fonds publics. Il vous a plu d\u2019organiser un atelier de formation c\u2019est bien cela ?<\/p>\n<p>Tout \u00e0 fait. Ce s\u00e9minaire aura lieu \u00e0 Ebolowa du 14 au 15 juillet 2022 et ceci \u00e0 la suite de comm\u00e9moration de la sixi\u00e8me \u00e9dition de la journ\u00e9e africaine de lutte contre la corruption. Au Cameroun nous l\u2019avons c\u00e9l\u00e9br\u00e9e hier le 11 juillet.<\/p>\n<p>Pourquoi Ebolowa d\u2019abord ? Est-ce parce qu\u2019il y a plus de corruption l\u00e0-bas ?<\/p>\n<p>Vous savez toutes les villes de notre pays sont appel\u00e9es \u00e0 recevoir la Conac compte tenu du texte organique, c\u2019est la premi\u00e8re chose. Et la seconde est que lorsqu\u2019on organise g\u00e9n\u00e9ralement des r\u00e9unions \u00e0 Yaound\u00e9, les participants sont r\u00e9sidents \u00e0 Yaound\u00e9. Dans les minist\u00e8res il y a des gens qui viennent le matin puis apr\u00e8s ils disparaissent. Et l\u00e0 il n\u2019y a pas de suivi, il n\u2019y a pas d\u2019engouement, il n\u2019y a pas une pr\u00e9sence effective jusqu\u2019\u00e0 la fin du s\u00e9minaire. Je crois que pour \u00e9viter des situations comme celle-l\u00e0, on peut sortir du cadre de son milieu habituel.<\/p>\n<p>Deux jours pour une formation est-ce suffisant pour donner les outils capables de d\u00e9tecter et m\u00eame d\u2019att\u00e9nuer la vuln\u00e9rabilit\u00e9 \u00e0 la corruption et au d\u00e9tournement ?<\/p>\n<p>Petit \u00e0 petit comme on le dit en Afrique, l\u2019oiseau fait son nid. On a commenc\u00e9 \u00e0 deux jours, prochainement \u00e7a sera peut-\u00eatre plus de deux jours ; Nous voulons que les membres de toutes ces cellules puissent prendre part \u00e0 cela. Nous aimerions \u00e9galement que s\u2019il y a m\u00eame lieu, \u00e7a aura \u00e9t\u00e9 souhaitable que les ministres soient-l\u00e0. Parce qu\u2019ils sont aussi des d\u00e9cideurs. Mais le moment viendra o\u00f9 on en parlera. Il faudrait \u00e9galement \u00e9tendre davantage l\u2019action pour que m\u00eame les chefs traditionnels et d\u2019autres personnalit\u00e9s puissent \u00eatre engag\u00e9s, que tout le monde soit engag\u00e9 effectivement pour la lutte contre la corruption.<\/p>\n<p>Crtv poste national<\/p>\n<p><strong>Pour plus d&rsquo;informations et d&rsquo;analyses sur la <a href=\"https:\/\/www.africa-press.net\/cameroun\">Cameroun<\/a>, suivez <a href=\"https:\/\/www.africa-press.net\/\">Africa-Press<\/a><\/strong><\/p>\n","protected":false},"excerpt":{"rendered":"<p>Africa-Press &#8211; Cameroun. Cet atelier de formation aura lieu du 14 au 15 juillet 2022 \u00e0 Ebolowa, chef-lieu de la r\u00e9gion du Sud. L\u2019information est du pr\u00e9sident de la Commission nationale anti-corruption (Conac) Dieudonn\u00e9 Massi Gams. Invit\u00e9 sur les matin\u00e9es de la Crtv ce 12 juillet 2022, le pr\u00e9sident la Conac parle de la situation [&hellip;]<\/p>\n","protected":false},"author":82,"featured_media":23391,"comment_status":"open","ping_status":"closed","sticky":false,"template":"","format":"standard","meta":{"footnotes":""},"categories":[21,11,10],"tags":[36,50,49],"class_list":["post-23392","post","type-post","status-publish","format-standard","has-post-thumbnail","hentry","category-communaute","category-homepage-french","category-toutes-les-actualites","tag-africa-press","tag-africa-press-cameroun","tag-cameroun"],"yoast_head":"<!-- This site is optimized with the Yoast SEO Premium plugin v26.1 (Yoast SEO v27.0) - https:\/\/yoast.com\/product\/yoast-seo-premium-wordpress\/ -->\n<title>Cameroun : le Conac organise une formation ax\u00e9e sur la transparence des fonds Covid-19 - Cameroun<\/title>\n<meta name=\"description\" content=\"Cet atelier de formation aura lieu du 14 au 15 juillet 2022 \u00e0 Ebolowa, chef-lieu de la r\u00e9gion du Sud. L\u2019information est ...\" \/>\n<meta name=\"robots\" content=\"index, follow, max-snippet:-1, max-image-preview:large, max-video-preview:-1\" \/>\n<link rel=\"canonical\" href=\"https:\/\/www.africa-press.net\/cameroun\/toutes-les-actualites\/cameroun-le-conac-organise-une-formation-axee-sur-la-transparence-des-fonds-covid-19\" \/>\n<meta property=\"og:locale\" content=\"fr_FR\" \/>\n<meta property=\"og:type\" content=\"article\" \/>\n<meta property=\"og:title\" content=\"Cameroun : le Conac organise une formation ax\u00e9e sur la transparence des fonds Covid-19\" \/>\n<meta property=\"og:description\" content=\"Cet atelier de formation aura lieu du 14 au 15 juillet 2022 \u00e0 Ebolowa, chef-lieu de la r\u00e9gion du Sud. L\u2019information est ...\" \/>\n<meta property=\"og:url\" content=\"https:\/\/www.africa-press.net\/cameroun\/toutes-les-actualites\/cameroun-le-conac-organise-une-formation-axee-sur-la-transparence-des-fonds-covid-19\" \/>\n<meta property=\"og:site_name\" content=\"Cameroun\" \/>\n<meta property=\"article:published_time\" content=\"2022-07-12T15:33:41+00:00\" \/>\n<meta property=\"article:modified_time\" content=\"2022-07-12T16:29:54+00:00\" \/>\n<meta property=\"og:image\" content=\"https:\/\/static.africa-press.net\/cameroun\/sites\/57\/2022\/07\/img-62cda16c3b614.jpg\" \/>\n\t<meta property=\"og:image:width\" content=\"720\" \/>\n\t<meta property=\"og:image:height\" content=\"720\" \/>\n\t<meta property=\"og:image:type\" content=\"image\/jpeg\" \/>\n<meta name=\"author\" content=\"cfeditorfr\" \/>\n<meta name=\"twitter:card\" content=\"summary_large_image\" \/>\n<meta name=\"twitter:label1\" content=\"\u00c9crit par\" \/>\n\t<meta name=\"twitter:data1\" content=\"cfeditorfr\" \/>\n\t<meta name=\"twitter:label2\" content=\"Dur\u00e9e de lecture estim\u00e9e\" \/>\n\t<meta name=\"twitter:data2\" content=\"4 minutes\" \/>\n<script type=\"application\/ld+json\" class=\"yoast-schema-graph\">{\"@context\":\"https:\/\/schema.org\",\"@graph\":[{\"@type\":\"Article\",\"@id\":\"https:\/\/www.africa-press.net\/cameroun\/toutes-les-actualites\/cameroun-le-conac-organise-une-formation-axee-sur-la-transparence-des-fonds-covid-19#article\",\"isPartOf\":{\"@id\":\"https:\/\/www.africa-press.net\/cameroun\/toutes-les-actualites\/cameroun-le-conac-organise-une-formation-axee-sur-la-transparence-des-fonds-covid-19\"},\"author\":{\"name\":\"cfeditorfr\",\"@id\":\"https:\/\/www.africa-press.net\/cameroun\/#\/schema\/person\/2b1cf3cd81a31e3cd26889ca66d677f1\"},\"headline\":\"Cameroun : le Conac organise une formation ax\u00e9e sur la transparence des fonds Covid-19\",\"datePublished\":\"2022-07-12T15:33:41+00:00\",\"dateModified\":\"2022-07-12T16:29:54+00:00\",\"mainEntityOfPage\":{\"@id\":\"https:\/\/www.africa-press.net\/cameroun\/toutes-les-actualites\/cameroun-le-conac-organise-une-formation-axee-sur-la-transparence-des-fonds-covid-19\"},\"wordCount\":911,\"commentCount\":0,\"image\":{\"@id\":\"https:\/\/www.africa-press.net\/cameroun\/toutes-les-actualites\/cameroun-le-conac-organise-une-formation-axee-sur-la-transparence-des-fonds-covid-19#primaryimage\"},\"thumbnailUrl\":\"https:\/\/static.africa-press.net\/cameroun\/sites\/57\/2022\/07\/img-62cda16c3b614.jpg\",\"keywords\":[\"Africa Press\",\"Africa Press-Cameroun\",\"Cameroun\"],\"articleSection\":[\"Communaut\u00e9\",\"homepage-french\",\"Toutes les actualit\u00e9s\"],\"inLanguage\":\"fr-FR\",\"potentialAction\":[{\"@type\":\"CommentAction\",\"name\":\"Comment\",\"target\":[\"https:\/\/www.africa-press.net\/cameroun\/toutes-les-actualites\/cameroun-le-conac-organise-une-formation-axee-sur-la-transparence-des-fonds-covid-19#respond\"]}]},{\"@type\":\"WebPage\",\"@id\":\"https:\/\/www.africa-press.net\/cameroun\/toutes-les-actualites\/cameroun-le-conac-organise-une-formation-axee-sur-la-transparence-des-fonds-covid-19\",\"url\":\"https:\/\/www.africa-press.net\/cameroun\/toutes-les-actualites\/cameroun-le-conac-organise-une-formation-axee-sur-la-transparence-des-fonds-covid-19\",\"name\":\"Cameroun : le Conac organise une formation ax\u00e9e sur la transparence des fonds Covid-19 - Cameroun\",\"isPartOf\":{\"@id\":\"https:\/\/www.africa-press.net\/cameroun\/#website\"},\"primaryImageOfPage\":{\"@id\":\"https:\/\/www.africa-press.net\/cameroun\/toutes-les-actualites\/cameroun-le-conac-organise-une-formation-axee-sur-la-transparence-des-fonds-covid-19#primaryimage\"},\"image\":{\"@id\":\"https:\/\/www.africa-press.net\/cameroun\/toutes-les-actualites\/cameroun-le-conac-organise-une-formation-axee-sur-la-transparence-des-fonds-covid-19#primaryimage\"},\"thumbnailUrl\":\"https:\/\/static.africa-press.net\/cameroun\/sites\/57\/2022\/07\/img-62cda16c3b614.jpg\",\"datePublished\":\"2022-07-12T15:33:41+00:00\",\"dateModified\":\"2022-07-12T16:29:54+00:00\",\"author\":{\"@id\":\"https:\/\/www.africa-press.net\/cameroun\/#\/schema\/person\/2b1cf3cd81a31e3cd26889ca66d677f1\"},\"description\":\"Cet atelier de formation aura lieu du 14 au 15 juillet 2022 \u00e0 Ebolowa, chef-lieu de la r\u00e9gion du Sud. L\u2019information est ...\",\"breadcrumb\":{\"@id\":\"https:\/\/www.africa-press.net\/cameroun\/toutes-les-actualites\/cameroun-le-conac-organise-une-formation-axee-sur-la-transparence-des-fonds-covid-19#breadcrumb\"},\"inLanguage\":\"fr-FR\",\"potentialAction\":[{\"@type\":\"ReadAction\",\"target\":[\"https:\/\/www.africa-press.net\/cameroun\/toutes-les-actualites\/cameroun-le-conac-organise-une-formation-axee-sur-la-transparence-des-fonds-covid-19\"]}]},{\"@type\":\"ImageObject\",\"inLanguage\":\"fr-FR\",\"@id\":\"https:\/\/www.africa-press.net\/cameroun\/toutes-les-actualites\/cameroun-le-conac-organise-une-formation-axee-sur-la-transparence-des-fonds-covid-19#primaryimage\",\"url\":\"https:\/\/static.africa-press.net\/cameroun\/sites\/57\/2022\/07\/img-62cda16c3b614.jpg\",\"contentUrl\":\"https:\/\/static.africa-press.net\/cameroun\/sites\/57\/2022\/07\/img-62cda16c3b614.jpg\",\"width\":720,\"height\":720,\"caption\":\"Cameroun : le Conac organise une formation ax\u00e9e sur la transparence des fonds Covid-19\"},{\"@type\":\"BreadcrumbList\",\"@id\":\"https:\/\/www.africa-press.net\/cameroun\/toutes-les-actualites\/cameroun-le-conac-organise-une-formation-axee-sur-la-transparence-des-fonds-covid-19#breadcrumb\",\"itemListElement\":[{\"@type\":\"ListItem\",\"position\":1,\"name\":\"Accueil\",\"item\":\"https:\/\/www.africa-press.net\/cameroun\/\"},{\"@type\":\"ListItem\",\"position\":2,\"name\":\"Cameroun : le Conac organise une formation ax\u00e9e sur la transparence des fonds Covid-19\"}]},{\"@type\":\"WebSite\",\"@id\":\"https:\/\/www.africa-press.net\/cameroun\/#website\",\"url\":\"https:\/\/www.africa-press.net\/cameroun\/\",\"name\":\"Cameroun\",\"description\":\"Just another Africa News Agency Sites site\",\"potentialAction\":[{\"@type\":\"SearchAction\",\"target\":{\"@type\":\"EntryPoint\",\"urlTemplate\":\"https:\/\/www.africa-press.net\/cameroun\/?s={search_term_string}\"},\"query-input\":{\"@type\":\"PropertyValueSpecification\",\"valueRequired\":true,\"valueName\":\"search_term_string\"}}],\"inLanguage\":\"fr-FR\"},{\"@type\":\"Person\",\"@id\":\"https:\/\/www.africa-press.net\/cameroun\/#\/schema\/person\/2b1cf3cd81a31e3cd26889ca66d677f1\",\"name\":\"cfeditorfr\"}]}<\/script>\n<!-- \/ Yoast SEO Premium plugin. -->","yoast_head_json":{"title":"Cameroun : le Conac organise une formation ax\u00e9e sur la transparence des fonds Covid-19 - Cameroun","description":"Cet atelier de formation aura lieu du 14 au 15 juillet 2022 \u00e0 Ebolowa, chef-lieu de la r\u00e9gion du Sud. L\u2019information est ...","robots":{"index":"index","follow":"follow","max-snippet":"max-snippet:-1","max-image-preview":"max-image-preview:large","max-video-preview":"max-video-preview:-1"},"canonical":"https:\/\/www.africa-press.net\/cameroun\/toutes-les-actualites\/cameroun-le-conac-organise-une-formation-axee-sur-la-transparence-des-fonds-covid-19","og_locale":"fr_FR","og_type":"article","og_title":"Cameroun : le Conac organise une formation ax\u00e9e sur la transparence des fonds Covid-19","og_description":"Cet atelier de formation aura lieu du 14 au 15 juillet 2022 \u00e0 Ebolowa, chef-lieu de la r\u00e9gion du Sud. L\u2019information est ...","og_url":"https:\/\/www.africa-press.net\/cameroun\/toutes-les-actualites\/cameroun-le-conac-organise-une-formation-axee-sur-la-transparence-des-fonds-covid-19","og_site_name":"Cameroun","article_published_time":"2022-07-12T15:33:41+00:00","article_modified_time":"2022-07-12T16:29:54+00:00","og_image":[{"width":720,"height":720,"url":"https:\/\/static.africa-press.net\/cameroun\/sites\/57\/2022\/07\/img-62cda16c3b614.jpg","type":"image\/jpeg"}],"author":"cfeditorfr","twitter_card":"summary_large_image","twitter_misc":{"\u00c9crit par":"cfeditorfr","Dur\u00e9e de lecture estim\u00e9e":"4 minutes"},"schema":{"@context":"https:\/\/schema.org","@graph":[{"@type":"Article","@id":"https:\/\/www.africa-press.net\/cameroun\/toutes-les-actualites\/cameroun-le-conac-organise-une-formation-axee-sur-la-transparence-des-fonds-covid-19#article","isPartOf":{"@id":"https:\/\/www.africa-press.net\/cameroun\/toutes-les-actualites\/cameroun-le-conac-organise-une-formation-axee-sur-la-transparence-des-fonds-covid-19"},"author":{"name":"cfeditorfr","@id":"https:\/\/www.africa-press.net\/cameroun\/#\/schema\/person\/2b1cf3cd81a31e3cd26889ca66d677f1"},"headline":"Cameroun : le Conac organise une formation ax\u00e9e sur la transparence des fonds Covid-19","datePublished":"2022-07-12T15:33:41+00:00","dateModified":"2022-07-12T16:29:54+00:00","mainEntityOfPage":{"@id":"https:\/\/www.africa-press.net\/cameroun\/toutes-les-actualites\/cameroun-le-conac-organise-une-formation-axee-sur-la-transparence-des-fonds-covid-19"},"wordCount":911,"commentCount":0,"image":{"@id":"https:\/\/www.africa-press.net\/cameroun\/toutes-les-actualites\/cameroun-le-conac-organise-une-formation-axee-sur-la-transparence-des-fonds-covid-19#primaryimage"},"thumbnailUrl":"https:\/\/static.africa-press.net\/cameroun\/sites\/57\/2022\/07\/img-62cda16c3b614.jpg","keywords":["Africa Press","Africa Press-Cameroun","Cameroun"],"articleSection":["Communaut\u00e9","homepage-french","Toutes les actualit\u00e9s"],"inLanguage":"fr-FR","potentialAction":[{"@type":"CommentAction","name":"Comment","target":["https:\/\/www.africa-press.net\/cameroun\/toutes-les-actualites\/cameroun-le-conac-organise-une-formation-axee-sur-la-transparence-des-fonds-covid-19#respond"]}]},{"@type":"WebPage","@id":"https:\/\/www.africa-press.net\/cameroun\/toutes-les-actualites\/cameroun-le-conac-organise-une-formation-axee-sur-la-transparence-des-fonds-covid-19","url":"https:\/\/www.africa-press.net\/cameroun\/toutes-les-actualites\/cameroun-le-conac-organise-une-formation-axee-sur-la-transparence-des-fonds-covid-19","name":"Cameroun : le Conac organise une formation ax\u00e9e sur la transparence des fonds Covid-19 - Cameroun","isPartOf":{"@id":"https:\/\/www.africa-press.net\/cameroun\/#website"},"primaryImageOfPage":{"@id":"https:\/\/www.africa-press.net\/cameroun\/toutes-les-actualites\/cameroun-le-conac-organise-une-formation-axee-sur-la-transparence-des-fonds-covid-19#primaryimage"},"image":{"@id":"https:\/\/www.africa-press.net\/cameroun\/toutes-les-actualites\/cameroun-le-conac-organise-une-formation-axee-sur-la-transparence-des-fonds-covid-19#primaryimage"},"thumbnailUrl":"https:\/\/static.africa-press.net\/cameroun\/sites\/57\/2022\/07\/img-62cda16c3b614.jpg","datePublished":"2022-07-12T15:33:41+00:00","dateModified":"2022-07-12T16:29:54+00:00","author":{"@id":"https:\/\/www.africa-press.net\/cameroun\/#\/schema\/person\/2b1cf3cd81a31e3cd26889ca66d677f1"},"description":"Cet atelier de formation aura lieu du 14 au 15 juillet 2022 \u00e0 Ebolowa, chef-lieu de la r\u00e9gion du Sud. L\u2019information est ...","breadcrumb":{"@id":"https:\/\/www.africa-press.net\/cameroun\/toutes-les-actualites\/cameroun-le-conac-organise-une-formation-axee-sur-la-transparence-des-fonds-covid-19#breadcrumb"},"inLanguage":"fr-FR","potentialAction":[{"@type":"ReadAction","target":["https:\/\/www.africa-press.net\/cameroun\/toutes-les-actualites\/cameroun-le-conac-organise-une-formation-axee-sur-la-transparence-des-fonds-covid-19"]}]},{"@type":"ImageObject","inLanguage":"fr-FR","@id":"https:\/\/www.africa-press.net\/cameroun\/toutes-les-actualites\/cameroun-le-conac-organise-une-formation-axee-sur-la-transparence-des-fonds-covid-19#primaryimage","url":"https:\/\/static.africa-press.net\/cameroun\/sites\/57\/2022\/07\/img-62cda16c3b614.jpg","contentUrl":"https:\/\/static.africa-press.net\/cameroun\/sites\/57\/2022\/07\/img-62cda16c3b614.jpg","width":720,"height":720,"caption":"Cameroun : le Conac organise une formation ax\u00e9e sur la transparence des fonds Covid-19"},{"@type":"BreadcrumbList","@id":"https:\/\/www.africa-press.net\/cameroun\/toutes-les-actualites\/cameroun-le-conac-organise-une-formation-axee-sur-la-transparence-des-fonds-covid-19#breadcrumb","itemListElement":[{"@type":"ListItem","position":1,"name":"Accueil","item":"https:\/\/www.africa-press.net\/cameroun\/"},{"@type":"ListItem","position":2,"name":"Cameroun : le Conac organise une formation ax\u00e9e sur la transparence des fonds Covid-19"}]},{"@type":"WebSite","@id":"https:\/\/www.africa-press.net\/cameroun\/#website","url":"https:\/\/www.africa-press.net\/cameroun\/","name":"Cameroun","description":"Just another Africa News Agency Sites site","potentialAction":[{"@type":"SearchAction","target":{"@type":"EntryPoint","urlTemplate":"https:\/\/www.africa-press.net\/cameroun\/?s={search_term_string}"},"query-input":{"@type":"PropertyValueSpecification","valueRequired":true,"valueName":"search_term_string"}}],"inLanguage":"fr-FR"},{"@type":"Person","@id":"https:\/\/www.africa-press.net\/cameroun\/#\/schema\/person\/2b1cf3cd81a31e3cd26889ca66d677f1","name":"cfeditorfr"}]}},"_links":{"self":[{"href":"https:\/\/www.africa-press.net\/cameroun\/wp-json\/wp\/v2\/posts\/23392","targetHints":{"allow":["GET"]}}],"collection":[{"href":"https:\/\/www.africa-press.net\/cameroun\/wp-json\/wp\/v2\/posts"}],"about":[{"href":"https:\/\/www.africa-press.net\/cameroun\/wp-json\/wp\/v2\/types\/post"}],"author":[{"embeddable":true,"href":"https:\/\/www.africa-press.net\/cameroun\/wp-json\/wp\/v2\/users\/82"}],"replies":[{"embeddable":true,"href":"https:\/\/www.africa-press.net\/cameroun\/wp-json\/wp\/v2\/comments?post=23392"}],"version-history":[{"count":0,"href":"https:\/\/www.africa-press.net\/cameroun\/wp-json\/wp\/v2\/posts\/23392\/revisions"}],"wp:featuredmedia":[{"embeddable":true,"href":"https:\/\/www.africa-press.net\/cameroun\/wp-json\/wp\/v2\/media\/23391"}],"wp:attachment":[{"href":"https:\/\/www.africa-press.net\/cameroun\/wp-json\/wp\/v2\/media?parent=23392"}],"wp:term":[{"taxonomy":"category","embeddable":true,"href":"https:\/\/www.africa-press.net\/cameroun\/wp-json\/wp\/v2\/categories?post=23392"},{"taxonomy":"post_tag","embeddable":true,"href":"https:\/\/www.africa-press.net\/cameroun\/wp-json\/wp\/v2\/tags?post=23392"}],"curies":[{"name":"wp","href":"https:\/\/api.w.org\/{rel}","templated":true}]}}