{"id":23423,"date":"2022-07-13T14:17:12","date_gmt":"2022-07-13T14:17:12","guid":{"rendered":"https:\/\/www.africa-press.net\/cameroun\/politique\/appel-a-la-candidature-de-franck-biya-a-la-presidentielle-de-2025-me-desire-sikati-mrc-cela-peut-causer-un-trouble-a-lordre-public-cest-meme-un-appel-a-lemeute"},"modified":"2022-07-13T17:05:24","modified_gmt":"2022-07-13T17:05:24","slug":"appel-a-la-candidature-de-franck-biya-a-la-presidentielle-de-2025-me-desire-sikati-mrc-cela-peut-causer-un-trouble-a-lordre-public-cest-meme-un-appel-a-lemeute","status":"publish","type":"post","link":"https:\/\/www.africa-press.net\/cameroun\/politique\/appel-a-la-candidature-de-franck-biya-a-la-presidentielle-de-2025-me-desire-sikati-mrc-cela-peut-causer-un-trouble-a-lordre-public-cest-meme-un-appel-a-lemeute","title":{"rendered":"Appel \u00e0 la candidature de Franck Biya \u00e0 la pr\u00e9sidentielle de 2025\/Me D\u00e9sir\u00e9 Sikati (MRC) : \u00abCela peut causer un trouble \u00e0 l\u2019ordre public. C\u2019est m\u00eame un appel \u00e0 l\u2019\u00e9meute \u00bb"},"content":{"rendered":"<p><span style=\"color: #ff6600\"><strong>Africa-Press &#8211; Cameroun. <\/strong><\/span>La banderole d\u00e9ploy\u00e9e \u00e0 Yaound\u00e9 la semaine \u00e9coul\u00e9e laquelle comportait un message appelant le fils du pr\u00e9sident camerounais, Franck Biya, \u00e0 briguer le poste de pr\u00e9sident de la R\u00e9publique en 2025 continue de susciter des r\u00e9actions. L\u2019une d\u2019elles a \u00e9t\u00e9 enregistr\u00e9e ce 12 Juillet 2022 sur Radio Balafon, une antenne \u00e9mettant de Douala. L\u2019invit\u00e9 de la matinale Me D\u00e9sir\u00e9 Sikati, l\u2019a comment\u00e9e. Le secr\u00e9taire national aux droits de l\u2019homme au sein du Mouvement pour la Renaissance du Cameroun (MRC) souhaite tout d\u2019abord qu\u2019il n\u2019y ait pas de succession dynastique dans le pays et appelle Paul Biya \u00e0 tenir parole. \u00ab Quand on parle de cette question de succession du Palais, une succession \u00e0 la limite familiale, il faut toujours se rappeler une interview de Monsieur Biya donn\u00e9e, je pense, \u00e0 un journaliste de France 24 o\u00f9 on lui avait pos\u00e9 la question de savoir si apr\u00e8s lui \u00e7a ne se passera pas comme dans d\u2019autres pays Africains o\u00f9 des enfants de chefs d\u2019Etat ont pris le pouvoir \u00e0 la suite de leurs p\u00e8res. Paul Biya avait r\u00e9pondu que le Cameroun n\u2019est pas un royaume. Donc, que le moment venu, les \u00e9lections seront organis\u00e9es de fa\u00e7on d\u00e9mocratique et que le peuple va choisir. Je voudrais prendre Monsieur Biya au mot \u00bb, r\u00e9agit-il. .<\/p>\n<p>Ce n\u2019est pas pour autant que l\u2019opposant souhaite l\u2019exclusion de Biya fils du jeu \u00e9lectoral. Il soutient que celui-ci a le droit de se pr\u00e9senter \u00e0 la pr\u00e9sidentielle parce que Camerounais. Cependant, il voudrait que le fils du pr\u00e9sident Paul Biya participe \u00e0 un scrutin libre, \u00e9quitable et transparent. \u00ab Cela n\u2019exclut pas son fils, mais le jeu que nous ne voulons pas, c\u2019est le jeu de la succession du palais, c\u2019est le jeu de la transmission du pouvoir de gr\u00e9 \u00e0 gr\u00e9. C\u2019est-\u00e0-dire un arrangement soit au sein de la famille du chef de l\u2019Etat, soit au sein de son parti politique. Monsieur Franck Biya, c\u2019est un Camerounais, il a le droit d\u2019avoir des aspirations pr\u00e9sidentielles. Mais il faudrait qu\u2019elles se d\u00e9roulent dans le cadre du respect des valeurs d\u00e9mocratiques. Cela veut dire que s\u2019il veut \u00eatre pr\u00e9sident, qu\u2019il se pr\u00e9sente comme tout le monde \u00e0 la t\u00eate d\u2019un parti politique ou bien qu\u2019il soit investi comme le code \u00e9lectoral le demande, mais que les \u00e9lections soient organis\u00e9es de fa\u00e7on transparente, d\u00e9mocratique et que les Camerounais choisissent librement leur pr\u00e9sident. Si les \u00e9lections sont transparentes et d\u00e9mocratiques et que monsieur Franck Biya est choisi, je pense que nous-m\u00eames au sein du MRC, on est des d\u00e9mocrates, on va accepter cela. Il ne doit pas \u00eatre exclu parce qu\u2019il est le fils du pr\u00e9sident de la R\u00e9publique. Nous ne sommes pas pour l\u2019exclusion. Tous les candidats doivent \u00eatre log\u00e9s \u00e0 la m\u00eame enseigne et les institutions de la r\u00e9publique ne doivent pas \u00eatre au service de certains candidats. Parce que des banderoles en plein centre-ville de Yaound\u00e9 o\u00f9 on fait des appels du pied \u00e0 monsieur Franck Biya et on sait tr\u00e8s bien que pour installer une banderole pareille il faut que les autorit\u00e9s administratives soient d\u2019accord. Si les autorit\u00e9s administratives ne r\u00e9agissent pas cela veut dire que soit ce sont elles qui sont derri\u00e8re, soit \u2026. \u00bb, argumente l\u2019homme politique pour qui la banderole aper\u00e7ue \u00e0 Yaound\u00e9 ces jours-ci peut \u00eatre source de conflit.<\/p>\n<p><b>\u00ab Cela peut causer un trouble \u00e0 l\u2019ordre public. Non seulement un trouble \u00e0 l\u2019ordre public, mais c\u2019est m\u00eame un appel \u00e0 l\u2019\u00e9meute. \u00c7a frustre les autres acteurs politiques qui peuvent \u00eatre tent\u00e9s de dire : \u00ab \u00e0 partir du moment o\u00f9 vous prenez fait et cause pour quelqu\u2019un, nous avons aussi le droit de protester pour dire que ce n\u2019est pas normal \u00bb<\/b><\/p>\n<p>, craint le juriste qui assure cependant que le MRC n\u2019a pas l\u2019intention de \u00ab r\u00e9pondre \u00e0 l\u2019ill\u00e9galit\u00e9 par l\u2019ill\u00e9galit\u00e9 \u00bb, mais sugg\u00e8re qu\u2019il faut \u00ab savoir parler aux Camerounais pour qu\u2019ils comprennent que ceux qui prennent ce genre de d\u00e9marche-l\u00e0, sont dans une d\u00e9marche qui tend \u00e0 pr\u00e9parer les consciences populaires \u00e0 imposer quelqu\u2019un au pouvoir \u00bb. Et de poursuivre : \u00ab souvent, c\u2019est un ballon d\u2019essai qu\u2019on envoie comme \u00e7a pour voir comment les Camerounais vont r\u00e9agir. Mais le Cameroun ne peut pas \u00eatre le Gabon, le Tchad ou les autres pays o\u00f9 la succession intra familiale est accept\u00e9e. Le Cameroun appartient aux Camerounais ! Les Camerounais sont issus de plusieurs couches diff\u00e9rentes \u00bb, pr\u00e9vient Me Sikati. .<\/p>\n<p><strong>Pour plus d&rsquo;informations et d&rsquo;analyses sur la <a href=\"https:\/\/www.africa-press.net\/cameroun\">Cameroun<\/a>, suivez <a href=\"https:\/\/www.africa-press.net\/\">Africa-Press<\/a><\/strong><\/p>\n","protected":false},"excerpt":{"rendered":"<p>Africa-Press &#8211; Cameroun. La banderole d\u00e9ploy\u00e9e \u00e0 Yaound\u00e9 la semaine \u00e9coul\u00e9e laquelle comportait un message appelant le fils du pr\u00e9sident camerounais, Franck Biya, \u00e0 briguer le poste de pr\u00e9sident de la R\u00e9publique en 2025 continue de susciter des r\u00e9actions. L\u2019une d\u2019elles a \u00e9t\u00e9 enregistr\u00e9e ce 12 Juillet 2022 sur Radio Balafon, une antenne \u00e9mettant de [&hellip;]<\/p>\n","protected":false},"author":82,"featured_media":23422,"comment_status":"open","ping_status":"closed","sticky":false,"template":"","format":"standard","meta":{"footnotes":""},"categories":[11,2,10],"tags":[36,50,49],"class_list":["post-23423","post","type-post","status-publish","format-standard","has-post-thumbnail","hentry","category-homepage-french","category-politique","category-toutes-les-actualites","tag-africa-press","tag-africa-press-cameroun","tag-cameroun"],"yoast_head":"<!-- This site is optimized with the Yoast SEO Premium plugin v26.1 (Yoast SEO v27.0) - https:\/\/yoast.com\/product\/yoast-seo-premium-wordpress\/ -->\n<title>Appel \u00e0 la candidature de Franck Biya \u00e0 la pr\u00e9sidentielle de 2025\/Me D\u00e9sir\u00e9 Sikati (MRC) : \u00abCela peut causer un trouble \u00e0 l\u2019ordre public. C\u2019est m\u00eame un appel \u00e0 l\u2019\u00e9meute \u00bb - Cameroun<\/title>\n<meta name=\"description\" content=\"La banderole d\u00e9ploy\u00e9e \u00e0 Yaound\u00e9 la semaine \u00e9coul\u00e9e laquelle comportait un message appelant le fils du pr\u00e9sident cameroun ...\" \/>\n<meta name=\"robots\" content=\"index, follow, max-snippet:-1, max-image-preview:large, max-video-preview:-1\" \/>\n<link rel=\"canonical\" href=\"https:\/\/www.africa-press.net\/cameroun\/politique\/appel-a-la-candidature-de-franck-biya-a-la-presidentielle-de-2025-me-desire-sikati-mrc-cela-peut-causer-un-trouble-a-lordre-public-cest-meme-un-appel-a-lemeute\" \/>\n<meta property=\"og:locale\" content=\"fr_FR\" \/>\n<meta property=\"og:type\" content=\"article\" \/>\n<meta property=\"og:title\" content=\"Appel \u00e0 la candidature de Franck Biya \u00e0 la pr\u00e9sidentielle de 2025\/Me D\u00e9sir\u00e9 Sikati (MRC) : \u00abCela peut causer un trouble \u00e0 l\u2019ordre public. C\u2019est m\u00eame un appel \u00e0 l\u2019\u00e9meute \u00bb\" \/>\n<meta property=\"og:description\" content=\"La banderole d\u00e9ploy\u00e9e \u00e0 Yaound\u00e9 la semaine \u00e9coul\u00e9e laquelle comportait un message appelant le fils du pr\u00e9sident cameroun ...\" \/>\n<meta property=\"og:url\" content=\"https:\/\/www.africa-press.net\/cameroun\/politique\/appel-a-la-candidature-de-franck-biya-a-la-presidentielle-de-2025-me-desire-sikati-mrc-cela-peut-causer-un-trouble-a-lordre-public-cest-meme-un-appel-a-lemeute\" \/>\n<meta property=\"og:site_name\" content=\"Cameroun\" \/>\n<meta property=\"article:published_time\" content=\"2022-07-13T14:17:12+00:00\" \/>\n<meta property=\"article:modified_time\" content=\"2022-07-13T17:05:24+00:00\" \/>\n<meta property=\"og:image\" content=\"https:\/\/static.africa-press.net\/cameroun\/sites\/57\/2022\/07\/img-62cefb3ec272f.jpg\" \/>\n\t<meta property=\"og:image:width\" content=\"800\" \/>\n\t<meta property=\"og:image:height\" content=\"605\" \/>\n\t<meta property=\"og:image:type\" content=\"image\/jpeg\" \/>\n<meta name=\"author\" content=\"cfeditorfr\" \/>\n<meta name=\"twitter:card\" content=\"summary_large_image\" \/>\n<meta name=\"twitter:label1\" content=\"\u00c9crit par\" \/>\n\t<meta name=\"twitter:data1\" content=\"cfeditorfr\" \/>\n\t<meta name=\"twitter:label2\" content=\"Dur\u00e9e de lecture estim\u00e9e\" \/>\n\t<meta name=\"twitter:data2\" content=\"4 minutes\" \/>\n<script type=\"application\/ld+json\" class=\"yoast-schema-graph\">{\"@context\":\"https:\/\/schema.org\",\"@graph\":[{\"@type\":\"Article\",\"@id\":\"https:\/\/www.africa-press.net\/cameroun\/politique\/appel-a-la-candidature-de-franck-biya-a-la-presidentielle-de-2025-me-desire-sikati-mrc-cela-peut-causer-un-trouble-a-lordre-public-cest-meme-un-appel-a-lemeute#article\",\"isPartOf\":{\"@id\":\"https:\/\/www.africa-press.net\/cameroun\/politique\/appel-a-la-candidature-de-franck-biya-a-la-presidentielle-de-2025-me-desire-sikati-mrc-cela-peut-causer-un-trouble-a-lordre-public-cest-meme-un-appel-a-lemeute\"},\"author\":{\"name\":\"cfeditorfr\",\"@id\":\"https:\/\/www.africa-press.net\/cameroun\/#\/schema\/person\/2b1cf3cd81a31e3cd26889ca66d677f1\"},\"headline\":\"Appel \u00e0 la candidature de Franck Biya \u00e0 la pr\u00e9sidentielle de 2025\/Me D\u00e9sir\u00e9 Sikati (MRC) : \u00abCela peut causer un trouble \u00e0 l\u2019ordre public. C\u2019est m\u00eame un appel \u00e0 l\u2019\u00e9meute \u00bb\",\"datePublished\":\"2022-07-13T14:17:12+00:00\",\"dateModified\":\"2022-07-13T17:05:24+00:00\",\"mainEntityOfPage\":{\"@id\":\"https:\/\/www.africa-press.net\/cameroun\/politique\/appel-a-la-candidature-de-franck-biya-a-la-presidentielle-de-2025-me-desire-sikati-mrc-cela-peut-causer-un-trouble-a-lordre-public-cest-meme-un-appel-a-lemeute\"},\"wordCount\":839,\"commentCount\":0,\"image\":{\"@id\":\"https:\/\/www.africa-press.net\/cameroun\/politique\/appel-a-la-candidature-de-franck-biya-a-la-presidentielle-de-2025-me-desire-sikati-mrc-cela-peut-causer-un-trouble-a-lordre-public-cest-meme-un-appel-a-lemeute#primaryimage\"},\"thumbnailUrl\":\"https:\/\/static.africa-press.net\/cameroun\/sites\/57\/2022\/07\/img-62cefb3ec272f.jpg\",\"keywords\":[\"Africa Press\",\"Africa Press-Cameroun\",\"Cameroun\"],\"articleSection\":[\"homepage-french\",\"Politique\",\"Toutes les actualit\u00e9s\"],\"inLanguage\":\"fr-FR\",\"potentialAction\":[{\"@type\":\"CommentAction\",\"name\":\"Comment\",\"target\":[\"https:\/\/www.africa-press.net\/cameroun\/politique\/appel-a-la-candidature-de-franck-biya-a-la-presidentielle-de-2025-me-desire-sikati-mrc-cela-peut-causer-un-trouble-a-lordre-public-cest-meme-un-appel-a-lemeute#respond\"]}]},{\"@type\":\"WebPage\",\"@id\":\"https:\/\/www.africa-press.net\/cameroun\/politique\/appel-a-la-candidature-de-franck-biya-a-la-presidentielle-de-2025-me-desire-sikati-mrc-cela-peut-causer-un-trouble-a-lordre-public-cest-meme-un-appel-a-lemeute\",\"url\":\"https:\/\/www.africa-press.net\/cameroun\/politique\/appel-a-la-candidature-de-franck-biya-a-la-presidentielle-de-2025-me-desire-sikati-mrc-cela-peut-causer-un-trouble-a-lordre-public-cest-meme-un-appel-a-lemeute\",\"name\":\"Appel \u00e0 la candidature de Franck Biya \u00e0 la pr\u00e9sidentielle de 2025\/Me D\u00e9sir\u00e9 Sikati (MRC) : \u00abCela peut causer un trouble \u00e0 l\u2019ordre public. C\u2019est m\u00eame un appel \u00e0 l\u2019\u00e9meute \u00bb - Cameroun\",\"isPartOf\":{\"@id\":\"https:\/\/www.africa-press.net\/cameroun\/#website\"},\"primaryImageOfPage\":{\"@id\":\"https:\/\/www.africa-press.net\/cameroun\/politique\/appel-a-la-candidature-de-franck-biya-a-la-presidentielle-de-2025-me-desire-sikati-mrc-cela-peut-causer-un-trouble-a-lordre-public-cest-meme-un-appel-a-lemeute#primaryimage\"},\"image\":{\"@id\":\"https:\/\/www.africa-press.net\/cameroun\/politique\/appel-a-la-candidature-de-franck-biya-a-la-presidentielle-de-2025-me-desire-sikati-mrc-cela-peut-causer-un-trouble-a-lordre-public-cest-meme-un-appel-a-lemeute#primaryimage\"},\"thumbnailUrl\":\"https:\/\/static.africa-press.net\/cameroun\/sites\/57\/2022\/07\/img-62cefb3ec272f.jpg\",\"datePublished\":\"2022-07-13T14:17:12+00:00\",\"dateModified\":\"2022-07-13T17:05:24+00:00\",\"author\":{\"@id\":\"https:\/\/www.africa-press.net\/cameroun\/#\/schema\/person\/2b1cf3cd81a31e3cd26889ca66d677f1\"},\"description\":\"La banderole d\u00e9ploy\u00e9e \u00e0 Yaound\u00e9 la semaine \u00e9coul\u00e9e laquelle comportait un message appelant le fils du pr\u00e9sident cameroun ...\",\"breadcrumb\":{\"@id\":\"https:\/\/www.africa-press.net\/cameroun\/politique\/appel-a-la-candidature-de-franck-biya-a-la-presidentielle-de-2025-me-desire-sikati-mrc-cela-peut-causer-un-trouble-a-lordre-public-cest-meme-un-appel-a-lemeute#breadcrumb\"},\"inLanguage\":\"fr-FR\",\"potentialAction\":[{\"@type\":\"ReadAction\",\"target\":[\"https:\/\/www.africa-press.net\/cameroun\/politique\/appel-a-la-candidature-de-franck-biya-a-la-presidentielle-de-2025-me-desire-sikati-mrc-cela-peut-causer-un-trouble-a-lordre-public-cest-meme-un-appel-a-lemeute\"]}]},{\"@type\":\"ImageObject\",\"inLanguage\":\"fr-FR\",\"@id\":\"https:\/\/www.africa-press.net\/cameroun\/politique\/appel-a-la-candidature-de-franck-biya-a-la-presidentielle-de-2025-me-desire-sikati-mrc-cela-peut-causer-un-trouble-a-lordre-public-cest-meme-un-appel-a-lemeute#primaryimage\",\"url\":\"https:\/\/static.africa-press.net\/cameroun\/sites\/57\/2022\/07\/img-62cefb3ec272f.jpg\",\"contentUrl\":\"https:\/\/static.africa-press.net\/cameroun\/sites\/57\/2022\/07\/img-62cefb3ec272f.jpg\",\"width\":800,\"height\":605,\"caption\":\"Appel \u00e0 la candidature de Franck Biya \u00e0 la pr\u00e9sidentielle de 2025\/Me D\u00e9sir\u00e9 Sikati (MRC) : \u00abCela peut causer un trouble \u00e0 l\u2019ordre public. C\u2019est m\u00eame un appel \u00e0 l\u2019\u00e9meute \u00bb\"},{\"@type\":\"BreadcrumbList\",\"@id\":\"https:\/\/www.africa-press.net\/cameroun\/politique\/appel-a-la-candidature-de-franck-biya-a-la-presidentielle-de-2025-me-desire-sikati-mrc-cela-peut-causer-un-trouble-a-lordre-public-cest-meme-un-appel-a-lemeute#breadcrumb\",\"itemListElement\":[{\"@type\":\"ListItem\",\"position\":1,\"name\":\"Accueil\",\"item\":\"https:\/\/www.africa-press.net\/cameroun\/\"},{\"@type\":\"ListItem\",\"position\":2,\"name\":\"Appel \u00e0 la candidature de Franck Biya \u00e0 la pr\u00e9sidentielle de 2025\/Me D\u00e9sir\u00e9 Sikati (MRC) : \u00abCela peut causer un trouble \u00e0 l\u2019ordre public. C\u2019est m\u00eame un appel \u00e0 l\u2019\u00e9meute \u00bb\"}]},{\"@type\":\"WebSite\",\"@id\":\"https:\/\/www.africa-press.net\/cameroun\/#website\",\"url\":\"https:\/\/www.africa-press.net\/cameroun\/\",\"name\":\"Cameroun\",\"description\":\"Just another Africa News Agency Sites site\",\"potentialAction\":[{\"@type\":\"SearchAction\",\"target\":{\"@type\":\"EntryPoint\",\"urlTemplate\":\"https:\/\/www.africa-press.net\/cameroun\/?s={search_term_string}\"},\"query-input\":{\"@type\":\"PropertyValueSpecification\",\"valueRequired\":true,\"valueName\":\"search_term_string\"}}],\"inLanguage\":\"fr-FR\"},{\"@type\":\"Person\",\"@id\":\"https:\/\/www.africa-press.net\/cameroun\/#\/schema\/person\/2b1cf3cd81a31e3cd26889ca66d677f1\",\"name\":\"cfeditorfr\"}]}<\/script>\n<!-- \/ Yoast SEO Premium plugin. -->","yoast_head_json":{"title":"Appel \u00e0 la candidature de Franck Biya \u00e0 la pr\u00e9sidentielle de 2025\/Me D\u00e9sir\u00e9 Sikati (MRC) : \u00abCela peut causer un trouble \u00e0 l\u2019ordre public. C\u2019est m\u00eame un appel \u00e0 l\u2019\u00e9meute \u00bb - Cameroun","description":"La banderole d\u00e9ploy\u00e9e \u00e0 Yaound\u00e9 la semaine \u00e9coul\u00e9e laquelle comportait un message appelant le fils du pr\u00e9sident cameroun ...","robots":{"index":"index","follow":"follow","max-snippet":"max-snippet:-1","max-image-preview":"max-image-preview:large","max-video-preview":"max-video-preview:-1"},"canonical":"https:\/\/www.africa-press.net\/cameroun\/politique\/appel-a-la-candidature-de-franck-biya-a-la-presidentielle-de-2025-me-desire-sikati-mrc-cela-peut-causer-un-trouble-a-lordre-public-cest-meme-un-appel-a-lemeute","og_locale":"fr_FR","og_type":"article","og_title":"Appel \u00e0 la candidature de Franck Biya \u00e0 la pr\u00e9sidentielle de 2025\/Me D\u00e9sir\u00e9 Sikati (MRC) : \u00abCela peut causer un trouble \u00e0 l\u2019ordre public. C\u2019est m\u00eame un appel \u00e0 l\u2019\u00e9meute \u00bb","og_description":"La banderole d\u00e9ploy\u00e9e \u00e0 Yaound\u00e9 la semaine \u00e9coul\u00e9e laquelle comportait un message appelant le fils du pr\u00e9sident cameroun ...","og_url":"https:\/\/www.africa-press.net\/cameroun\/politique\/appel-a-la-candidature-de-franck-biya-a-la-presidentielle-de-2025-me-desire-sikati-mrc-cela-peut-causer-un-trouble-a-lordre-public-cest-meme-un-appel-a-lemeute","og_site_name":"Cameroun","article_published_time":"2022-07-13T14:17:12+00:00","article_modified_time":"2022-07-13T17:05:24+00:00","og_image":[{"width":800,"height":605,"url":"https:\/\/static.africa-press.net\/cameroun\/sites\/57\/2022\/07\/img-62cefb3ec272f.jpg","type":"image\/jpeg"}],"author":"cfeditorfr","twitter_card":"summary_large_image","twitter_misc":{"\u00c9crit par":"cfeditorfr","Dur\u00e9e de lecture estim\u00e9e":"4 minutes"},"schema":{"@context":"https:\/\/schema.org","@graph":[{"@type":"Article","@id":"https:\/\/www.africa-press.net\/cameroun\/politique\/appel-a-la-candidature-de-franck-biya-a-la-presidentielle-de-2025-me-desire-sikati-mrc-cela-peut-causer-un-trouble-a-lordre-public-cest-meme-un-appel-a-lemeute#article","isPartOf":{"@id":"https:\/\/www.africa-press.net\/cameroun\/politique\/appel-a-la-candidature-de-franck-biya-a-la-presidentielle-de-2025-me-desire-sikati-mrc-cela-peut-causer-un-trouble-a-lordre-public-cest-meme-un-appel-a-lemeute"},"author":{"name":"cfeditorfr","@id":"https:\/\/www.africa-press.net\/cameroun\/#\/schema\/person\/2b1cf3cd81a31e3cd26889ca66d677f1"},"headline":"Appel \u00e0 la candidature de Franck Biya \u00e0 la pr\u00e9sidentielle de 2025\/Me D\u00e9sir\u00e9 Sikati (MRC) : \u00abCela peut causer un trouble \u00e0 l\u2019ordre public. C\u2019est m\u00eame un appel \u00e0 l\u2019\u00e9meute \u00bb","datePublished":"2022-07-13T14:17:12+00:00","dateModified":"2022-07-13T17:05:24+00:00","mainEntityOfPage":{"@id":"https:\/\/www.africa-press.net\/cameroun\/politique\/appel-a-la-candidature-de-franck-biya-a-la-presidentielle-de-2025-me-desire-sikati-mrc-cela-peut-causer-un-trouble-a-lordre-public-cest-meme-un-appel-a-lemeute"},"wordCount":839,"commentCount":0,"image":{"@id":"https:\/\/www.africa-press.net\/cameroun\/politique\/appel-a-la-candidature-de-franck-biya-a-la-presidentielle-de-2025-me-desire-sikati-mrc-cela-peut-causer-un-trouble-a-lordre-public-cest-meme-un-appel-a-lemeute#primaryimage"},"thumbnailUrl":"https:\/\/static.africa-press.net\/cameroun\/sites\/57\/2022\/07\/img-62cefb3ec272f.jpg","keywords":["Africa Press","Africa Press-Cameroun","Cameroun"],"articleSection":["homepage-french","Politique","Toutes les actualit\u00e9s"],"inLanguage":"fr-FR","potentialAction":[{"@type":"CommentAction","name":"Comment","target":["https:\/\/www.africa-press.net\/cameroun\/politique\/appel-a-la-candidature-de-franck-biya-a-la-presidentielle-de-2025-me-desire-sikati-mrc-cela-peut-causer-un-trouble-a-lordre-public-cest-meme-un-appel-a-lemeute#respond"]}]},{"@type":"WebPage","@id":"https:\/\/www.africa-press.net\/cameroun\/politique\/appel-a-la-candidature-de-franck-biya-a-la-presidentielle-de-2025-me-desire-sikati-mrc-cela-peut-causer-un-trouble-a-lordre-public-cest-meme-un-appel-a-lemeute","url":"https:\/\/www.africa-press.net\/cameroun\/politique\/appel-a-la-candidature-de-franck-biya-a-la-presidentielle-de-2025-me-desire-sikati-mrc-cela-peut-causer-un-trouble-a-lordre-public-cest-meme-un-appel-a-lemeute","name":"Appel \u00e0 la candidature de Franck Biya \u00e0 la pr\u00e9sidentielle de 2025\/Me D\u00e9sir\u00e9 Sikati (MRC) : \u00abCela peut causer un trouble \u00e0 l\u2019ordre public. C\u2019est m\u00eame un appel \u00e0 l\u2019\u00e9meute \u00bb - Cameroun","isPartOf":{"@id":"https:\/\/www.africa-press.net\/cameroun\/#website"},"primaryImageOfPage":{"@id":"https:\/\/www.africa-press.net\/cameroun\/politique\/appel-a-la-candidature-de-franck-biya-a-la-presidentielle-de-2025-me-desire-sikati-mrc-cela-peut-causer-un-trouble-a-lordre-public-cest-meme-un-appel-a-lemeute#primaryimage"},"image":{"@id":"https:\/\/www.africa-press.net\/cameroun\/politique\/appel-a-la-candidature-de-franck-biya-a-la-presidentielle-de-2025-me-desire-sikati-mrc-cela-peut-causer-un-trouble-a-lordre-public-cest-meme-un-appel-a-lemeute#primaryimage"},"thumbnailUrl":"https:\/\/static.africa-press.net\/cameroun\/sites\/57\/2022\/07\/img-62cefb3ec272f.jpg","datePublished":"2022-07-13T14:17:12+00:00","dateModified":"2022-07-13T17:05:24+00:00","author":{"@id":"https:\/\/www.africa-press.net\/cameroun\/#\/schema\/person\/2b1cf3cd81a31e3cd26889ca66d677f1"},"description":"La banderole d\u00e9ploy\u00e9e \u00e0 Yaound\u00e9 la semaine \u00e9coul\u00e9e laquelle comportait un message appelant le fils du pr\u00e9sident cameroun ...","breadcrumb":{"@id":"https:\/\/www.africa-press.net\/cameroun\/politique\/appel-a-la-candidature-de-franck-biya-a-la-presidentielle-de-2025-me-desire-sikati-mrc-cela-peut-causer-un-trouble-a-lordre-public-cest-meme-un-appel-a-lemeute#breadcrumb"},"inLanguage":"fr-FR","potentialAction":[{"@type":"ReadAction","target":["https:\/\/www.africa-press.net\/cameroun\/politique\/appel-a-la-candidature-de-franck-biya-a-la-presidentielle-de-2025-me-desire-sikati-mrc-cela-peut-causer-un-trouble-a-lordre-public-cest-meme-un-appel-a-lemeute"]}]},{"@type":"ImageObject","inLanguage":"fr-FR","@id":"https:\/\/www.africa-press.net\/cameroun\/politique\/appel-a-la-candidature-de-franck-biya-a-la-presidentielle-de-2025-me-desire-sikati-mrc-cela-peut-causer-un-trouble-a-lordre-public-cest-meme-un-appel-a-lemeute#primaryimage","url":"https:\/\/static.africa-press.net\/cameroun\/sites\/57\/2022\/07\/img-62cefb3ec272f.jpg","contentUrl":"https:\/\/static.africa-press.net\/cameroun\/sites\/57\/2022\/07\/img-62cefb3ec272f.jpg","width":800,"height":605,"caption":"Appel \u00e0 la candidature de Franck Biya \u00e0 la pr\u00e9sidentielle de 2025\/Me D\u00e9sir\u00e9 Sikati (MRC) : \u00abCela peut causer un trouble \u00e0 l\u2019ordre public. C\u2019est m\u00eame un appel \u00e0 l\u2019\u00e9meute \u00bb"},{"@type":"BreadcrumbList","@id":"https:\/\/www.africa-press.net\/cameroun\/politique\/appel-a-la-candidature-de-franck-biya-a-la-presidentielle-de-2025-me-desire-sikati-mrc-cela-peut-causer-un-trouble-a-lordre-public-cest-meme-un-appel-a-lemeute#breadcrumb","itemListElement":[{"@type":"ListItem","position":1,"name":"Accueil","item":"https:\/\/www.africa-press.net\/cameroun\/"},{"@type":"ListItem","position":2,"name":"Appel \u00e0 la candidature de Franck Biya \u00e0 la pr\u00e9sidentielle de 2025\/Me D\u00e9sir\u00e9 Sikati (MRC) : \u00abCela peut causer un trouble \u00e0 l\u2019ordre public. C\u2019est m\u00eame un appel \u00e0 l\u2019\u00e9meute \u00bb"}]},{"@type":"WebSite","@id":"https:\/\/www.africa-press.net\/cameroun\/#website","url":"https:\/\/www.africa-press.net\/cameroun\/","name":"Cameroun","description":"Just another Africa News Agency Sites site","potentialAction":[{"@type":"SearchAction","target":{"@type":"EntryPoint","urlTemplate":"https:\/\/www.africa-press.net\/cameroun\/?s={search_term_string}"},"query-input":{"@type":"PropertyValueSpecification","valueRequired":true,"valueName":"search_term_string"}}],"inLanguage":"fr-FR"},{"@type":"Person","@id":"https:\/\/www.africa-press.net\/cameroun\/#\/schema\/person\/2b1cf3cd81a31e3cd26889ca66d677f1","name":"cfeditorfr"}]}},"_links":{"self":[{"href":"https:\/\/www.africa-press.net\/cameroun\/wp-json\/wp\/v2\/posts\/23423","targetHints":{"allow":["GET"]}}],"collection":[{"href":"https:\/\/www.africa-press.net\/cameroun\/wp-json\/wp\/v2\/posts"}],"about":[{"href":"https:\/\/www.africa-press.net\/cameroun\/wp-json\/wp\/v2\/types\/post"}],"author":[{"embeddable":true,"href":"https:\/\/www.africa-press.net\/cameroun\/wp-json\/wp\/v2\/users\/82"}],"replies":[{"embeddable":true,"href":"https:\/\/www.africa-press.net\/cameroun\/wp-json\/wp\/v2\/comments?post=23423"}],"version-history":[{"count":0,"href":"https:\/\/www.africa-press.net\/cameroun\/wp-json\/wp\/v2\/posts\/23423\/revisions"}],"wp:featuredmedia":[{"embeddable":true,"href":"https:\/\/www.africa-press.net\/cameroun\/wp-json\/wp\/v2\/media\/23422"}],"wp:attachment":[{"href":"https:\/\/www.africa-press.net\/cameroun\/wp-json\/wp\/v2\/media?parent=23423"}],"wp:term":[{"taxonomy":"category","embeddable":true,"href":"https:\/\/www.africa-press.net\/cameroun\/wp-json\/wp\/v2\/categories?post=23423"},{"taxonomy":"post_tag","embeddable":true,"href":"https:\/\/www.africa-press.net\/cameroun\/wp-json\/wp\/v2\/tags?post=23423"}],"curies":[{"name":"wp","href":"https:\/\/api.w.org\/{rel}","templated":true}]}}