{"id":23426,"date":"2022-07-13T14:24:44","date_gmt":"2022-07-13T14:24:44","guid":{"rendered":"https:\/\/www.africa-press.net\/cameroun\/politique\/innovation-une-plateforme-digitale-pour-la-geolocalisation-des-personnes-handicapees-voit-le-jour"},"modified":"2022-07-13T17:05:55","modified_gmt":"2022-07-13T17:05:55","slug":"innovation-une-plateforme-digitale-pour-la-geolocalisation-des-personnes-handicapees-voit-le-jour","status":"publish","type":"post","link":"https:\/\/www.africa-press.net\/cameroun\/toutes-les-actualites\/innovation-une-plateforme-digitale-pour-la-geolocalisation-des-personnes-handicapees-voit-le-jour","title":{"rendered":"Innovation: Une plateforme digitale pour la g\u00e9olocalisation des personnes handicap\u00e9es voit le jour"},"content":{"rendered":"<p><span style=\"color: #ff6600\"><strong>Africa-Press &#8211; Cameroun. <\/strong><\/span>Face \u00e0 la rar\u00e9faction des ressources, \u00ab une gestion harmonis\u00e9e des donn\u00e9es sur les personnes handicap\u00e9es pourrait permettre d&rsquo;optimiser les performances des interventions de divers acteurs et de d\u00e9velopper des politiques plus sp\u00e9cifiques et \u00e0 fort impact non seulement sur les personnes handicap\u00e9es mais \u00e9galement sur la soci\u00e9t\u00e9 tout enti\u00e8re \u00bb. Ces mots sont de Coco Bertin Mowa, directeur g\u00e9n\u00e9ral du Cjarc. Ces derniers r\u00e9sument globalement l\u2019ambition qui a sous-tendu la conception d\u2019une plateforme digitale pour la g\u00e9olocalisation des personnes handicap\u00e9es, pr\u00e9sent\u00e9e au public lundi 11 juillet 2022.<\/p>\n<p>Baptis\u00e9 Projet Supeh, ce nouvel outil est une base de donn\u00e9es (BDD) centralis\u00e9es en ligne, disposant \u00e9galement d&rsquo;une application mobile utilisable avec ou sans connexion internet. La BDD ainsi que son application mobile t\u00e9l\u00e9chargeable sur Playstore et via le site www.supeh.org, contient des donn\u00e9es dynamiques sur les personnes handicap\u00e9es du Cameroun. Concr\u00e8tement, son ambition est de permettre aux d\u00e9cideurs et partenaires au d\u00e9veloppement de savoir en temps r\u00e9el combien de personnes handicap\u00e9es sont dans une localit\u00e9 donn\u00e9e, quels sont leurs types de handicaps, leurs besoins, quel partenaire intervient d\u00e9j\u00e0 dans une zone, avec quelles activit\u00e9s et quelles cibles.<\/p>\n<p>Dans le m\u00eame ordre d\u2019id\u00e9e, le projet Supeh entend \u00e9galement am\u00e9liorer et actualiser les statistiques nationales sur les personnes handicap\u00e9es. En effet, les derni\u00e8res donn\u00e9es disponibles datent de 2005. Elles ont \u00e9t\u00e9 compil\u00e9es dans le cadre du 3\u00e8me recensement g\u00e9n\u00e9ral de la population (Rgph). Sur une population totale de 17 463 836 habitants, le Cameroun comptait alors 262 119 personnes vivant avec au moins un handicap.<\/p>\n<p><strong>Pour plus d&rsquo;informations et d&rsquo;analyses sur la <a href=\"https:\/\/www.africa-press.net\/cameroun\">Cameroun<\/a>, suivez <a href=\"https:\/\/www.africa-press.net\/\">Africa-Press<\/a><\/strong><\/p>\n","protected":false},"excerpt":{"rendered":"<p>Africa-Press &#8211; Cameroun. Face \u00e0 la rar\u00e9faction des ressources, \u00ab une gestion harmonis\u00e9e des donn\u00e9es sur les personnes handicap\u00e9es pourrait permettre d&rsquo;optimiser les performances des interventions de divers acteurs et de d\u00e9velopper des politiques plus sp\u00e9cifiques et \u00e0 fort impact non seulement sur les personnes handicap\u00e9es mais \u00e9galement sur la soci\u00e9t\u00e9 tout enti\u00e8re \u00bb. Ces [&hellip;]<\/p>\n","protected":false},"author":82,"featured_media":23425,"comment_status":"open","ping_status":"closed","sticky":false,"template":"","format":"standard","meta":{"footnotes":""},"categories":[21,11,10],"tags":[36,50,49],"class_list":["post-23426","post","type-post","status-publish","format-standard","has-post-thumbnail","hentry","category-communaute","category-homepage-french","category-toutes-les-actualites","tag-africa-press","tag-africa-press-cameroun","tag-cameroun"],"yoast_head":"<!-- This site is optimized with the Yoast SEO Premium plugin v26.1 (Yoast SEO v27.0) - https:\/\/yoast.com\/product\/yoast-seo-premium-wordpress\/ -->\n<title>Innovation: Une plateforme digitale pour la g\u00e9olocalisation des personnes handicap\u00e9es voit le jour - Cameroun<\/title>\n<meta name=\"description\" content=\"Face \u00e0 la rar\u00e9faction des ressources, \u00ab une gestion harmonis\u00e9e des donn\u00e9es sur les personnes handicap\u00e9es pourrait permet ...\" \/>\n<meta name=\"robots\" content=\"index, follow, max-snippet:-1, max-image-preview:large, max-video-preview:-1\" \/>\n<link rel=\"canonical\" href=\"https:\/\/www.africa-press.net\/cameroun\/toutes-les-actualites\/innovation-une-plateforme-digitale-pour-la-geolocalisation-des-personnes-handicapees-voit-le-jour\" \/>\n<meta property=\"og:locale\" content=\"fr_FR\" \/>\n<meta property=\"og:type\" content=\"article\" \/>\n<meta property=\"og:title\" content=\"Innovation: Une plateforme digitale pour la g\u00e9olocalisation des personnes handicap\u00e9es voit le jour\" \/>\n<meta property=\"og:description\" content=\"Face \u00e0 la rar\u00e9faction des ressources, \u00ab une gestion harmonis\u00e9e des donn\u00e9es sur les personnes handicap\u00e9es pourrait permet ...\" \/>\n<meta property=\"og:url\" content=\"https:\/\/www.africa-press.net\/cameroun\/toutes-les-actualites\/innovation-une-plateforme-digitale-pour-la-geolocalisation-des-personnes-handicapees-voit-le-jour\" \/>\n<meta property=\"og:site_name\" content=\"Cameroun\" \/>\n<meta property=\"article:published_time\" content=\"2022-07-13T14:24:44+00:00\" \/>\n<meta property=\"article:modified_time\" content=\"2022-07-13T17:05:55+00:00\" \/>\n<meta property=\"og:image\" content=\"https:\/\/static.africa-press.net\/cameroun\/sites\/57\/2022\/07\/img-62cefb5e6ed0e.jpg\" \/>\n\t<meta property=\"og:image:width\" content=\"800\" \/>\n\t<meta property=\"og:image:height\" content=\"381\" \/>\n\t<meta property=\"og:image:type\" content=\"image\/jpeg\" \/>\n<meta name=\"author\" content=\"cfeditorfr\" \/>\n<meta name=\"twitter:card\" content=\"summary_large_image\" \/>\n<meta name=\"twitter:label1\" content=\"\u00c9crit par\" \/>\n\t<meta name=\"twitter:data1\" content=\"cfeditorfr\" \/>\n\t<meta name=\"twitter:label2\" content=\"Dur\u00e9e de lecture estim\u00e9e\" \/>\n\t<meta name=\"twitter:data2\" content=\"1 minute\" \/>\n<script type=\"application\/ld+json\" class=\"yoast-schema-graph\">{\"@context\":\"https:\/\/schema.org\",\"@graph\":[{\"@type\":\"Article\",\"@id\":\"https:\/\/www.africa-press.net\/cameroun\/toutes-les-actualites\/innovation-une-plateforme-digitale-pour-la-geolocalisation-des-personnes-handicapees-voit-le-jour#article\",\"isPartOf\":{\"@id\":\"https:\/\/www.africa-press.net\/cameroun\/toutes-les-actualites\/innovation-une-plateforme-digitale-pour-la-geolocalisation-des-personnes-handicapees-voit-le-jour\"},\"author\":{\"name\":\"cfeditorfr\",\"@id\":\"https:\/\/www.africa-press.net\/cameroun\/#\/schema\/person\/2b1cf3cd81a31e3cd26889ca66d677f1\"},\"headline\":\"Innovation: Une plateforme digitale pour la g\u00e9olocalisation des personnes handicap\u00e9es voit le jour\",\"datePublished\":\"2022-07-13T14:24:44+00:00\",\"dateModified\":\"2022-07-13T17:05:55+00:00\",\"mainEntityOfPage\":{\"@id\":\"https:\/\/www.africa-press.net\/cameroun\/toutes-les-actualites\/innovation-une-plateforme-digitale-pour-la-geolocalisation-des-personnes-handicapees-voit-le-jour\"},\"wordCount\":316,\"commentCount\":0,\"image\":{\"@id\":\"https:\/\/www.africa-press.net\/cameroun\/toutes-les-actualites\/innovation-une-plateforme-digitale-pour-la-geolocalisation-des-personnes-handicapees-voit-le-jour#primaryimage\"},\"thumbnailUrl\":\"https:\/\/static.africa-press.net\/cameroun\/sites\/57\/2022\/07\/img-62cefb5e6ed0e.jpg\",\"keywords\":[\"Africa Press\",\"Africa Press-Cameroun\",\"Cameroun\"],\"articleSection\":[\"Communaut\u00e9\",\"homepage-french\",\"Toutes les actualit\u00e9s\"],\"inLanguage\":\"fr-FR\",\"potentialAction\":[{\"@type\":\"CommentAction\",\"name\":\"Comment\",\"target\":[\"https:\/\/www.africa-press.net\/cameroun\/toutes-les-actualites\/innovation-une-plateforme-digitale-pour-la-geolocalisation-des-personnes-handicapees-voit-le-jour#respond\"]}]},{\"@type\":\"WebPage\",\"@id\":\"https:\/\/www.africa-press.net\/cameroun\/toutes-les-actualites\/innovation-une-plateforme-digitale-pour-la-geolocalisation-des-personnes-handicapees-voit-le-jour\",\"url\":\"https:\/\/www.africa-press.net\/cameroun\/toutes-les-actualites\/innovation-une-plateforme-digitale-pour-la-geolocalisation-des-personnes-handicapees-voit-le-jour\",\"name\":\"Innovation: Une plateforme digitale pour la g\u00e9olocalisation des personnes handicap\u00e9es voit le jour - Cameroun\",\"isPartOf\":{\"@id\":\"https:\/\/www.africa-press.net\/cameroun\/#website\"},\"primaryImageOfPage\":{\"@id\":\"https:\/\/www.africa-press.net\/cameroun\/toutes-les-actualites\/innovation-une-plateforme-digitale-pour-la-geolocalisation-des-personnes-handicapees-voit-le-jour#primaryimage\"},\"image\":{\"@id\":\"https:\/\/www.africa-press.net\/cameroun\/toutes-les-actualites\/innovation-une-plateforme-digitale-pour-la-geolocalisation-des-personnes-handicapees-voit-le-jour#primaryimage\"},\"thumbnailUrl\":\"https:\/\/static.africa-press.net\/cameroun\/sites\/57\/2022\/07\/img-62cefb5e6ed0e.jpg\",\"datePublished\":\"2022-07-13T14:24:44+00:00\",\"dateModified\":\"2022-07-13T17:05:55+00:00\",\"author\":{\"@id\":\"https:\/\/www.africa-press.net\/cameroun\/#\/schema\/person\/2b1cf3cd81a31e3cd26889ca66d677f1\"},\"description\":\"Face \u00e0 la rar\u00e9faction des ressources, \u00ab une gestion harmonis\u00e9e des donn\u00e9es sur les personnes handicap\u00e9es pourrait permet ...\",\"breadcrumb\":{\"@id\":\"https:\/\/www.africa-press.net\/cameroun\/toutes-les-actualites\/innovation-une-plateforme-digitale-pour-la-geolocalisation-des-personnes-handicapees-voit-le-jour#breadcrumb\"},\"inLanguage\":\"fr-FR\",\"potentialAction\":[{\"@type\":\"ReadAction\",\"target\":[\"https:\/\/www.africa-press.net\/cameroun\/toutes-les-actualites\/innovation-une-plateforme-digitale-pour-la-geolocalisation-des-personnes-handicapees-voit-le-jour\"]}]},{\"@type\":\"ImageObject\",\"inLanguage\":\"fr-FR\",\"@id\":\"https:\/\/www.africa-press.net\/cameroun\/toutes-les-actualites\/innovation-une-plateforme-digitale-pour-la-geolocalisation-des-personnes-handicapees-voit-le-jour#primaryimage\",\"url\":\"https:\/\/static.africa-press.net\/cameroun\/sites\/57\/2022\/07\/img-62cefb5e6ed0e.jpg\",\"contentUrl\":\"https:\/\/static.africa-press.net\/cameroun\/sites\/57\/2022\/07\/img-62cefb5e6ed0e.jpg\",\"width\":800,\"height\":381,\"caption\":\"Innovation: Une plateforme digitale pour la g\u00e9olocalisation des personnes handicap\u00e9es voit le jour\"},{\"@type\":\"BreadcrumbList\",\"@id\":\"https:\/\/www.africa-press.net\/cameroun\/toutes-les-actualites\/innovation-une-plateforme-digitale-pour-la-geolocalisation-des-personnes-handicapees-voit-le-jour#breadcrumb\",\"itemListElement\":[{\"@type\":\"ListItem\",\"position\":1,\"name\":\"Accueil\",\"item\":\"https:\/\/www.africa-press.net\/cameroun\/\"},{\"@type\":\"ListItem\",\"position\":2,\"name\":\"Innovation: Une plateforme digitale pour la g\u00e9olocalisation des personnes handicap\u00e9es voit le jour\"}]},{\"@type\":\"WebSite\",\"@id\":\"https:\/\/www.africa-press.net\/cameroun\/#website\",\"url\":\"https:\/\/www.africa-press.net\/cameroun\/\",\"name\":\"Cameroun\",\"description\":\"Just another Africa News Agency Sites site\",\"potentialAction\":[{\"@type\":\"SearchAction\",\"target\":{\"@type\":\"EntryPoint\",\"urlTemplate\":\"https:\/\/www.africa-press.net\/cameroun\/?s={search_term_string}\"},\"query-input\":{\"@type\":\"PropertyValueSpecification\",\"valueRequired\":true,\"valueName\":\"search_term_string\"}}],\"inLanguage\":\"fr-FR\"},{\"@type\":\"Person\",\"@id\":\"https:\/\/www.africa-press.net\/cameroun\/#\/schema\/person\/2b1cf3cd81a31e3cd26889ca66d677f1\",\"name\":\"cfeditorfr\"}]}<\/script>\n<!-- \/ Yoast SEO Premium plugin. -->","yoast_head_json":{"title":"Innovation: Une plateforme digitale pour la g\u00e9olocalisation des personnes handicap\u00e9es voit le jour - Cameroun","description":"Face \u00e0 la rar\u00e9faction des ressources, \u00ab une gestion harmonis\u00e9e des donn\u00e9es sur les personnes handicap\u00e9es pourrait permet ...","robots":{"index":"index","follow":"follow","max-snippet":"max-snippet:-1","max-image-preview":"max-image-preview:large","max-video-preview":"max-video-preview:-1"},"canonical":"https:\/\/www.africa-press.net\/cameroun\/toutes-les-actualites\/innovation-une-plateforme-digitale-pour-la-geolocalisation-des-personnes-handicapees-voit-le-jour","og_locale":"fr_FR","og_type":"article","og_title":"Innovation: Une plateforme digitale pour la g\u00e9olocalisation des personnes handicap\u00e9es voit le jour","og_description":"Face \u00e0 la rar\u00e9faction des ressources, \u00ab une gestion harmonis\u00e9e des donn\u00e9es sur les personnes handicap\u00e9es pourrait permet ...","og_url":"https:\/\/www.africa-press.net\/cameroun\/toutes-les-actualites\/innovation-une-plateforme-digitale-pour-la-geolocalisation-des-personnes-handicapees-voit-le-jour","og_site_name":"Cameroun","article_published_time":"2022-07-13T14:24:44+00:00","article_modified_time":"2022-07-13T17:05:55+00:00","og_image":[{"width":800,"height":381,"url":"https:\/\/static.africa-press.net\/cameroun\/sites\/57\/2022\/07\/img-62cefb5e6ed0e.jpg","type":"image\/jpeg"}],"author":"cfeditorfr","twitter_card":"summary_large_image","twitter_misc":{"\u00c9crit par":"cfeditorfr","Dur\u00e9e de lecture estim\u00e9e":"1 minute"},"schema":{"@context":"https:\/\/schema.org","@graph":[{"@type":"Article","@id":"https:\/\/www.africa-press.net\/cameroun\/toutes-les-actualites\/innovation-une-plateforme-digitale-pour-la-geolocalisation-des-personnes-handicapees-voit-le-jour#article","isPartOf":{"@id":"https:\/\/www.africa-press.net\/cameroun\/toutes-les-actualites\/innovation-une-plateforme-digitale-pour-la-geolocalisation-des-personnes-handicapees-voit-le-jour"},"author":{"name":"cfeditorfr","@id":"https:\/\/www.africa-press.net\/cameroun\/#\/schema\/person\/2b1cf3cd81a31e3cd26889ca66d677f1"},"headline":"Innovation: Une plateforme digitale pour la g\u00e9olocalisation des personnes handicap\u00e9es voit le jour","datePublished":"2022-07-13T14:24:44+00:00","dateModified":"2022-07-13T17:05:55+00:00","mainEntityOfPage":{"@id":"https:\/\/www.africa-press.net\/cameroun\/toutes-les-actualites\/innovation-une-plateforme-digitale-pour-la-geolocalisation-des-personnes-handicapees-voit-le-jour"},"wordCount":316,"commentCount":0,"image":{"@id":"https:\/\/www.africa-press.net\/cameroun\/toutes-les-actualites\/innovation-une-plateforme-digitale-pour-la-geolocalisation-des-personnes-handicapees-voit-le-jour#primaryimage"},"thumbnailUrl":"https:\/\/static.africa-press.net\/cameroun\/sites\/57\/2022\/07\/img-62cefb5e6ed0e.jpg","keywords":["Africa Press","Africa Press-Cameroun","Cameroun"],"articleSection":["Communaut\u00e9","homepage-french","Toutes les actualit\u00e9s"],"inLanguage":"fr-FR","potentialAction":[{"@type":"CommentAction","name":"Comment","target":["https:\/\/www.africa-press.net\/cameroun\/toutes-les-actualites\/innovation-une-plateforme-digitale-pour-la-geolocalisation-des-personnes-handicapees-voit-le-jour#respond"]}]},{"@type":"WebPage","@id":"https:\/\/www.africa-press.net\/cameroun\/toutes-les-actualites\/innovation-une-plateforme-digitale-pour-la-geolocalisation-des-personnes-handicapees-voit-le-jour","url":"https:\/\/www.africa-press.net\/cameroun\/toutes-les-actualites\/innovation-une-plateforme-digitale-pour-la-geolocalisation-des-personnes-handicapees-voit-le-jour","name":"Innovation: Une plateforme digitale pour la g\u00e9olocalisation des personnes handicap\u00e9es voit le jour - Cameroun","isPartOf":{"@id":"https:\/\/www.africa-press.net\/cameroun\/#website"},"primaryImageOfPage":{"@id":"https:\/\/www.africa-press.net\/cameroun\/toutes-les-actualites\/innovation-une-plateforme-digitale-pour-la-geolocalisation-des-personnes-handicapees-voit-le-jour#primaryimage"},"image":{"@id":"https:\/\/www.africa-press.net\/cameroun\/toutes-les-actualites\/innovation-une-plateforme-digitale-pour-la-geolocalisation-des-personnes-handicapees-voit-le-jour#primaryimage"},"thumbnailUrl":"https:\/\/static.africa-press.net\/cameroun\/sites\/57\/2022\/07\/img-62cefb5e6ed0e.jpg","datePublished":"2022-07-13T14:24:44+00:00","dateModified":"2022-07-13T17:05:55+00:00","author":{"@id":"https:\/\/www.africa-press.net\/cameroun\/#\/schema\/person\/2b1cf3cd81a31e3cd26889ca66d677f1"},"description":"Face \u00e0 la rar\u00e9faction des ressources, \u00ab une gestion harmonis\u00e9e des donn\u00e9es sur les personnes handicap\u00e9es pourrait permet ...","breadcrumb":{"@id":"https:\/\/www.africa-press.net\/cameroun\/toutes-les-actualites\/innovation-une-plateforme-digitale-pour-la-geolocalisation-des-personnes-handicapees-voit-le-jour#breadcrumb"},"inLanguage":"fr-FR","potentialAction":[{"@type":"ReadAction","target":["https:\/\/www.africa-press.net\/cameroun\/toutes-les-actualites\/innovation-une-plateforme-digitale-pour-la-geolocalisation-des-personnes-handicapees-voit-le-jour"]}]},{"@type":"ImageObject","inLanguage":"fr-FR","@id":"https:\/\/www.africa-press.net\/cameroun\/toutes-les-actualites\/innovation-une-plateforme-digitale-pour-la-geolocalisation-des-personnes-handicapees-voit-le-jour#primaryimage","url":"https:\/\/static.africa-press.net\/cameroun\/sites\/57\/2022\/07\/img-62cefb5e6ed0e.jpg","contentUrl":"https:\/\/static.africa-press.net\/cameroun\/sites\/57\/2022\/07\/img-62cefb5e6ed0e.jpg","width":800,"height":381,"caption":"Innovation: Une plateforme digitale pour la g\u00e9olocalisation des personnes handicap\u00e9es voit le jour"},{"@type":"BreadcrumbList","@id":"https:\/\/www.africa-press.net\/cameroun\/toutes-les-actualites\/innovation-une-plateforme-digitale-pour-la-geolocalisation-des-personnes-handicapees-voit-le-jour#breadcrumb","itemListElement":[{"@type":"ListItem","position":1,"name":"Accueil","item":"https:\/\/www.africa-press.net\/cameroun\/"},{"@type":"ListItem","position":2,"name":"Innovation: Une plateforme digitale pour la g\u00e9olocalisation des personnes handicap\u00e9es voit le jour"}]},{"@type":"WebSite","@id":"https:\/\/www.africa-press.net\/cameroun\/#website","url":"https:\/\/www.africa-press.net\/cameroun\/","name":"Cameroun","description":"Just another Africa News Agency Sites site","potentialAction":[{"@type":"SearchAction","target":{"@type":"EntryPoint","urlTemplate":"https:\/\/www.africa-press.net\/cameroun\/?s={search_term_string}"},"query-input":{"@type":"PropertyValueSpecification","valueRequired":true,"valueName":"search_term_string"}}],"inLanguage":"fr-FR"},{"@type":"Person","@id":"https:\/\/www.africa-press.net\/cameroun\/#\/schema\/person\/2b1cf3cd81a31e3cd26889ca66d677f1","name":"cfeditorfr"}]}},"_links":{"self":[{"href":"https:\/\/www.africa-press.net\/cameroun\/wp-json\/wp\/v2\/posts\/23426","targetHints":{"allow":["GET"]}}],"collection":[{"href":"https:\/\/www.africa-press.net\/cameroun\/wp-json\/wp\/v2\/posts"}],"about":[{"href":"https:\/\/www.africa-press.net\/cameroun\/wp-json\/wp\/v2\/types\/post"}],"author":[{"embeddable":true,"href":"https:\/\/www.africa-press.net\/cameroun\/wp-json\/wp\/v2\/users\/82"}],"replies":[{"embeddable":true,"href":"https:\/\/www.africa-press.net\/cameroun\/wp-json\/wp\/v2\/comments?post=23426"}],"version-history":[{"count":0,"href":"https:\/\/www.africa-press.net\/cameroun\/wp-json\/wp\/v2\/posts\/23426\/revisions"}],"wp:featuredmedia":[{"embeddable":true,"href":"https:\/\/www.africa-press.net\/cameroun\/wp-json\/wp\/v2\/media\/23425"}],"wp:attachment":[{"href":"https:\/\/www.africa-press.net\/cameroun\/wp-json\/wp\/v2\/media?parent=23426"}],"wp:term":[{"taxonomy":"category","embeddable":true,"href":"https:\/\/www.africa-press.net\/cameroun\/wp-json\/wp\/v2\/categories?post=23426"},{"taxonomy":"post_tag","embeddable":true,"href":"https:\/\/www.africa-press.net\/cameroun\/wp-json\/wp\/v2\/tags?post=23426"}],"curies":[{"name":"wp","href":"https:\/\/api.w.org\/{rel}","templated":true}]}}