{"id":23429,"date":"2022-07-13T14:29:15","date_gmt":"2022-07-13T14:29:15","guid":{"rendered":"https:\/\/www.africa-press.net\/cameroun\/politique\/terrorisme-le-marche-mokolo-essuie-un-nouvel-attentat-a-la-bombe-artisanale"},"modified":"2022-07-13T17:06:26","modified_gmt":"2022-07-13T17:06:26","slug":"terrorisme-le-marche-mokolo-essuie-un-nouvel-attentat-a-la-bombe-artisanale","status":"publish","type":"post","link":"https:\/\/www.africa-press.net\/cameroun\/toutes-les-actualites\/terrorisme-le-marche-mokolo-essuie-un-nouvel-attentat-a-la-bombe-artisanale","title":{"rendered":"Terrorisme: Le march\u00e9 Mokolo essuie un nouvel attentat \u00e0 la bombe artisanale"},"content":{"rendered":"<p><span style=\"color: #ff6600\"><strong>Africa-Press &#8211; Cameroun. <\/strong><\/span>10 jours apr\u00e8s, le march\u00e9 Mokolo enregistre une explosion. Ce mardi 12 juillet 2022 \u00e0 13 heures une d\u00e9tonation a \u00e9t\u00e9 entendue pr\u00e8s du lieu dit Sapeurs Mokolo. Un bruit inhabituel a mis en \u00e9bullition l\u2019espace marchand. C\u2019est un sachet de plastique noir renfermant des boulons qui a explos\u00e9.<\/p>\n<p>Des personnes se trouvant sur les lieux ont pris leurs jambes \u00e0 leur cou. \u00ab Nous avons entendu une explosion comme si c\u2019\u00e9tait la roue d\u2019un v\u00e9hicule qui explosait. Comme nous sommes \u00e0 l\u2019int\u00e9rieur du hangar, nous avons vu des personnes entrer. Elles fuyaient. A l\u2019instant, nous n\u2019avons pas su exactement ce qui se passait. Lorsque nous avons vu des bless\u00e9s, en l\u2019occurrence une jeune dame qui a eu une grave blessure \u00e0 un pied, nous avons su qu\u2019il y avait quelque chose de s\u00e9rieux qui s\u2019est pass\u00e9 \u00bb, raconte \u00e0 Equinoxe T\u00e9l\u00e9vision un t\u00e9moin nomm\u00e9 Basile Mbarga.<\/p>\n<p>Les bless\u00e9s, au nombre de deux, ont re\u00e7u les premiers soins sur place avant d\u2019\u00eatre emmen\u00e9es au Centre des Urgences de Yaound\u00e9. Un m\u00e9decin interrog\u00e9 par la CRTV rapporte qu\u2019une substance blanche est sortie du sachet et s\u2019est d\u00e9vers\u00e9e sur les pieds des bless\u00e9es. Arriv\u00e9e sur le th\u00e9\u00e2tre de l\u2019attentat, la police a \u00e9tabli un p\u00e9rim\u00e8tre de s\u00e9curit\u00e9 et, comme le 2 Juillet dernier, relev\u00e9 des indices n\u00e9cessaires \u00e0 l\u2019enqu\u00eate qui va \u00eatre ouverte.<\/p>\n<p>Dans un arr\u00eat\u00e9 sign\u00e9 ce jour, le pr\u00e9fet du d\u00e9partement du Mfoundi a pris une s\u00e9rie de mesures de s\u00e9curit\u00e9. Emmanuel Mariel Djikdent interdit le d\u00e9p\u00f4t et\/ou l\u2019abandon des colis (sacs, paquets, emballages plastiques) dans tous les lieux publics et milieux ouverts au public. Le chef de terre instaure la fouille obligatoire de tout colis ou sac jug\u00e9 suspect principalement les \u00ab plastics noirs \u00bb. La d\u00e9tention des \u00e9crous, billes, boulons, morceaux de fer doit \u00eatre justifi\u00e9e au risque de les voir consid\u00e9r\u00e9s, \u00e9crit le pr\u00e9fet, comme un \u00ab pr\u00e9paratif dangereux \u00bb.<\/p>\n<p><strong>Pour plus d&rsquo;informations et d&rsquo;analyses sur la <a href=\"https:\/\/www.africa-press.net\/cameroun\">Cameroun<\/a>, suivez <a href=\"https:\/\/www.africa-press.net\/\">Africa-Press<\/a><\/strong><\/p>\n","protected":false},"excerpt":{"rendered":"<p>Africa-Press &#8211; Cameroun. 10 jours apr\u00e8s, le march\u00e9 Mokolo enregistre une explosion. Ce mardi 12 juillet 2022 \u00e0 13 heures une d\u00e9tonation a \u00e9t\u00e9 entendue pr\u00e8s du lieu dit Sapeurs Mokolo. Un bruit inhabituel a mis en \u00e9bullition l\u2019espace marchand. C\u2019est un sachet de plastique noir renfermant des boulons qui a explos\u00e9. Des personnes se [&hellip;]<\/p>\n","protected":false},"author":82,"featured_media":23428,"comment_status":"open","ping_status":"closed","sticky":false,"template":"","format":"standard","meta":{"footnotes":""},"categories":[21,11,10],"tags":[36,50,49],"class_list":["post-23429","post","type-post","status-publish","format-standard","has-post-thumbnail","hentry","category-communaute","category-homepage-french","category-toutes-les-actualites","tag-africa-press","tag-africa-press-cameroun","tag-cameroun"],"yoast_head":"<!-- This site is optimized with the Yoast SEO Premium plugin v26.1 (Yoast SEO v27.0) - https:\/\/yoast.com\/product\/yoast-seo-premium-wordpress\/ -->\n<title>Terrorisme: Le march\u00e9 Mokolo essuie un nouvel attentat \u00e0 la bombe artisanale - Cameroun<\/title>\n<meta name=\"description\" content=\"10 jours apr\u00e8s, le march\u00e9 Mokolo enregistre une explosion. Ce mardi 12 juillet 2022 \u00e0 13 heures une d\u00e9tonation a \u00e9t\u00e9 ent ...\" \/>\n<meta name=\"robots\" content=\"index, follow, max-snippet:-1, max-image-preview:large, max-video-preview:-1\" \/>\n<link rel=\"canonical\" href=\"https:\/\/www.africa-press.net\/cameroun\/toutes-les-actualites\/terrorisme-le-marche-mokolo-essuie-un-nouvel-attentat-a-la-bombe-artisanale\" \/>\n<meta property=\"og:locale\" content=\"fr_FR\" \/>\n<meta property=\"og:type\" content=\"article\" \/>\n<meta property=\"og:title\" content=\"Terrorisme: Le march\u00e9 Mokolo essuie un nouvel attentat \u00e0 la bombe artisanale\" \/>\n<meta property=\"og:description\" content=\"10 jours apr\u00e8s, le march\u00e9 Mokolo enregistre une explosion. Ce mardi 12 juillet 2022 \u00e0 13 heures une d\u00e9tonation a \u00e9t\u00e9 ent ...\" \/>\n<meta property=\"og:url\" content=\"https:\/\/www.africa-press.net\/cameroun\/toutes-les-actualites\/terrorisme-le-marche-mokolo-essuie-un-nouvel-attentat-a-la-bombe-artisanale\" \/>\n<meta property=\"og:site_name\" content=\"Cameroun\" \/>\n<meta property=\"article:published_time\" content=\"2022-07-13T14:29:15+00:00\" \/>\n<meta property=\"article:modified_time\" content=\"2022-07-13T17:06:26+00:00\" \/>\n<meta property=\"og:image\" content=\"https:\/\/static.africa-press.net\/cameroun\/sites\/57\/2022\/07\/img-62cefb7e070cf.jpg\" \/>\n\t<meta property=\"og:image:width\" content=\"800\" \/>\n\t<meta property=\"og:image:height\" content=\"586\" \/>\n\t<meta property=\"og:image:type\" content=\"image\/jpeg\" \/>\n<meta name=\"author\" content=\"cfeditorfr\" \/>\n<meta name=\"twitter:card\" content=\"summary_large_image\" \/>\n<meta name=\"twitter:label1\" content=\"\u00c9crit par\" \/>\n\t<meta name=\"twitter:data1\" content=\"cfeditorfr\" \/>\n\t<meta name=\"twitter:label2\" content=\"Dur\u00e9e de lecture estim\u00e9e\" \/>\n\t<meta name=\"twitter:data2\" content=\"2 minutes\" \/>\n<script type=\"application\/ld+json\" class=\"yoast-schema-graph\">{\"@context\":\"https:\/\/schema.org\",\"@graph\":[{\"@type\":\"Article\",\"@id\":\"https:\/\/www.africa-press.net\/cameroun\/toutes-les-actualites\/terrorisme-le-marche-mokolo-essuie-un-nouvel-attentat-a-la-bombe-artisanale#article\",\"isPartOf\":{\"@id\":\"https:\/\/www.africa-press.net\/cameroun\/toutes-les-actualites\/terrorisme-le-marche-mokolo-essuie-un-nouvel-attentat-a-la-bombe-artisanale\"},\"author\":{\"name\":\"cfeditorfr\",\"@id\":\"https:\/\/www.africa-press.net\/cameroun\/#\/schema\/person\/2b1cf3cd81a31e3cd26889ca66d677f1\"},\"headline\":\"Terrorisme: Le march\u00e9 Mokolo essuie un nouvel attentat \u00e0 la bombe artisanale\",\"datePublished\":\"2022-07-13T14:29:15+00:00\",\"dateModified\":\"2022-07-13T17:06:26+00:00\",\"mainEntityOfPage\":{\"@id\":\"https:\/\/www.africa-press.net\/cameroun\/toutes-les-actualites\/terrorisme-le-marche-mokolo-essuie-un-nouvel-attentat-a-la-bombe-artisanale\"},\"wordCount\":376,\"commentCount\":0,\"image\":{\"@id\":\"https:\/\/www.africa-press.net\/cameroun\/toutes-les-actualites\/terrorisme-le-marche-mokolo-essuie-un-nouvel-attentat-a-la-bombe-artisanale#primaryimage\"},\"thumbnailUrl\":\"https:\/\/static.africa-press.net\/cameroun\/sites\/57\/2022\/07\/img-62cefb7e070cf.jpg\",\"keywords\":[\"Africa Press\",\"Africa Press-Cameroun\",\"Cameroun\"],\"articleSection\":[\"Communaut\u00e9\",\"homepage-french\",\"Toutes les actualit\u00e9s\"],\"inLanguage\":\"fr-FR\",\"potentialAction\":[{\"@type\":\"CommentAction\",\"name\":\"Comment\",\"target\":[\"https:\/\/www.africa-press.net\/cameroun\/toutes-les-actualites\/terrorisme-le-marche-mokolo-essuie-un-nouvel-attentat-a-la-bombe-artisanale#respond\"]}]},{\"@type\":\"WebPage\",\"@id\":\"https:\/\/www.africa-press.net\/cameroun\/toutes-les-actualites\/terrorisme-le-marche-mokolo-essuie-un-nouvel-attentat-a-la-bombe-artisanale\",\"url\":\"https:\/\/www.africa-press.net\/cameroun\/toutes-les-actualites\/terrorisme-le-marche-mokolo-essuie-un-nouvel-attentat-a-la-bombe-artisanale\",\"name\":\"Terrorisme: Le march\u00e9 Mokolo essuie un nouvel attentat \u00e0 la bombe artisanale - Cameroun\",\"isPartOf\":{\"@id\":\"https:\/\/www.africa-press.net\/cameroun\/#website\"},\"primaryImageOfPage\":{\"@id\":\"https:\/\/www.africa-press.net\/cameroun\/toutes-les-actualites\/terrorisme-le-marche-mokolo-essuie-un-nouvel-attentat-a-la-bombe-artisanale#primaryimage\"},\"image\":{\"@id\":\"https:\/\/www.africa-press.net\/cameroun\/toutes-les-actualites\/terrorisme-le-marche-mokolo-essuie-un-nouvel-attentat-a-la-bombe-artisanale#primaryimage\"},\"thumbnailUrl\":\"https:\/\/static.africa-press.net\/cameroun\/sites\/57\/2022\/07\/img-62cefb7e070cf.jpg\",\"datePublished\":\"2022-07-13T14:29:15+00:00\",\"dateModified\":\"2022-07-13T17:06:26+00:00\",\"author\":{\"@id\":\"https:\/\/www.africa-press.net\/cameroun\/#\/schema\/person\/2b1cf3cd81a31e3cd26889ca66d677f1\"},\"description\":\"10 jours apr\u00e8s, le march\u00e9 Mokolo enregistre une explosion. Ce mardi 12 juillet 2022 \u00e0 13 heures une d\u00e9tonation a \u00e9t\u00e9 ent ...\",\"breadcrumb\":{\"@id\":\"https:\/\/www.africa-press.net\/cameroun\/toutes-les-actualites\/terrorisme-le-marche-mokolo-essuie-un-nouvel-attentat-a-la-bombe-artisanale#breadcrumb\"},\"inLanguage\":\"fr-FR\",\"potentialAction\":[{\"@type\":\"ReadAction\",\"target\":[\"https:\/\/www.africa-press.net\/cameroun\/toutes-les-actualites\/terrorisme-le-marche-mokolo-essuie-un-nouvel-attentat-a-la-bombe-artisanale\"]}]},{\"@type\":\"ImageObject\",\"inLanguage\":\"fr-FR\",\"@id\":\"https:\/\/www.africa-press.net\/cameroun\/toutes-les-actualites\/terrorisme-le-marche-mokolo-essuie-un-nouvel-attentat-a-la-bombe-artisanale#primaryimage\",\"url\":\"https:\/\/static.africa-press.net\/cameroun\/sites\/57\/2022\/07\/img-62cefb7e070cf.jpg\",\"contentUrl\":\"https:\/\/static.africa-press.net\/cameroun\/sites\/57\/2022\/07\/img-62cefb7e070cf.jpg\",\"width\":800,\"height\":586,\"caption\":\"Terrorisme: Le march\u00e9 Mokolo essuie un nouvel attentat \u00e0 la bombe artisanale\"},{\"@type\":\"BreadcrumbList\",\"@id\":\"https:\/\/www.africa-press.net\/cameroun\/toutes-les-actualites\/terrorisme-le-marche-mokolo-essuie-un-nouvel-attentat-a-la-bombe-artisanale#breadcrumb\",\"itemListElement\":[{\"@type\":\"ListItem\",\"position\":1,\"name\":\"Accueil\",\"item\":\"https:\/\/www.africa-press.net\/cameroun\/\"},{\"@type\":\"ListItem\",\"position\":2,\"name\":\"Terrorisme: Le march\u00e9 Mokolo essuie un nouvel attentat \u00e0 la bombe artisanale\"}]},{\"@type\":\"WebSite\",\"@id\":\"https:\/\/www.africa-press.net\/cameroun\/#website\",\"url\":\"https:\/\/www.africa-press.net\/cameroun\/\",\"name\":\"Cameroun\",\"description\":\"Just another Africa News Agency Sites site\",\"potentialAction\":[{\"@type\":\"SearchAction\",\"target\":{\"@type\":\"EntryPoint\",\"urlTemplate\":\"https:\/\/www.africa-press.net\/cameroun\/?s={search_term_string}\"},\"query-input\":{\"@type\":\"PropertyValueSpecification\",\"valueRequired\":true,\"valueName\":\"search_term_string\"}}],\"inLanguage\":\"fr-FR\"},{\"@type\":\"Person\",\"@id\":\"https:\/\/www.africa-press.net\/cameroun\/#\/schema\/person\/2b1cf3cd81a31e3cd26889ca66d677f1\",\"name\":\"cfeditorfr\"}]}<\/script>\n<!-- \/ Yoast SEO Premium plugin. -->","yoast_head_json":{"title":"Terrorisme: Le march\u00e9 Mokolo essuie un nouvel attentat \u00e0 la bombe artisanale - Cameroun","description":"10 jours apr\u00e8s, le march\u00e9 Mokolo enregistre une explosion. Ce mardi 12 juillet 2022 \u00e0 13 heures une d\u00e9tonation a \u00e9t\u00e9 ent ...","robots":{"index":"index","follow":"follow","max-snippet":"max-snippet:-1","max-image-preview":"max-image-preview:large","max-video-preview":"max-video-preview:-1"},"canonical":"https:\/\/www.africa-press.net\/cameroun\/toutes-les-actualites\/terrorisme-le-marche-mokolo-essuie-un-nouvel-attentat-a-la-bombe-artisanale","og_locale":"fr_FR","og_type":"article","og_title":"Terrorisme: Le march\u00e9 Mokolo essuie un nouvel attentat \u00e0 la bombe artisanale","og_description":"10 jours apr\u00e8s, le march\u00e9 Mokolo enregistre une explosion. Ce mardi 12 juillet 2022 \u00e0 13 heures une d\u00e9tonation a \u00e9t\u00e9 ent ...","og_url":"https:\/\/www.africa-press.net\/cameroun\/toutes-les-actualites\/terrorisme-le-marche-mokolo-essuie-un-nouvel-attentat-a-la-bombe-artisanale","og_site_name":"Cameroun","article_published_time":"2022-07-13T14:29:15+00:00","article_modified_time":"2022-07-13T17:06:26+00:00","og_image":[{"width":800,"height":586,"url":"https:\/\/static.africa-press.net\/cameroun\/sites\/57\/2022\/07\/img-62cefb7e070cf.jpg","type":"image\/jpeg"}],"author":"cfeditorfr","twitter_card":"summary_large_image","twitter_misc":{"\u00c9crit par":"cfeditorfr","Dur\u00e9e de lecture estim\u00e9e":"2 minutes"},"schema":{"@context":"https:\/\/schema.org","@graph":[{"@type":"Article","@id":"https:\/\/www.africa-press.net\/cameroun\/toutes-les-actualites\/terrorisme-le-marche-mokolo-essuie-un-nouvel-attentat-a-la-bombe-artisanale#article","isPartOf":{"@id":"https:\/\/www.africa-press.net\/cameroun\/toutes-les-actualites\/terrorisme-le-marche-mokolo-essuie-un-nouvel-attentat-a-la-bombe-artisanale"},"author":{"name":"cfeditorfr","@id":"https:\/\/www.africa-press.net\/cameroun\/#\/schema\/person\/2b1cf3cd81a31e3cd26889ca66d677f1"},"headline":"Terrorisme: Le march\u00e9 Mokolo essuie un nouvel attentat \u00e0 la bombe artisanale","datePublished":"2022-07-13T14:29:15+00:00","dateModified":"2022-07-13T17:06:26+00:00","mainEntityOfPage":{"@id":"https:\/\/www.africa-press.net\/cameroun\/toutes-les-actualites\/terrorisme-le-marche-mokolo-essuie-un-nouvel-attentat-a-la-bombe-artisanale"},"wordCount":376,"commentCount":0,"image":{"@id":"https:\/\/www.africa-press.net\/cameroun\/toutes-les-actualites\/terrorisme-le-marche-mokolo-essuie-un-nouvel-attentat-a-la-bombe-artisanale#primaryimage"},"thumbnailUrl":"https:\/\/static.africa-press.net\/cameroun\/sites\/57\/2022\/07\/img-62cefb7e070cf.jpg","keywords":["Africa Press","Africa Press-Cameroun","Cameroun"],"articleSection":["Communaut\u00e9","homepage-french","Toutes les actualit\u00e9s"],"inLanguage":"fr-FR","potentialAction":[{"@type":"CommentAction","name":"Comment","target":["https:\/\/www.africa-press.net\/cameroun\/toutes-les-actualites\/terrorisme-le-marche-mokolo-essuie-un-nouvel-attentat-a-la-bombe-artisanale#respond"]}]},{"@type":"WebPage","@id":"https:\/\/www.africa-press.net\/cameroun\/toutes-les-actualites\/terrorisme-le-marche-mokolo-essuie-un-nouvel-attentat-a-la-bombe-artisanale","url":"https:\/\/www.africa-press.net\/cameroun\/toutes-les-actualites\/terrorisme-le-marche-mokolo-essuie-un-nouvel-attentat-a-la-bombe-artisanale","name":"Terrorisme: Le march\u00e9 Mokolo essuie un nouvel attentat \u00e0 la bombe artisanale - Cameroun","isPartOf":{"@id":"https:\/\/www.africa-press.net\/cameroun\/#website"},"primaryImageOfPage":{"@id":"https:\/\/www.africa-press.net\/cameroun\/toutes-les-actualites\/terrorisme-le-marche-mokolo-essuie-un-nouvel-attentat-a-la-bombe-artisanale#primaryimage"},"image":{"@id":"https:\/\/www.africa-press.net\/cameroun\/toutes-les-actualites\/terrorisme-le-marche-mokolo-essuie-un-nouvel-attentat-a-la-bombe-artisanale#primaryimage"},"thumbnailUrl":"https:\/\/static.africa-press.net\/cameroun\/sites\/57\/2022\/07\/img-62cefb7e070cf.jpg","datePublished":"2022-07-13T14:29:15+00:00","dateModified":"2022-07-13T17:06:26+00:00","author":{"@id":"https:\/\/www.africa-press.net\/cameroun\/#\/schema\/person\/2b1cf3cd81a31e3cd26889ca66d677f1"},"description":"10 jours apr\u00e8s, le march\u00e9 Mokolo enregistre une explosion. Ce mardi 12 juillet 2022 \u00e0 13 heures une d\u00e9tonation a \u00e9t\u00e9 ent ...","breadcrumb":{"@id":"https:\/\/www.africa-press.net\/cameroun\/toutes-les-actualites\/terrorisme-le-marche-mokolo-essuie-un-nouvel-attentat-a-la-bombe-artisanale#breadcrumb"},"inLanguage":"fr-FR","potentialAction":[{"@type":"ReadAction","target":["https:\/\/www.africa-press.net\/cameroun\/toutes-les-actualites\/terrorisme-le-marche-mokolo-essuie-un-nouvel-attentat-a-la-bombe-artisanale"]}]},{"@type":"ImageObject","inLanguage":"fr-FR","@id":"https:\/\/www.africa-press.net\/cameroun\/toutes-les-actualites\/terrorisme-le-marche-mokolo-essuie-un-nouvel-attentat-a-la-bombe-artisanale#primaryimage","url":"https:\/\/static.africa-press.net\/cameroun\/sites\/57\/2022\/07\/img-62cefb7e070cf.jpg","contentUrl":"https:\/\/static.africa-press.net\/cameroun\/sites\/57\/2022\/07\/img-62cefb7e070cf.jpg","width":800,"height":586,"caption":"Terrorisme: Le march\u00e9 Mokolo essuie un nouvel attentat \u00e0 la bombe artisanale"},{"@type":"BreadcrumbList","@id":"https:\/\/www.africa-press.net\/cameroun\/toutes-les-actualites\/terrorisme-le-marche-mokolo-essuie-un-nouvel-attentat-a-la-bombe-artisanale#breadcrumb","itemListElement":[{"@type":"ListItem","position":1,"name":"Accueil","item":"https:\/\/www.africa-press.net\/cameroun\/"},{"@type":"ListItem","position":2,"name":"Terrorisme: Le march\u00e9 Mokolo essuie un nouvel attentat \u00e0 la bombe artisanale"}]},{"@type":"WebSite","@id":"https:\/\/www.africa-press.net\/cameroun\/#website","url":"https:\/\/www.africa-press.net\/cameroun\/","name":"Cameroun","description":"Just another Africa News Agency Sites site","potentialAction":[{"@type":"SearchAction","target":{"@type":"EntryPoint","urlTemplate":"https:\/\/www.africa-press.net\/cameroun\/?s={search_term_string}"},"query-input":{"@type":"PropertyValueSpecification","valueRequired":true,"valueName":"search_term_string"}}],"inLanguage":"fr-FR"},{"@type":"Person","@id":"https:\/\/www.africa-press.net\/cameroun\/#\/schema\/person\/2b1cf3cd81a31e3cd26889ca66d677f1","name":"cfeditorfr"}]}},"_links":{"self":[{"href":"https:\/\/www.africa-press.net\/cameroun\/wp-json\/wp\/v2\/posts\/23429","targetHints":{"allow":["GET"]}}],"collection":[{"href":"https:\/\/www.africa-press.net\/cameroun\/wp-json\/wp\/v2\/posts"}],"about":[{"href":"https:\/\/www.africa-press.net\/cameroun\/wp-json\/wp\/v2\/types\/post"}],"author":[{"embeddable":true,"href":"https:\/\/www.africa-press.net\/cameroun\/wp-json\/wp\/v2\/users\/82"}],"replies":[{"embeddable":true,"href":"https:\/\/www.africa-press.net\/cameroun\/wp-json\/wp\/v2\/comments?post=23429"}],"version-history":[{"count":0,"href":"https:\/\/www.africa-press.net\/cameroun\/wp-json\/wp\/v2\/posts\/23429\/revisions"}],"wp:featuredmedia":[{"embeddable":true,"href":"https:\/\/www.africa-press.net\/cameroun\/wp-json\/wp\/v2\/media\/23428"}],"wp:attachment":[{"href":"https:\/\/www.africa-press.net\/cameroun\/wp-json\/wp\/v2\/media?parent=23429"}],"wp:term":[{"taxonomy":"category","embeddable":true,"href":"https:\/\/www.africa-press.net\/cameroun\/wp-json\/wp\/v2\/categories?post=23429"},{"taxonomy":"post_tag","embeddable":true,"href":"https:\/\/www.africa-press.net\/cameroun\/wp-json\/wp\/v2\/tags?post=23429"}],"curies":[{"name":"wp","href":"https:\/\/api.w.org\/{rel}","templated":true}]}}