{"id":23432,"date":"2022-07-13T14:36:45","date_gmt":"2022-07-13T14:36:45","guid":{"rendered":"https:\/\/www.africa-press.net\/cameroun\/politique\/basketball-joel-embiid-devient-officiellement-francais"},"modified":"2022-07-13T17:06:56","modified_gmt":"2022-07-13T17:06:56","slug":"basketball-joel-embiid-devient-officiellement-francais","status":"publish","type":"post","link":"https:\/\/www.africa-press.net\/cameroun\/sports\/basketball-joel-embiid-devient-officiellement-francais","title":{"rendered":"Basketball\u00a0: Jo\u00ebl Embiid devient officiellement Fran\u00e7ais\u00a0!"},"content":{"rendered":"<p><span style=\"color: #ff6600\"><strong>Africa-Press &#8211; Cameroun. <\/strong><\/span>C\u2019en est termin\u00e9 avec le Cameroun. Jo\u00ebl Embiid, natif camerounais et pivot des Philadelphie Sixers, une \u00e9quipe de National Basketball League (NBA) ne jouera donc jamais avec son pays d\u2019origine. Il vient d\u2019acqu\u00e9rir la nationalit\u00e9 fran\u00e7aise, \u00e0 en croire le site d\u2019informations de la radio RMCSports, ce m\u00eame media qui avait annonc\u00e9 au mois de mai que le basketteur de 28 ans avait entam\u00e9 des d\u00e9marches pour devenir citoyen fran\u00e7ais.<\/p>\n<p><b>\u00ab Le basketteur camerounais Joel Embiid a obtenu la nationalit\u00e9 fran\u00e7aise, selon un d\u00e9cret du 4 juillet publi\u00e9 dans le Journal officiel, ce qui ouvre la voie \u00e0 sa possible int\u00e9gration en \u00e9quipe de France dans la perspective des Jeux olympiques 2024 de Paris<\/b><\/p>\n<p>\u00bb, renseigne l\u2019article.<\/p>\n<p>Le contenu du d\u00e9cret sus-\u00e9voqu\u00e9 pr\u00e9voit que parmi les personnes qui \u00ab sont naturalis\u00e9s Fran\u00e7ais, r\u00e9int\u00e9gr\u00e9s dans la nationalit\u00e9 fran\u00e7aise et saisis par l\u2019effet collectif attach\u00e9 \u00e0 l\u2019acquisition de la nationalit\u00e9 fran\u00e7aise par leurs parents \u00bb, figure Embiid (Jo\u00ebl, Hans), n\u00e9 le 16\/03\/1994 \u00e0 Yaound\u00e9 (Cameroun). Tout laisse croire qu\u2019Embiid, aurait acquis la citoyennet\u00e9 fran\u00e7aise de par ses parents, qui seraient eux aussi d\u00e9j\u00e0 naturalis\u00e9s.<\/p>\n<p>Il faut rappeler que Jo\u00ebl Embiid vise en effet l\u2019\u00e9quipe France et a toujours manifest\u00e9 son penchant pour ce pays, sans totalement l\u2019assum\u00e9. En 2016 d\u00e9j\u00e0, il en avait exprim\u00e9 l\u2019envie, et dans la foul\u00e9e, un autre Camerounais naturalis\u00e9 Fran\u00e7ais, Nicolas Batum, le pistonnait pour son enr\u00f4lement avec la France.<\/p>\n<p><strong>Pour plus d&rsquo;informations et d&rsquo;analyses sur la <a href=\"https:\/\/www.africa-press.net\/cameroun\">Cameroun<\/a>, suivez <a href=\"https:\/\/www.africa-press.net\/\">Africa-Press<\/a><\/strong><\/p>\n","protected":false},"excerpt":{"rendered":"<p>Africa-Press &#8211; Cameroun. C\u2019en est termin\u00e9 avec le Cameroun. Jo\u00ebl Embiid, natif camerounais et pivot des Philadelphie Sixers, une \u00e9quipe de National Basketball League (NBA) ne jouera donc jamais avec son pays d\u2019origine. Il vient d\u2019acqu\u00e9rir la nationalit\u00e9 fran\u00e7aise, \u00e0 en croire le site d\u2019informations de la radio RMCSports, ce m\u00eame media qui avait annonc\u00e9 [&hellip;]<\/p>\n","protected":false},"author":82,"featured_media":23431,"comment_status":"open","ping_status":"closed","sticky":false,"template":"","format":"standard","meta":{"footnotes":""},"categories":[11,6,20,10],"tags":[36,50,49],"class_list":["post-23432","post","type-post","status-publish","format-standard","has-post-thumbnail","hentry","category-homepage-french","category-sports","category-top-nouvelles","category-toutes-les-actualites","tag-africa-press","tag-africa-press-cameroun","tag-cameroun"],"yoast_head":"<!-- This site is optimized with the Yoast SEO Premium plugin v26.1 (Yoast SEO v27.0) - https:\/\/yoast.com\/product\/yoast-seo-premium-wordpress\/ -->\n<title>Basketball\u00a0: Jo\u00ebl Embiid devient officiellement Fran\u00e7ais\u00a0! - Cameroun<\/title>\n<meta name=\"description\" content=\"C\u2019en est termin\u00e9 avec le Cameroun. Jo\u00ebl Embiid, natif camerounais et pivot des Philadelphie Sixers, une \u00e9quipe de Nation ...\" \/>\n<meta name=\"robots\" content=\"index, follow, max-snippet:-1, max-image-preview:large, max-video-preview:-1\" \/>\n<link rel=\"canonical\" href=\"https:\/\/www.africa-press.net\/cameroun\/sports\/basketball-joel-embiid-devient-officiellement-francais\" \/>\n<meta property=\"og:locale\" content=\"fr_FR\" \/>\n<meta property=\"og:type\" content=\"article\" \/>\n<meta property=\"og:title\" content=\"Basketball\u00a0: Jo\u00ebl Embiid devient officiellement Fran\u00e7ais\u00a0!\" \/>\n<meta property=\"og:description\" content=\"C\u2019en est termin\u00e9 avec le Cameroun. Jo\u00ebl Embiid, natif camerounais et pivot des Philadelphie Sixers, une \u00e9quipe de Nation ...\" \/>\n<meta property=\"og:url\" content=\"https:\/\/www.africa-press.net\/cameroun\/sports\/basketball-joel-embiid-devient-officiellement-francais\" \/>\n<meta property=\"og:site_name\" content=\"Cameroun\" \/>\n<meta property=\"article:published_time\" content=\"2022-07-13T14:36:45+00:00\" \/>\n<meta property=\"article:modified_time\" content=\"2022-07-13T17:06:56+00:00\" \/>\n<meta property=\"og:image\" content=\"https:\/\/static.africa-press.net\/cameroun\/sites\/57\/2022\/07\/img-62cefb9c3bebf.jpg\" \/>\n\t<meta property=\"og:image:width\" content=\"800\" \/>\n\t<meta property=\"og:image:height\" content=\"480\" \/>\n\t<meta property=\"og:image:type\" content=\"image\/jpeg\" \/>\n<meta name=\"author\" content=\"cfeditorfr\" \/>\n<meta name=\"twitter:card\" content=\"summary_large_image\" \/>\n<meta name=\"twitter:label1\" content=\"\u00c9crit par\" \/>\n\t<meta name=\"twitter:data1\" content=\"cfeditorfr\" \/>\n\t<meta name=\"twitter:label2\" content=\"Dur\u00e9e de lecture estim\u00e9e\" \/>\n\t<meta name=\"twitter:data2\" content=\"1 minute\" \/>\n<script type=\"application\/ld+json\" class=\"yoast-schema-graph\">{\"@context\":\"https:\/\/schema.org\",\"@graph\":[{\"@type\":\"Article\",\"@id\":\"https:\/\/www.africa-press.net\/cameroun\/sports\/basketball-joel-embiid-devient-officiellement-francais#article\",\"isPartOf\":{\"@id\":\"https:\/\/www.africa-press.net\/cameroun\/sports\/basketball-joel-embiid-devient-officiellement-francais\"},\"author\":{\"name\":\"cfeditorfr\",\"@id\":\"https:\/\/www.africa-press.net\/cameroun\/#\/schema\/person\/2b1cf3cd81a31e3cd26889ca66d677f1\"},\"headline\":\"Basketball\u00a0: Jo\u00ebl Embiid devient officiellement Fran\u00e7ais\u00a0!\",\"datePublished\":\"2022-07-13T14:36:45+00:00\",\"dateModified\":\"2022-07-13T17:06:56+00:00\",\"mainEntityOfPage\":{\"@id\":\"https:\/\/www.africa-press.net\/cameroun\/sports\/basketball-joel-embiid-devient-officiellement-francais\"},\"wordCount\":281,\"commentCount\":0,\"image\":{\"@id\":\"https:\/\/www.africa-press.net\/cameroun\/sports\/basketball-joel-embiid-devient-officiellement-francais#primaryimage\"},\"thumbnailUrl\":\"https:\/\/static.africa-press.net\/cameroun\/sites\/57\/2022\/07\/img-62cefb9c3bebf.jpg\",\"keywords\":[\"Africa Press\",\"Africa Press-Cameroun\",\"Cameroun\"],\"articleSection\":[\"homepage-french\",\"Sports\",\"Top Nouvelles\",\"Toutes les actualit\u00e9s\"],\"inLanguage\":\"fr-FR\",\"potentialAction\":[{\"@type\":\"CommentAction\",\"name\":\"Comment\",\"target\":[\"https:\/\/www.africa-press.net\/cameroun\/sports\/basketball-joel-embiid-devient-officiellement-francais#respond\"]}]},{\"@type\":\"WebPage\",\"@id\":\"https:\/\/www.africa-press.net\/cameroun\/sports\/basketball-joel-embiid-devient-officiellement-francais\",\"url\":\"https:\/\/www.africa-press.net\/cameroun\/sports\/basketball-joel-embiid-devient-officiellement-francais\",\"name\":\"Basketball\u00a0: Jo\u00ebl Embiid devient officiellement Fran\u00e7ais\u00a0! - Cameroun\",\"isPartOf\":{\"@id\":\"https:\/\/www.africa-press.net\/cameroun\/#website\"},\"primaryImageOfPage\":{\"@id\":\"https:\/\/www.africa-press.net\/cameroun\/sports\/basketball-joel-embiid-devient-officiellement-francais#primaryimage\"},\"image\":{\"@id\":\"https:\/\/www.africa-press.net\/cameroun\/sports\/basketball-joel-embiid-devient-officiellement-francais#primaryimage\"},\"thumbnailUrl\":\"https:\/\/static.africa-press.net\/cameroun\/sites\/57\/2022\/07\/img-62cefb9c3bebf.jpg\",\"datePublished\":\"2022-07-13T14:36:45+00:00\",\"dateModified\":\"2022-07-13T17:06:56+00:00\",\"author\":{\"@id\":\"https:\/\/www.africa-press.net\/cameroun\/#\/schema\/person\/2b1cf3cd81a31e3cd26889ca66d677f1\"},\"description\":\"C\u2019en est termin\u00e9 avec le Cameroun. Jo\u00ebl Embiid, natif camerounais et pivot des Philadelphie Sixers, une \u00e9quipe de Nation ...\",\"breadcrumb\":{\"@id\":\"https:\/\/www.africa-press.net\/cameroun\/sports\/basketball-joel-embiid-devient-officiellement-francais#breadcrumb\"},\"inLanguage\":\"fr-FR\",\"potentialAction\":[{\"@type\":\"ReadAction\",\"target\":[\"https:\/\/www.africa-press.net\/cameroun\/sports\/basketball-joel-embiid-devient-officiellement-francais\"]}]},{\"@type\":\"ImageObject\",\"inLanguage\":\"fr-FR\",\"@id\":\"https:\/\/www.africa-press.net\/cameroun\/sports\/basketball-joel-embiid-devient-officiellement-francais#primaryimage\",\"url\":\"https:\/\/static.africa-press.net\/cameroun\/sites\/57\/2022\/07\/img-62cefb9c3bebf.jpg\",\"contentUrl\":\"https:\/\/static.africa-press.net\/cameroun\/sites\/57\/2022\/07\/img-62cefb9c3bebf.jpg\",\"width\":800,\"height\":480,\"caption\":\"Basketball\u00a0: Jo\u00ebl Embiid devient officiellement Fran\u00e7ais\u00a0!\"},{\"@type\":\"BreadcrumbList\",\"@id\":\"https:\/\/www.africa-press.net\/cameroun\/sports\/basketball-joel-embiid-devient-officiellement-francais#breadcrumb\",\"itemListElement\":[{\"@type\":\"ListItem\",\"position\":1,\"name\":\"Accueil\",\"item\":\"https:\/\/www.africa-press.net\/cameroun\/\"},{\"@type\":\"ListItem\",\"position\":2,\"name\":\"Basketball\u00a0: Jo\u00ebl Embiid devient officiellement Fran\u00e7ais\u00a0!\"}]},{\"@type\":\"WebSite\",\"@id\":\"https:\/\/www.africa-press.net\/cameroun\/#website\",\"url\":\"https:\/\/www.africa-press.net\/cameroun\/\",\"name\":\"Cameroun\",\"description\":\"Just another Africa News Agency Sites site\",\"potentialAction\":[{\"@type\":\"SearchAction\",\"target\":{\"@type\":\"EntryPoint\",\"urlTemplate\":\"https:\/\/www.africa-press.net\/cameroun\/?s={search_term_string}\"},\"query-input\":{\"@type\":\"PropertyValueSpecification\",\"valueRequired\":true,\"valueName\":\"search_term_string\"}}],\"inLanguage\":\"fr-FR\"},{\"@type\":\"Person\",\"@id\":\"https:\/\/www.africa-press.net\/cameroun\/#\/schema\/person\/2b1cf3cd81a31e3cd26889ca66d677f1\",\"name\":\"cfeditorfr\"}]}<\/script>\n<!-- \/ Yoast SEO Premium plugin. -->","yoast_head_json":{"title":"Basketball\u00a0: Jo\u00ebl Embiid devient officiellement Fran\u00e7ais\u00a0! - Cameroun","description":"C\u2019en est termin\u00e9 avec le Cameroun. Jo\u00ebl Embiid, natif camerounais et pivot des Philadelphie Sixers, une \u00e9quipe de Nation ...","robots":{"index":"index","follow":"follow","max-snippet":"max-snippet:-1","max-image-preview":"max-image-preview:large","max-video-preview":"max-video-preview:-1"},"canonical":"https:\/\/www.africa-press.net\/cameroun\/sports\/basketball-joel-embiid-devient-officiellement-francais","og_locale":"fr_FR","og_type":"article","og_title":"Basketball\u00a0: Jo\u00ebl Embiid devient officiellement Fran\u00e7ais\u00a0!","og_description":"C\u2019en est termin\u00e9 avec le Cameroun. Jo\u00ebl Embiid, natif camerounais et pivot des Philadelphie Sixers, une \u00e9quipe de Nation ...","og_url":"https:\/\/www.africa-press.net\/cameroun\/sports\/basketball-joel-embiid-devient-officiellement-francais","og_site_name":"Cameroun","article_published_time":"2022-07-13T14:36:45+00:00","article_modified_time":"2022-07-13T17:06:56+00:00","og_image":[{"width":800,"height":480,"url":"https:\/\/static.africa-press.net\/cameroun\/sites\/57\/2022\/07\/img-62cefb9c3bebf.jpg","type":"image\/jpeg"}],"author":"cfeditorfr","twitter_card":"summary_large_image","twitter_misc":{"\u00c9crit par":"cfeditorfr","Dur\u00e9e de lecture estim\u00e9e":"1 minute"},"schema":{"@context":"https:\/\/schema.org","@graph":[{"@type":"Article","@id":"https:\/\/www.africa-press.net\/cameroun\/sports\/basketball-joel-embiid-devient-officiellement-francais#article","isPartOf":{"@id":"https:\/\/www.africa-press.net\/cameroun\/sports\/basketball-joel-embiid-devient-officiellement-francais"},"author":{"name":"cfeditorfr","@id":"https:\/\/www.africa-press.net\/cameroun\/#\/schema\/person\/2b1cf3cd81a31e3cd26889ca66d677f1"},"headline":"Basketball\u00a0: Jo\u00ebl Embiid devient officiellement Fran\u00e7ais\u00a0!","datePublished":"2022-07-13T14:36:45+00:00","dateModified":"2022-07-13T17:06:56+00:00","mainEntityOfPage":{"@id":"https:\/\/www.africa-press.net\/cameroun\/sports\/basketball-joel-embiid-devient-officiellement-francais"},"wordCount":281,"commentCount":0,"image":{"@id":"https:\/\/www.africa-press.net\/cameroun\/sports\/basketball-joel-embiid-devient-officiellement-francais#primaryimage"},"thumbnailUrl":"https:\/\/static.africa-press.net\/cameroun\/sites\/57\/2022\/07\/img-62cefb9c3bebf.jpg","keywords":["Africa Press","Africa Press-Cameroun","Cameroun"],"articleSection":["homepage-french","Sports","Top Nouvelles","Toutes les actualit\u00e9s"],"inLanguage":"fr-FR","potentialAction":[{"@type":"CommentAction","name":"Comment","target":["https:\/\/www.africa-press.net\/cameroun\/sports\/basketball-joel-embiid-devient-officiellement-francais#respond"]}]},{"@type":"WebPage","@id":"https:\/\/www.africa-press.net\/cameroun\/sports\/basketball-joel-embiid-devient-officiellement-francais","url":"https:\/\/www.africa-press.net\/cameroun\/sports\/basketball-joel-embiid-devient-officiellement-francais","name":"Basketball\u00a0: Jo\u00ebl Embiid devient officiellement Fran\u00e7ais\u00a0! - Cameroun","isPartOf":{"@id":"https:\/\/www.africa-press.net\/cameroun\/#website"},"primaryImageOfPage":{"@id":"https:\/\/www.africa-press.net\/cameroun\/sports\/basketball-joel-embiid-devient-officiellement-francais#primaryimage"},"image":{"@id":"https:\/\/www.africa-press.net\/cameroun\/sports\/basketball-joel-embiid-devient-officiellement-francais#primaryimage"},"thumbnailUrl":"https:\/\/static.africa-press.net\/cameroun\/sites\/57\/2022\/07\/img-62cefb9c3bebf.jpg","datePublished":"2022-07-13T14:36:45+00:00","dateModified":"2022-07-13T17:06:56+00:00","author":{"@id":"https:\/\/www.africa-press.net\/cameroun\/#\/schema\/person\/2b1cf3cd81a31e3cd26889ca66d677f1"},"description":"C\u2019en est termin\u00e9 avec le Cameroun. Jo\u00ebl Embiid, natif camerounais et pivot des Philadelphie Sixers, une \u00e9quipe de Nation ...","breadcrumb":{"@id":"https:\/\/www.africa-press.net\/cameroun\/sports\/basketball-joel-embiid-devient-officiellement-francais#breadcrumb"},"inLanguage":"fr-FR","potentialAction":[{"@type":"ReadAction","target":["https:\/\/www.africa-press.net\/cameroun\/sports\/basketball-joel-embiid-devient-officiellement-francais"]}]},{"@type":"ImageObject","inLanguage":"fr-FR","@id":"https:\/\/www.africa-press.net\/cameroun\/sports\/basketball-joel-embiid-devient-officiellement-francais#primaryimage","url":"https:\/\/static.africa-press.net\/cameroun\/sites\/57\/2022\/07\/img-62cefb9c3bebf.jpg","contentUrl":"https:\/\/static.africa-press.net\/cameroun\/sites\/57\/2022\/07\/img-62cefb9c3bebf.jpg","width":800,"height":480,"caption":"Basketball\u00a0: Jo\u00ebl Embiid devient officiellement Fran\u00e7ais\u00a0!"},{"@type":"BreadcrumbList","@id":"https:\/\/www.africa-press.net\/cameroun\/sports\/basketball-joel-embiid-devient-officiellement-francais#breadcrumb","itemListElement":[{"@type":"ListItem","position":1,"name":"Accueil","item":"https:\/\/www.africa-press.net\/cameroun\/"},{"@type":"ListItem","position":2,"name":"Basketball\u00a0: Jo\u00ebl Embiid devient officiellement Fran\u00e7ais\u00a0!"}]},{"@type":"WebSite","@id":"https:\/\/www.africa-press.net\/cameroun\/#website","url":"https:\/\/www.africa-press.net\/cameroun\/","name":"Cameroun","description":"Just another Africa News Agency Sites site","potentialAction":[{"@type":"SearchAction","target":{"@type":"EntryPoint","urlTemplate":"https:\/\/www.africa-press.net\/cameroun\/?s={search_term_string}"},"query-input":{"@type":"PropertyValueSpecification","valueRequired":true,"valueName":"search_term_string"}}],"inLanguage":"fr-FR"},{"@type":"Person","@id":"https:\/\/www.africa-press.net\/cameroun\/#\/schema\/person\/2b1cf3cd81a31e3cd26889ca66d677f1","name":"cfeditorfr"}]}},"_links":{"self":[{"href":"https:\/\/www.africa-press.net\/cameroun\/wp-json\/wp\/v2\/posts\/23432","targetHints":{"allow":["GET"]}}],"collection":[{"href":"https:\/\/www.africa-press.net\/cameroun\/wp-json\/wp\/v2\/posts"}],"about":[{"href":"https:\/\/www.africa-press.net\/cameroun\/wp-json\/wp\/v2\/types\/post"}],"author":[{"embeddable":true,"href":"https:\/\/www.africa-press.net\/cameroun\/wp-json\/wp\/v2\/users\/82"}],"replies":[{"embeddable":true,"href":"https:\/\/www.africa-press.net\/cameroun\/wp-json\/wp\/v2\/comments?post=23432"}],"version-history":[{"count":0,"href":"https:\/\/www.africa-press.net\/cameroun\/wp-json\/wp\/v2\/posts\/23432\/revisions"}],"wp:featuredmedia":[{"embeddable":true,"href":"https:\/\/www.africa-press.net\/cameroun\/wp-json\/wp\/v2\/media\/23431"}],"wp:attachment":[{"href":"https:\/\/www.africa-press.net\/cameroun\/wp-json\/wp\/v2\/media?parent=23432"}],"wp:term":[{"taxonomy":"category","embeddable":true,"href":"https:\/\/www.africa-press.net\/cameroun\/wp-json\/wp\/v2\/categories?post=23432"},{"taxonomy":"post_tag","embeddable":true,"href":"https:\/\/www.africa-press.net\/cameroun\/wp-json\/wp\/v2\/tags?post=23432"}],"curies":[{"name":"wp","href":"https:\/\/api.w.org\/{rel}","templated":true}]}}