{"id":23438,"date":"2022-07-13T14:54:51","date_gmt":"2022-07-13T14:54:51","guid":{"rendered":"https:\/\/www.africa-press.net\/cameroun\/politique\/crise-anglophone-larmee-declare-avoir-tue-le-leader-secessionniste-field-marshall"},"modified":"2022-07-13T17:08:04","modified_gmt":"2022-07-13T17:08:04","slug":"crise-anglophone-larmee-declare-avoir-tue-le-leader-secessionniste-field-marshall","status":"publish","type":"post","link":"https:\/\/www.africa-press.net\/cameroun\/politique\/crise-anglophone-larmee-declare-avoir-tue-le-leader-secessionniste-field-marshall","title":{"rendered":"Crise anglophone: L\u2019arm\u00e9e d\u00e9clare avoir tu\u00e9 le leader s\u00e9cessionniste Field Marshall"},"content":{"rendered":"<p><span style=\"color: #ff6600\"><strong>Africa-Press &#8211; Cameroun. <\/strong><\/span>L\u2019arm\u00e9e camerounaise annonce une nouvelle fois la mort de Field Marshall, le chef du groupe arm\u00e9 s\u00e9paratiste \u00ab Red Dragons \u00bb qui op\u00e8re dans le d\u00e9partement du Lebialem (r\u00e9gion du Sud-Ouest). Elle l\u2019a fait en d\u00e9but d\u2019apr\u00e8s-midi dans un texte au style t\u00e9l\u00e9graphique publi\u00e9 sur son compte Facebook \u00ab Honneur et Fid\u00e9lit\u00e9 &#8211; Arm\u00e9e Camerounaise \u00bb.<\/p>\n<p>Voici ce que renferme cette publication : \u00ab ACTIVIT\u00c9S TERRORISME ET LUTTE : XX LEKEAKA OLIVER pr\u00e9nomm\u00e9 FIELD MARSHALL XX \u00ab\u00a0King of Ambazonian\u00a0\u00bb XX le chef du groupe rebelle d\u00e9sign\u00e9 RED DRAGON of Lebialem n&rsquo;est plus XX le 12\/7\/2022 aux environs de 18h \u00e0 Menji dans les encablures des localit\u00e9s de TAKWAI et limites UPPER BAYANG o\u00f9 ce chef rebelle prend sa retraite XX une \u00e9quipe compos\u00e9e de l&rsquo;\u00e9l\u00e9ment Grie et BIR sur renseignements de la population locale et la forte collaboration des uns a donn\u00e9 l&rsquo;assaut sur sa garde tenue par une sentinelle avant de bondir sur le redoutable XX bilan XX c\u00f4t\u00e9 Amis XX ras XX c\u00f4t\u00e9 ENI XX deux neutralis\u00e9s XX LEKEAKA OLIVER et sa garde XX les autres fondus dans la nature XX un important stock \u00e9quipement r\u00e9cup\u00e9r\u00e9 XX corps seront transport\u00e9s et expos\u00e9s par la suite XX aucun incident enregistr\u00e9 par ailleurs XX et fin. \/. \u00bb Le texte pr\u00e9c\u00e8de une photo d\u2019un homme couch\u00e9, les yeux ouverts, les cheveux blancs, un collier traditionnel autour du cou, sept talkie-walkies autour de la t\u00eate.<\/p>\n<p>Ce n\u2019est pas la premi\u00e8re fois que les forces de d\u00e9fense camerounaises annoncent le d\u00e9c\u00e8s du chef s\u00e9paratiste qui se fit proclament \u00ab\u00a0Roi du Lebialem\u00a0\u00bb. Le 11 F\u00e9vrier 2019, elles affirmaient, dans un texte publi\u00e9 sur Facebook que Field Marshall a \u00ab \u00e9t\u00e9 atteint mortellement le 27 d\u00e9cembre 2018 pendant le combat avec le BIR \u00bb. L\u2019on apprenait qu\u2019il \u00e9tait mort dans l\u2019Etat Nig\u00e9rian de Taraba o\u00f9 il se faisait soigner par un marabout.<\/p>\n<p>L\u2019arm\u00e9e pr\u00e9sentait en photo une tombe pr\u00e9sent\u00e9e comme celle de Field Marshall. Selon elle, les messages audio entendus depuis lors \u00e9taient l\u2019\u0153uvre d\u2019un comique nig\u00e9rian qui aurait \u00e9t\u00e9 pay\u00e9 pour faire croire que c\u2019est le chef du groupe s\u00e9paratiste du d\u00e9partement du Lebialem qui parlait dans ces enregistrements. A l\u2019\u00e9poque, la mort de Field Marshall avait d\u00e9j\u00e0 \u00e9t\u00e9 plusieurs fois annonc\u00e9e et d\u00e9mentie.<\/p>\n<p><strong>Pour plus d&rsquo;informations et d&rsquo;analyses sur la <a href=\"https:\/\/www.africa-press.net\/cameroun\">Cameroun<\/a>, suivez <a href=\"https:\/\/www.africa-press.net\/\">Africa-Press<\/a><\/strong><\/p>\n","protected":false},"excerpt":{"rendered":"<p>Africa-Press &#8211; Cameroun. L\u2019arm\u00e9e camerounaise annonce une nouvelle fois la mort de Field Marshall, le chef du groupe arm\u00e9 s\u00e9paratiste \u00ab Red Dragons \u00bb qui op\u00e8re dans le d\u00e9partement du Lebialem (r\u00e9gion du Sud-Ouest). Elle l\u2019a fait en d\u00e9but d\u2019apr\u00e8s-midi dans un texte au style t\u00e9l\u00e9graphique publi\u00e9 sur son compte Facebook \u00ab Honneur et Fid\u00e9lit\u00e9 [&hellip;]<\/p>\n","protected":false},"author":82,"featured_media":23437,"comment_status":"open","ping_status":"closed","sticky":false,"template":"","format":"standard","meta":{"footnotes":""},"categories":[11,2,20,10],"tags":[36,50,49],"class_list":["post-23438","post","type-post","status-publish","format-standard","has-post-thumbnail","hentry","category-homepage-french","category-politique","category-top-nouvelles","category-toutes-les-actualites","tag-africa-press","tag-africa-press-cameroun","tag-cameroun"],"yoast_head":"<!-- This site is optimized with the Yoast SEO Premium plugin v26.1 (Yoast SEO v27.0) - https:\/\/yoast.com\/product\/yoast-seo-premium-wordpress\/ -->\n<title>Crise anglophone: L\u2019arm\u00e9e d\u00e9clare avoir tu\u00e9 le leader s\u00e9cessionniste Field Marshall - Cameroun<\/title>\n<meta name=\"description\" content=\"L\u2019arm\u00e9e camerounaise annonce une nouvelle fois la mort de Field Marshall, le chef du groupe arm\u00e9 s\u00e9paratiste \u00ab Red Drago ...\" \/>\n<meta name=\"robots\" content=\"index, follow, max-snippet:-1, max-image-preview:large, max-video-preview:-1\" \/>\n<link rel=\"canonical\" href=\"https:\/\/www.africa-press.net\/cameroun\/politique\/crise-anglophone-larmee-declare-avoir-tue-le-leader-secessionniste-field-marshall\" \/>\n<meta property=\"og:locale\" content=\"fr_FR\" \/>\n<meta property=\"og:type\" content=\"article\" \/>\n<meta property=\"og:title\" content=\"Crise anglophone: L\u2019arm\u00e9e d\u00e9clare avoir tu\u00e9 le leader s\u00e9cessionniste Field Marshall\" \/>\n<meta property=\"og:description\" content=\"L\u2019arm\u00e9e camerounaise annonce une nouvelle fois la mort de Field Marshall, le chef du groupe arm\u00e9 s\u00e9paratiste \u00ab Red Drago ...\" \/>\n<meta property=\"og:url\" content=\"https:\/\/www.africa-press.net\/cameroun\/politique\/crise-anglophone-larmee-declare-avoir-tue-le-leader-secessionniste-field-marshall\" \/>\n<meta property=\"og:site_name\" content=\"Cameroun\" \/>\n<meta property=\"article:published_time\" content=\"2022-07-13T14:54:51+00:00\" \/>\n<meta property=\"article:modified_time\" content=\"2022-07-13T17:08:04+00:00\" \/>\n<meta property=\"og:image\" content=\"https:\/\/static.africa-press.net\/cameroun\/sites\/57\/2022\/07\/img-62cefbdc4238b.jpg\" \/>\n\t<meta property=\"og:image:width\" content=\"800\" \/>\n\t<meta property=\"og:image:height\" content=\"640\" \/>\n\t<meta property=\"og:image:type\" content=\"image\/jpeg\" \/>\n<meta name=\"author\" content=\"cfeditorfr\" \/>\n<meta name=\"twitter:card\" content=\"summary_large_image\" \/>\n<meta name=\"twitter:label1\" content=\"\u00c9crit par\" \/>\n\t<meta name=\"twitter:data1\" content=\"cfeditorfr\" \/>\n\t<meta name=\"twitter:label2\" content=\"Dur\u00e9e de lecture estim\u00e9e\" \/>\n\t<meta name=\"twitter:data2\" content=\"2 minutes\" \/>\n<script type=\"application\/ld+json\" class=\"yoast-schema-graph\">{\"@context\":\"https:\/\/schema.org\",\"@graph\":[{\"@type\":\"Article\",\"@id\":\"https:\/\/www.africa-press.net\/cameroun\/politique\/crise-anglophone-larmee-declare-avoir-tue-le-leader-secessionniste-field-marshall#article\",\"isPartOf\":{\"@id\":\"https:\/\/www.africa-press.net\/cameroun\/politique\/crise-anglophone-larmee-declare-avoir-tue-le-leader-secessionniste-field-marshall\"},\"author\":{\"name\":\"cfeditorfr\",\"@id\":\"https:\/\/www.africa-press.net\/cameroun\/#\/schema\/person\/2b1cf3cd81a31e3cd26889ca66d677f1\"},\"headline\":\"Crise anglophone: L\u2019arm\u00e9e d\u00e9clare avoir tu\u00e9 le leader s\u00e9cessionniste Field Marshall\",\"datePublished\":\"2022-07-13T14:54:51+00:00\",\"dateModified\":\"2022-07-13T17:08:04+00:00\",\"mainEntityOfPage\":{\"@id\":\"https:\/\/www.africa-press.net\/cameroun\/politique\/crise-anglophone-larmee-declare-avoir-tue-le-leader-secessionniste-field-marshall\"},\"wordCount\":445,\"commentCount\":0,\"image\":{\"@id\":\"https:\/\/www.africa-press.net\/cameroun\/politique\/crise-anglophone-larmee-declare-avoir-tue-le-leader-secessionniste-field-marshall#primaryimage\"},\"thumbnailUrl\":\"https:\/\/static.africa-press.net\/cameroun\/sites\/57\/2022\/07\/img-62cefbdc4238b.jpg\",\"keywords\":[\"Africa Press\",\"Africa Press-Cameroun\",\"Cameroun\"],\"articleSection\":[\"homepage-french\",\"Politique\",\"Top Nouvelles\",\"Toutes les actualit\u00e9s\"],\"inLanguage\":\"fr-FR\",\"potentialAction\":[{\"@type\":\"CommentAction\",\"name\":\"Comment\",\"target\":[\"https:\/\/www.africa-press.net\/cameroun\/politique\/crise-anglophone-larmee-declare-avoir-tue-le-leader-secessionniste-field-marshall#respond\"]}]},{\"@type\":\"WebPage\",\"@id\":\"https:\/\/www.africa-press.net\/cameroun\/politique\/crise-anglophone-larmee-declare-avoir-tue-le-leader-secessionniste-field-marshall\",\"url\":\"https:\/\/www.africa-press.net\/cameroun\/politique\/crise-anglophone-larmee-declare-avoir-tue-le-leader-secessionniste-field-marshall\",\"name\":\"Crise anglophone: L\u2019arm\u00e9e d\u00e9clare avoir tu\u00e9 le leader s\u00e9cessionniste Field Marshall - Cameroun\",\"isPartOf\":{\"@id\":\"https:\/\/www.africa-press.net\/cameroun\/#website\"},\"primaryImageOfPage\":{\"@id\":\"https:\/\/www.africa-press.net\/cameroun\/politique\/crise-anglophone-larmee-declare-avoir-tue-le-leader-secessionniste-field-marshall#primaryimage\"},\"image\":{\"@id\":\"https:\/\/www.africa-press.net\/cameroun\/politique\/crise-anglophone-larmee-declare-avoir-tue-le-leader-secessionniste-field-marshall#primaryimage\"},\"thumbnailUrl\":\"https:\/\/static.africa-press.net\/cameroun\/sites\/57\/2022\/07\/img-62cefbdc4238b.jpg\",\"datePublished\":\"2022-07-13T14:54:51+00:00\",\"dateModified\":\"2022-07-13T17:08:04+00:00\",\"author\":{\"@id\":\"https:\/\/www.africa-press.net\/cameroun\/#\/schema\/person\/2b1cf3cd81a31e3cd26889ca66d677f1\"},\"description\":\"L\u2019arm\u00e9e camerounaise annonce une nouvelle fois la mort de Field Marshall, le chef du groupe arm\u00e9 s\u00e9paratiste \u00ab Red Drago ...\",\"breadcrumb\":{\"@id\":\"https:\/\/www.africa-press.net\/cameroun\/politique\/crise-anglophone-larmee-declare-avoir-tue-le-leader-secessionniste-field-marshall#breadcrumb\"},\"inLanguage\":\"fr-FR\",\"potentialAction\":[{\"@type\":\"ReadAction\",\"target\":[\"https:\/\/www.africa-press.net\/cameroun\/politique\/crise-anglophone-larmee-declare-avoir-tue-le-leader-secessionniste-field-marshall\"]}]},{\"@type\":\"ImageObject\",\"inLanguage\":\"fr-FR\",\"@id\":\"https:\/\/www.africa-press.net\/cameroun\/politique\/crise-anglophone-larmee-declare-avoir-tue-le-leader-secessionniste-field-marshall#primaryimage\",\"url\":\"https:\/\/static.africa-press.net\/cameroun\/sites\/57\/2022\/07\/img-62cefbdc4238b.jpg\",\"contentUrl\":\"https:\/\/static.africa-press.net\/cameroun\/sites\/57\/2022\/07\/img-62cefbdc4238b.jpg\",\"width\":800,\"height\":640,\"caption\":\"Crise anglophone: L\u2019arm\u00e9e d\u00e9clare avoir tu\u00e9 le leader s\u00e9cessionniste Field Marshall\"},{\"@type\":\"BreadcrumbList\",\"@id\":\"https:\/\/www.africa-press.net\/cameroun\/politique\/crise-anglophone-larmee-declare-avoir-tue-le-leader-secessionniste-field-marshall#breadcrumb\",\"itemListElement\":[{\"@type\":\"ListItem\",\"position\":1,\"name\":\"Accueil\",\"item\":\"https:\/\/www.africa-press.net\/cameroun\/\"},{\"@type\":\"ListItem\",\"position\":2,\"name\":\"Crise anglophone: L\u2019arm\u00e9e d\u00e9clare avoir tu\u00e9 le leader s\u00e9cessionniste Field Marshall\"}]},{\"@type\":\"WebSite\",\"@id\":\"https:\/\/www.africa-press.net\/cameroun\/#website\",\"url\":\"https:\/\/www.africa-press.net\/cameroun\/\",\"name\":\"Cameroun\",\"description\":\"Just another Africa News Agency Sites site\",\"potentialAction\":[{\"@type\":\"SearchAction\",\"target\":{\"@type\":\"EntryPoint\",\"urlTemplate\":\"https:\/\/www.africa-press.net\/cameroun\/?s={search_term_string}\"},\"query-input\":{\"@type\":\"PropertyValueSpecification\",\"valueRequired\":true,\"valueName\":\"search_term_string\"}}],\"inLanguage\":\"fr-FR\"},{\"@type\":\"Person\",\"@id\":\"https:\/\/www.africa-press.net\/cameroun\/#\/schema\/person\/2b1cf3cd81a31e3cd26889ca66d677f1\",\"name\":\"cfeditorfr\"}]}<\/script>\n<!-- \/ Yoast SEO Premium plugin. -->","yoast_head_json":{"title":"Crise anglophone: L\u2019arm\u00e9e d\u00e9clare avoir tu\u00e9 le leader s\u00e9cessionniste Field Marshall - Cameroun","description":"L\u2019arm\u00e9e camerounaise annonce une nouvelle fois la mort de Field Marshall, le chef du groupe arm\u00e9 s\u00e9paratiste \u00ab Red Drago ...","robots":{"index":"index","follow":"follow","max-snippet":"max-snippet:-1","max-image-preview":"max-image-preview:large","max-video-preview":"max-video-preview:-1"},"canonical":"https:\/\/www.africa-press.net\/cameroun\/politique\/crise-anglophone-larmee-declare-avoir-tue-le-leader-secessionniste-field-marshall","og_locale":"fr_FR","og_type":"article","og_title":"Crise anglophone: L\u2019arm\u00e9e d\u00e9clare avoir tu\u00e9 le leader s\u00e9cessionniste Field Marshall","og_description":"L\u2019arm\u00e9e camerounaise annonce une nouvelle fois la mort de Field Marshall, le chef du groupe arm\u00e9 s\u00e9paratiste \u00ab Red Drago ...","og_url":"https:\/\/www.africa-press.net\/cameroun\/politique\/crise-anglophone-larmee-declare-avoir-tue-le-leader-secessionniste-field-marshall","og_site_name":"Cameroun","article_published_time":"2022-07-13T14:54:51+00:00","article_modified_time":"2022-07-13T17:08:04+00:00","og_image":[{"width":800,"height":640,"url":"https:\/\/static.africa-press.net\/cameroun\/sites\/57\/2022\/07\/img-62cefbdc4238b.jpg","type":"image\/jpeg"}],"author":"cfeditorfr","twitter_card":"summary_large_image","twitter_misc":{"\u00c9crit par":"cfeditorfr","Dur\u00e9e de lecture estim\u00e9e":"2 minutes"},"schema":{"@context":"https:\/\/schema.org","@graph":[{"@type":"Article","@id":"https:\/\/www.africa-press.net\/cameroun\/politique\/crise-anglophone-larmee-declare-avoir-tue-le-leader-secessionniste-field-marshall#article","isPartOf":{"@id":"https:\/\/www.africa-press.net\/cameroun\/politique\/crise-anglophone-larmee-declare-avoir-tue-le-leader-secessionniste-field-marshall"},"author":{"name":"cfeditorfr","@id":"https:\/\/www.africa-press.net\/cameroun\/#\/schema\/person\/2b1cf3cd81a31e3cd26889ca66d677f1"},"headline":"Crise anglophone: L\u2019arm\u00e9e d\u00e9clare avoir tu\u00e9 le leader s\u00e9cessionniste Field Marshall","datePublished":"2022-07-13T14:54:51+00:00","dateModified":"2022-07-13T17:08:04+00:00","mainEntityOfPage":{"@id":"https:\/\/www.africa-press.net\/cameroun\/politique\/crise-anglophone-larmee-declare-avoir-tue-le-leader-secessionniste-field-marshall"},"wordCount":445,"commentCount":0,"image":{"@id":"https:\/\/www.africa-press.net\/cameroun\/politique\/crise-anglophone-larmee-declare-avoir-tue-le-leader-secessionniste-field-marshall#primaryimage"},"thumbnailUrl":"https:\/\/static.africa-press.net\/cameroun\/sites\/57\/2022\/07\/img-62cefbdc4238b.jpg","keywords":["Africa Press","Africa Press-Cameroun","Cameroun"],"articleSection":["homepage-french","Politique","Top Nouvelles","Toutes les actualit\u00e9s"],"inLanguage":"fr-FR","potentialAction":[{"@type":"CommentAction","name":"Comment","target":["https:\/\/www.africa-press.net\/cameroun\/politique\/crise-anglophone-larmee-declare-avoir-tue-le-leader-secessionniste-field-marshall#respond"]}]},{"@type":"WebPage","@id":"https:\/\/www.africa-press.net\/cameroun\/politique\/crise-anglophone-larmee-declare-avoir-tue-le-leader-secessionniste-field-marshall","url":"https:\/\/www.africa-press.net\/cameroun\/politique\/crise-anglophone-larmee-declare-avoir-tue-le-leader-secessionniste-field-marshall","name":"Crise anglophone: L\u2019arm\u00e9e d\u00e9clare avoir tu\u00e9 le leader s\u00e9cessionniste Field Marshall - Cameroun","isPartOf":{"@id":"https:\/\/www.africa-press.net\/cameroun\/#website"},"primaryImageOfPage":{"@id":"https:\/\/www.africa-press.net\/cameroun\/politique\/crise-anglophone-larmee-declare-avoir-tue-le-leader-secessionniste-field-marshall#primaryimage"},"image":{"@id":"https:\/\/www.africa-press.net\/cameroun\/politique\/crise-anglophone-larmee-declare-avoir-tue-le-leader-secessionniste-field-marshall#primaryimage"},"thumbnailUrl":"https:\/\/static.africa-press.net\/cameroun\/sites\/57\/2022\/07\/img-62cefbdc4238b.jpg","datePublished":"2022-07-13T14:54:51+00:00","dateModified":"2022-07-13T17:08:04+00:00","author":{"@id":"https:\/\/www.africa-press.net\/cameroun\/#\/schema\/person\/2b1cf3cd81a31e3cd26889ca66d677f1"},"description":"L\u2019arm\u00e9e camerounaise annonce une nouvelle fois la mort de Field Marshall, le chef du groupe arm\u00e9 s\u00e9paratiste \u00ab Red Drago ...","breadcrumb":{"@id":"https:\/\/www.africa-press.net\/cameroun\/politique\/crise-anglophone-larmee-declare-avoir-tue-le-leader-secessionniste-field-marshall#breadcrumb"},"inLanguage":"fr-FR","potentialAction":[{"@type":"ReadAction","target":["https:\/\/www.africa-press.net\/cameroun\/politique\/crise-anglophone-larmee-declare-avoir-tue-le-leader-secessionniste-field-marshall"]}]},{"@type":"ImageObject","inLanguage":"fr-FR","@id":"https:\/\/www.africa-press.net\/cameroun\/politique\/crise-anglophone-larmee-declare-avoir-tue-le-leader-secessionniste-field-marshall#primaryimage","url":"https:\/\/static.africa-press.net\/cameroun\/sites\/57\/2022\/07\/img-62cefbdc4238b.jpg","contentUrl":"https:\/\/static.africa-press.net\/cameroun\/sites\/57\/2022\/07\/img-62cefbdc4238b.jpg","width":800,"height":640,"caption":"Crise anglophone: L\u2019arm\u00e9e d\u00e9clare avoir tu\u00e9 le leader s\u00e9cessionniste Field Marshall"},{"@type":"BreadcrumbList","@id":"https:\/\/www.africa-press.net\/cameroun\/politique\/crise-anglophone-larmee-declare-avoir-tue-le-leader-secessionniste-field-marshall#breadcrumb","itemListElement":[{"@type":"ListItem","position":1,"name":"Accueil","item":"https:\/\/www.africa-press.net\/cameroun\/"},{"@type":"ListItem","position":2,"name":"Crise anglophone: L\u2019arm\u00e9e d\u00e9clare avoir tu\u00e9 le leader s\u00e9cessionniste Field Marshall"}]},{"@type":"WebSite","@id":"https:\/\/www.africa-press.net\/cameroun\/#website","url":"https:\/\/www.africa-press.net\/cameroun\/","name":"Cameroun","description":"Just another Africa News Agency Sites site","potentialAction":[{"@type":"SearchAction","target":{"@type":"EntryPoint","urlTemplate":"https:\/\/www.africa-press.net\/cameroun\/?s={search_term_string}"},"query-input":{"@type":"PropertyValueSpecification","valueRequired":true,"valueName":"search_term_string"}}],"inLanguage":"fr-FR"},{"@type":"Person","@id":"https:\/\/www.africa-press.net\/cameroun\/#\/schema\/person\/2b1cf3cd81a31e3cd26889ca66d677f1","name":"cfeditorfr"}]}},"_links":{"self":[{"href":"https:\/\/www.africa-press.net\/cameroun\/wp-json\/wp\/v2\/posts\/23438","targetHints":{"allow":["GET"]}}],"collection":[{"href":"https:\/\/www.africa-press.net\/cameroun\/wp-json\/wp\/v2\/posts"}],"about":[{"href":"https:\/\/www.africa-press.net\/cameroun\/wp-json\/wp\/v2\/types\/post"}],"author":[{"embeddable":true,"href":"https:\/\/www.africa-press.net\/cameroun\/wp-json\/wp\/v2\/users\/82"}],"replies":[{"embeddable":true,"href":"https:\/\/www.africa-press.net\/cameroun\/wp-json\/wp\/v2\/comments?post=23438"}],"version-history":[{"count":0,"href":"https:\/\/www.africa-press.net\/cameroun\/wp-json\/wp\/v2\/posts\/23438\/revisions"}],"wp:featuredmedia":[{"embeddable":true,"href":"https:\/\/www.africa-press.net\/cameroun\/wp-json\/wp\/v2\/media\/23437"}],"wp:attachment":[{"href":"https:\/\/www.africa-press.net\/cameroun\/wp-json\/wp\/v2\/media?parent=23438"}],"wp:term":[{"taxonomy":"category","embeddable":true,"href":"https:\/\/www.africa-press.net\/cameroun\/wp-json\/wp\/v2\/categories?post=23438"},{"taxonomy":"post_tag","embeddable":true,"href":"https:\/\/www.africa-press.net\/cameroun\/wp-json\/wp\/v2\/tags?post=23438"}],"curies":[{"name":"wp","href":"https:\/\/api.w.org\/{rel}","templated":true}]}}