{"id":2344,"date":"2021-04-23T21:03:19","date_gmt":"2021-04-23T21:03:19","guid":{"rendered":"https:\/\/www.africa-press.net\/cameroun\/politique\/cameroun-enseignement-superieur-luniversite-inter-etats-cameroun-congo-envisage-le-recrutement-de-la-deuxieme-promotion-de-ses-etudiants"},"modified":"2021-04-23T21:49:32","modified_gmt":"2021-04-23T21:49:32","slug":"cameroun-enseignement-superieur-luniversite-inter-etats-cameroun-congo-envisage-le-recrutement-de-la-deuxieme-promotion-de-ses-etudiants","status":"publish","type":"post","link":"https:\/\/www.africa-press.net\/cameroun\/culture-et-art\/cameroun-enseignement-superieur-luniversite-inter-etats-cameroun-congo-envisage-le-recrutement-de-la-deuxieme-promotion-de-ses-etudiants","title":{"rendered":"Cameroun &#8211; Enseignement sup\u00e9rieur: L\u2019Universit\u00e9 Inter-Etats Cameroun-Congo envisage le recrutement de la deuxi\u00e8me promotion de ses \u00e9tudiants"},"content":{"rendered":"<p><span style=\"color: #ff6600\"><strong><a href=\"https:\/\/www.africa-press.net\/\">Africa-Press<\/a> &#8211; <a href=\"https:\/\/www.africa-press.net\/cameroun\">Cameroun<\/a>. <\/strong><\/span>Les membres du comit\u00e9 national de pilotage de l\u2019impl\u00e9mentation de l\u2019Universit\u00e9 Inter-Etats Cameroun-Congo (UIECC) se sont r\u00e9unis \u00e0 Yaound\u00e9 le 22 avril 2021. Le quotidien d\u2019Etat Cameroun Tribune en kiosque ce 23 avril 2021 rappelle que \u00abla premi\u00e8re session tenue le 12 juillet 2019, avait balis\u00e9 le chemin donn\u00e9 \u00e0 l\u2019unit\u00e9 op\u00e9rationnelle les moyens administratifs et financiers lui permettant de d\u00e9marrer les activit\u00e9s acad\u00e9miques et professionnelles, \u00e0 l\u2019aune d\u2019une gestion provisoire, en attendant la mise en place des organes statutaires de l\u2019Universit\u00e9\u00bb.<\/p>\n<p>Ainsi, pour cette deuxi\u00e8me session il s\u2019est agi \u00abde faire une \u00e9valuation de l\u2019\u00e9tat d\u2019avancement de l\u2019op\u00e9rationnalisation de cette universit\u00e9, rendue \u00e0 sa deuxi\u00e8me ann\u00e9e. Cette \u00e9valuation a consist\u00e9 entre autres en l\u2019identification et la s\u00e9curisation des terrains cessibles \u00e0 l\u2019UIECC; la mise en \u0153uvre des infrastructures et d\u2019\u00e9quipements n\u00e9cessaires \u00e0 son fonctionnement; la facilitation de la mise en place progressive des organes statutaires de l\u2019UIECC; la mise en \u0153uvre des projets de coop\u00e9ration d\u2019accompagnement et d\u2019assistance institutionnelle au b\u00e9n\u00e9fice de l\u2019UIECC et le d\u00e9veloppement et la mise en \u0153uvre des outils de collaboration entre les diff\u00e9rents acteurs de l\u2019implantation de l\u2019UIECC sur le site de Sangm\u00e9lima\u00bb, lit-on.<\/p>\n<p>Au terme de ces assises pr\u00e9cise notre confr\u00e8re, l\u2019une des recommandations que le comit\u00e9 de pilotage a donn\u00e9es \u00e0 l\u2019unit\u00e9 op\u00e9rationnelle est d\u2019envisager le lancement du recrutement de la deuxi\u00e8me promotion de cet \u00e9tablissement qui forme dans les TIC.<\/p>\n<p>Le Pr. Jacques Fame Ndongo, ministre d\u2019Etat, ministre de l\u2019Enseignement Sup\u00e9rieur, Chancelier des Ordres acad\u00e9miques, pr\u00e9sident dudit Comit\u00e9, \u00aba rappel\u00e9 \u00e0 l\u2019assistance que l\u2019Universit\u00e9 Inter-Etat Congo-Cameroun doit \u00eatre un label dans la sous-r\u00e9gion. Pour cela, il faut b\u00e2tir une universit\u00e9 de technologie qui appara\u00eetra clairement aux yeux de tous comme \u00e9tant un v\u00e9ritable p\u00f4le d\u2019excellence technologique dans la sous-r\u00e9gion\u00bb, peut-on lire dans les colonnes du journal.<\/p>\n<p>Enfin, le quotidien informe qu\u2019un an apr\u00e8s son implantation, les pr\u00e9mices de l\u2019Universit\u00e9 inter-Etats Congo-Cameroun de Sangm\u00e9lima sont d\u00e9j\u00e0 visibles. \u00abLa premi\u00e8re promotion de l\u2019Ecole internationale de G\u00e9nie num\u00e9rique qui a commenc\u00e9 en mars 2020 vient d\u2019achever la premi\u00e8re ann\u00e9e de formation avec un taux de performance extr\u00eamement satisfaisant\u00bb, \u00e9crit le reporter.<\/p>\n<p><b>Wilfried ONDOA<\/b><\/p>\n","protected":false},"excerpt":{"rendered":"<p>Africa-Press &#8211; Cameroun. Les membres du comit\u00e9 national de pilotage de l\u2019impl\u00e9mentation de l\u2019Universit\u00e9 Inter-Etats Cameroun-Congo (UIECC) se sont r\u00e9unis \u00e0 Yaound\u00e9 le 22 avril 2021. Le quotidien d\u2019Etat Cameroun Tribune en kiosque ce 23 avril 2021 rappelle que \u00abla premi\u00e8re session tenue le 12 juillet 2019, avait balis\u00e9 le chemin donn\u00e9 \u00e0 l\u2019unit\u00e9 op\u00e9rationnelle [&hellip;]<\/p>\n","protected":false},"author":82,"featured_media":2342,"comment_status":"open","ping_status":"closed","sticky":false,"template":"","format":"standard","meta":{"footnotes":""},"categories":[5,11,10],"tags":[36,50,49],"class_list":["post-2344","post","type-post","status-publish","format-standard","has-post-thumbnail","hentry","category-culture-et-art","category-homepage-french","category-toutes-les-actualites","tag-africa-press","tag-africa-press-cameroun","tag-cameroun"],"yoast_head":"<!-- This site is optimized with the Yoast SEO Premium plugin v26.1 (Yoast SEO v27.0) - https:\/\/yoast.com\/product\/yoast-seo-premium-wordpress\/ -->\n<title>Cameroun - Enseignement sup\u00e9rieur: L\u2019Universit\u00e9 Inter-Etats Cameroun-Congo envisage le recrutement de la deuxi\u00e8me promotion de ses \u00e9tudiants - Cameroun<\/title>\n<meta name=\"description\" content=\"Les membres du comit\u00e9 national de pilotage de l\u2019impl\u00e9mentation de l\u2019Universit\u00e9 Inter-Etats Cameroun-Congo (UIECC) se son ...\" \/>\n<meta name=\"robots\" content=\"index, follow, max-snippet:-1, max-image-preview:large, max-video-preview:-1\" \/>\n<link rel=\"canonical\" href=\"https:\/\/www.africa-press.net\/cameroun\/culture-et-art\/cameroun-enseignement-superieur-luniversite-inter-etats-cameroun-congo-envisage-le-recrutement-de-la-deuxieme-promotion-de-ses-etudiants\" \/>\n<meta property=\"og:locale\" content=\"fr_FR\" \/>\n<meta property=\"og:type\" content=\"article\" \/>\n<meta property=\"og:title\" content=\"Cameroun - Enseignement sup\u00e9rieur: L\u2019Universit\u00e9 Inter-Etats Cameroun-Congo envisage le recrutement de la deuxi\u00e8me promotion de ses \u00e9tudiants\" \/>\n<meta property=\"og:description\" content=\"Les membres du comit\u00e9 national de pilotage de l\u2019impl\u00e9mentation de l\u2019Universit\u00e9 Inter-Etats Cameroun-Congo (UIECC) se son ...\" \/>\n<meta property=\"og:url\" content=\"https:\/\/www.africa-press.net\/cameroun\/culture-et-art\/cameroun-enseignement-superieur-luniversite-inter-etats-cameroun-congo-envisage-le-recrutement-de-la-deuxieme-promotion-de-ses-etudiants\" \/>\n<meta property=\"og:site_name\" content=\"Cameroun\" \/>\n<meta property=\"article:published_time\" content=\"2021-04-23T21:03:19+00:00\" \/>\n<meta property=\"article:modified_time\" content=\"2021-04-23T21:49:32+00:00\" \/>\n<meta property=\"og:image\" content=\"https:\/\/static.africa-press.net\/cameroun\/sites\/57\/2021\/04\/img-608340cf9ffbb.jpg\" \/>\n\t<meta property=\"og:image:width\" content=\"800\" \/>\n\t<meta property=\"og:image:height\" content=\"533\" \/>\n\t<meta property=\"og:image:type\" content=\"image\/jpeg\" \/>\n<meta name=\"author\" content=\"cfeditorfr\" \/>\n<meta name=\"twitter:card\" content=\"summary_large_image\" \/>\n<meta name=\"twitter:label1\" content=\"\u00c9crit par\" \/>\n\t<meta name=\"twitter:data1\" content=\"cfeditorfr\" \/>\n\t<meta name=\"twitter:label2\" content=\"Dur\u00e9e de lecture estim\u00e9e\" \/>\n\t<meta name=\"twitter:data2\" content=\"2 minutes\" \/>\n<script type=\"application\/ld+json\" class=\"yoast-schema-graph\">{\"@context\":\"https:\/\/schema.org\",\"@graph\":[{\"@type\":\"Article\",\"@id\":\"https:\/\/www.africa-press.net\/cameroun\/culture-et-art\/cameroun-enseignement-superieur-luniversite-inter-etats-cameroun-congo-envisage-le-recrutement-de-la-deuxieme-promotion-de-ses-etudiants#article\",\"isPartOf\":{\"@id\":\"https:\/\/www.africa-press.net\/cameroun\/culture-et-art\/cameroun-enseignement-superieur-luniversite-inter-etats-cameroun-congo-envisage-le-recrutement-de-la-deuxieme-promotion-de-ses-etudiants\"},\"author\":{\"name\":\"cfeditorfr\",\"@id\":\"https:\/\/www.africa-press.net\/cameroun\/#\/schema\/person\/2b1cf3cd81a31e3cd26889ca66d677f1\"},\"headline\":\"Cameroun &#8211; Enseignement sup\u00e9rieur: L\u2019Universit\u00e9 Inter-Etats Cameroun-Congo envisage le recrutement de la deuxi\u00e8me promotion de ses \u00e9tudiants\",\"datePublished\":\"2021-04-23T21:03:19+00:00\",\"dateModified\":\"2021-04-23T21:49:32+00:00\",\"mainEntityOfPage\":{\"@id\":\"https:\/\/www.africa-press.net\/cameroun\/culture-et-art\/cameroun-enseignement-superieur-luniversite-inter-etats-cameroun-congo-envisage-le-recrutement-de-la-deuxieme-promotion-de-ses-etudiants\"},\"wordCount\":432,\"commentCount\":0,\"image\":{\"@id\":\"https:\/\/www.africa-press.net\/cameroun\/culture-et-art\/cameroun-enseignement-superieur-luniversite-inter-etats-cameroun-congo-envisage-le-recrutement-de-la-deuxieme-promotion-de-ses-etudiants#primaryimage\"},\"thumbnailUrl\":\"https:\/\/static.africa-press.net\/cameroun\/sites\/57\/2021\/04\/img-608340cf9ffbb.jpg\",\"keywords\":[\"Africa Press\",\"Africa Press-Cameroun\",\"Cameroun\"],\"articleSection\":[\"Culture et Art\",\"homepage-french\",\"Toutes les actualit\u00e9s\"],\"inLanguage\":\"fr-FR\",\"potentialAction\":[{\"@type\":\"CommentAction\",\"name\":\"Comment\",\"target\":[\"https:\/\/www.africa-press.net\/cameroun\/culture-et-art\/cameroun-enseignement-superieur-luniversite-inter-etats-cameroun-congo-envisage-le-recrutement-de-la-deuxieme-promotion-de-ses-etudiants#respond\"]}]},{\"@type\":\"WebPage\",\"@id\":\"https:\/\/www.africa-press.net\/cameroun\/culture-et-art\/cameroun-enseignement-superieur-luniversite-inter-etats-cameroun-congo-envisage-le-recrutement-de-la-deuxieme-promotion-de-ses-etudiants\",\"url\":\"https:\/\/www.africa-press.net\/cameroun\/culture-et-art\/cameroun-enseignement-superieur-luniversite-inter-etats-cameroun-congo-envisage-le-recrutement-de-la-deuxieme-promotion-de-ses-etudiants\",\"name\":\"Cameroun - Enseignement sup\u00e9rieur: L\u2019Universit\u00e9 Inter-Etats Cameroun-Congo envisage le recrutement de la deuxi\u00e8me promotion de ses \u00e9tudiants - Cameroun\",\"isPartOf\":{\"@id\":\"https:\/\/www.africa-press.net\/cameroun\/#website\"},\"primaryImageOfPage\":{\"@id\":\"https:\/\/www.africa-press.net\/cameroun\/culture-et-art\/cameroun-enseignement-superieur-luniversite-inter-etats-cameroun-congo-envisage-le-recrutement-de-la-deuxieme-promotion-de-ses-etudiants#primaryimage\"},\"image\":{\"@id\":\"https:\/\/www.africa-press.net\/cameroun\/culture-et-art\/cameroun-enseignement-superieur-luniversite-inter-etats-cameroun-congo-envisage-le-recrutement-de-la-deuxieme-promotion-de-ses-etudiants#primaryimage\"},\"thumbnailUrl\":\"https:\/\/static.africa-press.net\/cameroun\/sites\/57\/2021\/04\/img-608340cf9ffbb.jpg\",\"datePublished\":\"2021-04-23T21:03:19+00:00\",\"dateModified\":\"2021-04-23T21:49:32+00:00\",\"author\":{\"@id\":\"https:\/\/www.africa-press.net\/cameroun\/#\/schema\/person\/2b1cf3cd81a31e3cd26889ca66d677f1\"},\"description\":\"Les membres du comit\u00e9 national de pilotage de l\u2019impl\u00e9mentation de l\u2019Universit\u00e9 Inter-Etats Cameroun-Congo (UIECC) se son ...\",\"breadcrumb\":{\"@id\":\"https:\/\/www.africa-press.net\/cameroun\/culture-et-art\/cameroun-enseignement-superieur-luniversite-inter-etats-cameroun-congo-envisage-le-recrutement-de-la-deuxieme-promotion-de-ses-etudiants#breadcrumb\"},\"inLanguage\":\"fr-FR\",\"potentialAction\":[{\"@type\":\"ReadAction\",\"target\":[\"https:\/\/www.africa-press.net\/cameroun\/culture-et-art\/cameroun-enseignement-superieur-luniversite-inter-etats-cameroun-congo-envisage-le-recrutement-de-la-deuxieme-promotion-de-ses-etudiants\"]}]},{\"@type\":\"ImageObject\",\"inLanguage\":\"fr-FR\",\"@id\":\"https:\/\/www.africa-press.net\/cameroun\/culture-et-art\/cameroun-enseignement-superieur-luniversite-inter-etats-cameroun-congo-envisage-le-recrutement-de-la-deuxieme-promotion-de-ses-etudiants#primaryimage\",\"url\":\"https:\/\/static.africa-press.net\/cameroun\/sites\/57\/2021\/04\/img-608340cf9ffbb.jpg\",\"contentUrl\":\"https:\/\/static.africa-press.net\/cameroun\/sites\/57\/2021\/04\/img-608340cf9ffbb.jpg\",\"width\":800,\"height\":533,\"caption\":\"Cameroun - Enseignement sup\u00e9rieur: L\u2019Universit\u00e9 Inter-Etats Cameroun-Congo envisage le recrutement de la deuxi\u00e8me promotion de ses \u00e9tudiants\"},{\"@type\":\"BreadcrumbList\",\"@id\":\"https:\/\/www.africa-press.net\/cameroun\/culture-et-art\/cameroun-enseignement-superieur-luniversite-inter-etats-cameroun-congo-envisage-le-recrutement-de-la-deuxieme-promotion-de-ses-etudiants#breadcrumb\",\"itemListElement\":[{\"@type\":\"ListItem\",\"position\":1,\"name\":\"Accueil\",\"item\":\"https:\/\/www.africa-press.net\/cameroun\/\"},{\"@type\":\"ListItem\",\"position\":2,\"name\":\"Cameroun &#8211; Enseignement sup\u00e9rieur: L\u2019Universit\u00e9 Inter-Etats Cameroun-Congo envisage le recrutement de la deuxi\u00e8me promotion de ses \u00e9tudiants\"}]},{\"@type\":\"WebSite\",\"@id\":\"https:\/\/www.africa-press.net\/cameroun\/#website\",\"url\":\"https:\/\/www.africa-press.net\/cameroun\/\",\"name\":\"Cameroun\",\"description\":\"Just another Africa News Agency Sites site\",\"potentialAction\":[{\"@type\":\"SearchAction\",\"target\":{\"@type\":\"EntryPoint\",\"urlTemplate\":\"https:\/\/www.africa-press.net\/cameroun\/?s={search_term_string}\"},\"query-input\":{\"@type\":\"PropertyValueSpecification\",\"valueRequired\":true,\"valueName\":\"search_term_string\"}}],\"inLanguage\":\"fr-FR\"},{\"@type\":\"Person\",\"@id\":\"https:\/\/www.africa-press.net\/cameroun\/#\/schema\/person\/2b1cf3cd81a31e3cd26889ca66d677f1\",\"name\":\"cfeditorfr\"}]}<\/script>\n<!-- \/ Yoast SEO Premium plugin. -->","yoast_head_json":{"title":"Cameroun - Enseignement sup\u00e9rieur: L\u2019Universit\u00e9 Inter-Etats Cameroun-Congo envisage le recrutement de la deuxi\u00e8me promotion de ses \u00e9tudiants - Cameroun","description":"Les membres du comit\u00e9 national de pilotage de l\u2019impl\u00e9mentation de l\u2019Universit\u00e9 Inter-Etats Cameroun-Congo (UIECC) se son ...","robots":{"index":"index","follow":"follow","max-snippet":"max-snippet:-1","max-image-preview":"max-image-preview:large","max-video-preview":"max-video-preview:-1"},"canonical":"https:\/\/www.africa-press.net\/cameroun\/culture-et-art\/cameroun-enseignement-superieur-luniversite-inter-etats-cameroun-congo-envisage-le-recrutement-de-la-deuxieme-promotion-de-ses-etudiants","og_locale":"fr_FR","og_type":"article","og_title":"Cameroun - Enseignement sup\u00e9rieur: L\u2019Universit\u00e9 Inter-Etats Cameroun-Congo envisage le recrutement de la deuxi\u00e8me promotion de ses \u00e9tudiants","og_description":"Les membres du comit\u00e9 national de pilotage de l\u2019impl\u00e9mentation de l\u2019Universit\u00e9 Inter-Etats Cameroun-Congo (UIECC) se son ...","og_url":"https:\/\/www.africa-press.net\/cameroun\/culture-et-art\/cameroun-enseignement-superieur-luniversite-inter-etats-cameroun-congo-envisage-le-recrutement-de-la-deuxieme-promotion-de-ses-etudiants","og_site_name":"Cameroun","article_published_time":"2021-04-23T21:03:19+00:00","article_modified_time":"2021-04-23T21:49:32+00:00","og_image":[{"width":800,"height":533,"url":"https:\/\/static.africa-press.net\/cameroun\/sites\/57\/2021\/04\/img-608340cf9ffbb.jpg","type":"image\/jpeg"}],"author":"cfeditorfr","twitter_card":"summary_large_image","twitter_misc":{"\u00c9crit par":"cfeditorfr","Dur\u00e9e de lecture estim\u00e9e":"2 minutes"},"schema":{"@context":"https:\/\/schema.org","@graph":[{"@type":"Article","@id":"https:\/\/www.africa-press.net\/cameroun\/culture-et-art\/cameroun-enseignement-superieur-luniversite-inter-etats-cameroun-congo-envisage-le-recrutement-de-la-deuxieme-promotion-de-ses-etudiants#article","isPartOf":{"@id":"https:\/\/www.africa-press.net\/cameroun\/culture-et-art\/cameroun-enseignement-superieur-luniversite-inter-etats-cameroun-congo-envisage-le-recrutement-de-la-deuxieme-promotion-de-ses-etudiants"},"author":{"name":"cfeditorfr","@id":"https:\/\/www.africa-press.net\/cameroun\/#\/schema\/person\/2b1cf3cd81a31e3cd26889ca66d677f1"},"headline":"Cameroun &#8211; Enseignement sup\u00e9rieur: L\u2019Universit\u00e9 Inter-Etats Cameroun-Congo envisage le recrutement de la deuxi\u00e8me promotion de ses \u00e9tudiants","datePublished":"2021-04-23T21:03:19+00:00","dateModified":"2021-04-23T21:49:32+00:00","mainEntityOfPage":{"@id":"https:\/\/www.africa-press.net\/cameroun\/culture-et-art\/cameroun-enseignement-superieur-luniversite-inter-etats-cameroun-congo-envisage-le-recrutement-de-la-deuxieme-promotion-de-ses-etudiants"},"wordCount":432,"commentCount":0,"image":{"@id":"https:\/\/www.africa-press.net\/cameroun\/culture-et-art\/cameroun-enseignement-superieur-luniversite-inter-etats-cameroun-congo-envisage-le-recrutement-de-la-deuxieme-promotion-de-ses-etudiants#primaryimage"},"thumbnailUrl":"https:\/\/static.africa-press.net\/cameroun\/sites\/57\/2021\/04\/img-608340cf9ffbb.jpg","keywords":["Africa Press","Africa Press-Cameroun","Cameroun"],"articleSection":["Culture et Art","homepage-french","Toutes les actualit\u00e9s"],"inLanguage":"fr-FR","potentialAction":[{"@type":"CommentAction","name":"Comment","target":["https:\/\/www.africa-press.net\/cameroun\/culture-et-art\/cameroun-enseignement-superieur-luniversite-inter-etats-cameroun-congo-envisage-le-recrutement-de-la-deuxieme-promotion-de-ses-etudiants#respond"]}]},{"@type":"WebPage","@id":"https:\/\/www.africa-press.net\/cameroun\/culture-et-art\/cameroun-enseignement-superieur-luniversite-inter-etats-cameroun-congo-envisage-le-recrutement-de-la-deuxieme-promotion-de-ses-etudiants","url":"https:\/\/www.africa-press.net\/cameroun\/culture-et-art\/cameroun-enseignement-superieur-luniversite-inter-etats-cameroun-congo-envisage-le-recrutement-de-la-deuxieme-promotion-de-ses-etudiants","name":"Cameroun - Enseignement sup\u00e9rieur: L\u2019Universit\u00e9 Inter-Etats Cameroun-Congo envisage le recrutement de la deuxi\u00e8me promotion de ses \u00e9tudiants - Cameroun","isPartOf":{"@id":"https:\/\/www.africa-press.net\/cameroun\/#website"},"primaryImageOfPage":{"@id":"https:\/\/www.africa-press.net\/cameroun\/culture-et-art\/cameroun-enseignement-superieur-luniversite-inter-etats-cameroun-congo-envisage-le-recrutement-de-la-deuxieme-promotion-de-ses-etudiants#primaryimage"},"image":{"@id":"https:\/\/www.africa-press.net\/cameroun\/culture-et-art\/cameroun-enseignement-superieur-luniversite-inter-etats-cameroun-congo-envisage-le-recrutement-de-la-deuxieme-promotion-de-ses-etudiants#primaryimage"},"thumbnailUrl":"https:\/\/static.africa-press.net\/cameroun\/sites\/57\/2021\/04\/img-608340cf9ffbb.jpg","datePublished":"2021-04-23T21:03:19+00:00","dateModified":"2021-04-23T21:49:32+00:00","author":{"@id":"https:\/\/www.africa-press.net\/cameroun\/#\/schema\/person\/2b1cf3cd81a31e3cd26889ca66d677f1"},"description":"Les membres du comit\u00e9 national de pilotage de l\u2019impl\u00e9mentation de l\u2019Universit\u00e9 Inter-Etats Cameroun-Congo (UIECC) se son ...","breadcrumb":{"@id":"https:\/\/www.africa-press.net\/cameroun\/culture-et-art\/cameroun-enseignement-superieur-luniversite-inter-etats-cameroun-congo-envisage-le-recrutement-de-la-deuxieme-promotion-de-ses-etudiants#breadcrumb"},"inLanguage":"fr-FR","potentialAction":[{"@type":"ReadAction","target":["https:\/\/www.africa-press.net\/cameroun\/culture-et-art\/cameroun-enseignement-superieur-luniversite-inter-etats-cameroun-congo-envisage-le-recrutement-de-la-deuxieme-promotion-de-ses-etudiants"]}]},{"@type":"ImageObject","inLanguage":"fr-FR","@id":"https:\/\/www.africa-press.net\/cameroun\/culture-et-art\/cameroun-enseignement-superieur-luniversite-inter-etats-cameroun-congo-envisage-le-recrutement-de-la-deuxieme-promotion-de-ses-etudiants#primaryimage","url":"https:\/\/static.africa-press.net\/cameroun\/sites\/57\/2021\/04\/img-608340cf9ffbb.jpg","contentUrl":"https:\/\/static.africa-press.net\/cameroun\/sites\/57\/2021\/04\/img-608340cf9ffbb.jpg","width":800,"height":533,"caption":"Cameroun - Enseignement sup\u00e9rieur: L\u2019Universit\u00e9 Inter-Etats Cameroun-Congo envisage le recrutement de la deuxi\u00e8me promotion de ses \u00e9tudiants"},{"@type":"BreadcrumbList","@id":"https:\/\/www.africa-press.net\/cameroun\/culture-et-art\/cameroun-enseignement-superieur-luniversite-inter-etats-cameroun-congo-envisage-le-recrutement-de-la-deuxieme-promotion-de-ses-etudiants#breadcrumb","itemListElement":[{"@type":"ListItem","position":1,"name":"Accueil","item":"https:\/\/www.africa-press.net\/cameroun\/"},{"@type":"ListItem","position":2,"name":"Cameroun &#8211; Enseignement sup\u00e9rieur: L\u2019Universit\u00e9 Inter-Etats Cameroun-Congo envisage le recrutement de la deuxi\u00e8me promotion de ses \u00e9tudiants"}]},{"@type":"WebSite","@id":"https:\/\/www.africa-press.net\/cameroun\/#website","url":"https:\/\/www.africa-press.net\/cameroun\/","name":"Cameroun","description":"Just another Africa News Agency Sites site","potentialAction":[{"@type":"SearchAction","target":{"@type":"EntryPoint","urlTemplate":"https:\/\/www.africa-press.net\/cameroun\/?s={search_term_string}"},"query-input":{"@type":"PropertyValueSpecification","valueRequired":true,"valueName":"search_term_string"}}],"inLanguage":"fr-FR"},{"@type":"Person","@id":"https:\/\/www.africa-press.net\/cameroun\/#\/schema\/person\/2b1cf3cd81a31e3cd26889ca66d677f1","name":"cfeditorfr"}]}},"_links":{"self":[{"href":"https:\/\/www.africa-press.net\/cameroun\/wp-json\/wp\/v2\/posts\/2344","targetHints":{"allow":["GET"]}}],"collection":[{"href":"https:\/\/www.africa-press.net\/cameroun\/wp-json\/wp\/v2\/posts"}],"about":[{"href":"https:\/\/www.africa-press.net\/cameroun\/wp-json\/wp\/v2\/types\/post"}],"author":[{"embeddable":true,"href":"https:\/\/www.africa-press.net\/cameroun\/wp-json\/wp\/v2\/users\/82"}],"replies":[{"embeddable":true,"href":"https:\/\/www.africa-press.net\/cameroun\/wp-json\/wp\/v2\/comments?post=2344"}],"version-history":[{"count":0,"href":"https:\/\/www.africa-press.net\/cameroun\/wp-json\/wp\/v2\/posts\/2344\/revisions"}],"wp:featuredmedia":[{"embeddable":true,"href":"https:\/\/www.africa-press.net\/cameroun\/wp-json\/wp\/v2\/media\/2342"}],"wp:attachment":[{"href":"https:\/\/www.africa-press.net\/cameroun\/wp-json\/wp\/v2\/media?parent=2344"}],"wp:term":[{"taxonomy":"category","embeddable":true,"href":"https:\/\/www.africa-press.net\/cameroun\/wp-json\/wp\/v2\/categories?post=2344"},{"taxonomy":"post_tag","embeddable":true,"href":"https:\/\/www.africa-press.net\/cameroun\/wp-json\/wp\/v2\/tags?post=2344"}],"curies":[{"name":"wp","href":"https:\/\/api.w.org\/{rel}","templated":true}]}}