{"id":23441,"date":"2022-07-13T14:58:24","date_gmt":"2022-07-13T14:58:24","guid":{"rendered":"https:\/\/www.africa-press.net\/cameroun\/politique\/insecurite-le-prefet-du-mfoundi-centre-emmanuel-djikdent-prescrit-la-traque-des-plastiques-noirs-au-lendemain-des-explosions-du-marche-mokolo"},"modified":"2022-07-13T17:08:37","modified_gmt":"2022-07-13T17:08:37","slug":"insecurite-le-prefet-du-mfoundi-centre-emmanuel-djikdent-prescrit-la-traque-des-plastiques-noirs-au-lendemain-des-explosions-du-marche-mokolo","status":"publish","type":"post","link":"https:\/\/www.africa-press.net\/cameroun\/politique\/insecurite-le-prefet-du-mfoundi-centre-emmanuel-djikdent-prescrit-la-traque-des-plastiques-noirs-au-lendemain-des-explosions-du-marche-mokolo","title":{"rendered":"Ins\u00e9curit\u00e9\u00a0: Le Pref\u00e9t du Mfoundi (Centre), Emmanuel Djikdent, prescrit la traque des \u00ab\u00a0plastiques noirs\u00a0\u00bb au lendemain des explosions du march\u00e9 Mokolo"},"content":{"rendered":"<p><span style=\"color: #ff6600\"><strong>Africa-Press &#8211; Cameroun. <\/strong><\/span>La s\u00e9rie d\u2019explosion \u00e0 la bombe artisanale qui s\u2019est produit au march\u00e9 Mokolo \u00e0 Yaound\u00e9 en l\u2019espace de dix jours, a pouss\u00e9 les autorit\u00e9s administratives \u00e0 envisager des mesures coercitives pour anticiper sur d\u2019\u00e9ventuels attaques de ce genre. Le pr\u00e9fet du Mfoundi, Emmanuel Djkdent, a sign\u00e9 le mardi 12 juillet 2022, un arr\u00eat\u00e9 pr\u00e9fectoral interdisant d\u2019effet imm\u00e9diat sur toute \u00ab l\u2019\u00e9tendue du d\u00e9partement du Mfoundi, le d\u00e9p\u00f4t et\/ou l\u2019abandon de colis (sacs, paquets, emballages, plastiques\u2026) dans les lieux publics et milieux ouvert au public \u00bb, lit-on dans le document.<\/p>\n<p>L\u2019administrateur civil principal a en outre charg\u00e9 les forces du maintien de l\u2019ordre \u00e0 proc\u00e9der \u00e0 des fouilles de tout colis ou sac jug\u00e9 suspect, principalement les emballages dit \u00ab plastiques noirs \u00bb, vraisemblablement utilis\u00e9s lors des deux op\u00e9rations \u00e0 la bombe de Mokolo. Cependant, il met en garde toute personne qui serait tent\u00e9 de fouler au pied cette mesure, en pr\u00e9cisant qu\u2019elle sera consid\u00e9r\u00e9e comme \u00ab suspect \u00bb, au m\u00eame titre que \u00ab toute personne qui se r\u00e9jouit des difficult\u00e9s de l\u2019Etat ou souhaite voir l\u2019Etat en difficult\u00e9 \u00bb, rench\u00e9rit le patron du d\u00e9partement du Mfoundi.<\/p>\n<p>Il faut rappeler que le march\u00e9 susmentionn\u00e9 a \u00e9t\u00e9 la cible de deux attaques \u00e0 la bombe artisanale en l\u2019espace de dix jours. La derni\u00e8re s\u2019est produite le mardi 12 juillet 2022, aux environs de 13 heures. Il s\u2019est agi d\u2019une d\u00e9tonation au lieu-dit Sapeurs-Mokolo, \u00e0 proximit\u00e9 du service des Sapeurs-Pompiers. L\u2019on apprendra des sources polici\u00e8res que le dispositif utilis\u00e9 par les auteurs de cet acte a \u00e9t\u00e9 recouvert de plastique noir.<\/p>\n<p><strong>Pour plus d&rsquo;informations et d&rsquo;analyses sur la <a href=\"https:\/\/www.africa-press.net\/cameroun\">Cameroun<\/a>, suivez <a href=\"https:\/\/www.africa-press.net\/\">Africa-Press<\/a><\/strong><\/p>\n","protected":false},"excerpt":{"rendered":"<p>Africa-Press &#8211; Cameroun. La s\u00e9rie d\u2019explosion \u00e0 la bombe artisanale qui s\u2019est produit au march\u00e9 Mokolo \u00e0 Yaound\u00e9 en l\u2019espace de dix jours, a pouss\u00e9 les autorit\u00e9s administratives \u00e0 envisager des mesures coercitives pour anticiper sur d\u2019\u00e9ventuels attaques de ce genre. Le pr\u00e9fet du Mfoundi, Emmanuel Djkdent, a sign\u00e9 le mardi 12 juillet 2022, un [&hellip;]<\/p>\n","protected":false},"author":82,"featured_media":23440,"comment_status":"open","ping_status":"closed","sticky":false,"template":"","format":"standard","meta":{"footnotes":""},"categories":[11,2,10],"tags":[36,50,49],"class_list":["post-23441","post","type-post","status-publish","format-standard","has-post-thumbnail","hentry","category-homepage-french","category-politique","category-toutes-les-actualites","tag-africa-press","tag-africa-press-cameroun","tag-cameroun"],"yoast_head":"<!-- This site is optimized with the Yoast SEO Premium plugin v26.1 (Yoast SEO v27.0) - https:\/\/yoast.com\/product\/yoast-seo-premium-wordpress\/ -->\n<title>Ins\u00e9curit\u00e9\u00a0: Le Pref\u00e9t du Mfoundi (Centre), Emmanuel Djikdent, prescrit la traque des \u00ab\u00a0plastiques noirs\u00a0\u00bb au lendemain des explosions du march\u00e9 Mokolo - Cameroun<\/title>\n<meta name=\"description\" content=\"La s\u00e9rie d\u2019explosion \u00e0 la bombe artisanale qui s\u2019est produit au march\u00e9 Mokolo \u00e0 Yaound\u00e9 en l\u2019espace de dix jours, a pous ...\" \/>\n<meta name=\"robots\" content=\"index, follow, max-snippet:-1, max-image-preview:large, max-video-preview:-1\" \/>\n<link rel=\"canonical\" href=\"https:\/\/www.africa-press.net\/cameroun\/politique\/insecurite-le-prefet-du-mfoundi-centre-emmanuel-djikdent-prescrit-la-traque-des-plastiques-noirs-au-lendemain-des-explosions-du-marche-mokolo\" \/>\n<meta property=\"og:locale\" content=\"fr_FR\" \/>\n<meta property=\"og:type\" content=\"article\" \/>\n<meta property=\"og:title\" content=\"Ins\u00e9curit\u00e9\u00a0: Le Pref\u00e9t du Mfoundi (Centre), Emmanuel Djikdent, prescrit la traque des \u00ab\u00a0plastiques noirs\u00a0\u00bb au lendemain des explosions du march\u00e9 Mokolo\" \/>\n<meta property=\"og:description\" content=\"La s\u00e9rie d\u2019explosion \u00e0 la bombe artisanale qui s\u2019est produit au march\u00e9 Mokolo \u00e0 Yaound\u00e9 en l\u2019espace de dix jours, a pous ...\" \/>\n<meta property=\"og:url\" content=\"https:\/\/www.africa-press.net\/cameroun\/politique\/insecurite-le-prefet-du-mfoundi-centre-emmanuel-djikdent-prescrit-la-traque-des-plastiques-noirs-au-lendemain-des-explosions-du-marche-mokolo\" \/>\n<meta property=\"og:site_name\" content=\"Cameroun\" \/>\n<meta property=\"article:published_time\" content=\"2022-07-13T14:58:24+00:00\" \/>\n<meta property=\"article:modified_time\" content=\"2022-07-13T17:08:37+00:00\" \/>\n<meta property=\"og:image\" content=\"https:\/\/static.africa-press.net\/cameroun\/sites\/57\/2022\/07\/img-62cefbfec5303.jpg\" \/>\n\t<meta property=\"og:image:width\" content=\"800\" \/>\n\t<meta property=\"og:image:height\" content=\"362\" \/>\n\t<meta property=\"og:image:type\" content=\"image\/jpeg\" \/>\n<meta name=\"author\" content=\"cfeditorfr\" \/>\n<meta name=\"twitter:card\" content=\"summary_large_image\" \/>\n<meta name=\"twitter:label1\" content=\"\u00c9crit par\" \/>\n\t<meta name=\"twitter:data1\" content=\"cfeditorfr\" \/>\n\t<meta name=\"twitter:label2\" content=\"Dur\u00e9e de lecture estim\u00e9e\" \/>\n\t<meta name=\"twitter:data2\" content=\"1 minute\" \/>\n<script type=\"application\/ld+json\" class=\"yoast-schema-graph\">{\"@context\":\"https:\/\/schema.org\",\"@graph\":[{\"@type\":\"Article\",\"@id\":\"https:\/\/www.africa-press.net\/cameroun\/politique\/insecurite-le-prefet-du-mfoundi-centre-emmanuel-djikdent-prescrit-la-traque-des-plastiques-noirs-au-lendemain-des-explosions-du-marche-mokolo#article\",\"isPartOf\":{\"@id\":\"https:\/\/www.africa-press.net\/cameroun\/politique\/insecurite-le-prefet-du-mfoundi-centre-emmanuel-djikdent-prescrit-la-traque-des-plastiques-noirs-au-lendemain-des-explosions-du-marche-mokolo\"},\"author\":{\"name\":\"cfeditorfr\",\"@id\":\"https:\/\/www.africa-press.net\/cameroun\/#\/schema\/person\/2b1cf3cd81a31e3cd26889ca66d677f1\"},\"headline\":\"Ins\u00e9curit\u00e9\u00a0: Le Pref\u00e9t du Mfoundi (Centre), Emmanuel Djikdent, prescrit la traque des \u00ab\u00a0plastiques noirs\u00a0\u00bb au lendemain des explosions du march\u00e9 Mokolo\",\"datePublished\":\"2022-07-13T14:58:24+00:00\",\"dateModified\":\"2022-07-13T17:08:37+00:00\",\"mainEntityOfPage\":{\"@id\":\"https:\/\/www.africa-press.net\/cameroun\/politique\/insecurite-le-prefet-du-mfoundi-centre-emmanuel-djikdent-prescrit-la-traque-des-plastiques-noirs-au-lendemain-des-explosions-du-marche-mokolo\"},\"wordCount\":316,\"commentCount\":0,\"image\":{\"@id\":\"https:\/\/www.africa-press.net\/cameroun\/politique\/insecurite-le-prefet-du-mfoundi-centre-emmanuel-djikdent-prescrit-la-traque-des-plastiques-noirs-au-lendemain-des-explosions-du-marche-mokolo#primaryimage\"},\"thumbnailUrl\":\"https:\/\/static.africa-press.net\/cameroun\/sites\/57\/2022\/07\/img-62cefbfec5303.jpg\",\"keywords\":[\"Africa Press\",\"Africa Press-Cameroun\",\"Cameroun\"],\"articleSection\":[\"homepage-french\",\"Politique\",\"Toutes les actualit\u00e9s\"],\"inLanguage\":\"fr-FR\",\"potentialAction\":[{\"@type\":\"CommentAction\",\"name\":\"Comment\",\"target\":[\"https:\/\/www.africa-press.net\/cameroun\/politique\/insecurite-le-prefet-du-mfoundi-centre-emmanuel-djikdent-prescrit-la-traque-des-plastiques-noirs-au-lendemain-des-explosions-du-marche-mokolo#respond\"]}]},{\"@type\":\"WebPage\",\"@id\":\"https:\/\/www.africa-press.net\/cameroun\/politique\/insecurite-le-prefet-du-mfoundi-centre-emmanuel-djikdent-prescrit-la-traque-des-plastiques-noirs-au-lendemain-des-explosions-du-marche-mokolo\",\"url\":\"https:\/\/www.africa-press.net\/cameroun\/politique\/insecurite-le-prefet-du-mfoundi-centre-emmanuel-djikdent-prescrit-la-traque-des-plastiques-noirs-au-lendemain-des-explosions-du-marche-mokolo\",\"name\":\"Ins\u00e9curit\u00e9\u00a0: Le Pref\u00e9t du Mfoundi (Centre), Emmanuel Djikdent, prescrit la traque des \u00ab\u00a0plastiques noirs\u00a0\u00bb au lendemain des explosions du march\u00e9 Mokolo - Cameroun\",\"isPartOf\":{\"@id\":\"https:\/\/www.africa-press.net\/cameroun\/#website\"},\"primaryImageOfPage\":{\"@id\":\"https:\/\/www.africa-press.net\/cameroun\/politique\/insecurite-le-prefet-du-mfoundi-centre-emmanuel-djikdent-prescrit-la-traque-des-plastiques-noirs-au-lendemain-des-explosions-du-marche-mokolo#primaryimage\"},\"image\":{\"@id\":\"https:\/\/www.africa-press.net\/cameroun\/politique\/insecurite-le-prefet-du-mfoundi-centre-emmanuel-djikdent-prescrit-la-traque-des-plastiques-noirs-au-lendemain-des-explosions-du-marche-mokolo#primaryimage\"},\"thumbnailUrl\":\"https:\/\/static.africa-press.net\/cameroun\/sites\/57\/2022\/07\/img-62cefbfec5303.jpg\",\"datePublished\":\"2022-07-13T14:58:24+00:00\",\"dateModified\":\"2022-07-13T17:08:37+00:00\",\"author\":{\"@id\":\"https:\/\/www.africa-press.net\/cameroun\/#\/schema\/person\/2b1cf3cd81a31e3cd26889ca66d677f1\"},\"description\":\"La s\u00e9rie d\u2019explosion \u00e0 la bombe artisanale qui s\u2019est produit au march\u00e9 Mokolo \u00e0 Yaound\u00e9 en l\u2019espace de dix jours, a pous ...\",\"breadcrumb\":{\"@id\":\"https:\/\/www.africa-press.net\/cameroun\/politique\/insecurite-le-prefet-du-mfoundi-centre-emmanuel-djikdent-prescrit-la-traque-des-plastiques-noirs-au-lendemain-des-explosions-du-marche-mokolo#breadcrumb\"},\"inLanguage\":\"fr-FR\",\"potentialAction\":[{\"@type\":\"ReadAction\",\"target\":[\"https:\/\/www.africa-press.net\/cameroun\/politique\/insecurite-le-prefet-du-mfoundi-centre-emmanuel-djikdent-prescrit-la-traque-des-plastiques-noirs-au-lendemain-des-explosions-du-marche-mokolo\"]}]},{\"@type\":\"ImageObject\",\"inLanguage\":\"fr-FR\",\"@id\":\"https:\/\/www.africa-press.net\/cameroun\/politique\/insecurite-le-prefet-du-mfoundi-centre-emmanuel-djikdent-prescrit-la-traque-des-plastiques-noirs-au-lendemain-des-explosions-du-marche-mokolo#primaryimage\",\"url\":\"https:\/\/static.africa-press.net\/cameroun\/sites\/57\/2022\/07\/img-62cefbfec5303.jpg\",\"contentUrl\":\"https:\/\/static.africa-press.net\/cameroun\/sites\/57\/2022\/07\/img-62cefbfec5303.jpg\",\"width\":800,\"height\":362,\"caption\":\"Ins\u00e9curit\u00e9\u00a0: Le Pref\u00e9t du Mfoundi (Centre), Emmanuel Djikdent, prescrit la traque des \u00ab\u00a0plastiques noirs\u00a0\u00bb au lendemain des explosions du march\u00e9 Mokolo\"},{\"@type\":\"BreadcrumbList\",\"@id\":\"https:\/\/www.africa-press.net\/cameroun\/politique\/insecurite-le-prefet-du-mfoundi-centre-emmanuel-djikdent-prescrit-la-traque-des-plastiques-noirs-au-lendemain-des-explosions-du-marche-mokolo#breadcrumb\",\"itemListElement\":[{\"@type\":\"ListItem\",\"position\":1,\"name\":\"Accueil\",\"item\":\"https:\/\/www.africa-press.net\/cameroun\/\"},{\"@type\":\"ListItem\",\"position\":2,\"name\":\"Ins\u00e9curit\u00e9\u00a0: Le Pref\u00e9t du Mfoundi (Centre), Emmanuel Djikdent, prescrit la traque des \u00ab\u00a0plastiques noirs\u00a0\u00bb au lendemain des explosions du march\u00e9 Mokolo\"}]},{\"@type\":\"WebSite\",\"@id\":\"https:\/\/www.africa-press.net\/cameroun\/#website\",\"url\":\"https:\/\/www.africa-press.net\/cameroun\/\",\"name\":\"Cameroun\",\"description\":\"Just another Africa News Agency Sites site\",\"potentialAction\":[{\"@type\":\"SearchAction\",\"target\":{\"@type\":\"EntryPoint\",\"urlTemplate\":\"https:\/\/www.africa-press.net\/cameroun\/?s={search_term_string}\"},\"query-input\":{\"@type\":\"PropertyValueSpecification\",\"valueRequired\":true,\"valueName\":\"search_term_string\"}}],\"inLanguage\":\"fr-FR\"},{\"@type\":\"Person\",\"@id\":\"https:\/\/www.africa-press.net\/cameroun\/#\/schema\/person\/2b1cf3cd81a31e3cd26889ca66d677f1\",\"name\":\"cfeditorfr\"}]}<\/script>\n<!-- \/ Yoast SEO Premium plugin. -->","yoast_head_json":{"title":"Ins\u00e9curit\u00e9\u00a0: Le Pref\u00e9t du Mfoundi (Centre), Emmanuel Djikdent, prescrit la traque des \u00ab\u00a0plastiques noirs\u00a0\u00bb au lendemain des explosions du march\u00e9 Mokolo - Cameroun","description":"La s\u00e9rie d\u2019explosion \u00e0 la bombe artisanale qui s\u2019est produit au march\u00e9 Mokolo \u00e0 Yaound\u00e9 en l\u2019espace de dix jours, a pous ...","robots":{"index":"index","follow":"follow","max-snippet":"max-snippet:-1","max-image-preview":"max-image-preview:large","max-video-preview":"max-video-preview:-1"},"canonical":"https:\/\/www.africa-press.net\/cameroun\/politique\/insecurite-le-prefet-du-mfoundi-centre-emmanuel-djikdent-prescrit-la-traque-des-plastiques-noirs-au-lendemain-des-explosions-du-marche-mokolo","og_locale":"fr_FR","og_type":"article","og_title":"Ins\u00e9curit\u00e9\u00a0: Le Pref\u00e9t du Mfoundi (Centre), Emmanuel Djikdent, prescrit la traque des \u00ab\u00a0plastiques noirs\u00a0\u00bb au lendemain des explosions du march\u00e9 Mokolo","og_description":"La s\u00e9rie d\u2019explosion \u00e0 la bombe artisanale qui s\u2019est produit au march\u00e9 Mokolo \u00e0 Yaound\u00e9 en l\u2019espace de dix jours, a pous ...","og_url":"https:\/\/www.africa-press.net\/cameroun\/politique\/insecurite-le-prefet-du-mfoundi-centre-emmanuel-djikdent-prescrit-la-traque-des-plastiques-noirs-au-lendemain-des-explosions-du-marche-mokolo","og_site_name":"Cameroun","article_published_time":"2022-07-13T14:58:24+00:00","article_modified_time":"2022-07-13T17:08:37+00:00","og_image":[{"width":800,"height":362,"url":"https:\/\/static.africa-press.net\/cameroun\/sites\/57\/2022\/07\/img-62cefbfec5303.jpg","type":"image\/jpeg"}],"author":"cfeditorfr","twitter_card":"summary_large_image","twitter_misc":{"\u00c9crit par":"cfeditorfr","Dur\u00e9e de lecture estim\u00e9e":"1 minute"},"schema":{"@context":"https:\/\/schema.org","@graph":[{"@type":"Article","@id":"https:\/\/www.africa-press.net\/cameroun\/politique\/insecurite-le-prefet-du-mfoundi-centre-emmanuel-djikdent-prescrit-la-traque-des-plastiques-noirs-au-lendemain-des-explosions-du-marche-mokolo#article","isPartOf":{"@id":"https:\/\/www.africa-press.net\/cameroun\/politique\/insecurite-le-prefet-du-mfoundi-centre-emmanuel-djikdent-prescrit-la-traque-des-plastiques-noirs-au-lendemain-des-explosions-du-marche-mokolo"},"author":{"name":"cfeditorfr","@id":"https:\/\/www.africa-press.net\/cameroun\/#\/schema\/person\/2b1cf3cd81a31e3cd26889ca66d677f1"},"headline":"Ins\u00e9curit\u00e9\u00a0: Le Pref\u00e9t du Mfoundi (Centre), Emmanuel Djikdent, prescrit la traque des \u00ab\u00a0plastiques noirs\u00a0\u00bb au lendemain des explosions du march\u00e9 Mokolo","datePublished":"2022-07-13T14:58:24+00:00","dateModified":"2022-07-13T17:08:37+00:00","mainEntityOfPage":{"@id":"https:\/\/www.africa-press.net\/cameroun\/politique\/insecurite-le-prefet-du-mfoundi-centre-emmanuel-djikdent-prescrit-la-traque-des-plastiques-noirs-au-lendemain-des-explosions-du-marche-mokolo"},"wordCount":316,"commentCount":0,"image":{"@id":"https:\/\/www.africa-press.net\/cameroun\/politique\/insecurite-le-prefet-du-mfoundi-centre-emmanuel-djikdent-prescrit-la-traque-des-plastiques-noirs-au-lendemain-des-explosions-du-marche-mokolo#primaryimage"},"thumbnailUrl":"https:\/\/static.africa-press.net\/cameroun\/sites\/57\/2022\/07\/img-62cefbfec5303.jpg","keywords":["Africa Press","Africa Press-Cameroun","Cameroun"],"articleSection":["homepage-french","Politique","Toutes les actualit\u00e9s"],"inLanguage":"fr-FR","potentialAction":[{"@type":"CommentAction","name":"Comment","target":["https:\/\/www.africa-press.net\/cameroun\/politique\/insecurite-le-prefet-du-mfoundi-centre-emmanuel-djikdent-prescrit-la-traque-des-plastiques-noirs-au-lendemain-des-explosions-du-marche-mokolo#respond"]}]},{"@type":"WebPage","@id":"https:\/\/www.africa-press.net\/cameroun\/politique\/insecurite-le-prefet-du-mfoundi-centre-emmanuel-djikdent-prescrit-la-traque-des-plastiques-noirs-au-lendemain-des-explosions-du-marche-mokolo","url":"https:\/\/www.africa-press.net\/cameroun\/politique\/insecurite-le-prefet-du-mfoundi-centre-emmanuel-djikdent-prescrit-la-traque-des-plastiques-noirs-au-lendemain-des-explosions-du-marche-mokolo","name":"Ins\u00e9curit\u00e9\u00a0: Le Pref\u00e9t du Mfoundi (Centre), Emmanuel Djikdent, prescrit la traque des \u00ab\u00a0plastiques noirs\u00a0\u00bb au lendemain des explosions du march\u00e9 Mokolo - Cameroun","isPartOf":{"@id":"https:\/\/www.africa-press.net\/cameroun\/#website"},"primaryImageOfPage":{"@id":"https:\/\/www.africa-press.net\/cameroun\/politique\/insecurite-le-prefet-du-mfoundi-centre-emmanuel-djikdent-prescrit-la-traque-des-plastiques-noirs-au-lendemain-des-explosions-du-marche-mokolo#primaryimage"},"image":{"@id":"https:\/\/www.africa-press.net\/cameroun\/politique\/insecurite-le-prefet-du-mfoundi-centre-emmanuel-djikdent-prescrit-la-traque-des-plastiques-noirs-au-lendemain-des-explosions-du-marche-mokolo#primaryimage"},"thumbnailUrl":"https:\/\/static.africa-press.net\/cameroun\/sites\/57\/2022\/07\/img-62cefbfec5303.jpg","datePublished":"2022-07-13T14:58:24+00:00","dateModified":"2022-07-13T17:08:37+00:00","author":{"@id":"https:\/\/www.africa-press.net\/cameroun\/#\/schema\/person\/2b1cf3cd81a31e3cd26889ca66d677f1"},"description":"La s\u00e9rie d\u2019explosion \u00e0 la bombe artisanale qui s\u2019est produit au march\u00e9 Mokolo \u00e0 Yaound\u00e9 en l\u2019espace de dix jours, a pous ...","breadcrumb":{"@id":"https:\/\/www.africa-press.net\/cameroun\/politique\/insecurite-le-prefet-du-mfoundi-centre-emmanuel-djikdent-prescrit-la-traque-des-plastiques-noirs-au-lendemain-des-explosions-du-marche-mokolo#breadcrumb"},"inLanguage":"fr-FR","potentialAction":[{"@type":"ReadAction","target":["https:\/\/www.africa-press.net\/cameroun\/politique\/insecurite-le-prefet-du-mfoundi-centre-emmanuel-djikdent-prescrit-la-traque-des-plastiques-noirs-au-lendemain-des-explosions-du-marche-mokolo"]}]},{"@type":"ImageObject","inLanguage":"fr-FR","@id":"https:\/\/www.africa-press.net\/cameroun\/politique\/insecurite-le-prefet-du-mfoundi-centre-emmanuel-djikdent-prescrit-la-traque-des-plastiques-noirs-au-lendemain-des-explosions-du-marche-mokolo#primaryimage","url":"https:\/\/static.africa-press.net\/cameroun\/sites\/57\/2022\/07\/img-62cefbfec5303.jpg","contentUrl":"https:\/\/static.africa-press.net\/cameroun\/sites\/57\/2022\/07\/img-62cefbfec5303.jpg","width":800,"height":362,"caption":"Ins\u00e9curit\u00e9\u00a0: Le Pref\u00e9t du Mfoundi (Centre), Emmanuel Djikdent, prescrit la traque des \u00ab\u00a0plastiques noirs\u00a0\u00bb au lendemain des explosions du march\u00e9 Mokolo"},{"@type":"BreadcrumbList","@id":"https:\/\/www.africa-press.net\/cameroun\/politique\/insecurite-le-prefet-du-mfoundi-centre-emmanuel-djikdent-prescrit-la-traque-des-plastiques-noirs-au-lendemain-des-explosions-du-marche-mokolo#breadcrumb","itemListElement":[{"@type":"ListItem","position":1,"name":"Accueil","item":"https:\/\/www.africa-press.net\/cameroun\/"},{"@type":"ListItem","position":2,"name":"Ins\u00e9curit\u00e9\u00a0: Le Pref\u00e9t du Mfoundi (Centre), Emmanuel Djikdent, prescrit la traque des \u00ab\u00a0plastiques noirs\u00a0\u00bb au lendemain des explosions du march\u00e9 Mokolo"}]},{"@type":"WebSite","@id":"https:\/\/www.africa-press.net\/cameroun\/#website","url":"https:\/\/www.africa-press.net\/cameroun\/","name":"Cameroun","description":"Just another Africa News Agency Sites site","potentialAction":[{"@type":"SearchAction","target":{"@type":"EntryPoint","urlTemplate":"https:\/\/www.africa-press.net\/cameroun\/?s={search_term_string}"},"query-input":{"@type":"PropertyValueSpecification","valueRequired":true,"valueName":"search_term_string"}}],"inLanguage":"fr-FR"},{"@type":"Person","@id":"https:\/\/www.africa-press.net\/cameroun\/#\/schema\/person\/2b1cf3cd81a31e3cd26889ca66d677f1","name":"cfeditorfr"}]}},"_links":{"self":[{"href":"https:\/\/www.africa-press.net\/cameroun\/wp-json\/wp\/v2\/posts\/23441","targetHints":{"allow":["GET"]}}],"collection":[{"href":"https:\/\/www.africa-press.net\/cameroun\/wp-json\/wp\/v2\/posts"}],"about":[{"href":"https:\/\/www.africa-press.net\/cameroun\/wp-json\/wp\/v2\/types\/post"}],"author":[{"embeddable":true,"href":"https:\/\/www.africa-press.net\/cameroun\/wp-json\/wp\/v2\/users\/82"}],"replies":[{"embeddable":true,"href":"https:\/\/www.africa-press.net\/cameroun\/wp-json\/wp\/v2\/comments?post=23441"}],"version-history":[{"count":0,"href":"https:\/\/www.africa-press.net\/cameroun\/wp-json\/wp\/v2\/posts\/23441\/revisions"}],"wp:featuredmedia":[{"embeddable":true,"href":"https:\/\/www.africa-press.net\/cameroun\/wp-json\/wp\/v2\/media\/23440"}],"wp:attachment":[{"href":"https:\/\/www.africa-press.net\/cameroun\/wp-json\/wp\/v2\/media?parent=23441"}],"wp:term":[{"taxonomy":"category","embeddable":true,"href":"https:\/\/www.africa-press.net\/cameroun\/wp-json\/wp\/v2\/categories?post=23441"},{"taxonomy":"post_tag","embeddable":true,"href":"https:\/\/www.africa-press.net\/cameroun\/wp-json\/wp\/v2\/tags?post=23441"}],"curies":[{"name":"wp","href":"https:\/\/api.w.org\/{rel}","templated":true}]}}