{"id":23444,"date":"2022-07-13T15:06:56","date_gmt":"2022-07-13T15:06:56","guid":{"rendered":"https:\/\/www.africa-press.net\/cameroun\/politique\/diplomatie-le-president-francais-emmanuel-macron-annonce-au-cameroun"},"modified":"2022-07-13T17:09:12","modified_gmt":"2022-07-13T17:09:12","slug":"diplomatie-le-president-francais-emmanuel-macron-annonce-au-cameroun","status":"publish","type":"post","link":"https:\/\/www.africa-press.net\/cameroun\/politique\/diplomatie-le-president-francais-emmanuel-macron-annonce-au-cameroun","title":{"rendered":"Diplomatie: Le pr\u00e9sident fran\u00e7ais Emmanuel Macron annonc\u00e9 au Cameroun"},"content":{"rendered":"<p><span style=\"color: #ff6600\"><strong>Africa-Press &#8211; Cameroun. <\/strong><\/span>Le journal panafricain Jeune Afrique dans sa version en ligne annonce que le pr\u00e9sident fran\u00e7ais Emmanuel Macron pourrait effectuer une visite officielle au Cameroun le 26 juillet 2022, \u00e0 l\u2019occasion de son premier voyage en Afrique au lendemain de sa r\u00e9\u00e9lection \u00e0 l\u2019Elys\u00e9e en avril dernier. L\u2019information n\u2019est pas encore officielle car, les \u00ab commissions techniques discutent encore des programmes \u00bb, apprend-on.<\/p>\n<p>Si les parties venaient \u00e0 s\u2019accorder sur les programmes et les sujets qui meubleront les \u00e9changes entre le chef de l\u2019Etat fran\u00e7ais et son homologue camerounais Paul Biya, cette visite sera cal\u00e9e \u00e0 cette date. Le lendemain, Emmanuel Macron devra \u00e9galement se rendre au B\u00e9nin. Jeune Afrique croit savoir qu\u2019une troisi\u00e8me halte est \u00e9galement pr\u00e9vue dans ce voyage pr\u00e9sidentiel, et qu\u2019il se rendra dans un pays non francophone. Le choix se fera entre le Ghana et la Guin\u00e9e-Bissau.<\/p>\n<p>C\u2019est donc finalement pendant son deuxi\u00e8me mandat que Macron va visiter le Cameroun, emboitant ainsi le pas \u00e0 son pr\u00e9d\u00e9cesseur Fran\u00e7ois Hollande, et perp\u00e9tuant ainsi une vielle tradition qui marine les relations diplomatiques entre le Cameroun et la France.<\/p>\n<p><strong>Pour plus d&rsquo;informations et d&rsquo;analyses sur la <a href=\"https:\/\/www.africa-press.net\/cameroun\">Cameroun<\/a>, suivez <a href=\"https:\/\/www.africa-press.net\/\">Africa-Press<\/a><\/strong><\/p>\n","protected":false},"excerpt":{"rendered":"<p>Africa-Press &#8211; Cameroun. Le journal panafricain Jeune Afrique dans sa version en ligne annonce que le pr\u00e9sident fran\u00e7ais Emmanuel Macron pourrait effectuer une visite officielle au Cameroun le 26 juillet 2022, \u00e0 l\u2019occasion de son premier voyage en Afrique au lendemain de sa r\u00e9\u00e9lection \u00e0 l\u2019Elys\u00e9e en avril dernier. L\u2019information n\u2019est pas encore officielle car, [&hellip;]<\/p>\n","protected":false},"author":82,"featured_media":23443,"comment_status":"open","ping_status":"closed","sticky":false,"template":"","format":"standard","meta":{"footnotes":""},"categories":[11,2,20,10],"tags":[36,50,49],"class_list":["post-23444","post","type-post","status-publish","format-standard","has-post-thumbnail","hentry","category-homepage-french","category-politique","category-top-nouvelles","category-toutes-les-actualites","tag-africa-press","tag-africa-press-cameroun","tag-cameroun"],"yoast_head":"<!-- This site is optimized with the Yoast SEO Premium plugin v26.1 (Yoast SEO v27.0) - https:\/\/yoast.com\/product\/yoast-seo-premium-wordpress\/ -->\n<title>Diplomatie: Le pr\u00e9sident fran\u00e7ais Emmanuel Macron annonc\u00e9 au Cameroun - Cameroun<\/title>\n<meta name=\"description\" content=\"Le journal panafricain Jeune Afrique dans sa version en ligne annonce que le pr\u00e9sident fran\u00e7ais Emmanuel Macron pourrait ...\" \/>\n<meta name=\"robots\" content=\"index, follow, max-snippet:-1, max-image-preview:large, max-video-preview:-1\" \/>\n<link rel=\"canonical\" href=\"https:\/\/www.africa-press.net\/cameroun\/politique\/diplomatie-le-president-francais-emmanuel-macron-annonce-au-cameroun\" \/>\n<meta property=\"og:locale\" content=\"fr_FR\" \/>\n<meta property=\"og:type\" content=\"article\" \/>\n<meta property=\"og:title\" content=\"Diplomatie: Le pr\u00e9sident fran\u00e7ais Emmanuel Macron annonc\u00e9 au Cameroun\" \/>\n<meta property=\"og:description\" content=\"Le journal panafricain Jeune Afrique dans sa version en ligne annonce que le pr\u00e9sident fran\u00e7ais Emmanuel Macron pourrait ...\" \/>\n<meta property=\"og:url\" content=\"https:\/\/www.africa-press.net\/cameroun\/politique\/diplomatie-le-president-francais-emmanuel-macron-annonce-au-cameroun\" \/>\n<meta property=\"og:site_name\" content=\"Cameroun\" \/>\n<meta property=\"article:published_time\" content=\"2022-07-13T15:06:56+00:00\" \/>\n<meta property=\"article:modified_time\" content=\"2022-07-13T17:09:12+00:00\" \/>\n<meta property=\"og:image\" content=\"https:\/\/static.africa-press.net\/cameroun\/sites\/57\/2022\/07\/img-62cefc1e2477e.jpg\" \/>\n\t<meta property=\"og:image:width\" content=\"800\" \/>\n\t<meta property=\"og:image:height\" content=\"448\" \/>\n\t<meta property=\"og:image:type\" content=\"image\/jpeg\" \/>\n<meta name=\"author\" content=\"cfeditorfr\" \/>\n<meta name=\"twitter:card\" content=\"summary_large_image\" \/>\n<meta name=\"twitter:label1\" content=\"\u00c9crit par\" \/>\n\t<meta name=\"twitter:data1\" content=\"cfeditorfr\" \/>\n\t<meta name=\"twitter:label2\" content=\"Dur\u00e9e de lecture estim\u00e9e\" \/>\n\t<meta name=\"twitter:data2\" content=\"1 minute\" \/>\n<script type=\"application\/ld+json\" class=\"yoast-schema-graph\">{\"@context\":\"https:\/\/schema.org\",\"@graph\":[{\"@type\":\"Article\",\"@id\":\"https:\/\/www.africa-press.net\/cameroun\/politique\/diplomatie-le-president-francais-emmanuel-macron-annonce-au-cameroun#article\",\"isPartOf\":{\"@id\":\"https:\/\/www.africa-press.net\/cameroun\/politique\/diplomatie-le-president-francais-emmanuel-macron-annonce-au-cameroun\"},\"author\":{\"name\":\"cfeditorfr\",\"@id\":\"https:\/\/www.africa-press.net\/cameroun\/#\/schema\/person\/2b1cf3cd81a31e3cd26889ca66d677f1\"},\"headline\":\"Diplomatie: Le pr\u00e9sident fran\u00e7ais Emmanuel Macron annonc\u00e9 au Cameroun\",\"datePublished\":\"2022-07-13T15:06:56+00:00\",\"dateModified\":\"2022-07-13T17:09:12+00:00\",\"mainEntityOfPage\":{\"@id\":\"https:\/\/www.africa-press.net\/cameroun\/politique\/diplomatie-le-president-francais-emmanuel-macron-annonce-au-cameroun\"},\"wordCount\":221,\"commentCount\":0,\"image\":{\"@id\":\"https:\/\/www.africa-press.net\/cameroun\/politique\/diplomatie-le-president-francais-emmanuel-macron-annonce-au-cameroun#primaryimage\"},\"thumbnailUrl\":\"https:\/\/static.africa-press.net\/cameroun\/sites\/57\/2022\/07\/img-62cefc1e2477e.jpg\",\"keywords\":[\"Africa Press\",\"Africa Press-Cameroun\",\"Cameroun\"],\"articleSection\":[\"homepage-french\",\"Politique\",\"Top Nouvelles\",\"Toutes les actualit\u00e9s\"],\"inLanguage\":\"fr-FR\",\"potentialAction\":[{\"@type\":\"CommentAction\",\"name\":\"Comment\",\"target\":[\"https:\/\/www.africa-press.net\/cameroun\/politique\/diplomatie-le-president-francais-emmanuel-macron-annonce-au-cameroun#respond\"]}]},{\"@type\":\"WebPage\",\"@id\":\"https:\/\/www.africa-press.net\/cameroun\/politique\/diplomatie-le-president-francais-emmanuel-macron-annonce-au-cameroun\",\"url\":\"https:\/\/www.africa-press.net\/cameroun\/politique\/diplomatie-le-president-francais-emmanuel-macron-annonce-au-cameroun\",\"name\":\"Diplomatie: Le pr\u00e9sident fran\u00e7ais Emmanuel Macron annonc\u00e9 au Cameroun - Cameroun\",\"isPartOf\":{\"@id\":\"https:\/\/www.africa-press.net\/cameroun\/#website\"},\"primaryImageOfPage\":{\"@id\":\"https:\/\/www.africa-press.net\/cameroun\/politique\/diplomatie-le-president-francais-emmanuel-macron-annonce-au-cameroun#primaryimage\"},\"image\":{\"@id\":\"https:\/\/www.africa-press.net\/cameroun\/politique\/diplomatie-le-president-francais-emmanuel-macron-annonce-au-cameroun#primaryimage\"},\"thumbnailUrl\":\"https:\/\/static.africa-press.net\/cameroun\/sites\/57\/2022\/07\/img-62cefc1e2477e.jpg\",\"datePublished\":\"2022-07-13T15:06:56+00:00\",\"dateModified\":\"2022-07-13T17:09:12+00:00\",\"author\":{\"@id\":\"https:\/\/www.africa-press.net\/cameroun\/#\/schema\/person\/2b1cf3cd81a31e3cd26889ca66d677f1\"},\"description\":\"Le journal panafricain Jeune Afrique dans sa version en ligne annonce que le pr\u00e9sident fran\u00e7ais Emmanuel Macron pourrait ...\",\"breadcrumb\":{\"@id\":\"https:\/\/www.africa-press.net\/cameroun\/politique\/diplomatie-le-president-francais-emmanuel-macron-annonce-au-cameroun#breadcrumb\"},\"inLanguage\":\"fr-FR\",\"potentialAction\":[{\"@type\":\"ReadAction\",\"target\":[\"https:\/\/www.africa-press.net\/cameroun\/politique\/diplomatie-le-president-francais-emmanuel-macron-annonce-au-cameroun\"]}]},{\"@type\":\"ImageObject\",\"inLanguage\":\"fr-FR\",\"@id\":\"https:\/\/www.africa-press.net\/cameroun\/politique\/diplomatie-le-president-francais-emmanuel-macron-annonce-au-cameroun#primaryimage\",\"url\":\"https:\/\/static.africa-press.net\/cameroun\/sites\/57\/2022\/07\/img-62cefc1e2477e.jpg\",\"contentUrl\":\"https:\/\/static.africa-press.net\/cameroun\/sites\/57\/2022\/07\/img-62cefc1e2477e.jpg\",\"width\":800,\"height\":448,\"caption\":\"Diplomatie: Le pr\u00e9sident fran\u00e7ais Emmanuel Macron annonc\u00e9 au Cameroun\"},{\"@type\":\"BreadcrumbList\",\"@id\":\"https:\/\/www.africa-press.net\/cameroun\/politique\/diplomatie-le-president-francais-emmanuel-macron-annonce-au-cameroun#breadcrumb\",\"itemListElement\":[{\"@type\":\"ListItem\",\"position\":1,\"name\":\"Accueil\",\"item\":\"https:\/\/www.africa-press.net\/cameroun\/\"},{\"@type\":\"ListItem\",\"position\":2,\"name\":\"Diplomatie: Le pr\u00e9sident fran\u00e7ais Emmanuel Macron annonc\u00e9 au Cameroun\"}]},{\"@type\":\"WebSite\",\"@id\":\"https:\/\/www.africa-press.net\/cameroun\/#website\",\"url\":\"https:\/\/www.africa-press.net\/cameroun\/\",\"name\":\"Cameroun\",\"description\":\"Just another Africa News Agency Sites site\",\"potentialAction\":[{\"@type\":\"SearchAction\",\"target\":{\"@type\":\"EntryPoint\",\"urlTemplate\":\"https:\/\/www.africa-press.net\/cameroun\/?s={search_term_string}\"},\"query-input\":{\"@type\":\"PropertyValueSpecification\",\"valueRequired\":true,\"valueName\":\"search_term_string\"}}],\"inLanguage\":\"fr-FR\"},{\"@type\":\"Person\",\"@id\":\"https:\/\/www.africa-press.net\/cameroun\/#\/schema\/person\/2b1cf3cd81a31e3cd26889ca66d677f1\",\"name\":\"cfeditorfr\"}]}<\/script>\n<!-- \/ Yoast SEO Premium plugin. -->","yoast_head_json":{"title":"Diplomatie: Le pr\u00e9sident fran\u00e7ais Emmanuel Macron annonc\u00e9 au Cameroun - Cameroun","description":"Le journal panafricain Jeune Afrique dans sa version en ligne annonce que le pr\u00e9sident fran\u00e7ais Emmanuel Macron pourrait ...","robots":{"index":"index","follow":"follow","max-snippet":"max-snippet:-1","max-image-preview":"max-image-preview:large","max-video-preview":"max-video-preview:-1"},"canonical":"https:\/\/www.africa-press.net\/cameroun\/politique\/diplomatie-le-president-francais-emmanuel-macron-annonce-au-cameroun","og_locale":"fr_FR","og_type":"article","og_title":"Diplomatie: Le pr\u00e9sident fran\u00e7ais Emmanuel Macron annonc\u00e9 au Cameroun","og_description":"Le journal panafricain Jeune Afrique dans sa version en ligne annonce que le pr\u00e9sident fran\u00e7ais Emmanuel Macron pourrait ...","og_url":"https:\/\/www.africa-press.net\/cameroun\/politique\/diplomatie-le-president-francais-emmanuel-macron-annonce-au-cameroun","og_site_name":"Cameroun","article_published_time":"2022-07-13T15:06:56+00:00","article_modified_time":"2022-07-13T17:09:12+00:00","og_image":[{"width":800,"height":448,"url":"https:\/\/static.africa-press.net\/cameroun\/sites\/57\/2022\/07\/img-62cefc1e2477e.jpg","type":"image\/jpeg"}],"author":"cfeditorfr","twitter_card":"summary_large_image","twitter_misc":{"\u00c9crit par":"cfeditorfr","Dur\u00e9e de lecture estim\u00e9e":"1 minute"},"schema":{"@context":"https:\/\/schema.org","@graph":[{"@type":"Article","@id":"https:\/\/www.africa-press.net\/cameroun\/politique\/diplomatie-le-president-francais-emmanuel-macron-annonce-au-cameroun#article","isPartOf":{"@id":"https:\/\/www.africa-press.net\/cameroun\/politique\/diplomatie-le-president-francais-emmanuel-macron-annonce-au-cameroun"},"author":{"name":"cfeditorfr","@id":"https:\/\/www.africa-press.net\/cameroun\/#\/schema\/person\/2b1cf3cd81a31e3cd26889ca66d677f1"},"headline":"Diplomatie: Le pr\u00e9sident fran\u00e7ais Emmanuel Macron annonc\u00e9 au Cameroun","datePublished":"2022-07-13T15:06:56+00:00","dateModified":"2022-07-13T17:09:12+00:00","mainEntityOfPage":{"@id":"https:\/\/www.africa-press.net\/cameroun\/politique\/diplomatie-le-president-francais-emmanuel-macron-annonce-au-cameroun"},"wordCount":221,"commentCount":0,"image":{"@id":"https:\/\/www.africa-press.net\/cameroun\/politique\/diplomatie-le-president-francais-emmanuel-macron-annonce-au-cameroun#primaryimage"},"thumbnailUrl":"https:\/\/static.africa-press.net\/cameroun\/sites\/57\/2022\/07\/img-62cefc1e2477e.jpg","keywords":["Africa Press","Africa Press-Cameroun","Cameroun"],"articleSection":["homepage-french","Politique","Top Nouvelles","Toutes les actualit\u00e9s"],"inLanguage":"fr-FR","potentialAction":[{"@type":"CommentAction","name":"Comment","target":["https:\/\/www.africa-press.net\/cameroun\/politique\/diplomatie-le-president-francais-emmanuel-macron-annonce-au-cameroun#respond"]}]},{"@type":"WebPage","@id":"https:\/\/www.africa-press.net\/cameroun\/politique\/diplomatie-le-president-francais-emmanuel-macron-annonce-au-cameroun","url":"https:\/\/www.africa-press.net\/cameroun\/politique\/diplomatie-le-president-francais-emmanuel-macron-annonce-au-cameroun","name":"Diplomatie: Le pr\u00e9sident fran\u00e7ais Emmanuel Macron annonc\u00e9 au Cameroun - Cameroun","isPartOf":{"@id":"https:\/\/www.africa-press.net\/cameroun\/#website"},"primaryImageOfPage":{"@id":"https:\/\/www.africa-press.net\/cameroun\/politique\/diplomatie-le-president-francais-emmanuel-macron-annonce-au-cameroun#primaryimage"},"image":{"@id":"https:\/\/www.africa-press.net\/cameroun\/politique\/diplomatie-le-president-francais-emmanuel-macron-annonce-au-cameroun#primaryimage"},"thumbnailUrl":"https:\/\/static.africa-press.net\/cameroun\/sites\/57\/2022\/07\/img-62cefc1e2477e.jpg","datePublished":"2022-07-13T15:06:56+00:00","dateModified":"2022-07-13T17:09:12+00:00","author":{"@id":"https:\/\/www.africa-press.net\/cameroun\/#\/schema\/person\/2b1cf3cd81a31e3cd26889ca66d677f1"},"description":"Le journal panafricain Jeune Afrique dans sa version en ligne annonce que le pr\u00e9sident fran\u00e7ais Emmanuel Macron pourrait ...","breadcrumb":{"@id":"https:\/\/www.africa-press.net\/cameroun\/politique\/diplomatie-le-president-francais-emmanuel-macron-annonce-au-cameroun#breadcrumb"},"inLanguage":"fr-FR","potentialAction":[{"@type":"ReadAction","target":["https:\/\/www.africa-press.net\/cameroun\/politique\/diplomatie-le-president-francais-emmanuel-macron-annonce-au-cameroun"]}]},{"@type":"ImageObject","inLanguage":"fr-FR","@id":"https:\/\/www.africa-press.net\/cameroun\/politique\/diplomatie-le-president-francais-emmanuel-macron-annonce-au-cameroun#primaryimage","url":"https:\/\/static.africa-press.net\/cameroun\/sites\/57\/2022\/07\/img-62cefc1e2477e.jpg","contentUrl":"https:\/\/static.africa-press.net\/cameroun\/sites\/57\/2022\/07\/img-62cefc1e2477e.jpg","width":800,"height":448,"caption":"Diplomatie: Le pr\u00e9sident fran\u00e7ais Emmanuel Macron annonc\u00e9 au Cameroun"},{"@type":"BreadcrumbList","@id":"https:\/\/www.africa-press.net\/cameroun\/politique\/diplomatie-le-president-francais-emmanuel-macron-annonce-au-cameroun#breadcrumb","itemListElement":[{"@type":"ListItem","position":1,"name":"Accueil","item":"https:\/\/www.africa-press.net\/cameroun\/"},{"@type":"ListItem","position":2,"name":"Diplomatie: Le pr\u00e9sident fran\u00e7ais Emmanuel Macron annonc\u00e9 au Cameroun"}]},{"@type":"WebSite","@id":"https:\/\/www.africa-press.net\/cameroun\/#website","url":"https:\/\/www.africa-press.net\/cameroun\/","name":"Cameroun","description":"Just another Africa News Agency Sites site","potentialAction":[{"@type":"SearchAction","target":{"@type":"EntryPoint","urlTemplate":"https:\/\/www.africa-press.net\/cameroun\/?s={search_term_string}"},"query-input":{"@type":"PropertyValueSpecification","valueRequired":true,"valueName":"search_term_string"}}],"inLanguage":"fr-FR"},{"@type":"Person","@id":"https:\/\/www.africa-press.net\/cameroun\/#\/schema\/person\/2b1cf3cd81a31e3cd26889ca66d677f1","name":"cfeditorfr"}]}},"_links":{"self":[{"href":"https:\/\/www.africa-press.net\/cameroun\/wp-json\/wp\/v2\/posts\/23444","targetHints":{"allow":["GET"]}}],"collection":[{"href":"https:\/\/www.africa-press.net\/cameroun\/wp-json\/wp\/v2\/posts"}],"about":[{"href":"https:\/\/www.africa-press.net\/cameroun\/wp-json\/wp\/v2\/types\/post"}],"author":[{"embeddable":true,"href":"https:\/\/www.africa-press.net\/cameroun\/wp-json\/wp\/v2\/users\/82"}],"replies":[{"embeddable":true,"href":"https:\/\/www.africa-press.net\/cameroun\/wp-json\/wp\/v2\/comments?post=23444"}],"version-history":[{"count":0,"href":"https:\/\/www.africa-press.net\/cameroun\/wp-json\/wp\/v2\/posts\/23444\/revisions"}],"wp:featuredmedia":[{"embeddable":true,"href":"https:\/\/www.africa-press.net\/cameroun\/wp-json\/wp\/v2\/media\/23443"}],"wp:attachment":[{"href":"https:\/\/www.africa-press.net\/cameroun\/wp-json\/wp\/v2\/media?parent=23444"}],"wp:term":[{"taxonomy":"category","embeddable":true,"href":"https:\/\/www.africa-press.net\/cameroun\/wp-json\/wp\/v2\/categories?post=23444"},{"taxonomy":"post_tag","embeddable":true,"href":"https:\/\/www.africa-press.net\/cameroun\/wp-json\/wp\/v2\/tags?post=23444"}],"curies":[{"name":"wp","href":"https:\/\/api.w.org\/{rel}","templated":true}]}}