{"id":23447,"date":"2022-07-13T15:14:34","date_gmt":"2022-07-13T15:14:34","guid":{"rendered":"https:\/\/www.africa-press.net\/cameroun\/politique\/football-can-feminine-2022-gabriel-zabo-selectionneur-des-lionnes-nous-allons-mettre-le-dos-du-nigeria-au-sol"},"modified":"2022-07-13T17:09:50","modified_gmt":"2022-07-13T17:09:50","slug":"football-can-feminine-2022-gabriel-zabo-selectionneur-des-lionnes-nous-allons-mettre-le-dos-du-nigeria-au-sol","status":"publish","type":"post","link":"https:\/\/www.africa-press.net\/cameroun\/sports\/football-can-feminine-2022-gabriel-zabo-selectionneur-des-lionnes-nous-allons-mettre-le-dos-du-nigeria-au-sol","title":{"rendered":"Football\/CAN f\u00e9minine 2022\/Gabriel Zabo (s\u00e9lectionneur des Lionnes) : \u00ab Nous allons mettre le dos du Nigeria au sol \u00bb"},"content":{"rendered":"<p><span style=\"color: #ff6600\"><strong>Africa-Press &#8211; Cameroun. <\/strong><\/span>Les Lionnes indomptables du Cameroun affrontent les Super Falcons du Nigeria le jeudi 14 juillet 2022, dans une affiche on ne peut plus all\u00e9chante des quarts de finale de la Coupe d\u2019Afrique des Nations (CAN) f\u00e9minine \u201cMaroc 2022\u201d. A la veille de cette opposition, le mercure monte, avec chez les Camerounaises une pr\u00e9tention de revanche non voil\u00e9e par le s\u00e9lectionneur Gabriel Zabo en conf\u00e9rence de presse d\u2019avant-match ce mardi. Le technicien camerounais se veut optimiste et revanchard \u00e0 la fois car les Super Falcons sont rest\u00e9es longtemps les b\u00eates noires des Lionnes, et le temps est venu de mettre un terme \u00e0 cette h\u00e9g\u00e9monie.<\/p>\n<p><b>\u201cLe Nigeria a compris avant beaucoup d\u2019autres nations que le football f\u00e9minin \u00e0 beaucoup de valeur et au Cameroun aujourd\u2019hui on l\u2019a compris. L\u2019Afrique du Sud et m\u00eame le Maroc l\u2019ont compris et je pense que le temps du Nigeria est pass\u00e9 et nous devons leur dire que leur temps est pass\u00e9 et que nous allons mettre leur dos au so<\/b><\/p>\n<p>l\u201d, a-t-il d\u00e9clar\u00e9.<\/p>\n<p>L\u2019enjeu de la rencontre est double : la qualification pour les demi-finales, synonyme de qualification pour la Coupe du monde f\u00e9minine 2023 qui se jouera en Australie et en Nouvelle-Z\u00e9lande en 2023.<\/p>\n<p>\u201c Dans un pass\u00e9 lointain, il y&rsquo;avait un gros \u00e9cart entre le Cameroun et le Nigeria, et nous avons \u00e9volu\u00e9. Si c\u2019est donc \u00e7a, il est temps de dire au Nigeria que leur temps est pass\u00e9 et que c\u2019est notre tour de passer. Et nous voulons aller \u00e0 la Coupe du Monde et pour \u00e7a il faut gagner ce match\u00a0\u00bb, a-t-il rench\u00e9ri.<\/p>\n<p>Les Super Falcons sont onze fois championnes d&rsquo;Afrique, et d\u00e9tiennent la couronne actuellement disput\u00e9e au Maroc. Le Cameroun quant \u00e0 lui court toujours apr\u00e8s son premier titre.<\/p>\n<p><strong>Pour plus d&rsquo;informations et d&rsquo;analyses sur la <a href=\"https:\/\/www.africa-press.net\/cameroun\">Cameroun<\/a>, suivez <a href=\"https:\/\/www.africa-press.net\/\">Africa-Press<\/a><\/strong><\/p>\n","protected":false},"excerpt":{"rendered":"<p>Africa-Press &#8211; Cameroun. Les Lionnes indomptables du Cameroun affrontent les Super Falcons du Nigeria le jeudi 14 juillet 2022, dans une affiche on ne peut plus all\u00e9chante des quarts de finale de la Coupe d\u2019Afrique des Nations (CAN) f\u00e9minine \u201cMaroc 2022\u201d. A la veille de cette opposition, le mercure monte, avec chez les Camerounaises une [&hellip;]<\/p>\n","protected":false},"author":82,"featured_media":23446,"comment_status":"open","ping_status":"closed","sticky":false,"template":"","format":"standard","meta":{"footnotes":""},"categories":[11,6,10],"tags":[36,50,49],"class_list":["post-23447","post","type-post","status-publish","format-standard","has-post-thumbnail","hentry","category-homepage-french","category-sports","category-toutes-les-actualites","tag-africa-press","tag-africa-press-cameroun","tag-cameroun"],"yoast_head":"<!-- This site is optimized with the Yoast SEO Premium plugin v26.1 (Yoast SEO v27.0) - https:\/\/yoast.com\/product\/yoast-seo-premium-wordpress\/ -->\n<title>Football\/CAN f\u00e9minine 2022\/Gabriel Zabo (s\u00e9lectionneur des Lionnes) : \u00ab Nous allons mettre le dos du Nigeria au sol \u00bb - Cameroun<\/title>\n<meta name=\"description\" content=\"Les Lionnes indomptables du Cameroun affrontent les Super Falcons du Nigeria le jeudi 14 juillet 2022, dans une affiche ...\" \/>\n<meta name=\"robots\" content=\"index, follow, max-snippet:-1, max-image-preview:large, max-video-preview:-1\" \/>\n<link rel=\"canonical\" href=\"https:\/\/www.africa-press.net\/cameroun\/sports\/football-can-feminine-2022-gabriel-zabo-selectionneur-des-lionnes-nous-allons-mettre-le-dos-du-nigeria-au-sol\" \/>\n<meta property=\"og:locale\" content=\"fr_FR\" \/>\n<meta property=\"og:type\" content=\"article\" \/>\n<meta property=\"og:title\" content=\"Football\/CAN f\u00e9minine 2022\/Gabriel Zabo (s\u00e9lectionneur des Lionnes) : \u00ab Nous allons mettre le dos du Nigeria au sol \u00bb\" \/>\n<meta property=\"og:description\" content=\"Les Lionnes indomptables du Cameroun affrontent les Super Falcons du Nigeria le jeudi 14 juillet 2022, dans une affiche ...\" \/>\n<meta property=\"og:url\" content=\"https:\/\/www.africa-press.net\/cameroun\/sports\/football-can-feminine-2022-gabriel-zabo-selectionneur-des-lionnes-nous-allons-mettre-le-dos-du-nigeria-au-sol\" \/>\n<meta property=\"og:site_name\" content=\"Cameroun\" \/>\n<meta property=\"article:published_time\" content=\"2022-07-13T15:14:34+00:00\" \/>\n<meta property=\"article:modified_time\" content=\"2022-07-13T17:09:50+00:00\" \/>\n<meta property=\"og:image\" content=\"https:\/\/static.africa-press.net\/cameroun\/sites\/57\/2022\/07\/img-62cefc4435745.jpg\" \/>\n\t<meta property=\"og:image:width\" content=\"800\" \/>\n\t<meta property=\"og:image:height\" content=\"603\" \/>\n\t<meta property=\"og:image:type\" content=\"image\/jpeg\" \/>\n<meta name=\"author\" content=\"cfeditorfr\" \/>\n<meta name=\"twitter:card\" content=\"summary_large_image\" \/>\n<meta name=\"twitter:label1\" content=\"\u00c9crit par\" \/>\n\t<meta name=\"twitter:data1\" content=\"cfeditorfr\" \/>\n\t<meta name=\"twitter:label2\" content=\"Dur\u00e9e de lecture estim\u00e9e\" \/>\n\t<meta name=\"twitter:data2\" content=\"2 minutes\" \/>\n<script type=\"application\/ld+json\" class=\"yoast-schema-graph\">{\"@context\":\"https:\/\/schema.org\",\"@graph\":[{\"@type\":\"Article\",\"@id\":\"https:\/\/www.africa-press.net\/cameroun\/sports\/football-can-feminine-2022-gabriel-zabo-selectionneur-des-lionnes-nous-allons-mettre-le-dos-du-nigeria-au-sol#article\",\"isPartOf\":{\"@id\":\"https:\/\/www.africa-press.net\/cameroun\/sports\/football-can-feminine-2022-gabriel-zabo-selectionneur-des-lionnes-nous-allons-mettre-le-dos-du-nigeria-au-sol\"},\"author\":{\"name\":\"cfeditorfr\",\"@id\":\"https:\/\/www.africa-press.net\/cameroun\/#\/schema\/person\/2b1cf3cd81a31e3cd26889ca66d677f1\"},\"headline\":\"Football\/CAN f\u00e9minine 2022\/Gabriel Zabo (s\u00e9lectionneur des Lionnes) : \u00ab Nous allons mettre le dos du Nigeria au sol \u00bb\",\"datePublished\":\"2022-07-13T15:14:34+00:00\",\"dateModified\":\"2022-07-13T17:09:50+00:00\",\"mainEntityOfPage\":{\"@id\":\"https:\/\/www.africa-press.net\/cameroun\/sports\/football-can-feminine-2022-gabriel-zabo-selectionneur-des-lionnes-nous-allons-mettre-le-dos-du-nigeria-au-sol\"},\"wordCount\":342,\"commentCount\":0,\"image\":{\"@id\":\"https:\/\/www.africa-press.net\/cameroun\/sports\/football-can-feminine-2022-gabriel-zabo-selectionneur-des-lionnes-nous-allons-mettre-le-dos-du-nigeria-au-sol#primaryimage\"},\"thumbnailUrl\":\"https:\/\/static.africa-press.net\/cameroun\/sites\/57\/2022\/07\/img-62cefc4435745.jpg\",\"keywords\":[\"Africa Press\",\"Africa Press-Cameroun\",\"Cameroun\"],\"articleSection\":[\"homepage-french\",\"Sports\",\"Toutes les actualit\u00e9s\"],\"inLanguage\":\"fr-FR\",\"potentialAction\":[{\"@type\":\"CommentAction\",\"name\":\"Comment\",\"target\":[\"https:\/\/www.africa-press.net\/cameroun\/sports\/football-can-feminine-2022-gabriel-zabo-selectionneur-des-lionnes-nous-allons-mettre-le-dos-du-nigeria-au-sol#respond\"]}]},{\"@type\":\"WebPage\",\"@id\":\"https:\/\/www.africa-press.net\/cameroun\/sports\/football-can-feminine-2022-gabriel-zabo-selectionneur-des-lionnes-nous-allons-mettre-le-dos-du-nigeria-au-sol\",\"url\":\"https:\/\/www.africa-press.net\/cameroun\/sports\/football-can-feminine-2022-gabriel-zabo-selectionneur-des-lionnes-nous-allons-mettre-le-dos-du-nigeria-au-sol\",\"name\":\"Football\/CAN f\u00e9minine 2022\/Gabriel Zabo (s\u00e9lectionneur des Lionnes) : \u00ab Nous allons mettre le dos du Nigeria au sol \u00bb - Cameroun\",\"isPartOf\":{\"@id\":\"https:\/\/www.africa-press.net\/cameroun\/#website\"},\"primaryImageOfPage\":{\"@id\":\"https:\/\/www.africa-press.net\/cameroun\/sports\/football-can-feminine-2022-gabriel-zabo-selectionneur-des-lionnes-nous-allons-mettre-le-dos-du-nigeria-au-sol#primaryimage\"},\"image\":{\"@id\":\"https:\/\/www.africa-press.net\/cameroun\/sports\/football-can-feminine-2022-gabriel-zabo-selectionneur-des-lionnes-nous-allons-mettre-le-dos-du-nigeria-au-sol#primaryimage\"},\"thumbnailUrl\":\"https:\/\/static.africa-press.net\/cameroun\/sites\/57\/2022\/07\/img-62cefc4435745.jpg\",\"datePublished\":\"2022-07-13T15:14:34+00:00\",\"dateModified\":\"2022-07-13T17:09:50+00:00\",\"author\":{\"@id\":\"https:\/\/www.africa-press.net\/cameroun\/#\/schema\/person\/2b1cf3cd81a31e3cd26889ca66d677f1\"},\"description\":\"Les Lionnes indomptables du Cameroun affrontent les Super Falcons du Nigeria le jeudi 14 juillet 2022, dans une affiche ...\",\"breadcrumb\":{\"@id\":\"https:\/\/www.africa-press.net\/cameroun\/sports\/football-can-feminine-2022-gabriel-zabo-selectionneur-des-lionnes-nous-allons-mettre-le-dos-du-nigeria-au-sol#breadcrumb\"},\"inLanguage\":\"fr-FR\",\"potentialAction\":[{\"@type\":\"ReadAction\",\"target\":[\"https:\/\/www.africa-press.net\/cameroun\/sports\/football-can-feminine-2022-gabriel-zabo-selectionneur-des-lionnes-nous-allons-mettre-le-dos-du-nigeria-au-sol\"]}]},{\"@type\":\"ImageObject\",\"inLanguage\":\"fr-FR\",\"@id\":\"https:\/\/www.africa-press.net\/cameroun\/sports\/football-can-feminine-2022-gabriel-zabo-selectionneur-des-lionnes-nous-allons-mettre-le-dos-du-nigeria-au-sol#primaryimage\",\"url\":\"https:\/\/static.africa-press.net\/cameroun\/sites\/57\/2022\/07\/img-62cefc4435745.jpg\",\"contentUrl\":\"https:\/\/static.africa-press.net\/cameroun\/sites\/57\/2022\/07\/img-62cefc4435745.jpg\",\"width\":800,\"height\":603,\"caption\":\"Football\/CAN f\u00e9minine 2022\/Gabriel Zabo (s\u00e9lectionneur des Lionnes) : \u00ab Nous allons mettre le dos du Nigeria au sol \u00bb\"},{\"@type\":\"BreadcrumbList\",\"@id\":\"https:\/\/www.africa-press.net\/cameroun\/sports\/football-can-feminine-2022-gabriel-zabo-selectionneur-des-lionnes-nous-allons-mettre-le-dos-du-nigeria-au-sol#breadcrumb\",\"itemListElement\":[{\"@type\":\"ListItem\",\"position\":1,\"name\":\"Accueil\",\"item\":\"https:\/\/www.africa-press.net\/cameroun\/\"},{\"@type\":\"ListItem\",\"position\":2,\"name\":\"Football\/CAN f\u00e9minine 2022\/Gabriel Zabo (s\u00e9lectionneur des Lionnes) : \u00ab Nous allons mettre le dos du Nigeria au sol \u00bb\"}]},{\"@type\":\"WebSite\",\"@id\":\"https:\/\/www.africa-press.net\/cameroun\/#website\",\"url\":\"https:\/\/www.africa-press.net\/cameroun\/\",\"name\":\"Cameroun\",\"description\":\"Just another Africa News Agency Sites site\",\"potentialAction\":[{\"@type\":\"SearchAction\",\"target\":{\"@type\":\"EntryPoint\",\"urlTemplate\":\"https:\/\/www.africa-press.net\/cameroun\/?s={search_term_string}\"},\"query-input\":{\"@type\":\"PropertyValueSpecification\",\"valueRequired\":true,\"valueName\":\"search_term_string\"}}],\"inLanguage\":\"fr-FR\"},{\"@type\":\"Person\",\"@id\":\"https:\/\/www.africa-press.net\/cameroun\/#\/schema\/person\/2b1cf3cd81a31e3cd26889ca66d677f1\",\"name\":\"cfeditorfr\"}]}<\/script>\n<!-- \/ Yoast SEO Premium plugin. -->","yoast_head_json":{"title":"Football\/CAN f\u00e9minine 2022\/Gabriel Zabo (s\u00e9lectionneur des Lionnes) : \u00ab Nous allons mettre le dos du Nigeria au sol \u00bb - Cameroun","description":"Les Lionnes indomptables du Cameroun affrontent les Super Falcons du Nigeria le jeudi 14 juillet 2022, dans une affiche ...","robots":{"index":"index","follow":"follow","max-snippet":"max-snippet:-1","max-image-preview":"max-image-preview:large","max-video-preview":"max-video-preview:-1"},"canonical":"https:\/\/www.africa-press.net\/cameroun\/sports\/football-can-feminine-2022-gabriel-zabo-selectionneur-des-lionnes-nous-allons-mettre-le-dos-du-nigeria-au-sol","og_locale":"fr_FR","og_type":"article","og_title":"Football\/CAN f\u00e9minine 2022\/Gabriel Zabo (s\u00e9lectionneur des Lionnes) : \u00ab Nous allons mettre le dos du Nigeria au sol \u00bb","og_description":"Les Lionnes indomptables du Cameroun affrontent les Super Falcons du Nigeria le jeudi 14 juillet 2022, dans une affiche ...","og_url":"https:\/\/www.africa-press.net\/cameroun\/sports\/football-can-feminine-2022-gabriel-zabo-selectionneur-des-lionnes-nous-allons-mettre-le-dos-du-nigeria-au-sol","og_site_name":"Cameroun","article_published_time":"2022-07-13T15:14:34+00:00","article_modified_time":"2022-07-13T17:09:50+00:00","og_image":[{"width":800,"height":603,"url":"https:\/\/static.africa-press.net\/cameroun\/sites\/57\/2022\/07\/img-62cefc4435745.jpg","type":"image\/jpeg"}],"author":"cfeditorfr","twitter_card":"summary_large_image","twitter_misc":{"\u00c9crit par":"cfeditorfr","Dur\u00e9e de lecture estim\u00e9e":"2 minutes"},"schema":{"@context":"https:\/\/schema.org","@graph":[{"@type":"Article","@id":"https:\/\/www.africa-press.net\/cameroun\/sports\/football-can-feminine-2022-gabriel-zabo-selectionneur-des-lionnes-nous-allons-mettre-le-dos-du-nigeria-au-sol#article","isPartOf":{"@id":"https:\/\/www.africa-press.net\/cameroun\/sports\/football-can-feminine-2022-gabriel-zabo-selectionneur-des-lionnes-nous-allons-mettre-le-dos-du-nigeria-au-sol"},"author":{"name":"cfeditorfr","@id":"https:\/\/www.africa-press.net\/cameroun\/#\/schema\/person\/2b1cf3cd81a31e3cd26889ca66d677f1"},"headline":"Football\/CAN f\u00e9minine 2022\/Gabriel Zabo (s\u00e9lectionneur des Lionnes) : \u00ab Nous allons mettre le dos du Nigeria au sol \u00bb","datePublished":"2022-07-13T15:14:34+00:00","dateModified":"2022-07-13T17:09:50+00:00","mainEntityOfPage":{"@id":"https:\/\/www.africa-press.net\/cameroun\/sports\/football-can-feminine-2022-gabriel-zabo-selectionneur-des-lionnes-nous-allons-mettre-le-dos-du-nigeria-au-sol"},"wordCount":342,"commentCount":0,"image":{"@id":"https:\/\/www.africa-press.net\/cameroun\/sports\/football-can-feminine-2022-gabriel-zabo-selectionneur-des-lionnes-nous-allons-mettre-le-dos-du-nigeria-au-sol#primaryimage"},"thumbnailUrl":"https:\/\/static.africa-press.net\/cameroun\/sites\/57\/2022\/07\/img-62cefc4435745.jpg","keywords":["Africa Press","Africa Press-Cameroun","Cameroun"],"articleSection":["homepage-french","Sports","Toutes les actualit\u00e9s"],"inLanguage":"fr-FR","potentialAction":[{"@type":"CommentAction","name":"Comment","target":["https:\/\/www.africa-press.net\/cameroun\/sports\/football-can-feminine-2022-gabriel-zabo-selectionneur-des-lionnes-nous-allons-mettre-le-dos-du-nigeria-au-sol#respond"]}]},{"@type":"WebPage","@id":"https:\/\/www.africa-press.net\/cameroun\/sports\/football-can-feminine-2022-gabriel-zabo-selectionneur-des-lionnes-nous-allons-mettre-le-dos-du-nigeria-au-sol","url":"https:\/\/www.africa-press.net\/cameroun\/sports\/football-can-feminine-2022-gabriel-zabo-selectionneur-des-lionnes-nous-allons-mettre-le-dos-du-nigeria-au-sol","name":"Football\/CAN f\u00e9minine 2022\/Gabriel Zabo (s\u00e9lectionneur des Lionnes) : \u00ab Nous allons mettre le dos du Nigeria au sol \u00bb - Cameroun","isPartOf":{"@id":"https:\/\/www.africa-press.net\/cameroun\/#website"},"primaryImageOfPage":{"@id":"https:\/\/www.africa-press.net\/cameroun\/sports\/football-can-feminine-2022-gabriel-zabo-selectionneur-des-lionnes-nous-allons-mettre-le-dos-du-nigeria-au-sol#primaryimage"},"image":{"@id":"https:\/\/www.africa-press.net\/cameroun\/sports\/football-can-feminine-2022-gabriel-zabo-selectionneur-des-lionnes-nous-allons-mettre-le-dos-du-nigeria-au-sol#primaryimage"},"thumbnailUrl":"https:\/\/static.africa-press.net\/cameroun\/sites\/57\/2022\/07\/img-62cefc4435745.jpg","datePublished":"2022-07-13T15:14:34+00:00","dateModified":"2022-07-13T17:09:50+00:00","author":{"@id":"https:\/\/www.africa-press.net\/cameroun\/#\/schema\/person\/2b1cf3cd81a31e3cd26889ca66d677f1"},"description":"Les Lionnes indomptables du Cameroun affrontent les Super Falcons du Nigeria le jeudi 14 juillet 2022, dans une affiche ...","breadcrumb":{"@id":"https:\/\/www.africa-press.net\/cameroun\/sports\/football-can-feminine-2022-gabriel-zabo-selectionneur-des-lionnes-nous-allons-mettre-le-dos-du-nigeria-au-sol#breadcrumb"},"inLanguage":"fr-FR","potentialAction":[{"@type":"ReadAction","target":["https:\/\/www.africa-press.net\/cameroun\/sports\/football-can-feminine-2022-gabriel-zabo-selectionneur-des-lionnes-nous-allons-mettre-le-dos-du-nigeria-au-sol"]}]},{"@type":"ImageObject","inLanguage":"fr-FR","@id":"https:\/\/www.africa-press.net\/cameroun\/sports\/football-can-feminine-2022-gabriel-zabo-selectionneur-des-lionnes-nous-allons-mettre-le-dos-du-nigeria-au-sol#primaryimage","url":"https:\/\/static.africa-press.net\/cameroun\/sites\/57\/2022\/07\/img-62cefc4435745.jpg","contentUrl":"https:\/\/static.africa-press.net\/cameroun\/sites\/57\/2022\/07\/img-62cefc4435745.jpg","width":800,"height":603,"caption":"Football\/CAN f\u00e9minine 2022\/Gabriel Zabo (s\u00e9lectionneur des Lionnes) : \u00ab Nous allons mettre le dos du Nigeria au sol \u00bb"},{"@type":"BreadcrumbList","@id":"https:\/\/www.africa-press.net\/cameroun\/sports\/football-can-feminine-2022-gabriel-zabo-selectionneur-des-lionnes-nous-allons-mettre-le-dos-du-nigeria-au-sol#breadcrumb","itemListElement":[{"@type":"ListItem","position":1,"name":"Accueil","item":"https:\/\/www.africa-press.net\/cameroun\/"},{"@type":"ListItem","position":2,"name":"Football\/CAN f\u00e9minine 2022\/Gabriel Zabo (s\u00e9lectionneur des Lionnes) : \u00ab Nous allons mettre le dos du Nigeria au sol \u00bb"}]},{"@type":"WebSite","@id":"https:\/\/www.africa-press.net\/cameroun\/#website","url":"https:\/\/www.africa-press.net\/cameroun\/","name":"Cameroun","description":"Just another Africa News Agency Sites site","potentialAction":[{"@type":"SearchAction","target":{"@type":"EntryPoint","urlTemplate":"https:\/\/www.africa-press.net\/cameroun\/?s={search_term_string}"},"query-input":{"@type":"PropertyValueSpecification","valueRequired":true,"valueName":"search_term_string"}}],"inLanguage":"fr-FR"},{"@type":"Person","@id":"https:\/\/www.africa-press.net\/cameroun\/#\/schema\/person\/2b1cf3cd81a31e3cd26889ca66d677f1","name":"cfeditorfr"}]}},"_links":{"self":[{"href":"https:\/\/www.africa-press.net\/cameroun\/wp-json\/wp\/v2\/posts\/23447","targetHints":{"allow":["GET"]}}],"collection":[{"href":"https:\/\/www.africa-press.net\/cameroun\/wp-json\/wp\/v2\/posts"}],"about":[{"href":"https:\/\/www.africa-press.net\/cameroun\/wp-json\/wp\/v2\/types\/post"}],"author":[{"embeddable":true,"href":"https:\/\/www.africa-press.net\/cameroun\/wp-json\/wp\/v2\/users\/82"}],"replies":[{"embeddable":true,"href":"https:\/\/www.africa-press.net\/cameroun\/wp-json\/wp\/v2\/comments?post=23447"}],"version-history":[{"count":0,"href":"https:\/\/www.africa-press.net\/cameroun\/wp-json\/wp\/v2\/posts\/23447\/revisions"}],"wp:featuredmedia":[{"embeddable":true,"href":"https:\/\/www.africa-press.net\/cameroun\/wp-json\/wp\/v2\/media\/23446"}],"wp:attachment":[{"href":"https:\/\/www.africa-press.net\/cameroun\/wp-json\/wp\/v2\/media?parent=23447"}],"wp:term":[{"taxonomy":"category","embeddable":true,"href":"https:\/\/www.africa-press.net\/cameroun\/wp-json\/wp\/v2\/categories?post=23447"},{"taxonomy":"post_tag","embeddable":true,"href":"https:\/\/www.africa-press.net\/cameroun\/wp-json\/wp\/v2\/tags?post=23447"}],"curies":[{"name":"wp","href":"https:\/\/api.w.org\/{rel}","templated":true}]}}