{"id":23453,"date":"2022-07-13T15:32:50","date_gmt":"2022-07-13T15:32:50","guid":{"rendered":"https:\/\/www.africa-press.net\/cameroun\/politique\/dementi-maurice-kamto-refute-tout-lien-avec-l-association-des-amis-du-president-kamto"},"modified":"2022-07-13T17:11:05","modified_gmt":"2022-07-13T17:11:05","slug":"dementi-maurice-kamto-refute-tout-lien-avec-l-association-des-amis-du-president-kamto","status":"publish","type":"post","link":"https:\/\/www.africa-press.net\/cameroun\/politique\/dementi-maurice-kamto-refute-tout-lien-avec-l-association-des-amis-du-president-kamto","title":{"rendered":"D\u00e9menti: Maurice Kamto r\u00e9fute tout lien avec l\u2019 \u201cAssociation des Amis du Pr\u00e9sident Kamto\u201d"},"content":{"rendered":"<p><span style=\"color: #ff6600\"><strong>Africa-Press &#8211; Cameroun. <\/strong><\/span>Rien \u00e0 voir avec l\u2019 \u00ab Association des Amis du Pr\u00e9sident Kamto \u00bb en abr\u00e9g\u00e9 APK. Le pr\u00e9sident national du Mouvement pour la Renaissance du Cameroun d\u00e9ment dans un communiqu\u00e9 sign\u00e9 le 12 Juillet 2022, tout lien ou proximit\u00e9 avec ce groupe, auteur selon Maurice Kamto d\u2019 \u00ab un curieux message \u00bb qui \u00ab circule sur les r\u00e9seaux sociaux, \u00e0 la suite de l\u2019annonce non officielle d\u2019un possible s\u00e9jour du Pr\u00e9sident de la R\u00e9publique fran\u00e7aise au Cameroun \u00bb. Le parti politique porte \u00e0 la connaissance de l\u2019opinion que son pr\u00e9sident, Maurice Kamto, \u00ab ne conna\u00eet ni de pr\u00e8s ni de loin cette Association, ni aucun de ses membres, et que ce message, dans lequel il ne se reconna\u00eet nullement, n\u2019engage que leurs auteurs \u00bb.<\/p>\n<p>Le parti d\u2019opposition et son principal dirigeant d\u00e9noncent \u00ab une basse man\u0153uvre grossi\u00e8re d\u2019adversaires politiques qui n\u2019entendent reculer devant aucune petitesse pour conserver le pouvoir \u00bb. Des adversaires qui selon le MRC ont fait preuve de \u00ab l\u00e2chet\u00e9 \u00bb puisque n\u2019ayant \u00ab pas eu le courage de signer leur post \u00bb. Le parti d\u2019opposition et son leader s\u2019interrogent : \u00ab Pourquoi cette dr\u00f4le d\u2019 \u00ab association \u00bb na\u00eet-elle soudainement \u00e0 l\u2019annonce d\u2019une possible visite du Pr\u00e9sident fran\u00e7ais dans notre pays ? \u00bb<\/p>\n<p>Au MRC, l\u2019on assure ne pas voir d\u2019un mauvais \u0153il une \u00e9ventuelle visite du num\u00e9ro un fran\u00e7ais au Cameroun. \u00ab Si cette visite se confirme, il serait bienvenu, dans la situation actuelle du Cameroun qui est confront\u00e9 \u00e0 des crises multiformes, que le Chef de l\u2019Etat fran\u00e7ais, dont le pays a une pr\u00e9sence importante dans notre pays, rencontre \u00e9galement l\u2019opposition camerounaise en dehors des rencontres officielles avec les dirigeants en place pour avoir leurs vues sur la situation actuelle et les perspectives d\u2019avenir de notre pays \u00bb. L\u2019on pr\u00e9cise que cette bienveillance ne vaut pas que pour la France. \u00ab La m\u00eame ouverture d\u2019esprit serait du reste de mise en cas de visite de tout autre Chef d\u2019Etat d\u2019un pays partenaire historique ou int\u00e9ress\u00e9 par la r\u00e9solution des graves difficult\u00e9s pouvant compromettre une alternance\/transition politique dans notre pays \u00bb.<\/p>\n<p><strong>Pour plus d&rsquo;informations et d&rsquo;analyses sur la <a href=\"https:\/\/www.africa-press.net\/cameroun\">Cameroun<\/a>, suivez <a href=\"https:\/\/www.africa-press.net\/\">Africa-Press<\/a><\/strong><\/p>\n","protected":false},"excerpt":{"rendered":"<p>Africa-Press &#8211; Cameroun. Rien \u00e0 voir avec l\u2019 \u00ab Association des Amis du Pr\u00e9sident Kamto \u00bb en abr\u00e9g\u00e9 APK. Le pr\u00e9sident national du Mouvement pour la Renaissance du Cameroun d\u00e9ment dans un communiqu\u00e9 sign\u00e9 le 12 Juillet 2022, tout lien ou proximit\u00e9 avec ce groupe, auteur selon Maurice Kamto d\u2019 \u00ab un curieux message \u00bb [&hellip;]<\/p>\n","protected":false},"author":82,"featured_media":23452,"comment_status":"open","ping_status":"closed","sticky":false,"template":"","format":"standard","meta":{"footnotes":""},"categories":[11,2,10],"tags":[36,50,49],"class_list":["post-23453","post","type-post","status-publish","format-standard","has-post-thumbnail","hentry","category-homepage-french","category-politique","category-toutes-les-actualites","tag-africa-press","tag-africa-press-cameroun","tag-cameroun"],"yoast_head":"<!-- This site is optimized with the Yoast SEO Premium plugin v26.1 (Yoast SEO v27.0) - https:\/\/yoast.com\/product\/yoast-seo-premium-wordpress\/ -->\n<title>D\u00e9menti: Maurice Kamto r\u00e9fute tout lien avec l\u2019 \u201cAssociation des Amis du Pr\u00e9sident Kamto\u201d - Cameroun<\/title>\n<meta name=\"description\" content=\"Rien \u00e0 voir avec l\u2019 \u00ab Association des Amis du Pr\u00e9sident Kamto \u00bb en abr\u00e9g\u00e9 APK. Le pr\u00e9sident national du Mouvement pour l ...\" \/>\n<meta name=\"robots\" content=\"index, follow, max-snippet:-1, max-image-preview:large, max-video-preview:-1\" \/>\n<link rel=\"canonical\" href=\"https:\/\/www.africa-press.net\/cameroun\/politique\/dementi-maurice-kamto-refute-tout-lien-avec-l-association-des-amis-du-president-kamto\" \/>\n<meta property=\"og:locale\" content=\"fr_FR\" \/>\n<meta property=\"og:type\" content=\"article\" \/>\n<meta property=\"og:title\" content=\"D\u00e9menti: Maurice Kamto r\u00e9fute tout lien avec l\u2019 \u201cAssociation des Amis du Pr\u00e9sident Kamto\u201d\" \/>\n<meta property=\"og:description\" content=\"Rien \u00e0 voir avec l\u2019 \u00ab Association des Amis du Pr\u00e9sident Kamto \u00bb en abr\u00e9g\u00e9 APK. Le pr\u00e9sident national du Mouvement pour l ...\" \/>\n<meta property=\"og:url\" content=\"https:\/\/www.africa-press.net\/cameroun\/politique\/dementi-maurice-kamto-refute-tout-lien-avec-l-association-des-amis-du-president-kamto\" \/>\n<meta property=\"og:site_name\" content=\"Cameroun\" \/>\n<meta property=\"article:published_time\" content=\"2022-07-13T15:32:50+00:00\" \/>\n<meta property=\"article:modified_time\" content=\"2022-07-13T17:11:05+00:00\" \/>\n<meta property=\"og:image\" content=\"https:\/\/static.africa-press.net\/cameroun\/sites\/57\/2022\/07\/img-62cefc912bd8c.jpg\" \/>\n\t<meta property=\"og:image:width\" content=\"800\" \/>\n\t<meta property=\"og:image:height\" content=\"450\" \/>\n\t<meta property=\"og:image:type\" content=\"image\/jpeg\" \/>\n<meta name=\"author\" content=\"cfeditorfr\" \/>\n<meta name=\"twitter:card\" content=\"summary_large_image\" \/>\n<meta name=\"twitter:label1\" content=\"\u00c9crit par\" \/>\n\t<meta name=\"twitter:data1\" content=\"cfeditorfr\" \/>\n\t<meta name=\"twitter:label2\" content=\"Dur\u00e9e de lecture estim\u00e9e\" \/>\n\t<meta name=\"twitter:data2\" content=\"2 minutes\" \/>\n<script type=\"application\/ld+json\" class=\"yoast-schema-graph\">{\"@context\":\"https:\/\/schema.org\",\"@graph\":[{\"@type\":\"Article\",\"@id\":\"https:\/\/www.africa-press.net\/cameroun\/politique\/dementi-maurice-kamto-refute-tout-lien-avec-l-association-des-amis-du-president-kamto#article\",\"isPartOf\":{\"@id\":\"https:\/\/www.africa-press.net\/cameroun\/politique\/dementi-maurice-kamto-refute-tout-lien-avec-l-association-des-amis-du-president-kamto\"},\"author\":{\"name\":\"cfeditorfr\",\"@id\":\"https:\/\/www.africa-press.net\/cameroun\/#\/schema\/person\/2b1cf3cd81a31e3cd26889ca66d677f1\"},\"headline\":\"D\u00e9menti: Maurice Kamto r\u00e9fute tout lien avec l\u2019 \u201cAssociation des Amis du Pr\u00e9sident Kamto\u201d\",\"datePublished\":\"2022-07-13T15:32:50+00:00\",\"dateModified\":\"2022-07-13T17:11:05+00:00\",\"mainEntityOfPage\":{\"@id\":\"https:\/\/www.africa-press.net\/cameroun\/politique\/dementi-maurice-kamto-refute-tout-lien-avec-l-association-des-amis-du-president-kamto\"},\"wordCount\":398,\"commentCount\":0,\"image\":{\"@id\":\"https:\/\/www.africa-press.net\/cameroun\/politique\/dementi-maurice-kamto-refute-tout-lien-avec-l-association-des-amis-du-president-kamto#primaryimage\"},\"thumbnailUrl\":\"https:\/\/static.africa-press.net\/cameroun\/sites\/57\/2022\/07\/img-62cefc912bd8c.jpg\",\"keywords\":[\"Africa Press\",\"Africa Press-Cameroun\",\"Cameroun\"],\"articleSection\":[\"homepage-french\",\"Politique\",\"Toutes les actualit\u00e9s\"],\"inLanguage\":\"fr-FR\",\"potentialAction\":[{\"@type\":\"CommentAction\",\"name\":\"Comment\",\"target\":[\"https:\/\/www.africa-press.net\/cameroun\/politique\/dementi-maurice-kamto-refute-tout-lien-avec-l-association-des-amis-du-president-kamto#respond\"]}]},{\"@type\":\"WebPage\",\"@id\":\"https:\/\/www.africa-press.net\/cameroun\/politique\/dementi-maurice-kamto-refute-tout-lien-avec-l-association-des-amis-du-president-kamto\",\"url\":\"https:\/\/www.africa-press.net\/cameroun\/politique\/dementi-maurice-kamto-refute-tout-lien-avec-l-association-des-amis-du-president-kamto\",\"name\":\"D\u00e9menti: Maurice Kamto r\u00e9fute tout lien avec l\u2019 \u201cAssociation des Amis du Pr\u00e9sident Kamto\u201d - Cameroun\",\"isPartOf\":{\"@id\":\"https:\/\/www.africa-press.net\/cameroun\/#website\"},\"primaryImageOfPage\":{\"@id\":\"https:\/\/www.africa-press.net\/cameroun\/politique\/dementi-maurice-kamto-refute-tout-lien-avec-l-association-des-amis-du-president-kamto#primaryimage\"},\"image\":{\"@id\":\"https:\/\/www.africa-press.net\/cameroun\/politique\/dementi-maurice-kamto-refute-tout-lien-avec-l-association-des-amis-du-president-kamto#primaryimage\"},\"thumbnailUrl\":\"https:\/\/static.africa-press.net\/cameroun\/sites\/57\/2022\/07\/img-62cefc912bd8c.jpg\",\"datePublished\":\"2022-07-13T15:32:50+00:00\",\"dateModified\":\"2022-07-13T17:11:05+00:00\",\"author\":{\"@id\":\"https:\/\/www.africa-press.net\/cameroun\/#\/schema\/person\/2b1cf3cd81a31e3cd26889ca66d677f1\"},\"description\":\"Rien \u00e0 voir avec l\u2019 \u00ab Association des Amis du Pr\u00e9sident Kamto \u00bb en abr\u00e9g\u00e9 APK. Le pr\u00e9sident national du Mouvement pour l ...\",\"breadcrumb\":{\"@id\":\"https:\/\/www.africa-press.net\/cameroun\/politique\/dementi-maurice-kamto-refute-tout-lien-avec-l-association-des-amis-du-president-kamto#breadcrumb\"},\"inLanguage\":\"fr-FR\",\"potentialAction\":[{\"@type\":\"ReadAction\",\"target\":[\"https:\/\/www.africa-press.net\/cameroun\/politique\/dementi-maurice-kamto-refute-tout-lien-avec-l-association-des-amis-du-president-kamto\"]}]},{\"@type\":\"ImageObject\",\"inLanguage\":\"fr-FR\",\"@id\":\"https:\/\/www.africa-press.net\/cameroun\/politique\/dementi-maurice-kamto-refute-tout-lien-avec-l-association-des-amis-du-president-kamto#primaryimage\",\"url\":\"https:\/\/static.africa-press.net\/cameroun\/sites\/57\/2022\/07\/img-62cefc912bd8c.jpg\",\"contentUrl\":\"https:\/\/static.africa-press.net\/cameroun\/sites\/57\/2022\/07\/img-62cefc912bd8c.jpg\",\"width\":800,\"height\":450,\"caption\":\"D\u00e9menti: Maurice Kamto r\u00e9fute tout lien avec l\u2019 \u201cAssociation des Amis du Pr\u00e9sident Kamto\u201d\"},{\"@type\":\"BreadcrumbList\",\"@id\":\"https:\/\/www.africa-press.net\/cameroun\/politique\/dementi-maurice-kamto-refute-tout-lien-avec-l-association-des-amis-du-president-kamto#breadcrumb\",\"itemListElement\":[{\"@type\":\"ListItem\",\"position\":1,\"name\":\"Accueil\",\"item\":\"https:\/\/www.africa-press.net\/cameroun\/\"},{\"@type\":\"ListItem\",\"position\":2,\"name\":\"D\u00e9menti: Maurice Kamto r\u00e9fute tout lien avec l\u2019 \u201cAssociation des Amis du Pr\u00e9sident Kamto\u201d\"}]},{\"@type\":\"WebSite\",\"@id\":\"https:\/\/www.africa-press.net\/cameroun\/#website\",\"url\":\"https:\/\/www.africa-press.net\/cameroun\/\",\"name\":\"Cameroun\",\"description\":\"Just another Africa News Agency Sites site\",\"potentialAction\":[{\"@type\":\"SearchAction\",\"target\":{\"@type\":\"EntryPoint\",\"urlTemplate\":\"https:\/\/www.africa-press.net\/cameroun\/?s={search_term_string}\"},\"query-input\":{\"@type\":\"PropertyValueSpecification\",\"valueRequired\":true,\"valueName\":\"search_term_string\"}}],\"inLanguage\":\"fr-FR\"},{\"@type\":\"Person\",\"@id\":\"https:\/\/www.africa-press.net\/cameroun\/#\/schema\/person\/2b1cf3cd81a31e3cd26889ca66d677f1\",\"name\":\"cfeditorfr\"}]}<\/script>\n<!-- \/ Yoast SEO Premium plugin. -->","yoast_head_json":{"title":"D\u00e9menti: Maurice Kamto r\u00e9fute tout lien avec l\u2019 \u201cAssociation des Amis du Pr\u00e9sident Kamto\u201d - Cameroun","description":"Rien \u00e0 voir avec l\u2019 \u00ab Association des Amis du Pr\u00e9sident Kamto \u00bb en abr\u00e9g\u00e9 APK. Le pr\u00e9sident national du Mouvement pour l ...","robots":{"index":"index","follow":"follow","max-snippet":"max-snippet:-1","max-image-preview":"max-image-preview:large","max-video-preview":"max-video-preview:-1"},"canonical":"https:\/\/www.africa-press.net\/cameroun\/politique\/dementi-maurice-kamto-refute-tout-lien-avec-l-association-des-amis-du-president-kamto","og_locale":"fr_FR","og_type":"article","og_title":"D\u00e9menti: Maurice Kamto r\u00e9fute tout lien avec l\u2019 \u201cAssociation des Amis du Pr\u00e9sident Kamto\u201d","og_description":"Rien \u00e0 voir avec l\u2019 \u00ab Association des Amis du Pr\u00e9sident Kamto \u00bb en abr\u00e9g\u00e9 APK. Le pr\u00e9sident national du Mouvement pour l ...","og_url":"https:\/\/www.africa-press.net\/cameroun\/politique\/dementi-maurice-kamto-refute-tout-lien-avec-l-association-des-amis-du-president-kamto","og_site_name":"Cameroun","article_published_time":"2022-07-13T15:32:50+00:00","article_modified_time":"2022-07-13T17:11:05+00:00","og_image":[{"width":800,"height":450,"url":"https:\/\/static.africa-press.net\/cameroun\/sites\/57\/2022\/07\/img-62cefc912bd8c.jpg","type":"image\/jpeg"}],"author":"cfeditorfr","twitter_card":"summary_large_image","twitter_misc":{"\u00c9crit par":"cfeditorfr","Dur\u00e9e de lecture estim\u00e9e":"2 minutes"},"schema":{"@context":"https:\/\/schema.org","@graph":[{"@type":"Article","@id":"https:\/\/www.africa-press.net\/cameroun\/politique\/dementi-maurice-kamto-refute-tout-lien-avec-l-association-des-amis-du-president-kamto#article","isPartOf":{"@id":"https:\/\/www.africa-press.net\/cameroun\/politique\/dementi-maurice-kamto-refute-tout-lien-avec-l-association-des-amis-du-president-kamto"},"author":{"name":"cfeditorfr","@id":"https:\/\/www.africa-press.net\/cameroun\/#\/schema\/person\/2b1cf3cd81a31e3cd26889ca66d677f1"},"headline":"D\u00e9menti: Maurice Kamto r\u00e9fute tout lien avec l\u2019 \u201cAssociation des Amis du Pr\u00e9sident Kamto\u201d","datePublished":"2022-07-13T15:32:50+00:00","dateModified":"2022-07-13T17:11:05+00:00","mainEntityOfPage":{"@id":"https:\/\/www.africa-press.net\/cameroun\/politique\/dementi-maurice-kamto-refute-tout-lien-avec-l-association-des-amis-du-president-kamto"},"wordCount":398,"commentCount":0,"image":{"@id":"https:\/\/www.africa-press.net\/cameroun\/politique\/dementi-maurice-kamto-refute-tout-lien-avec-l-association-des-amis-du-president-kamto#primaryimage"},"thumbnailUrl":"https:\/\/static.africa-press.net\/cameroun\/sites\/57\/2022\/07\/img-62cefc912bd8c.jpg","keywords":["Africa Press","Africa Press-Cameroun","Cameroun"],"articleSection":["homepage-french","Politique","Toutes les actualit\u00e9s"],"inLanguage":"fr-FR","potentialAction":[{"@type":"CommentAction","name":"Comment","target":["https:\/\/www.africa-press.net\/cameroun\/politique\/dementi-maurice-kamto-refute-tout-lien-avec-l-association-des-amis-du-president-kamto#respond"]}]},{"@type":"WebPage","@id":"https:\/\/www.africa-press.net\/cameroun\/politique\/dementi-maurice-kamto-refute-tout-lien-avec-l-association-des-amis-du-president-kamto","url":"https:\/\/www.africa-press.net\/cameroun\/politique\/dementi-maurice-kamto-refute-tout-lien-avec-l-association-des-amis-du-president-kamto","name":"D\u00e9menti: Maurice Kamto r\u00e9fute tout lien avec l\u2019 \u201cAssociation des Amis du Pr\u00e9sident Kamto\u201d - Cameroun","isPartOf":{"@id":"https:\/\/www.africa-press.net\/cameroun\/#website"},"primaryImageOfPage":{"@id":"https:\/\/www.africa-press.net\/cameroun\/politique\/dementi-maurice-kamto-refute-tout-lien-avec-l-association-des-amis-du-president-kamto#primaryimage"},"image":{"@id":"https:\/\/www.africa-press.net\/cameroun\/politique\/dementi-maurice-kamto-refute-tout-lien-avec-l-association-des-amis-du-president-kamto#primaryimage"},"thumbnailUrl":"https:\/\/static.africa-press.net\/cameroun\/sites\/57\/2022\/07\/img-62cefc912bd8c.jpg","datePublished":"2022-07-13T15:32:50+00:00","dateModified":"2022-07-13T17:11:05+00:00","author":{"@id":"https:\/\/www.africa-press.net\/cameroun\/#\/schema\/person\/2b1cf3cd81a31e3cd26889ca66d677f1"},"description":"Rien \u00e0 voir avec l\u2019 \u00ab Association des Amis du Pr\u00e9sident Kamto \u00bb en abr\u00e9g\u00e9 APK. Le pr\u00e9sident national du Mouvement pour l ...","breadcrumb":{"@id":"https:\/\/www.africa-press.net\/cameroun\/politique\/dementi-maurice-kamto-refute-tout-lien-avec-l-association-des-amis-du-president-kamto#breadcrumb"},"inLanguage":"fr-FR","potentialAction":[{"@type":"ReadAction","target":["https:\/\/www.africa-press.net\/cameroun\/politique\/dementi-maurice-kamto-refute-tout-lien-avec-l-association-des-amis-du-president-kamto"]}]},{"@type":"ImageObject","inLanguage":"fr-FR","@id":"https:\/\/www.africa-press.net\/cameroun\/politique\/dementi-maurice-kamto-refute-tout-lien-avec-l-association-des-amis-du-president-kamto#primaryimage","url":"https:\/\/static.africa-press.net\/cameroun\/sites\/57\/2022\/07\/img-62cefc912bd8c.jpg","contentUrl":"https:\/\/static.africa-press.net\/cameroun\/sites\/57\/2022\/07\/img-62cefc912bd8c.jpg","width":800,"height":450,"caption":"D\u00e9menti: Maurice Kamto r\u00e9fute tout lien avec l\u2019 \u201cAssociation des Amis du Pr\u00e9sident Kamto\u201d"},{"@type":"BreadcrumbList","@id":"https:\/\/www.africa-press.net\/cameroun\/politique\/dementi-maurice-kamto-refute-tout-lien-avec-l-association-des-amis-du-president-kamto#breadcrumb","itemListElement":[{"@type":"ListItem","position":1,"name":"Accueil","item":"https:\/\/www.africa-press.net\/cameroun\/"},{"@type":"ListItem","position":2,"name":"D\u00e9menti: Maurice Kamto r\u00e9fute tout lien avec l\u2019 \u201cAssociation des Amis du Pr\u00e9sident Kamto\u201d"}]},{"@type":"WebSite","@id":"https:\/\/www.africa-press.net\/cameroun\/#website","url":"https:\/\/www.africa-press.net\/cameroun\/","name":"Cameroun","description":"Just another Africa News Agency Sites site","potentialAction":[{"@type":"SearchAction","target":{"@type":"EntryPoint","urlTemplate":"https:\/\/www.africa-press.net\/cameroun\/?s={search_term_string}"},"query-input":{"@type":"PropertyValueSpecification","valueRequired":true,"valueName":"search_term_string"}}],"inLanguage":"fr-FR"},{"@type":"Person","@id":"https:\/\/www.africa-press.net\/cameroun\/#\/schema\/person\/2b1cf3cd81a31e3cd26889ca66d677f1","name":"cfeditorfr"}]}},"_links":{"self":[{"href":"https:\/\/www.africa-press.net\/cameroun\/wp-json\/wp\/v2\/posts\/23453","targetHints":{"allow":["GET"]}}],"collection":[{"href":"https:\/\/www.africa-press.net\/cameroun\/wp-json\/wp\/v2\/posts"}],"about":[{"href":"https:\/\/www.africa-press.net\/cameroun\/wp-json\/wp\/v2\/types\/post"}],"author":[{"embeddable":true,"href":"https:\/\/www.africa-press.net\/cameroun\/wp-json\/wp\/v2\/users\/82"}],"replies":[{"embeddable":true,"href":"https:\/\/www.africa-press.net\/cameroun\/wp-json\/wp\/v2\/comments?post=23453"}],"version-history":[{"count":0,"href":"https:\/\/www.africa-press.net\/cameroun\/wp-json\/wp\/v2\/posts\/23453\/revisions"}],"wp:featuredmedia":[{"embeddable":true,"href":"https:\/\/www.africa-press.net\/cameroun\/wp-json\/wp\/v2\/media\/23452"}],"wp:attachment":[{"href":"https:\/\/www.africa-press.net\/cameroun\/wp-json\/wp\/v2\/media?parent=23453"}],"wp:term":[{"taxonomy":"category","embeddable":true,"href":"https:\/\/www.africa-press.net\/cameroun\/wp-json\/wp\/v2\/categories?post=23453"},{"taxonomy":"post_tag","embeddable":true,"href":"https:\/\/www.africa-press.net\/cameroun\/wp-json\/wp\/v2\/tags?post=23453"}],"curies":[{"name":"wp","href":"https:\/\/api.w.org\/{rel}","templated":true}]}}