{"id":23456,"date":"2022-07-13T15:39:40","date_gmt":"2022-07-13T15:39:40","guid":{"rendered":"https:\/\/www.africa-press.net\/cameroun\/politique\/cameroun-entre-la-fecafoot-et-le-coq-sportif-le-torchon-brule"},"modified":"2022-07-13T17:12:01","modified_gmt":"2022-07-13T17:12:01","slug":"cameroun-entre-la-fecafoot-et-le-coq-sportif-le-torchon-brule","status":"publish","type":"post","link":"https:\/\/www.africa-press.net\/cameroun\/sports\/cameroun-entre-la-fecafoot-et-le-coq-sportif-le-torchon-brule","title":{"rendered":"Cameroun : entre la Fecafoot et Le Coq Sportif, le torchon br\u00fble"},"content":{"rendered":"<p><span style=\"color: #ff6600\"><strong>Africa-Press &#8211; Cameroun. <\/strong><\/span>La menace a l\u2019avantage de ratisser large. Elle vise la F\u00e9d\u00e9ration camerounaise de football (Fecafoot) et tout tiers, notamment tout \u00e9quipementier concurrent, qui \u00ab viendrait \u00e0 porter atteinte aux droits \u00bb dont Le Coq Sportif se dit \u00ab titulaire \u00bb. Elle est \u00e9crite noir sur blanc, dans un courrier adress\u00e9 \u00e0 Samuel Eto\u2019o, le pr\u00e9sident de la Fecafoot, par Marc-Henri Beausire, directeur g\u00e9n\u00e9ral de la marque fran\u00e7aise de sport sous contrat avec les Camerounais depuis janvier 2020.<\/p>\n<p>Dat\u00e9e du 11 juillet dernier, adress\u00e9e \u00e9galement au minist\u00e8re camerounais des Sports et aux services contentieux de la F\u00e9d\u00e9ration internationale de football (FIFA) et de la Conf\u00e9d\u00e9ration africaine de football (CAF), la lettre est une r\u00e9ponse circonstanci\u00e9e \u00e0 une communication de la Fecafoot du 1er juillet, exprimant publiquement la volont\u00e9 de r\u00e9silier, \u00e0 l\u2019issue de la CAN f\u00e9minine, le contrat \u00e9quipementier en cours, soit un an avant son terme pr\u00e9vu en 2023.<\/p>\n<p><b>Vers une proc\u00e9dure judiciaire ?<\/b><\/p>\n<p>\u00c0 n\u2019en pas douter, Le Coq Sportif est manifestement agac\u00e9, lui qui assure n\u2019avoir eu de cesse de tenter de prendre attache avec les services du nouveau pr\u00e9sident Eto\u2019o pour un r\u00e8glement \u00e0 l\u2019amiable du diff\u00e9rend afin de poursuivre la pr\u00e9paration des commandes d\u2019ores et d\u00e9j\u00e0 engag\u00e9es. Des d\u00e9marches qui seraient rest\u00e9es vaines, selon Marc-Henri Beausire, l\u2019instance camerounaise pr\u00e9f\u00e9rant manifestement laver le linge sale sur la place m\u00e9diatique. Quel linge sale ? Le patron du Coq Sportif insiste sur le fait que sa soci\u00e9t\u00e9 n\u2019aurait manqu\u00e9 \u00e0 aucun des engagements qui lui incombait, depuis plus de trois ans, et que la Fecafoot ne serait, \u00e0 ce jour, d\u00e9tentrice d\u2019aucune cr\u00e9ance \u00e0 son encontre.<\/p>\n<p>Chagrin\u00e9e par une attitude \u00ab pas en ad\u00e9quation avec l\u2019esprit du partenariat \u00bb et convaincue d\u2019\u00eatre la victime d\u2019un \u00ab pr\u00e9judice consid\u00e9rable \u00bb, la marque annonce donc pr\u00e9parer toute proc\u00e9dure judiciaire lui permettant d\u2019obtenir r\u00e9paration, au cas o\u00f9 le patron du football camerounais ne reconsid\u00e9rerait pas sa position. Le Coq Sportif doute d\u2019ailleurs de la possibilit\u00e9 d\u2019un rabibochage, puisqu\u2019il \u00e9voque un appel d\u2019offre \u00e9mis par l\u2019instance camerounaise le 6 juillet. \u00c0 mots \u00e0 peine couverts, il soup\u00e7onne Samuel Eto\u2019o de vouloir s\u2019engager \u00ab \u00e0 moindre frais avec un \u00e9quipementier concurrent \u00e0 quelques mois de la Coupe du monde de football 2022 \u00bb.<\/p>\n<p>Le contrat d\u2019origine n\u2019\u00e9tait-il pas convaincant, contrairement \u00e0 celui propos\u00e9 par Puma ? Certaines sommes d\u2019argent annonc\u00e9es \u00e0 la F\u00e9d\u00e9ration n\u2019auraient-elles pas \u00e9t\u00e9 vers\u00e9es conform\u00e9ment \u00e0 l\u2019\u00e9chelonnage ? Deux boutiques de la marque promises \u00e0 Yaound\u00e9 et Douala n\u2019auraient-elles pas \u00e9t\u00e9 ouvertes ? Les \u00e9quipements des Lionnes, au Maroc, auraient-ils \u00e9t\u00e9 livr\u00e9s avec un d\u00e9lai qui ne convenait pas ? Ceux-ci auraient-ils \u00e9t\u00e9 inadapt\u00e9s en termes de taille ? Les rumeurs bruissent mais les regards se tournent vers Samuel Eto\u2019o pour qu\u2019il pr\u00e9cise officiellement les motifs de la r\u00e9siliation unilat\u00e9rale du contrat. Directement, ou par voie de presse\u2026<\/p>\n<p><strong>Pour plus d&rsquo;informations et d&rsquo;analyses sur la <a href=\"https:\/\/www.africa-press.net\/cameroun\">Cameroun<\/a>, suivez <a href=\"https:\/\/www.africa-press.net\/\">Africa-Press<\/a><\/strong><\/p>\n","protected":false},"excerpt":{"rendered":"<p>Africa-Press &#8211; Cameroun. La menace a l\u2019avantage de ratisser large. Elle vise la F\u00e9d\u00e9ration camerounaise de football (Fecafoot) et tout tiers, notamment tout \u00e9quipementier concurrent, qui \u00ab viendrait \u00e0 porter atteinte aux droits \u00bb dont Le Coq Sportif se dit \u00ab titulaire \u00bb. Elle est \u00e9crite noir sur blanc, dans un courrier adress\u00e9 \u00e0 Samuel [&hellip;]<\/p>\n","protected":false},"author":82,"featured_media":23455,"comment_status":"open","ping_status":"closed","sticky":false,"template":"","format":"standard","meta":{"footnotes":""},"categories":[11,6,10],"tags":[36,50,49],"class_list":["post-23456","post","type-post","status-publish","format-standard","has-post-thumbnail","hentry","category-homepage-french","category-sports","category-toutes-les-actualites","tag-africa-press","tag-africa-press-cameroun","tag-cameroun"],"yoast_head":"<!-- This site is optimized with the Yoast SEO Premium plugin v26.1 (Yoast SEO v27.0) - https:\/\/yoast.com\/product\/yoast-seo-premium-wordpress\/ -->\n<title>Cameroun : entre la Fecafoot et Le Coq Sportif, le torchon br\u00fble - Cameroun<\/title>\n<meta name=\"description\" content=\"La menace a l\u2019avantage de ratisser large. Elle vise la F\u00e9d\u00e9ration camerounaise de football (Fecafoot) et tout tiers, not ...\" \/>\n<meta name=\"robots\" content=\"index, follow, max-snippet:-1, max-image-preview:large, max-video-preview:-1\" \/>\n<link rel=\"canonical\" href=\"https:\/\/www.africa-press.net\/cameroun\/sports\/cameroun-entre-la-fecafoot-et-le-coq-sportif-le-torchon-brule\" \/>\n<meta property=\"og:locale\" content=\"fr_FR\" \/>\n<meta property=\"og:type\" content=\"article\" \/>\n<meta property=\"og:title\" content=\"Cameroun : entre la Fecafoot et Le Coq Sportif, le torchon br\u00fble\" \/>\n<meta property=\"og:description\" content=\"La menace a l\u2019avantage de ratisser large. Elle vise la F\u00e9d\u00e9ration camerounaise de football (Fecafoot) et tout tiers, not ...\" \/>\n<meta property=\"og:url\" content=\"https:\/\/www.africa-press.net\/cameroun\/sports\/cameroun-entre-la-fecafoot-et-le-coq-sportif-le-torchon-brule\" \/>\n<meta property=\"og:site_name\" content=\"Cameroun\" \/>\n<meta property=\"article:published_time\" content=\"2022-07-13T15:39:40+00:00\" \/>\n<meta property=\"article:modified_time\" content=\"2022-07-13T17:12:01+00:00\" \/>\n<meta property=\"og:image\" content=\"https:\/\/static.africa-press.net\/cameroun\/sites\/57\/2022\/07\/img-62cefcc1209b6.jpg\" \/>\n\t<meta property=\"og:image:width\" content=\"720\" \/>\n\t<meta property=\"og:image:height\" content=\"720\" \/>\n\t<meta property=\"og:image:type\" content=\"image\/jpeg\" \/>\n<meta name=\"author\" content=\"cfeditorfr\" \/>\n<meta name=\"twitter:card\" content=\"summary_large_image\" \/>\n<meta name=\"twitter:label1\" content=\"\u00c9crit par\" \/>\n\t<meta name=\"twitter:data1\" content=\"cfeditorfr\" \/>\n\t<meta name=\"twitter:label2\" content=\"Dur\u00e9e de lecture estim\u00e9e\" \/>\n\t<meta name=\"twitter:data2\" content=\"3 minutes\" \/>\n<script type=\"application\/ld+json\" class=\"yoast-schema-graph\">{\"@context\":\"https:\/\/schema.org\",\"@graph\":[{\"@type\":\"Article\",\"@id\":\"https:\/\/www.africa-press.net\/cameroun\/sports\/cameroun-entre-la-fecafoot-et-le-coq-sportif-le-torchon-brule#article\",\"isPartOf\":{\"@id\":\"https:\/\/www.africa-press.net\/cameroun\/sports\/cameroun-entre-la-fecafoot-et-le-coq-sportif-le-torchon-brule\"},\"author\":{\"name\":\"cfeditorfr\",\"@id\":\"https:\/\/www.africa-press.net\/cameroun\/#\/schema\/person\/2b1cf3cd81a31e3cd26889ca66d677f1\"},\"headline\":\"Cameroun : entre la Fecafoot et Le Coq Sportif, le torchon br\u00fble\",\"datePublished\":\"2022-07-13T15:39:40+00:00\",\"dateModified\":\"2022-07-13T17:12:01+00:00\",\"mainEntityOfPage\":{\"@id\":\"https:\/\/www.africa-press.net\/cameroun\/sports\/cameroun-entre-la-fecafoot-et-le-coq-sportif-le-torchon-brule\"},\"wordCount\":538,\"commentCount\":0,\"image\":{\"@id\":\"https:\/\/www.africa-press.net\/cameroun\/sports\/cameroun-entre-la-fecafoot-et-le-coq-sportif-le-torchon-brule#primaryimage\"},\"thumbnailUrl\":\"https:\/\/static.africa-press.net\/cameroun\/sites\/57\/2022\/07\/img-62cefcc1209b6.jpg\",\"keywords\":[\"Africa Press\",\"Africa Press-Cameroun\",\"Cameroun\"],\"articleSection\":[\"homepage-french\",\"Sports\",\"Toutes les actualit\u00e9s\"],\"inLanguage\":\"fr-FR\",\"potentialAction\":[{\"@type\":\"CommentAction\",\"name\":\"Comment\",\"target\":[\"https:\/\/www.africa-press.net\/cameroun\/sports\/cameroun-entre-la-fecafoot-et-le-coq-sportif-le-torchon-brule#respond\"]}]},{\"@type\":\"WebPage\",\"@id\":\"https:\/\/www.africa-press.net\/cameroun\/sports\/cameroun-entre-la-fecafoot-et-le-coq-sportif-le-torchon-brule\",\"url\":\"https:\/\/www.africa-press.net\/cameroun\/sports\/cameroun-entre-la-fecafoot-et-le-coq-sportif-le-torchon-brule\",\"name\":\"Cameroun : entre la Fecafoot et Le Coq Sportif, le torchon br\u00fble - Cameroun\",\"isPartOf\":{\"@id\":\"https:\/\/www.africa-press.net\/cameroun\/#website\"},\"primaryImageOfPage\":{\"@id\":\"https:\/\/www.africa-press.net\/cameroun\/sports\/cameroun-entre-la-fecafoot-et-le-coq-sportif-le-torchon-brule#primaryimage\"},\"image\":{\"@id\":\"https:\/\/www.africa-press.net\/cameroun\/sports\/cameroun-entre-la-fecafoot-et-le-coq-sportif-le-torchon-brule#primaryimage\"},\"thumbnailUrl\":\"https:\/\/static.africa-press.net\/cameroun\/sites\/57\/2022\/07\/img-62cefcc1209b6.jpg\",\"datePublished\":\"2022-07-13T15:39:40+00:00\",\"dateModified\":\"2022-07-13T17:12:01+00:00\",\"author\":{\"@id\":\"https:\/\/www.africa-press.net\/cameroun\/#\/schema\/person\/2b1cf3cd81a31e3cd26889ca66d677f1\"},\"description\":\"La menace a l\u2019avantage de ratisser large. Elle vise la F\u00e9d\u00e9ration camerounaise de football (Fecafoot) et tout tiers, not ...\",\"breadcrumb\":{\"@id\":\"https:\/\/www.africa-press.net\/cameroun\/sports\/cameroun-entre-la-fecafoot-et-le-coq-sportif-le-torchon-brule#breadcrumb\"},\"inLanguage\":\"fr-FR\",\"potentialAction\":[{\"@type\":\"ReadAction\",\"target\":[\"https:\/\/www.africa-press.net\/cameroun\/sports\/cameroun-entre-la-fecafoot-et-le-coq-sportif-le-torchon-brule\"]}]},{\"@type\":\"ImageObject\",\"inLanguage\":\"fr-FR\",\"@id\":\"https:\/\/www.africa-press.net\/cameroun\/sports\/cameroun-entre-la-fecafoot-et-le-coq-sportif-le-torchon-brule#primaryimage\",\"url\":\"https:\/\/static.africa-press.net\/cameroun\/sites\/57\/2022\/07\/img-62cefcc1209b6.jpg\",\"contentUrl\":\"https:\/\/static.africa-press.net\/cameroun\/sites\/57\/2022\/07\/img-62cefcc1209b6.jpg\",\"width\":720,\"height\":720,\"caption\":\"Cameroun : entre la Fecafoot et Le Coq Sportif, le torchon br\u00fble\"},{\"@type\":\"BreadcrumbList\",\"@id\":\"https:\/\/www.africa-press.net\/cameroun\/sports\/cameroun-entre-la-fecafoot-et-le-coq-sportif-le-torchon-brule#breadcrumb\",\"itemListElement\":[{\"@type\":\"ListItem\",\"position\":1,\"name\":\"Accueil\",\"item\":\"https:\/\/www.africa-press.net\/cameroun\/\"},{\"@type\":\"ListItem\",\"position\":2,\"name\":\"Cameroun : entre la Fecafoot et Le Coq Sportif, le torchon br\u00fble\"}]},{\"@type\":\"WebSite\",\"@id\":\"https:\/\/www.africa-press.net\/cameroun\/#website\",\"url\":\"https:\/\/www.africa-press.net\/cameroun\/\",\"name\":\"Cameroun\",\"description\":\"Just another Africa News Agency Sites site\",\"potentialAction\":[{\"@type\":\"SearchAction\",\"target\":{\"@type\":\"EntryPoint\",\"urlTemplate\":\"https:\/\/www.africa-press.net\/cameroun\/?s={search_term_string}\"},\"query-input\":{\"@type\":\"PropertyValueSpecification\",\"valueRequired\":true,\"valueName\":\"search_term_string\"}}],\"inLanguage\":\"fr-FR\"},{\"@type\":\"Person\",\"@id\":\"https:\/\/www.africa-press.net\/cameroun\/#\/schema\/person\/2b1cf3cd81a31e3cd26889ca66d677f1\",\"name\":\"cfeditorfr\"}]}<\/script>\n<!-- \/ Yoast SEO Premium plugin. -->","yoast_head_json":{"title":"Cameroun : entre la Fecafoot et Le Coq Sportif, le torchon br\u00fble - Cameroun","description":"La menace a l\u2019avantage de ratisser large. Elle vise la F\u00e9d\u00e9ration camerounaise de football (Fecafoot) et tout tiers, not ...","robots":{"index":"index","follow":"follow","max-snippet":"max-snippet:-1","max-image-preview":"max-image-preview:large","max-video-preview":"max-video-preview:-1"},"canonical":"https:\/\/www.africa-press.net\/cameroun\/sports\/cameroun-entre-la-fecafoot-et-le-coq-sportif-le-torchon-brule","og_locale":"fr_FR","og_type":"article","og_title":"Cameroun : entre la Fecafoot et Le Coq Sportif, le torchon br\u00fble","og_description":"La menace a l\u2019avantage de ratisser large. Elle vise la F\u00e9d\u00e9ration camerounaise de football (Fecafoot) et tout tiers, not ...","og_url":"https:\/\/www.africa-press.net\/cameroun\/sports\/cameroun-entre-la-fecafoot-et-le-coq-sportif-le-torchon-brule","og_site_name":"Cameroun","article_published_time":"2022-07-13T15:39:40+00:00","article_modified_time":"2022-07-13T17:12:01+00:00","og_image":[{"width":720,"height":720,"url":"https:\/\/static.africa-press.net\/cameroun\/sites\/57\/2022\/07\/img-62cefcc1209b6.jpg","type":"image\/jpeg"}],"author":"cfeditorfr","twitter_card":"summary_large_image","twitter_misc":{"\u00c9crit par":"cfeditorfr","Dur\u00e9e de lecture estim\u00e9e":"3 minutes"},"schema":{"@context":"https:\/\/schema.org","@graph":[{"@type":"Article","@id":"https:\/\/www.africa-press.net\/cameroun\/sports\/cameroun-entre-la-fecafoot-et-le-coq-sportif-le-torchon-brule#article","isPartOf":{"@id":"https:\/\/www.africa-press.net\/cameroun\/sports\/cameroun-entre-la-fecafoot-et-le-coq-sportif-le-torchon-brule"},"author":{"name":"cfeditorfr","@id":"https:\/\/www.africa-press.net\/cameroun\/#\/schema\/person\/2b1cf3cd81a31e3cd26889ca66d677f1"},"headline":"Cameroun : entre la Fecafoot et Le Coq Sportif, le torchon br\u00fble","datePublished":"2022-07-13T15:39:40+00:00","dateModified":"2022-07-13T17:12:01+00:00","mainEntityOfPage":{"@id":"https:\/\/www.africa-press.net\/cameroun\/sports\/cameroun-entre-la-fecafoot-et-le-coq-sportif-le-torchon-brule"},"wordCount":538,"commentCount":0,"image":{"@id":"https:\/\/www.africa-press.net\/cameroun\/sports\/cameroun-entre-la-fecafoot-et-le-coq-sportif-le-torchon-brule#primaryimage"},"thumbnailUrl":"https:\/\/static.africa-press.net\/cameroun\/sites\/57\/2022\/07\/img-62cefcc1209b6.jpg","keywords":["Africa Press","Africa Press-Cameroun","Cameroun"],"articleSection":["homepage-french","Sports","Toutes les actualit\u00e9s"],"inLanguage":"fr-FR","potentialAction":[{"@type":"CommentAction","name":"Comment","target":["https:\/\/www.africa-press.net\/cameroun\/sports\/cameroun-entre-la-fecafoot-et-le-coq-sportif-le-torchon-brule#respond"]}]},{"@type":"WebPage","@id":"https:\/\/www.africa-press.net\/cameroun\/sports\/cameroun-entre-la-fecafoot-et-le-coq-sportif-le-torchon-brule","url":"https:\/\/www.africa-press.net\/cameroun\/sports\/cameroun-entre-la-fecafoot-et-le-coq-sportif-le-torchon-brule","name":"Cameroun : entre la Fecafoot et Le Coq Sportif, le torchon br\u00fble - Cameroun","isPartOf":{"@id":"https:\/\/www.africa-press.net\/cameroun\/#website"},"primaryImageOfPage":{"@id":"https:\/\/www.africa-press.net\/cameroun\/sports\/cameroun-entre-la-fecafoot-et-le-coq-sportif-le-torchon-brule#primaryimage"},"image":{"@id":"https:\/\/www.africa-press.net\/cameroun\/sports\/cameroun-entre-la-fecafoot-et-le-coq-sportif-le-torchon-brule#primaryimage"},"thumbnailUrl":"https:\/\/static.africa-press.net\/cameroun\/sites\/57\/2022\/07\/img-62cefcc1209b6.jpg","datePublished":"2022-07-13T15:39:40+00:00","dateModified":"2022-07-13T17:12:01+00:00","author":{"@id":"https:\/\/www.africa-press.net\/cameroun\/#\/schema\/person\/2b1cf3cd81a31e3cd26889ca66d677f1"},"description":"La menace a l\u2019avantage de ratisser large. Elle vise la F\u00e9d\u00e9ration camerounaise de football (Fecafoot) et tout tiers, not ...","breadcrumb":{"@id":"https:\/\/www.africa-press.net\/cameroun\/sports\/cameroun-entre-la-fecafoot-et-le-coq-sportif-le-torchon-brule#breadcrumb"},"inLanguage":"fr-FR","potentialAction":[{"@type":"ReadAction","target":["https:\/\/www.africa-press.net\/cameroun\/sports\/cameroun-entre-la-fecafoot-et-le-coq-sportif-le-torchon-brule"]}]},{"@type":"ImageObject","inLanguage":"fr-FR","@id":"https:\/\/www.africa-press.net\/cameroun\/sports\/cameroun-entre-la-fecafoot-et-le-coq-sportif-le-torchon-brule#primaryimage","url":"https:\/\/static.africa-press.net\/cameroun\/sites\/57\/2022\/07\/img-62cefcc1209b6.jpg","contentUrl":"https:\/\/static.africa-press.net\/cameroun\/sites\/57\/2022\/07\/img-62cefcc1209b6.jpg","width":720,"height":720,"caption":"Cameroun : entre la Fecafoot et Le Coq Sportif, le torchon br\u00fble"},{"@type":"BreadcrumbList","@id":"https:\/\/www.africa-press.net\/cameroun\/sports\/cameroun-entre-la-fecafoot-et-le-coq-sportif-le-torchon-brule#breadcrumb","itemListElement":[{"@type":"ListItem","position":1,"name":"Accueil","item":"https:\/\/www.africa-press.net\/cameroun\/"},{"@type":"ListItem","position":2,"name":"Cameroun : entre la Fecafoot et Le Coq Sportif, le torchon br\u00fble"}]},{"@type":"WebSite","@id":"https:\/\/www.africa-press.net\/cameroun\/#website","url":"https:\/\/www.africa-press.net\/cameroun\/","name":"Cameroun","description":"Just another Africa News Agency Sites site","potentialAction":[{"@type":"SearchAction","target":{"@type":"EntryPoint","urlTemplate":"https:\/\/www.africa-press.net\/cameroun\/?s={search_term_string}"},"query-input":{"@type":"PropertyValueSpecification","valueRequired":true,"valueName":"search_term_string"}}],"inLanguage":"fr-FR"},{"@type":"Person","@id":"https:\/\/www.africa-press.net\/cameroun\/#\/schema\/person\/2b1cf3cd81a31e3cd26889ca66d677f1","name":"cfeditorfr"}]}},"_links":{"self":[{"href":"https:\/\/www.africa-press.net\/cameroun\/wp-json\/wp\/v2\/posts\/23456","targetHints":{"allow":["GET"]}}],"collection":[{"href":"https:\/\/www.africa-press.net\/cameroun\/wp-json\/wp\/v2\/posts"}],"about":[{"href":"https:\/\/www.africa-press.net\/cameroun\/wp-json\/wp\/v2\/types\/post"}],"author":[{"embeddable":true,"href":"https:\/\/www.africa-press.net\/cameroun\/wp-json\/wp\/v2\/users\/82"}],"replies":[{"embeddable":true,"href":"https:\/\/www.africa-press.net\/cameroun\/wp-json\/wp\/v2\/comments?post=23456"}],"version-history":[{"count":0,"href":"https:\/\/www.africa-press.net\/cameroun\/wp-json\/wp\/v2\/posts\/23456\/revisions"}],"wp:featuredmedia":[{"embeddable":true,"href":"https:\/\/www.africa-press.net\/cameroun\/wp-json\/wp\/v2\/media\/23455"}],"wp:attachment":[{"href":"https:\/\/www.africa-press.net\/cameroun\/wp-json\/wp\/v2\/media?parent=23456"}],"wp:term":[{"taxonomy":"category","embeddable":true,"href":"https:\/\/www.africa-press.net\/cameroun\/wp-json\/wp\/v2\/categories?post=23456"},{"taxonomy":"post_tag","embeddable":true,"href":"https:\/\/www.africa-press.net\/cameroun\/wp-json\/wp\/v2\/tags?post=23456"}],"curies":[{"name":"wp","href":"https:\/\/api.w.org\/{rel}","templated":true}]}}