{"id":23459,"date":"2022-07-13T15:44:21","date_gmt":"2022-07-13T15:44:21","guid":{"rendered":"https:\/\/www.africa-press.net\/cameroun\/politique\/cameroun-retour-des-explosifs-a-yaounde-le-prefet-du-mfoundi-interdit-labandon-des-colis"},"modified":"2022-07-13T17:12:40","modified_gmt":"2022-07-13T17:12:40","slug":"cameroun-retour-des-explosifs-a-yaounde-le-prefet-du-mfoundi-interdit-labandon-des-colis","status":"publish","type":"post","link":"https:\/\/www.africa-press.net\/cameroun\/politique\/cameroun-retour-des-explosifs-a-yaounde-le-prefet-du-mfoundi-interdit-labandon-des-colis","title":{"rendered":"Cameroun : retour des explosifs \u00e0 Yaound\u00e9, le pr\u00e9fet du Mfoundi interdit l\u2019abandon des colis"},"content":{"rendered":"<p><span style=\"color: #ff6600\"><strong>Africa-Press &#8211; Cameroun. <\/strong><\/span>Emmanuel Mariel Djikdent vient d\u2019\u00e9dicter une s\u00e9rie de mesures dans le but de traquer les suspects qui sapent la s\u00e9curit\u00e9 dans la capitale politique du Cameroun.<\/p>\n<p>Les d\u00e9tonations successives survenues au march\u00e9 Mokolo \u00e0 Yaound\u00e9 au mois de juillet 2022 obligent les autorit\u00e9s \u00e0 r\u00e9ajuster les mesures de s\u00e9curit\u00e9. Le 12 juillet 2022, le pr\u00e9fet du Mfoundi signe un arr\u00eat\u00e9 \u00e0 cet effet. \u00ab Sont et demeurent \u00e0 compter de la date de signature du pr\u00e9sent arr\u00eat\u00e9, interdits sur toute l\u2019\u00e9tendue du territoire du Mfoundi, le d\u00e9p\u00f4t et\/ou l\u2019abandon de colis (sacs, paquets, emballage, plastiques\u2026) dans tous les lieux publics et milieux ouverts au public \u00bb, d\u00e9cide Emmanuel Mariel Djikdent.<\/p>\n<p>Aux termes de cette d\u00e9cision en date du 11 juillet 2022, \u00ab la d\u00e9tention non justifi\u00e9e d\u2019objets susceptibles (\u00e9crous, billes, boulons, clous, morceaux de fer\u2026) est un pr\u00e9paratif dangereux \u00bb, pr\u00e9vient l\u2019autorit\u00e9 administrative. Le chef du d\u00e9partement d\u00e9clare avoir donn\u00e9 l\u2019autorisation aux forces de maintien de l\u2019ordre de proc\u00e9der \u00e0 des fouilles de tout colis ou sac jug\u00e9 suspect, en particulier les emballages dits plastics noirs.<\/p>\n<p>L\u2019arr\u00eat\u00e9 pr\u00e9fectoral pr\u00e9cise deux cat\u00e9gories de suspects : \u00ab tout contrevenant aux dispositions (\u2026) ci-dessus est un suspect. Est \u00e9galement suspect, toute personne qui se r\u00e9jouit des difficult\u00e9s de l\u2019Etat ou souhaite voir l\u2019Etat en difficult\u00e9 \u00bb, peut-on lire.<\/p>\n<p>Cet arr\u00eat\u00e9 est pris quelques heures apr\u00e8s la survenue au march\u00e9 Mokolo \u00e0 Yaound\u00e9 d\u2019une deuxi\u00e8me bombe artisanale au cours du mois de juillet. Selon les t\u00e9moignages, l\u2019engin explosif contenu dans un sac plastique a \u00e9t\u00e9 d\u00e9pos\u00e9e sur la chauss\u00e9e avant son explosion. La premi\u00e8re d\u00e9tonation quant \u00e0 elle a lieu le 02 juillet et fait quelques bless\u00e9s.<\/p>\n<p><strong>Pour plus d&rsquo;informations et d&rsquo;analyses sur la <a href=\"https:\/\/www.africa-press.net\/cameroun\">Cameroun<\/a>, suivez <a href=\"https:\/\/www.africa-press.net\/\">Africa-Press<\/a><\/strong><\/p>\n","protected":false},"excerpt":{"rendered":"<p>Africa-Press &#8211; Cameroun. Emmanuel Mariel Djikdent vient d\u2019\u00e9dicter une s\u00e9rie de mesures dans le but de traquer les suspects qui sapent la s\u00e9curit\u00e9 dans la capitale politique du Cameroun. Les d\u00e9tonations successives survenues au march\u00e9 Mokolo \u00e0 Yaound\u00e9 au mois de juillet 2022 obligent les autorit\u00e9s \u00e0 r\u00e9ajuster les mesures de s\u00e9curit\u00e9. Le 12 juillet [&hellip;]<\/p>\n","protected":false},"author":82,"featured_media":23458,"comment_status":"open","ping_status":"closed","sticky":false,"template":"","format":"standard","meta":{"footnotes":""},"categories":[11,2,10],"tags":[36,50,49],"class_list":["post-23459","post","type-post","status-publish","format-standard","has-post-thumbnail","hentry","category-homepage-french","category-politique","category-toutes-les-actualites","tag-africa-press","tag-africa-press-cameroun","tag-cameroun"],"yoast_head":"<!-- This site is optimized with the Yoast SEO Premium plugin v26.1 (Yoast SEO v27.0) - https:\/\/yoast.com\/product\/yoast-seo-premium-wordpress\/ -->\n<title>Cameroun : retour des explosifs \u00e0 Yaound\u00e9, le pr\u00e9fet du Mfoundi interdit l\u2019abandon des colis - Cameroun<\/title>\n<meta name=\"description\" content=\"Emmanuel Mariel Djikdent vient d\u2019\u00e9dicter une s\u00e9rie de mesures dans le but de traquer les suspects qui sapent la s\u00e9curit\u00e9 ...\" \/>\n<meta name=\"robots\" content=\"index, follow, max-snippet:-1, max-image-preview:large, max-video-preview:-1\" \/>\n<link rel=\"canonical\" href=\"https:\/\/www.africa-press.net\/cameroun\/politique\/cameroun-retour-des-explosifs-a-yaounde-le-prefet-du-mfoundi-interdit-labandon-des-colis\" \/>\n<meta property=\"og:locale\" content=\"fr_FR\" \/>\n<meta property=\"og:type\" content=\"article\" \/>\n<meta property=\"og:title\" content=\"Cameroun : retour des explosifs \u00e0 Yaound\u00e9, le pr\u00e9fet du Mfoundi interdit l\u2019abandon des colis\" \/>\n<meta property=\"og:description\" content=\"Emmanuel Mariel Djikdent vient d\u2019\u00e9dicter une s\u00e9rie de mesures dans le but de traquer les suspects qui sapent la s\u00e9curit\u00e9 ...\" \/>\n<meta property=\"og:url\" content=\"https:\/\/www.africa-press.net\/cameroun\/politique\/cameroun-retour-des-explosifs-a-yaounde-le-prefet-du-mfoundi-interdit-labandon-des-colis\" \/>\n<meta property=\"og:site_name\" content=\"Cameroun\" \/>\n<meta property=\"article:published_time\" content=\"2022-07-13T15:44:21+00:00\" \/>\n<meta property=\"article:modified_time\" content=\"2022-07-13T17:12:40+00:00\" \/>\n<meta property=\"og:image\" content=\"https:\/\/static.africa-press.net\/cameroun\/sites\/57\/2022\/07\/img-62cefcea835a0.jpg\" \/>\n\t<meta property=\"og:image:width\" content=\"787\" \/>\n\t<meta property=\"og:image:height\" content=\"697\" \/>\n\t<meta property=\"og:image:type\" content=\"image\/jpeg\" \/>\n<meta name=\"author\" content=\"cfeditorfr\" \/>\n<meta name=\"twitter:card\" content=\"summary_large_image\" \/>\n<meta name=\"twitter:label1\" content=\"\u00c9crit par\" \/>\n\t<meta name=\"twitter:data1\" content=\"cfeditorfr\" \/>\n\t<meta name=\"twitter:label2\" content=\"Dur\u00e9e de lecture estim\u00e9e\" \/>\n\t<meta name=\"twitter:data2\" content=\"2 minutes\" \/>\n<script type=\"application\/ld+json\" class=\"yoast-schema-graph\">{\"@context\":\"https:\/\/schema.org\",\"@graph\":[{\"@type\":\"Article\",\"@id\":\"https:\/\/www.africa-press.net\/cameroun\/politique\/cameroun-retour-des-explosifs-a-yaounde-le-prefet-du-mfoundi-interdit-labandon-des-colis#article\",\"isPartOf\":{\"@id\":\"https:\/\/www.africa-press.net\/cameroun\/politique\/cameroun-retour-des-explosifs-a-yaounde-le-prefet-du-mfoundi-interdit-labandon-des-colis\"},\"author\":{\"name\":\"cfeditorfr\",\"@id\":\"https:\/\/www.africa-press.net\/cameroun\/#\/schema\/person\/2b1cf3cd81a31e3cd26889ca66d677f1\"},\"headline\":\"Cameroun : retour des explosifs \u00e0 Yaound\u00e9, le pr\u00e9fet du Mfoundi interdit l\u2019abandon des colis\",\"datePublished\":\"2022-07-13T15:44:21+00:00\",\"dateModified\":\"2022-07-13T17:12:40+00:00\",\"mainEntityOfPage\":{\"@id\":\"https:\/\/www.africa-press.net\/cameroun\/politique\/cameroun-retour-des-explosifs-a-yaounde-le-prefet-du-mfoundi-interdit-labandon-des-colis\"},\"wordCount\":332,\"commentCount\":0,\"image\":{\"@id\":\"https:\/\/www.africa-press.net\/cameroun\/politique\/cameroun-retour-des-explosifs-a-yaounde-le-prefet-du-mfoundi-interdit-labandon-des-colis#primaryimage\"},\"thumbnailUrl\":\"https:\/\/static.africa-press.net\/cameroun\/sites\/57\/2022\/07\/img-62cefcea835a0.jpg\",\"keywords\":[\"Africa Press\",\"Africa Press-Cameroun\",\"Cameroun\"],\"articleSection\":[\"homepage-french\",\"Politique\",\"Toutes les actualit\u00e9s\"],\"inLanguage\":\"fr-FR\",\"potentialAction\":[{\"@type\":\"CommentAction\",\"name\":\"Comment\",\"target\":[\"https:\/\/www.africa-press.net\/cameroun\/politique\/cameroun-retour-des-explosifs-a-yaounde-le-prefet-du-mfoundi-interdit-labandon-des-colis#respond\"]}]},{\"@type\":\"WebPage\",\"@id\":\"https:\/\/www.africa-press.net\/cameroun\/politique\/cameroun-retour-des-explosifs-a-yaounde-le-prefet-du-mfoundi-interdit-labandon-des-colis\",\"url\":\"https:\/\/www.africa-press.net\/cameroun\/politique\/cameroun-retour-des-explosifs-a-yaounde-le-prefet-du-mfoundi-interdit-labandon-des-colis\",\"name\":\"Cameroun : retour des explosifs \u00e0 Yaound\u00e9, le pr\u00e9fet du Mfoundi interdit l\u2019abandon des colis - Cameroun\",\"isPartOf\":{\"@id\":\"https:\/\/www.africa-press.net\/cameroun\/#website\"},\"primaryImageOfPage\":{\"@id\":\"https:\/\/www.africa-press.net\/cameroun\/politique\/cameroun-retour-des-explosifs-a-yaounde-le-prefet-du-mfoundi-interdit-labandon-des-colis#primaryimage\"},\"image\":{\"@id\":\"https:\/\/www.africa-press.net\/cameroun\/politique\/cameroun-retour-des-explosifs-a-yaounde-le-prefet-du-mfoundi-interdit-labandon-des-colis#primaryimage\"},\"thumbnailUrl\":\"https:\/\/static.africa-press.net\/cameroun\/sites\/57\/2022\/07\/img-62cefcea835a0.jpg\",\"datePublished\":\"2022-07-13T15:44:21+00:00\",\"dateModified\":\"2022-07-13T17:12:40+00:00\",\"author\":{\"@id\":\"https:\/\/www.africa-press.net\/cameroun\/#\/schema\/person\/2b1cf3cd81a31e3cd26889ca66d677f1\"},\"description\":\"Emmanuel Mariel Djikdent vient d\u2019\u00e9dicter une s\u00e9rie de mesures dans le but de traquer les suspects qui sapent la s\u00e9curit\u00e9 ...\",\"breadcrumb\":{\"@id\":\"https:\/\/www.africa-press.net\/cameroun\/politique\/cameroun-retour-des-explosifs-a-yaounde-le-prefet-du-mfoundi-interdit-labandon-des-colis#breadcrumb\"},\"inLanguage\":\"fr-FR\",\"potentialAction\":[{\"@type\":\"ReadAction\",\"target\":[\"https:\/\/www.africa-press.net\/cameroun\/politique\/cameroun-retour-des-explosifs-a-yaounde-le-prefet-du-mfoundi-interdit-labandon-des-colis\"]}]},{\"@type\":\"ImageObject\",\"inLanguage\":\"fr-FR\",\"@id\":\"https:\/\/www.africa-press.net\/cameroun\/politique\/cameroun-retour-des-explosifs-a-yaounde-le-prefet-du-mfoundi-interdit-labandon-des-colis#primaryimage\",\"url\":\"https:\/\/static.africa-press.net\/cameroun\/sites\/57\/2022\/07\/img-62cefcea835a0.jpg\",\"contentUrl\":\"https:\/\/static.africa-press.net\/cameroun\/sites\/57\/2022\/07\/img-62cefcea835a0.jpg\",\"width\":787,\"height\":697,\"caption\":\"Cameroun : retour des explosifs \u00e0 Yaound\u00e9, le pr\u00e9fet du Mfoundi interdit l\u2019abandon des colis\"},{\"@type\":\"BreadcrumbList\",\"@id\":\"https:\/\/www.africa-press.net\/cameroun\/politique\/cameroun-retour-des-explosifs-a-yaounde-le-prefet-du-mfoundi-interdit-labandon-des-colis#breadcrumb\",\"itemListElement\":[{\"@type\":\"ListItem\",\"position\":1,\"name\":\"Accueil\",\"item\":\"https:\/\/www.africa-press.net\/cameroun\/\"},{\"@type\":\"ListItem\",\"position\":2,\"name\":\"Cameroun : retour des explosifs \u00e0 Yaound\u00e9, le pr\u00e9fet du Mfoundi interdit l\u2019abandon des colis\"}]},{\"@type\":\"WebSite\",\"@id\":\"https:\/\/www.africa-press.net\/cameroun\/#website\",\"url\":\"https:\/\/www.africa-press.net\/cameroun\/\",\"name\":\"Cameroun\",\"description\":\"Just another Africa News Agency Sites site\",\"potentialAction\":[{\"@type\":\"SearchAction\",\"target\":{\"@type\":\"EntryPoint\",\"urlTemplate\":\"https:\/\/www.africa-press.net\/cameroun\/?s={search_term_string}\"},\"query-input\":{\"@type\":\"PropertyValueSpecification\",\"valueRequired\":true,\"valueName\":\"search_term_string\"}}],\"inLanguage\":\"fr-FR\"},{\"@type\":\"Person\",\"@id\":\"https:\/\/www.africa-press.net\/cameroun\/#\/schema\/person\/2b1cf3cd81a31e3cd26889ca66d677f1\",\"name\":\"cfeditorfr\"}]}<\/script>\n<!-- \/ Yoast SEO Premium plugin. -->","yoast_head_json":{"title":"Cameroun : retour des explosifs \u00e0 Yaound\u00e9, le pr\u00e9fet du Mfoundi interdit l\u2019abandon des colis - Cameroun","description":"Emmanuel Mariel Djikdent vient d\u2019\u00e9dicter une s\u00e9rie de mesures dans le but de traquer les suspects qui sapent la s\u00e9curit\u00e9 ...","robots":{"index":"index","follow":"follow","max-snippet":"max-snippet:-1","max-image-preview":"max-image-preview:large","max-video-preview":"max-video-preview:-1"},"canonical":"https:\/\/www.africa-press.net\/cameroun\/politique\/cameroun-retour-des-explosifs-a-yaounde-le-prefet-du-mfoundi-interdit-labandon-des-colis","og_locale":"fr_FR","og_type":"article","og_title":"Cameroun : retour des explosifs \u00e0 Yaound\u00e9, le pr\u00e9fet du Mfoundi interdit l\u2019abandon des colis","og_description":"Emmanuel Mariel Djikdent vient d\u2019\u00e9dicter une s\u00e9rie de mesures dans le but de traquer les suspects qui sapent la s\u00e9curit\u00e9 ...","og_url":"https:\/\/www.africa-press.net\/cameroun\/politique\/cameroun-retour-des-explosifs-a-yaounde-le-prefet-du-mfoundi-interdit-labandon-des-colis","og_site_name":"Cameroun","article_published_time":"2022-07-13T15:44:21+00:00","article_modified_time":"2022-07-13T17:12:40+00:00","og_image":[{"width":787,"height":697,"url":"https:\/\/static.africa-press.net\/cameroun\/sites\/57\/2022\/07\/img-62cefcea835a0.jpg","type":"image\/jpeg"}],"author":"cfeditorfr","twitter_card":"summary_large_image","twitter_misc":{"\u00c9crit par":"cfeditorfr","Dur\u00e9e de lecture estim\u00e9e":"2 minutes"},"schema":{"@context":"https:\/\/schema.org","@graph":[{"@type":"Article","@id":"https:\/\/www.africa-press.net\/cameroun\/politique\/cameroun-retour-des-explosifs-a-yaounde-le-prefet-du-mfoundi-interdit-labandon-des-colis#article","isPartOf":{"@id":"https:\/\/www.africa-press.net\/cameroun\/politique\/cameroun-retour-des-explosifs-a-yaounde-le-prefet-du-mfoundi-interdit-labandon-des-colis"},"author":{"name":"cfeditorfr","@id":"https:\/\/www.africa-press.net\/cameroun\/#\/schema\/person\/2b1cf3cd81a31e3cd26889ca66d677f1"},"headline":"Cameroun : retour des explosifs \u00e0 Yaound\u00e9, le pr\u00e9fet du Mfoundi interdit l\u2019abandon des colis","datePublished":"2022-07-13T15:44:21+00:00","dateModified":"2022-07-13T17:12:40+00:00","mainEntityOfPage":{"@id":"https:\/\/www.africa-press.net\/cameroun\/politique\/cameroun-retour-des-explosifs-a-yaounde-le-prefet-du-mfoundi-interdit-labandon-des-colis"},"wordCount":332,"commentCount":0,"image":{"@id":"https:\/\/www.africa-press.net\/cameroun\/politique\/cameroun-retour-des-explosifs-a-yaounde-le-prefet-du-mfoundi-interdit-labandon-des-colis#primaryimage"},"thumbnailUrl":"https:\/\/static.africa-press.net\/cameroun\/sites\/57\/2022\/07\/img-62cefcea835a0.jpg","keywords":["Africa Press","Africa Press-Cameroun","Cameroun"],"articleSection":["homepage-french","Politique","Toutes les actualit\u00e9s"],"inLanguage":"fr-FR","potentialAction":[{"@type":"CommentAction","name":"Comment","target":["https:\/\/www.africa-press.net\/cameroun\/politique\/cameroun-retour-des-explosifs-a-yaounde-le-prefet-du-mfoundi-interdit-labandon-des-colis#respond"]}]},{"@type":"WebPage","@id":"https:\/\/www.africa-press.net\/cameroun\/politique\/cameroun-retour-des-explosifs-a-yaounde-le-prefet-du-mfoundi-interdit-labandon-des-colis","url":"https:\/\/www.africa-press.net\/cameroun\/politique\/cameroun-retour-des-explosifs-a-yaounde-le-prefet-du-mfoundi-interdit-labandon-des-colis","name":"Cameroun : retour des explosifs \u00e0 Yaound\u00e9, le pr\u00e9fet du Mfoundi interdit l\u2019abandon des colis - Cameroun","isPartOf":{"@id":"https:\/\/www.africa-press.net\/cameroun\/#website"},"primaryImageOfPage":{"@id":"https:\/\/www.africa-press.net\/cameroun\/politique\/cameroun-retour-des-explosifs-a-yaounde-le-prefet-du-mfoundi-interdit-labandon-des-colis#primaryimage"},"image":{"@id":"https:\/\/www.africa-press.net\/cameroun\/politique\/cameroun-retour-des-explosifs-a-yaounde-le-prefet-du-mfoundi-interdit-labandon-des-colis#primaryimage"},"thumbnailUrl":"https:\/\/static.africa-press.net\/cameroun\/sites\/57\/2022\/07\/img-62cefcea835a0.jpg","datePublished":"2022-07-13T15:44:21+00:00","dateModified":"2022-07-13T17:12:40+00:00","author":{"@id":"https:\/\/www.africa-press.net\/cameroun\/#\/schema\/person\/2b1cf3cd81a31e3cd26889ca66d677f1"},"description":"Emmanuel Mariel Djikdent vient d\u2019\u00e9dicter une s\u00e9rie de mesures dans le but de traquer les suspects qui sapent la s\u00e9curit\u00e9 ...","breadcrumb":{"@id":"https:\/\/www.africa-press.net\/cameroun\/politique\/cameroun-retour-des-explosifs-a-yaounde-le-prefet-du-mfoundi-interdit-labandon-des-colis#breadcrumb"},"inLanguage":"fr-FR","potentialAction":[{"@type":"ReadAction","target":["https:\/\/www.africa-press.net\/cameroun\/politique\/cameroun-retour-des-explosifs-a-yaounde-le-prefet-du-mfoundi-interdit-labandon-des-colis"]}]},{"@type":"ImageObject","inLanguage":"fr-FR","@id":"https:\/\/www.africa-press.net\/cameroun\/politique\/cameroun-retour-des-explosifs-a-yaounde-le-prefet-du-mfoundi-interdit-labandon-des-colis#primaryimage","url":"https:\/\/static.africa-press.net\/cameroun\/sites\/57\/2022\/07\/img-62cefcea835a0.jpg","contentUrl":"https:\/\/static.africa-press.net\/cameroun\/sites\/57\/2022\/07\/img-62cefcea835a0.jpg","width":787,"height":697,"caption":"Cameroun : retour des explosifs \u00e0 Yaound\u00e9, le pr\u00e9fet du Mfoundi interdit l\u2019abandon des colis"},{"@type":"BreadcrumbList","@id":"https:\/\/www.africa-press.net\/cameroun\/politique\/cameroun-retour-des-explosifs-a-yaounde-le-prefet-du-mfoundi-interdit-labandon-des-colis#breadcrumb","itemListElement":[{"@type":"ListItem","position":1,"name":"Accueil","item":"https:\/\/www.africa-press.net\/cameroun\/"},{"@type":"ListItem","position":2,"name":"Cameroun : retour des explosifs \u00e0 Yaound\u00e9, le pr\u00e9fet du Mfoundi interdit l\u2019abandon des colis"}]},{"@type":"WebSite","@id":"https:\/\/www.africa-press.net\/cameroun\/#website","url":"https:\/\/www.africa-press.net\/cameroun\/","name":"Cameroun","description":"Just another Africa News Agency Sites site","potentialAction":[{"@type":"SearchAction","target":{"@type":"EntryPoint","urlTemplate":"https:\/\/www.africa-press.net\/cameroun\/?s={search_term_string}"},"query-input":{"@type":"PropertyValueSpecification","valueRequired":true,"valueName":"search_term_string"}}],"inLanguage":"fr-FR"},{"@type":"Person","@id":"https:\/\/www.africa-press.net\/cameroun\/#\/schema\/person\/2b1cf3cd81a31e3cd26889ca66d677f1","name":"cfeditorfr"}]}},"_links":{"self":[{"href":"https:\/\/www.africa-press.net\/cameroun\/wp-json\/wp\/v2\/posts\/23459","targetHints":{"allow":["GET"]}}],"collection":[{"href":"https:\/\/www.africa-press.net\/cameroun\/wp-json\/wp\/v2\/posts"}],"about":[{"href":"https:\/\/www.africa-press.net\/cameroun\/wp-json\/wp\/v2\/types\/post"}],"author":[{"embeddable":true,"href":"https:\/\/www.africa-press.net\/cameroun\/wp-json\/wp\/v2\/users\/82"}],"replies":[{"embeddable":true,"href":"https:\/\/www.africa-press.net\/cameroun\/wp-json\/wp\/v2\/comments?post=23459"}],"version-history":[{"count":0,"href":"https:\/\/www.africa-press.net\/cameroun\/wp-json\/wp\/v2\/posts\/23459\/revisions"}],"wp:featuredmedia":[{"embeddable":true,"href":"https:\/\/www.africa-press.net\/cameroun\/wp-json\/wp\/v2\/media\/23458"}],"wp:attachment":[{"href":"https:\/\/www.africa-press.net\/cameroun\/wp-json\/wp\/v2\/media?parent=23459"}],"wp:term":[{"taxonomy":"category","embeddable":true,"href":"https:\/\/www.africa-press.net\/cameroun\/wp-json\/wp\/v2\/categories?post=23459"},{"taxonomy":"post_tag","embeddable":true,"href":"https:\/\/www.africa-press.net\/cameroun\/wp-json\/wp\/v2\/tags?post=23459"}],"curies":[{"name":"wp","href":"https:\/\/api.w.org\/{rel}","templated":true}]}}