{"id":23471,"date":"2022-07-13T16:16:14","date_gmt":"2022-07-13T16:16:14","guid":{"rendered":"https:\/\/www.africa-press.net\/cameroun\/politique\/prix-rfi-theatre-2022-deux-camerounais-parmi-les-11-finalistes"},"modified":"2022-07-13T17:15:30","modified_gmt":"2022-07-13T17:15:30","slug":"prix-rfi-theatre-2022-deux-camerounais-parmi-les-11-finalistes","status":"publish","type":"post","link":"https:\/\/www.africa-press.net\/cameroun\/toutes-les-actualites\/prix-rfi-theatre-2022-deux-camerounais-parmi-les-11-finalistes","title":{"rendered":"Prix RFI Th\u00e9\u00e2tre 2022\u00a0: deux Camerounais parmi les 11 finalistes"},"content":{"rendered":"<p><span style=\"color: #ff6600\"><strong>Africa-Press &#8211; Cameroun. <\/strong><\/span>Suite \u00e0 l\u2019appel \u00e0 candidatures pour la 9e \u00e9dition du \u00ab Prix RFI Th\u00e9\u00e2tre \u00bb, onze textes in\u00e9dits ont \u00e9t\u00e9 pr\u00e9s\u00e9lectionn\u00e9s pour leurs qualit\u00e9s litt\u00e9raires, dramaturgiques et leur originalit\u00e9.<\/p>\n<p>Deux Lions indomptables du Th\u00e9\u00e2tre sont \u00e0 la qu\u00eate de la premi\u00e8re place. En effet, Le Prix RFI Th\u00e9\u00e2tre 2022 sera remis le dimanche 25 septembre, \u00e0 Limoges, dans le cadre du festival Z\u00e9brures d\u2019automne.<\/p>\n<p>A c\u00f4t\u00e9 du Cameroun (02 places), d\u2019autres pays sont repr\u00e9sent\u00e9s, Ha\u00efti (02 places), R\u00e9publique D\u00e9mocratique du Congo (03 places), Tunisie (01 place), Madagascar (01 place), C\u00f4te-d\u2019Ivoire (01 place) et le B\u00e9nin (01 place).<\/p>\n<p>Voici les Camerounais en lice. \u00ab Partir ou P\u00e2tir \u00bb, Cyril Juvenil Assomo. \u00ab Une prison. Deux cordes de pendu. Trois voix : Moi, Toi, et Eux. Moi veut en finir avec la vie pour trouver la libert\u00e9, Toi ne veut pas la suivre et l\u2019emp\u00eache de se tuer\u2026 Eux : le maton, organise une purge pour d\u00e9barrasser le monde ces esclaves devenues inutiles. Quand Moi ressaye de se pendre, la corde l\u00e2che \u00bb.<\/p>\n<p>\u00ab Une femme \u00e0 coudre \u00bb, Sandra \u00c9long. Le texte parle de la guerre civile. \u00ab Katamba refuse d\u2019accoucher. Elle ne veut pas mettre au monde une fille : enfant du viol, elle subirait le m\u00eame sort qu\u2019elle. Katamba pr\u00e9f\u00e8re mourir et voue aux g\u00e9monies les deux humanitaires \u00e0 son chevet. Wendy, m\u00e9decin, l\u2019incite \u00e0 accoucher et Katanga, journaliste, pr\u00e9f\u00e8re s\u2019enfuir devant les soldats qui avancent en \u00ab d\u00e9chirant les femmes \u00bb. La parturiente nous livre sa triste histoire et sa col\u00e8re, accompagn\u00e9e d\u2019un ch\u0153ur de voix venues des profondeurs de la for\u00eat \u00bb. Condens\u00e9s des textes.<\/p>\n<p>\u00ab Nous saluons, pour cette neuvi\u00e8me \u00e9dition, les autrices \u00e0 pr\u00e9sent plus nombreuses \u00e0 nous confier leurs textes : plus de 15% des 121 textes venus de 19 pays. Si bien que la moisson 2022 atteint presque la parit\u00e9 \u00bb, a soulign\u00e9 Mireille Davidovici, responsable du Comit\u00e9 de lecture du Prix RFI Th\u00e9\u00e2tre.<\/p>\n<p>Ce Prix d\u00e9signe non seulement un laur\u00e9at, mais distingue chaque fois une dizaine d\u2019\u00e9crivains.<\/p>\n<p><strong>Pour plus d&rsquo;informations et d&rsquo;analyses sur la <a href=\"https:\/\/www.africa-press.net\/cameroun\">Cameroun<\/a>, suivez <a href=\"https:\/\/www.africa-press.net\/\">Africa-Press<\/a><\/strong><\/p>\n","protected":false},"excerpt":{"rendered":"<p>Africa-Press &#8211; Cameroun. Suite \u00e0 l\u2019appel \u00e0 candidatures pour la 9e \u00e9dition du \u00ab Prix RFI Th\u00e9\u00e2tre \u00bb, onze textes in\u00e9dits ont \u00e9t\u00e9 pr\u00e9s\u00e9lectionn\u00e9s pour leurs qualit\u00e9s litt\u00e9raires, dramaturgiques et leur originalit\u00e9. Deux Lions indomptables du Th\u00e9\u00e2tre sont \u00e0 la qu\u00eate de la premi\u00e8re place. En effet, Le Prix RFI Th\u00e9\u00e2tre 2022 sera remis le [&hellip;]<\/p>\n","protected":false},"author":82,"featured_media":23470,"comment_status":"open","ping_status":"closed","sticky":false,"template":"","format":"standard","meta":{"footnotes":""},"categories":[21,11,10],"tags":[36,50,49],"class_list":["post-23471","post","type-post","status-publish","format-standard","has-post-thumbnail","hentry","category-communaute","category-homepage-french","category-toutes-les-actualites","tag-africa-press","tag-africa-press-cameroun","tag-cameroun"],"yoast_head":"<!-- This site is optimized with the Yoast SEO Premium plugin v26.1 (Yoast SEO v27.0) - https:\/\/yoast.com\/product\/yoast-seo-premium-wordpress\/ -->\n<title>Prix RFI Th\u00e9\u00e2tre 2022\u00a0: deux Camerounais parmi les 11 finalistes - Cameroun<\/title>\n<meta name=\"description\" content=\"Suite \u00e0 l\u2019appel \u00e0 candidatures pour la 9e \u00e9dition du \u00ab Prix RFI Th\u00e9\u00e2tre \u00bb, onze textes in\u00e9dits ont \u00e9t\u00e9 pr\u00e9s\u00e9lectionn\u00e9s p ...\" \/>\n<meta name=\"robots\" content=\"index, follow, max-snippet:-1, max-image-preview:large, max-video-preview:-1\" \/>\n<link rel=\"canonical\" href=\"https:\/\/www.africa-press.net\/cameroun\/toutes-les-actualites\/prix-rfi-theatre-2022-deux-camerounais-parmi-les-11-finalistes\" \/>\n<meta property=\"og:locale\" content=\"fr_FR\" \/>\n<meta property=\"og:type\" content=\"article\" \/>\n<meta property=\"og:title\" content=\"Prix RFI Th\u00e9\u00e2tre 2022\u00a0: deux Camerounais parmi les 11 finalistes\" \/>\n<meta property=\"og:description\" content=\"Suite \u00e0 l\u2019appel \u00e0 candidatures pour la 9e \u00e9dition du \u00ab Prix RFI Th\u00e9\u00e2tre \u00bb, onze textes in\u00e9dits ont \u00e9t\u00e9 pr\u00e9s\u00e9lectionn\u00e9s p ...\" \/>\n<meta property=\"og:url\" content=\"https:\/\/www.africa-press.net\/cameroun\/toutes-les-actualites\/prix-rfi-theatre-2022-deux-camerounais-parmi-les-11-finalistes\" \/>\n<meta property=\"og:site_name\" content=\"Cameroun\" \/>\n<meta property=\"article:published_time\" content=\"2022-07-13T16:16:14+00:00\" \/>\n<meta property=\"article:modified_time\" content=\"2022-07-13T17:15:30+00:00\" \/>\n<meta property=\"og:image\" content=\"https:\/\/static.africa-press.net\/cameroun\/sites\/57\/2022\/07\/img-62cefd981a12c.jpg\" \/>\n\t<meta property=\"og:image:width\" content=\"720\" \/>\n\t<meta property=\"og:image:height\" content=\"479\" \/>\n\t<meta property=\"og:image:type\" content=\"image\/jpeg\" \/>\n<meta name=\"author\" content=\"cfeditorfr\" \/>\n<meta name=\"twitter:card\" content=\"summary_large_image\" \/>\n<meta name=\"twitter:label1\" content=\"\u00c9crit par\" \/>\n\t<meta name=\"twitter:data1\" content=\"cfeditorfr\" \/>\n\t<meta name=\"twitter:label2\" content=\"Dur\u00e9e de lecture estim\u00e9e\" \/>\n\t<meta name=\"twitter:data2\" content=\"2 minutes\" \/>\n<script type=\"application\/ld+json\" class=\"yoast-schema-graph\">{\"@context\":\"https:\/\/schema.org\",\"@graph\":[{\"@type\":\"Article\",\"@id\":\"https:\/\/www.africa-press.net\/cameroun\/toutes-les-actualites\/prix-rfi-theatre-2022-deux-camerounais-parmi-les-11-finalistes#article\",\"isPartOf\":{\"@id\":\"https:\/\/www.africa-press.net\/cameroun\/toutes-les-actualites\/prix-rfi-theatre-2022-deux-camerounais-parmi-les-11-finalistes\"},\"author\":{\"name\":\"cfeditorfr\",\"@id\":\"https:\/\/www.africa-press.net\/cameroun\/#\/schema\/person\/2b1cf3cd81a31e3cd26889ca66d677f1\"},\"headline\":\"Prix RFI Th\u00e9\u00e2tre 2022\u00a0: deux Camerounais parmi les 11 finalistes\",\"datePublished\":\"2022-07-13T16:16:14+00:00\",\"dateModified\":\"2022-07-13T17:15:30+00:00\",\"mainEntityOfPage\":{\"@id\":\"https:\/\/www.africa-press.net\/cameroun\/toutes-les-actualites\/prix-rfi-theatre-2022-deux-camerounais-parmi-les-11-finalistes\"},\"wordCount\":372,\"commentCount\":0,\"image\":{\"@id\":\"https:\/\/www.africa-press.net\/cameroun\/toutes-les-actualites\/prix-rfi-theatre-2022-deux-camerounais-parmi-les-11-finalistes#primaryimage\"},\"thumbnailUrl\":\"https:\/\/static.africa-press.net\/cameroun\/sites\/57\/2022\/07\/img-62cefd981a12c.jpg\",\"keywords\":[\"Africa Press\",\"Africa Press-Cameroun\",\"Cameroun\"],\"articleSection\":[\"Communaut\u00e9\",\"homepage-french\",\"Toutes les actualit\u00e9s\"],\"inLanguage\":\"fr-FR\",\"potentialAction\":[{\"@type\":\"CommentAction\",\"name\":\"Comment\",\"target\":[\"https:\/\/www.africa-press.net\/cameroun\/toutes-les-actualites\/prix-rfi-theatre-2022-deux-camerounais-parmi-les-11-finalistes#respond\"]}]},{\"@type\":\"WebPage\",\"@id\":\"https:\/\/www.africa-press.net\/cameroun\/toutes-les-actualites\/prix-rfi-theatre-2022-deux-camerounais-parmi-les-11-finalistes\",\"url\":\"https:\/\/www.africa-press.net\/cameroun\/toutes-les-actualites\/prix-rfi-theatre-2022-deux-camerounais-parmi-les-11-finalistes\",\"name\":\"Prix RFI Th\u00e9\u00e2tre 2022\u00a0: deux Camerounais parmi les 11 finalistes - Cameroun\",\"isPartOf\":{\"@id\":\"https:\/\/www.africa-press.net\/cameroun\/#website\"},\"primaryImageOfPage\":{\"@id\":\"https:\/\/www.africa-press.net\/cameroun\/toutes-les-actualites\/prix-rfi-theatre-2022-deux-camerounais-parmi-les-11-finalistes#primaryimage\"},\"image\":{\"@id\":\"https:\/\/www.africa-press.net\/cameroun\/toutes-les-actualites\/prix-rfi-theatre-2022-deux-camerounais-parmi-les-11-finalistes#primaryimage\"},\"thumbnailUrl\":\"https:\/\/static.africa-press.net\/cameroun\/sites\/57\/2022\/07\/img-62cefd981a12c.jpg\",\"datePublished\":\"2022-07-13T16:16:14+00:00\",\"dateModified\":\"2022-07-13T17:15:30+00:00\",\"author\":{\"@id\":\"https:\/\/www.africa-press.net\/cameroun\/#\/schema\/person\/2b1cf3cd81a31e3cd26889ca66d677f1\"},\"description\":\"Suite \u00e0 l\u2019appel \u00e0 candidatures pour la 9e \u00e9dition du \u00ab Prix RFI Th\u00e9\u00e2tre \u00bb, onze textes in\u00e9dits ont \u00e9t\u00e9 pr\u00e9s\u00e9lectionn\u00e9s p ...\",\"breadcrumb\":{\"@id\":\"https:\/\/www.africa-press.net\/cameroun\/toutes-les-actualites\/prix-rfi-theatre-2022-deux-camerounais-parmi-les-11-finalistes#breadcrumb\"},\"inLanguage\":\"fr-FR\",\"potentialAction\":[{\"@type\":\"ReadAction\",\"target\":[\"https:\/\/www.africa-press.net\/cameroun\/toutes-les-actualites\/prix-rfi-theatre-2022-deux-camerounais-parmi-les-11-finalistes\"]}]},{\"@type\":\"ImageObject\",\"inLanguage\":\"fr-FR\",\"@id\":\"https:\/\/www.africa-press.net\/cameroun\/toutes-les-actualites\/prix-rfi-theatre-2022-deux-camerounais-parmi-les-11-finalistes#primaryimage\",\"url\":\"https:\/\/static.africa-press.net\/cameroun\/sites\/57\/2022\/07\/img-62cefd981a12c.jpg\",\"contentUrl\":\"https:\/\/static.africa-press.net\/cameroun\/sites\/57\/2022\/07\/img-62cefd981a12c.jpg\",\"width\":720,\"height\":479,\"caption\":\"Prix RFI Th\u00e9\u00e2tre 2022\u00a0: deux Camerounais parmi les 11 finalistes\"},{\"@type\":\"BreadcrumbList\",\"@id\":\"https:\/\/www.africa-press.net\/cameroun\/toutes-les-actualites\/prix-rfi-theatre-2022-deux-camerounais-parmi-les-11-finalistes#breadcrumb\",\"itemListElement\":[{\"@type\":\"ListItem\",\"position\":1,\"name\":\"Accueil\",\"item\":\"https:\/\/www.africa-press.net\/cameroun\/\"},{\"@type\":\"ListItem\",\"position\":2,\"name\":\"Prix RFI Th\u00e9\u00e2tre 2022\u00a0: deux Camerounais parmi les 11 finalistes\"}]},{\"@type\":\"WebSite\",\"@id\":\"https:\/\/www.africa-press.net\/cameroun\/#website\",\"url\":\"https:\/\/www.africa-press.net\/cameroun\/\",\"name\":\"Cameroun\",\"description\":\"Just another Africa News Agency Sites site\",\"potentialAction\":[{\"@type\":\"SearchAction\",\"target\":{\"@type\":\"EntryPoint\",\"urlTemplate\":\"https:\/\/www.africa-press.net\/cameroun\/?s={search_term_string}\"},\"query-input\":{\"@type\":\"PropertyValueSpecification\",\"valueRequired\":true,\"valueName\":\"search_term_string\"}}],\"inLanguage\":\"fr-FR\"},{\"@type\":\"Person\",\"@id\":\"https:\/\/www.africa-press.net\/cameroun\/#\/schema\/person\/2b1cf3cd81a31e3cd26889ca66d677f1\",\"name\":\"cfeditorfr\"}]}<\/script>\n<!-- \/ Yoast SEO Premium plugin. -->","yoast_head_json":{"title":"Prix RFI Th\u00e9\u00e2tre 2022\u00a0: deux Camerounais parmi les 11 finalistes - Cameroun","description":"Suite \u00e0 l\u2019appel \u00e0 candidatures pour la 9e \u00e9dition du \u00ab Prix RFI Th\u00e9\u00e2tre \u00bb, onze textes in\u00e9dits ont \u00e9t\u00e9 pr\u00e9s\u00e9lectionn\u00e9s p ...","robots":{"index":"index","follow":"follow","max-snippet":"max-snippet:-1","max-image-preview":"max-image-preview:large","max-video-preview":"max-video-preview:-1"},"canonical":"https:\/\/www.africa-press.net\/cameroun\/toutes-les-actualites\/prix-rfi-theatre-2022-deux-camerounais-parmi-les-11-finalistes","og_locale":"fr_FR","og_type":"article","og_title":"Prix RFI Th\u00e9\u00e2tre 2022\u00a0: deux Camerounais parmi les 11 finalistes","og_description":"Suite \u00e0 l\u2019appel \u00e0 candidatures pour la 9e \u00e9dition du \u00ab Prix RFI Th\u00e9\u00e2tre \u00bb, onze textes in\u00e9dits ont \u00e9t\u00e9 pr\u00e9s\u00e9lectionn\u00e9s p ...","og_url":"https:\/\/www.africa-press.net\/cameroun\/toutes-les-actualites\/prix-rfi-theatre-2022-deux-camerounais-parmi-les-11-finalistes","og_site_name":"Cameroun","article_published_time":"2022-07-13T16:16:14+00:00","article_modified_time":"2022-07-13T17:15:30+00:00","og_image":[{"width":720,"height":479,"url":"https:\/\/static.africa-press.net\/cameroun\/sites\/57\/2022\/07\/img-62cefd981a12c.jpg","type":"image\/jpeg"}],"author":"cfeditorfr","twitter_card":"summary_large_image","twitter_misc":{"\u00c9crit par":"cfeditorfr","Dur\u00e9e de lecture estim\u00e9e":"2 minutes"},"schema":{"@context":"https:\/\/schema.org","@graph":[{"@type":"Article","@id":"https:\/\/www.africa-press.net\/cameroun\/toutes-les-actualites\/prix-rfi-theatre-2022-deux-camerounais-parmi-les-11-finalistes#article","isPartOf":{"@id":"https:\/\/www.africa-press.net\/cameroun\/toutes-les-actualites\/prix-rfi-theatre-2022-deux-camerounais-parmi-les-11-finalistes"},"author":{"name":"cfeditorfr","@id":"https:\/\/www.africa-press.net\/cameroun\/#\/schema\/person\/2b1cf3cd81a31e3cd26889ca66d677f1"},"headline":"Prix RFI Th\u00e9\u00e2tre 2022\u00a0: deux Camerounais parmi les 11 finalistes","datePublished":"2022-07-13T16:16:14+00:00","dateModified":"2022-07-13T17:15:30+00:00","mainEntityOfPage":{"@id":"https:\/\/www.africa-press.net\/cameroun\/toutes-les-actualites\/prix-rfi-theatre-2022-deux-camerounais-parmi-les-11-finalistes"},"wordCount":372,"commentCount":0,"image":{"@id":"https:\/\/www.africa-press.net\/cameroun\/toutes-les-actualites\/prix-rfi-theatre-2022-deux-camerounais-parmi-les-11-finalistes#primaryimage"},"thumbnailUrl":"https:\/\/static.africa-press.net\/cameroun\/sites\/57\/2022\/07\/img-62cefd981a12c.jpg","keywords":["Africa Press","Africa Press-Cameroun","Cameroun"],"articleSection":["Communaut\u00e9","homepage-french","Toutes les actualit\u00e9s"],"inLanguage":"fr-FR","potentialAction":[{"@type":"CommentAction","name":"Comment","target":["https:\/\/www.africa-press.net\/cameroun\/toutes-les-actualites\/prix-rfi-theatre-2022-deux-camerounais-parmi-les-11-finalistes#respond"]}]},{"@type":"WebPage","@id":"https:\/\/www.africa-press.net\/cameroun\/toutes-les-actualites\/prix-rfi-theatre-2022-deux-camerounais-parmi-les-11-finalistes","url":"https:\/\/www.africa-press.net\/cameroun\/toutes-les-actualites\/prix-rfi-theatre-2022-deux-camerounais-parmi-les-11-finalistes","name":"Prix RFI Th\u00e9\u00e2tre 2022\u00a0: deux Camerounais parmi les 11 finalistes - Cameroun","isPartOf":{"@id":"https:\/\/www.africa-press.net\/cameroun\/#website"},"primaryImageOfPage":{"@id":"https:\/\/www.africa-press.net\/cameroun\/toutes-les-actualites\/prix-rfi-theatre-2022-deux-camerounais-parmi-les-11-finalistes#primaryimage"},"image":{"@id":"https:\/\/www.africa-press.net\/cameroun\/toutes-les-actualites\/prix-rfi-theatre-2022-deux-camerounais-parmi-les-11-finalistes#primaryimage"},"thumbnailUrl":"https:\/\/static.africa-press.net\/cameroun\/sites\/57\/2022\/07\/img-62cefd981a12c.jpg","datePublished":"2022-07-13T16:16:14+00:00","dateModified":"2022-07-13T17:15:30+00:00","author":{"@id":"https:\/\/www.africa-press.net\/cameroun\/#\/schema\/person\/2b1cf3cd81a31e3cd26889ca66d677f1"},"description":"Suite \u00e0 l\u2019appel \u00e0 candidatures pour la 9e \u00e9dition du \u00ab Prix RFI Th\u00e9\u00e2tre \u00bb, onze textes in\u00e9dits ont \u00e9t\u00e9 pr\u00e9s\u00e9lectionn\u00e9s p ...","breadcrumb":{"@id":"https:\/\/www.africa-press.net\/cameroun\/toutes-les-actualites\/prix-rfi-theatre-2022-deux-camerounais-parmi-les-11-finalistes#breadcrumb"},"inLanguage":"fr-FR","potentialAction":[{"@type":"ReadAction","target":["https:\/\/www.africa-press.net\/cameroun\/toutes-les-actualites\/prix-rfi-theatre-2022-deux-camerounais-parmi-les-11-finalistes"]}]},{"@type":"ImageObject","inLanguage":"fr-FR","@id":"https:\/\/www.africa-press.net\/cameroun\/toutes-les-actualites\/prix-rfi-theatre-2022-deux-camerounais-parmi-les-11-finalistes#primaryimage","url":"https:\/\/static.africa-press.net\/cameroun\/sites\/57\/2022\/07\/img-62cefd981a12c.jpg","contentUrl":"https:\/\/static.africa-press.net\/cameroun\/sites\/57\/2022\/07\/img-62cefd981a12c.jpg","width":720,"height":479,"caption":"Prix RFI Th\u00e9\u00e2tre 2022\u00a0: deux Camerounais parmi les 11 finalistes"},{"@type":"BreadcrumbList","@id":"https:\/\/www.africa-press.net\/cameroun\/toutes-les-actualites\/prix-rfi-theatre-2022-deux-camerounais-parmi-les-11-finalistes#breadcrumb","itemListElement":[{"@type":"ListItem","position":1,"name":"Accueil","item":"https:\/\/www.africa-press.net\/cameroun\/"},{"@type":"ListItem","position":2,"name":"Prix RFI Th\u00e9\u00e2tre 2022\u00a0: deux Camerounais parmi les 11 finalistes"}]},{"@type":"WebSite","@id":"https:\/\/www.africa-press.net\/cameroun\/#website","url":"https:\/\/www.africa-press.net\/cameroun\/","name":"Cameroun","description":"Just another Africa News Agency Sites site","potentialAction":[{"@type":"SearchAction","target":{"@type":"EntryPoint","urlTemplate":"https:\/\/www.africa-press.net\/cameroun\/?s={search_term_string}"},"query-input":{"@type":"PropertyValueSpecification","valueRequired":true,"valueName":"search_term_string"}}],"inLanguage":"fr-FR"},{"@type":"Person","@id":"https:\/\/www.africa-press.net\/cameroun\/#\/schema\/person\/2b1cf3cd81a31e3cd26889ca66d677f1","name":"cfeditorfr"}]}},"_links":{"self":[{"href":"https:\/\/www.africa-press.net\/cameroun\/wp-json\/wp\/v2\/posts\/23471","targetHints":{"allow":["GET"]}}],"collection":[{"href":"https:\/\/www.africa-press.net\/cameroun\/wp-json\/wp\/v2\/posts"}],"about":[{"href":"https:\/\/www.africa-press.net\/cameroun\/wp-json\/wp\/v2\/types\/post"}],"author":[{"embeddable":true,"href":"https:\/\/www.africa-press.net\/cameroun\/wp-json\/wp\/v2\/users\/82"}],"replies":[{"embeddable":true,"href":"https:\/\/www.africa-press.net\/cameroun\/wp-json\/wp\/v2\/comments?post=23471"}],"version-history":[{"count":0,"href":"https:\/\/www.africa-press.net\/cameroun\/wp-json\/wp\/v2\/posts\/23471\/revisions"}],"wp:featuredmedia":[{"embeddable":true,"href":"https:\/\/www.africa-press.net\/cameroun\/wp-json\/wp\/v2\/media\/23470"}],"wp:attachment":[{"href":"https:\/\/www.africa-press.net\/cameroun\/wp-json\/wp\/v2\/media?parent=23471"}],"wp:term":[{"taxonomy":"category","embeddable":true,"href":"https:\/\/www.africa-press.net\/cameroun\/wp-json\/wp\/v2\/categories?post=23471"},{"taxonomy":"post_tag","embeddable":true,"href":"https:\/\/www.africa-press.net\/cameroun\/wp-json\/wp\/v2\/tags?post=23471"}],"curies":[{"name":"wp","href":"https:\/\/api.w.org\/{rel}","templated":true}]}}