{"id":2349,"date":"2021-04-23T21:11:03","date_gmt":"2021-04-23T21:11:03","guid":{"rendered":"https:\/\/www.africa-press.net\/cameroun\/politique\/tchad-funerailles-didriss-deby-emmanuel-macron-president-de-la-france-la-transition-qui-va-se-mettre-en-place-au-tchad-doit-etre-un-moment-dunite-pour-le-peuple-tchadien-et-pour"},"modified":"2021-04-23T21:50:14","modified_gmt":"2021-04-23T21:50:14","slug":"tchad-funerailles-didriss-deby-emmanuel-macron-president-de-la-france-la-transition-qui-va-se-mettre-en-place-au-tchad-doit-etre-un-moment-dunite-pour-le-peuple-tchadien-et-pour","status":"publish","type":"post","link":"https:\/\/www.africa-press.net\/cameroun\/politique\/tchad-funerailles-didriss-deby-emmanuel-macron-president-de-la-france-la-transition-qui-va-se-mettre-en-place-au-tchad-doit-etre-un-moment-dunite-pour-le-peuple-tchadien-et-pour","title":{"rendered":"Tchad &#8211; fun\u00e9railles d\u2019Idriss Deby\/Emmanuel Macron (pr\u00e9sident de la France): \u00abLa transition qui va se mettre en place au Tchad doit \u00eatre un moment d&rsquo;unit\u00e9, pour le peuple tchadien et pour la stabilit\u00e9 de la r\u00e9gion\u00bb"},"content":{"rendered":"<p><span style=\"color: #ff6600\"><strong><a href=\"https:\/\/www.africa-press.net\/\">Africa-Press<\/a> &#8211; <a href=\"https:\/\/www.africa-press.net\/cameroun\">Cameroun<\/a>. <\/strong><\/span>Le Tchad a rendu un dernier hommage au pr\u00e9sident mar\u00e9chal Idriss Deby Itno ce vendredi 23 avril 2021. Officiellement d\u00e9c\u00e9d\u00e9 le 20 avril 2021, des suites de ses blessures contract\u00e9es sur le front de la guerre contre les rebelles du FACT, il a \u00e9t\u00e9 inhum\u00e9 en pr\u00e9sence d\u2019une dizaine de Chefs d\u2019\u00c9tats. Parmi ces derniers figurait le pr\u00e9sident fran\u00e7ais, Emmanuel Macron qui \u00e9tait d\u2019ailleurs le seul leader occidental \u00e0 avoir fait le d\u00e9placement.<\/p>\n<p>Avant de prendre la parole lors des obs\u00e8ques officielles, le locataire de l\u2019\u00c9lys\u00e9e a d\u2019abord rencontr\u00e9 le nouvel homme fort de Ndjamena, Mahamat Idriss Deby, fils de l\u2019illustre d\u00e9funt, en compagnie de quatre autres pays du G5 Sahel. Nos confr\u00e8res de France 24, r\u00e9v\u00e8lent que cet apart\u00e9 \u00e9tait en fait des consultations sur la transition qui se met en place dans le pays. La France ayant promis son soutien \u00e0 la junte militaire dirig\u00e9e par le fils du d\u00e9funt pr\u00e9sident tchadien, pour \u00abpr\u00e9server la \u00ab\u00a0stabilit\u00e9 de leur alli\u00e9 strat\u00e9gique dans la lutte contre les djihadistes dans la r\u00e9gion\u00bb, souligne TV5 Monde.<\/p>\n<p><b>\u00abLa France ne laissera jamais personne, ni aujourd\u2019hui, ni demain, remettre en cause la stabilit\u00e9 et l&rsquo;int\u00e9grit\u00e9 du Tchad\u00bb,<\/b><\/p>\n<p>a promis M. Macron dans son oraison fun\u00e8bre. \u00abCher Pr\u00e9sident, cher Mar\u00e9chal, cher Idriss (&#8230;) vous avez v\u00e9cu en soldat, vous \u00eates mort en soldat, les armes \u00e0 la main\u00bb, a-t-il poursuivi.<\/p>\n<p>Des promesses qu\u2019il a r\u00e9it\u00e9r\u00e9es quelques heures plus tard sur son compte Facebook, insistant toujours sur la pr\u00e9servation de la stabilit\u00e9 de la r\u00e9gion.<\/p>\n<p>\u00abLa transition qui va se mettre en place au Tchad doit \u00eatre un moment d&rsquo;unit\u00e9, pour le peuple tchadien et pour la stabilit\u00e9 de la r\u00e9gion. Le G5 Sahel est mobilis\u00e9 aux c\u00f4t\u00e9s du Tchad et le peuple tchadien peut compter sur l&rsquo;amiti\u00e9 ind\u00e9fectible de la France\u00bb, a-t-il \u00e9crit sur Facebook<\/p>\n","protected":false},"excerpt":{"rendered":"<p>Africa-Press &#8211; Cameroun. Le Tchad a rendu un dernier hommage au pr\u00e9sident mar\u00e9chal Idriss Deby Itno ce vendredi 23 avril 2021. Officiellement d\u00e9c\u00e9d\u00e9 le 20 avril 2021, des suites de ses blessures contract\u00e9es sur le front de la guerre contre les rebelles du FACT, il a \u00e9t\u00e9 inhum\u00e9 en pr\u00e9sence d\u2019une dizaine de Chefs d\u2019\u00c9tats. [&hellip;]<\/p>\n","protected":false},"author":82,"featured_media":2348,"comment_status":"open","ping_status":"closed","sticky":false,"template":"","format":"standard","meta":{"footnotes":""},"categories":[11,2,10],"tags":[36,50,49],"class_list":["post-2349","post","type-post","status-publish","format-standard","has-post-thumbnail","hentry","category-homepage-french","category-politique","category-toutes-les-actualites","tag-africa-press","tag-africa-press-cameroun","tag-cameroun"],"yoast_head":"<!-- This site is optimized with the Yoast SEO Premium plugin v26.1 (Yoast SEO v27.0) - https:\/\/yoast.com\/product\/yoast-seo-premium-wordpress\/ -->\n<title>Tchad - fun\u00e9railles d\u2019Idriss Deby\/Emmanuel Macron (pr\u00e9sident de la France): \u00abLa transition qui va se mettre en place au Tchad doit \u00eatre un moment d&#039;unit\u00e9, pour le peuple tchadien et pour la stabilit\u00e9 de la r\u00e9gion\u00bb - Cameroun<\/title>\n<meta name=\"description\" content=\"Le Tchad a rendu un dernier hommage au pr\u00e9sident mar\u00e9chal Idriss Deby Itno ce vendredi 23 avril 2021. Officiellement d\u00e9c ...\" \/>\n<meta name=\"robots\" content=\"index, follow, max-snippet:-1, max-image-preview:large, max-video-preview:-1\" \/>\n<link rel=\"canonical\" href=\"https:\/\/www.africa-press.net\/cameroun\/politique\/tchad-funerailles-didriss-deby-emmanuel-macron-president-de-la-france-la-transition-qui-va-se-mettre-en-place-au-tchad-doit-etre-un-moment-dunite-pour-le-peuple-tchadien-et-pour\" \/>\n<meta property=\"og:locale\" content=\"fr_FR\" \/>\n<meta property=\"og:type\" content=\"article\" \/>\n<meta property=\"og:title\" content=\"Tchad - fun\u00e9railles d\u2019Idriss Deby\/Emmanuel Macron (pr\u00e9sident de la France): \u00abLa transition qui va se mettre en place au Tchad doit \u00eatre un moment d&#039;unit\u00e9, pour le peuple tchadien et pour la stabilit\u00e9 de la r\u00e9gion\u00bb\" \/>\n<meta property=\"og:description\" content=\"Le Tchad a rendu un dernier hommage au pr\u00e9sident mar\u00e9chal Idriss Deby Itno ce vendredi 23 avril 2021. Officiellement d\u00e9c ...\" \/>\n<meta property=\"og:url\" content=\"https:\/\/www.africa-press.net\/cameroun\/politique\/tchad-funerailles-didriss-deby-emmanuel-macron-president-de-la-france-la-transition-qui-va-se-mettre-en-place-au-tchad-doit-etre-un-moment-dunite-pour-le-peuple-tchadien-et-pour\" \/>\n<meta property=\"og:site_name\" content=\"Cameroun\" \/>\n<meta property=\"article:published_time\" content=\"2021-04-23T21:11:03+00:00\" \/>\n<meta property=\"article:modified_time\" content=\"2021-04-23T21:50:14+00:00\" \/>\n<meta property=\"og:image\" content=\"https:\/\/static.africa-press.net\/cameroun\/sites\/57\/2021\/04\/img-608340fa0de34.jpg\" \/>\n\t<meta property=\"og:image:width\" content=\"800\" \/>\n\t<meta property=\"og:image:height\" content=\"471\" \/>\n\t<meta property=\"og:image:type\" content=\"image\/jpeg\" \/>\n<meta name=\"author\" content=\"cfeditorfr\" \/>\n<meta name=\"twitter:card\" content=\"summary_large_image\" \/>\n<meta name=\"twitter:label1\" content=\"\u00c9crit par\" \/>\n\t<meta name=\"twitter:data1\" content=\"cfeditorfr\" \/>\n\t<meta name=\"twitter:label2\" content=\"Dur\u00e9e de lecture estim\u00e9e\" \/>\n\t<meta name=\"twitter:data2\" content=\"2 minutes\" \/>\n<script type=\"application\/ld+json\" class=\"yoast-schema-graph\">{\"@context\":\"https:\/\/schema.org\",\"@graph\":[{\"@type\":\"Article\",\"@id\":\"https:\/\/www.africa-press.net\/cameroun\/politique\/tchad-funerailles-didriss-deby-emmanuel-macron-president-de-la-france-la-transition-qui-va-se-mettre-en-place-au-tchad-doit-etre-un-moment-dunite-pour-le-peuple-tchadien-et-pour#article\",\"isPartOf\":{\"@id\":\"https:\/\/www.africa-press.net\/cameroun\/politique\/tchad-funerailles-didriss-deby-emmanuel-macron-president-de-la-france-la-transition-qui-va-se-mettre-en-place-au-tchad-doit-etre-un-moment-dunite-pour-le-peuple-tchadien-et-pour\"},\"author\":{\"name\":\"cfeditorfr\",\"@id\":\"https:\/\/www.africa-press.net\/cameroun\/#\/schema\/person\/2b1cf3cd81a31e3cd26889ca66d677f1\"},\"headline\":\"Tchad &#8211; fun\u00e9railles d\u2019Idriss Deby\/Emmanuel Macron (pr\u00e9sident de la France): \u00abLa transition qui va se mettre en place au Tchad doit \u00eatre un moment d&rsquo;unit\u00e9, pour le peuple tchadien et pour la stabilit\u00e9 de la r\u00e9gion\u00bb\",\"datePublished\":\"2021-04-23T21:11:03+00:00\",\"dateModified\":\"2021-04-23T21:50:14+00:00\",\"mainEntityOfPage\":{\"@id\":\"https:\/\/www.africa-press.net\/cameroun\/politique\/tchad-funerailles-didriss-deby-emmanuel-macron-president-de-la-france-la-transition-qui-va-se-mettre-en-place-au-tchad-doit-etre-un-moment-dunite-pour-le-peuple-tchadien-et-pour\"},\"wordCount\":382,\"commentCount\":0,\"image\":{\"@id\":\"https:\/\/www.africa-press.net\/cameroun\/politique\/tchad-funerailles-didriss-deby-emmanuel-macron-president-de-la-france-la-transition-qui-va-se-mettre-en-place-au-tchad-doit-etre-un-moment-dunite-pour-le-peuple-tchadien-et-pour#primaryimage\"},\"thumbnailUrl\":\"https:\/\/static.africa-press.net\/cameroun\/sites\/57\/2021\/04\/img-608340fa0de34.jpg\",\"keywords\":[\"Africa Press\",\"Africa Press-Cameroun\",\"Cameroun\"],\"articleSection\":[\"homepage-french\",\"Politique\",\"Toutes les actualit\u00e9s\"],\"inLanguage\":\"fr-FR\",\"potentialAction\":[{\"@type\":\"CommentAction\",\"name\":\"Comment\",\"target\":[\"https:\/\/www.africa-press.net\/cameroun\/politique\/tchad-funerailles-didriss-deby-emmanuel-macron-president-de-la-france-la-transition-qui-va-se-mettre-en-place-au-tchad-doit-etre-un-moment-dunite-pour-le-peuple-tchadien-et-pour#respond\"]}]},{\"@type\":\"WebPage\",\"@id\":\"https:\/\/www.africa-press.net\/cameroun\/politique\/tchad-funerailles-didriss-deby-emmanuel-macron-president-de-la-france-la-transition-qui-va-se-mettre-en-place-au-tchad-doit-etre-un-moment-dunite-pour-le-peuple-tchadien-et-pour\",\"url\":\"https:\/\/www.africa-press.net\/cameroun\/politique\/tchad-funerailles-didriss-deby-emmanuel-macron-president-de-la-france-la-transition-qui-va-se-mettre-en-place-au-tchad-doit-etre-un-moment-dunite-pour-le-peuple-tchadien-et-pour\",\"name\":\"Tchad - fun\u00e9railles d\u2019Idriss Deby\/Emmanuel Macron (pr\u00e9sident de la France): \u00abLa transition qui va se mettre en place au Tchad doit \u00eatre un moment d'unit\u00e9, pour le peuple tchadien et pour la stabilit\u00e9 de la r\u00e9gion\u00bb - Cameroun\",\"isPartOf\":{\"@id\":\"https:\/\/www.africa-press.net\/cameroun\/#website\"},\"primaryImageOfPage\":{\"@id\":\"https:\/\/www.africa-press.net\/cameroun\/politique\/tchad-funerailles-didriss-deby-emmanuel-macron-president-de-la-france-la-transition-qui-va-se-mettre-en-place-au-tchad-doit-etre-un-moment-dunite-pour-le-peuple-tchadien-et-pour#primaryimage\"},\"image\":{\"@id\":\"https:\/\/www.africa-press.net\/cameroun\/politique\/tchad-funerailles-didriss-deby-emmanuel-macron-president-de-la-france-la-transition-qui-va-se-mettre-en-place-au-tchad-doit-etre-un-moment-dunite-pour-le-peuple-tchadien-et-pour#primaryimage\"},\"thumbnailUrl\":\"https:\/\/static.africa-press.net\/cameroun\/sites\/57\/2021\/04\/img-608340fa0de34.jpg\",\"datePublished\":\"2021-04-23T21:11:03+00:00\",\"dateModified\":\"2021-04-23T21:50:14+00:00\",\"author\":{\"@id\":\"https:\/\/www.africa-press.net\/cameroun\/#\/schema\/person\/2b1cf3cd81a31e3cd26889ca66d677f1\"},\"description\":\"Le Tchad a rendu un dernier hommage au pr\u00e9sident mar\u00e9chal Idriss Deby Itno ce vendredi 23 avril 2021. Officiellement d\u00e9c ...\",\"breadcrumb\":{\"@id\":\"https:\/\/www.africa-press.net\/cameroun\/politique\/tchad-funerailles-didriss-deby-emmanuel-macron-president-de-la-france-la-transition-qui-va-se-mettre-en-place-au-tchad-doit-etre-un-moment-dunite-pour-le-peuple-tchadien-et-pour#breadcrumb\"},\"inLanguage\":\"fr-FR\",\"potentialAction\":[{\"@type\":\"ReadAction\",\"target\":[\"https:\/\/www.africa-press.net\/cameroun\/politique\/tchad-funerailles-didriss-deby-emmanuel-macron-president-de-la-france-la-transition-qui-va-se-mettre-en-place-au-tchad-doit-etre-un-moment-dunite-pour-le-peuple-tchadien-et-pour\"]}]},{\"@type\":\"ImageObject\",\"inLanguage\":\"fr-FR\",\"@id\":\"https:\/\/www.africa-press.net\/cameroun\/politique\/tchad-funerailles-didriss-deby-emmanuel-macron-president-de-la-france-la-transition-qui-va-se-mettre-en-place-au-tchad-doit-etre-un-moment-dunite-pour-le-peuple-tchadien-et-pour#primaryimage\",\"url\":\"https:\/\/static.africa-press.net\/cameroun\/sites\/57\/2021\/04\/img-608340fa0de34.jpg\",\"contentUrl\":\"https:\/\/static.africa-press.net\/cameroun\/sites\/57\/2021\/04\/img-608340fa0de34.jpg\",\"width\":800,\"height\":471,\"caption\":\"Tchad - fun\u00e9railles d\u2019Idriss Deby\/Emmanuel Macron (pr\u00e9sident de la France): \u00abLa transition qui va se mettre en place au Tchad doit \u00eatre un moment d'unit\u00e9, pour le peuple tchadien et pour la stabilit\u00e9 de la r\u00e9gion\u00bb\"},{\"@type\":\"BreadcrumbList\",\"@id\":\"https:\/\/www.africa-press.net\/cameroun\/politique\/tchad-funerailles-didriss-deby-emmanuel-macron-president-de-la-france-la-transition-qui-va-se-mettre-en-place-au-tchad-doit-etre-un-moment-dunite-pour-le-peuple-tchadien-et-pour#breadcrumb\",\"itemListElement\":[{\"@type\":\"ListItem\",\"position\":1,\"name\":\"Accueil\",\"item\":\"https:\/\/www.africa-press.net\/cameroun\/\"},{\"@type\":\"ListItem\",\"position\":2,\"name\":\"Tchad &#8211; fun\u00e9railles d\u2019Idriss Deby\/Emmanuel Macron (pr\u00e9sident de la France): \u00abLa transition qui va se mettre en place au Tchad doit \u00eatre un moment d&#8217;unit\u00e9, pour le peuple tchadien et pour la stabilit\u00e9 de la r\u00e9gion\u00bb\"}]},{\"@type\":\"WebSite\",\"@id\":\"https:\/\/www.africa-press.net\/cameroun\/#website\",\"url\":\"https:\/\/www.africa-press.net\/cameroun\/\",\"name\":\"Cameroun\",\"description\":\"Just another Africa News Agency Sites site\",\"potentialAction\":[{\"@type\":\"SearchAction\",\"target\":{\"@type\":\"EntryPoint\",\"urlTemplate\":\"https:\/\/www.africa-press.net\/cameroun\/?s={search_term_string}\"},\"query-input\":{\"@type\":\"PropertyValueSpecification\",\"valueRequired\":true,\"valueName\":\"search_term_string\"}}],\"inLanguage\":\"fr-FR\"},{\"@type\":\"Person\",\"@id\":\"https:\/\/www.africa-press.net\/cameroun\/#\/schema\/person\/2b1cf3cd81a31e3cd26889ca66d677f1\",\"name\":\"cfeditorfr\"}]}<\/script>\n<!-- \/ Yoast SEO Premium plugin. -->","yoast_head_json":{"title":"Tchad - fun\u00e9railles d\u2019Idriss Deby\/Emmanuel Macron (pr\u00e9sident de la France): \u00abLa transition qui va se mettre en place au Tchad doit \u00eatre un moment d'unit\u00e9, pour le peuple tchadien et pour la stabilit\u00e9 de la r\u00e9gion\u00bb - Cameroun","description":"Le Tchad a rendu un dernier hommage au pr\u00e9sident mar\u00e9chal Idriss Deby Itno ce vendredi 23 avril 2021. Officiellement d\u00e9c ...","robots":{"index":"index","follow":"follow","max-snippet":"max-snippet:-1","max-image-preview":"max-image-preview:large","max-video-preview":"max-video-preview:-1"},"canonical":"https:\/\/www.africa-press.net\/cameroun\/politique\/tchad-funerailles-didriss-deby-emmanuel-macron-president-de-la-france-la-transition-qui-va-se-mettre-en-place-au-tchad-doit-etre-un-moment-dunite-pour-le-peuple-tchadien-et-pour","og_locale":"fr_FR","og_type":"article","og_title":"Tchad - fun\u00e9railles d\u2019Idriss Deby\/Emmanuel Macron (pr\u00e9sident de la France): \u00abLa transition qui va se mettre en place au Tchad doit \u00eatre un moment d'unit\u00e9, pour le peuple tchadien et pour la stabilit\u00e9 de la r\u00e9gion\u00bb","og_description":"Le Tchad a rendu un dernier hommage au pr\u00e9sident mar\u00e9chal Idriss Deby Itno ce vendredi 23 avril 2021. Officiellement d\u00e9c ...","og_url":"https:\/\/www.africa-press.net\/cameroun\/politique\/tchad-funerailles-didriss-deby-emmanuel-macron-president-de-la-france-la-transition-qui-va-se-mettre-en-place-au-tchad-doit-etre-un-moment-dunite-pour-le-peuple-tchadien-et-pour","og_site_name":"Cameroun","article_published_time":"2021-04-23T21:11:03+00:00","article_modified_time":"2021-04-23T21:50:14+00:00","og_image":[{"width":800,"height":471,"url":"https:\/\/static.africa-press.net\/cameroun\/sites\/57\/2021\/04\/img-608340fa0de34.jpg","type":"image\/jpeg"}],"author":"cfeditorfr","twitter_card":"summary_large_image","twitter_misc":{"\u00c9crit par":"cfeditorfr","Dur\u00e9e de lecture estim\u00e9e":"2 minutes"},"schema":{"@context":"https:\/\/schema.org","@graph":[{"@type":"Article","@id":"https:\/\/www.africa-press.net\/cameroun\/politique\/tchad-funerailles-didriss-deby-emmanuel-macron-president-de-la-france-la-transition-qui-va-se-mettre-en-place-au-tchad-doit-etre-un-moment-dunite-pour-le-peuple-tchadien-et-pour#article","isPartOf":{"@id":"https:\/\/www.africa-press.net\/cameroun\/politique\/tchad-funerailles-didriss-deby-emmanuel-macron-president-de-la-france-la-transition-qui-va-se-mettre-en-place-au-tchad-doit-etre-un-moment-dunite-pour-le-peuple-tchadien-et-pour"},"author":{"name":"cfeditorfr","@id":"https:\/\/www.africa-press.net\/cameroun\/#\/schema\/person\/2b1cf3cd81a31e3cd26889ca66d677f1"},"headline":"Tchad &#8211; fun\u00e9railles d\u2019Idriss Deby\/Emmanuel Macron (pr\u00e9sident de la France): \u00abLa transition qui va se mettre en place au Tchad doit \u00eatre un moment d&rsquo;unit\u00e9, pour le peuple tchadien et pour la stabilit\u00e9 de la r\u00e9gion\u00bb","datePublished":"2021-04-23T21:11:03+00:00","dateModified":"2021-04-23T21:50:14+00:00","mainEntityOfPage":{"@id":"https:\/\/www.africa-press.net\/cameroun\/politique\/tchad-funerailles-didriss-deby-emmanuel-macron-president-de-la-france-la-transition-qui-va-se-mettre-en-place-au-tchad-doit-etre-un-moment-dunite-pour-le-peuple-tchadien-et-pour"},"wordCount":382,"commentCount":0,"image":{"@id":"https:\/\/www.africa-press.net\/cameroun\/politique\/tchad-funerailles-didriss-deby-emmanuel-macron-president-de-la-france-la-transition-qui-va-se-mettre-en-place-au-tchad-doit-etre-un-moment-dunite-pour-le-peuple-tchadien-et-pour#primaryimage"},"thumbnailUrl":"https:\/\/static.africa-press.net\/cameroun\/sites\/57\/2021\/04\/img-608340fa0de34.jpg","keywords":["Africa Press","Africa Press-Cameroun","Cameroun"],"articleSection":["homepage-french","Politique","Toutes les actualit\u00e9s"],"inLanguage":"fr-FR","potentialAction":[{"@type":"CommentAction","name":"Comment","target":["https:\/\/www.africa-press.net\/cameroun\/politique\/tchad-funerailles-didriss-deby-emmanuel-macron-president-de-la-france-la-transition-qui-va-se-mettre-en-place-au-tchad-doit-etre-un-moment-dunite-pour-le-peuple-tchadien-et-pour#respond"]}]},{"@type":"WebPage","@id":"https:\/\/www.africa-press.net\/cameroun\/politique\/tchad-funerailles-didriss-deby-emmanuel-macron-president-de-la-france-la-transition-qui-va-se-mettre-en-place-au-tchad-doit-etre-un-moment-dunite-pour-le-peuple-tchadien-et-pour","url":"https:\/\/www.africa-press.net\/cameroun\/politique\/tchad-funerailles-didriss-deby-emmanuel-macron-president-de-la-france-la-transition-qui-va-se-mettre-en-place-au-tchad-doit-etre-un-moment-dunite-pour-le-peuple-tchadien-et-pour","name":"Tchad - fun\u00e9railles d\u2019Idriss Deby\/Emmanuel Macron (pr\u00e9sident de la France): \u00abLa transition qui va se mettre en place au Tchad doit \u00eatre un moment d'unit\u00e9, pour le peuple tchadien et pour la stabilit\u00e9 de la r\u00e9gion\u00bb - Cameroun","isPartOf":{"@id":"https:\/\/www.africa-press.net\/cameroun\/#website"},"primaryImageOfPage":{"@id":"https:\/\/www.africa-press.net\/cameroun\/politique\/tchad-funerailles-didriss-deby-emmanuel-macron-president-de-la-france-la-transition-qui-va-se-mettre-en-place-au-tchad-doit-etre-un-moment-dunite-pour-le-peuple-tchadien-et-pour#primaryimage"},"image":{"@id":"https:\/\/www.africa-press.net\/cameroun\/politique\/tchad-funerailles-didriss-deby-emmanuel-macron-president-de-la-france-la-transition-qui-va-se-mettre-en-place-au-tchad-doit-etre-un-moment-dunite-pour-le-peuple-tchadien-et-pour#primaryimage"},"thumbnailUrl":"https:\/\/static.africa-press.net\/cameroun\/sites\/57\/2021\/04\/img-608340fa0de34.jpg","datePublished":"2021-04-23T21:11:03+00:00","dateModified":"2021-04-23T21:50:14+00:00","author":{"@id":"https:\/\/www.africa-press.net\/cameroun\/#\/schema\/person\/2b1cf3cd81a31e3cd26889ca66d677f1"},"description":"Le Tchad a rendu un dernier hommage au pr\u00e9sident mar\u00e9chal Idriss Deby Itno ce vendredi 23 avril 2021. Officiellement d\u00e9c ...","breadcrumb":{"@id":"https:\/\/www.africa-press.net\/cameroun\/politique\/tchad-funerailles-didriss-deby-emmanuel-macron-president-de-la-france-la-transition-qui-va-se-mettre-en-place-au-tchad-doit-etre-un-moment-dunite-pour-le-peuple-tchadien-et-pour#breadcrumb"},"inLanguage":"fr-FR","potentialAction":[{"@type":"ReadAction","target":["https:\/\/www.africa-press.net\/cameroun\/politique\/tchad-funerailles-didriss-deby-emmanuel-macron-president-de-la-france-la-transition-qui-va-se-mettre-en-place-au-tchad-doit-etre-un-moment-dunite-pour-le-peuple-tchadien-et-pour"]}]},{"@type":"ImageObject","inLanguage":"fr-FR","@id":"https:\/\/www.africa-press.net\/cameroun\/politique\/tchad-funerailles-didriss-deby-emmanuel-macron-president-de-la-france-la-transition-qui-va-se-mettre-en-place-au-tchad-doit-etre-un-moment-dunite-pour-le-peuple-tchadien-et-pour#primaryimage","url":"https:\/\/static.africa-press.net\/cameroun\/sites\/57\/2021\/04\/img-608340fa0de34.jpg","contentUrl":"https:\/\/static.africa-press.net\/cameroun\/sites\/57\/2021\/04\/img-608340fa0de34.jpg","width":800,"height":471,"caption":"Tchad - fun\u00e9railles d\u2019Idriss Deby\/Emmanuel Macron (pr\u00e9sident de la France): \u00abLa transition qui va se mettre en place au Tchad doit \u00eatre un moment d'unit\u00e9, pour le peuple tchadien et pour la stabilit\u00e9 de la r\u00e9gion\u00bb"},{"@type":"BreadcrumbList","@id":"https:\/\/www.africa-press.net\/cameroun\/politique\/tchad-funerailles-didriss-deby-emmanuel-macron-president-de-la-france-la-transition-qui-va-se-mettre-en-place-au-tchad-doit-etre-un-moment-dunite-pour-le-peuple-tchadien-et-pour#breadcrumb","itemListElement":[{"@type":"ListItem","position":1,"name":"Accueil","item":"https:\/\/www.africa-press.net\/cameroun\/"},{"@type":"ListItem","position":2,"name":"Tchad &#8211; fun\u00e9railles d\u2019Idriss Deby\/Emmanuel Macron (pr\u00e9sident de la France): \u00abLa transition qui va se mettre en place au Tchad doit \u00eatre un moment d&#8217;unit\u00e9, pour le peuple tchadien et pour la stabilit\u00e9 de la r\u00e9gion\u00bb"}]},{"@type":"WebSite","@id":"https:\/\/www.africa-press.net\/cameroun\/#website","url":"https:\/\/www.africa-press.net\/cameroun\/","name":"Cameroun","description":"Just another Africa News Agency Sites site","potentialAction":[{"@type":"SearchAction","target":{"@type":"EntryPoint","urlTemplate":"https:\/\/www.africa-press.net\/cameroun\/?s={search_term_string}"},"query-input":{"@type":"PropertyValueSpecification","valueRequired":true,"valueName":"search_term_string"}}],"inLanguage":"fr-FR"},{"@type":"Person","@id":"https:\/\/www.africa-press.net\/cameroun\/#\/schema\/person\/2b1cf3cd81a31e3cd26889ca66d677f1","name":"cfeditorfr"}]}},"_links":{"self":[{"href":"https:\/\/www.africa-press.net\/cameroun\/wp-json\/wp\/v2\/posts\/2349","targetHints":{"allow":["GET"]}}],"collection":[{"href":"https:\/\/www.africa-press.net\/cameroun\/wp-json\/wp\/v2\/posts"}],"about":[{"href":"https:\/\/www.africa-press.net\/cameroun\/wp-json\/wp\/v2\/types\/post"}],"author":[{"embeddable":true,"href":"https:\/\/www.africa-press.net\/cameroun\/wp-json\/wp\/v2\/users\/82"}],"replies":[{"embeddable":true,"href":"https:\/\/www.africa-press.net\/cameroun\/wp-json\/wp\/v2\/comments?post=2349"}],"version-history":[{"count":0,"href":"https:\/\/www.africa-press.net\/cameroun\/wp-json\/wp\/v2\/posts\/2349\/revisions"}],"wp:featuredmedia":[{"embeddable":true,"href":"https:\/\/www.africa-press.net\/cameroun\/wp-json\/wp\/v2\/media\/2348"}],"wp:attachment":[{"href":"https:\/\/www.africa-press.net\/cameroun\/wp-json\/wp\/v2\/media?parent=2349"}],"wp:term":[{"taxonomy":"category","embeddable":true,"href":"https:\/\/www.africa-press.net\/cameroun\/wp-json\/wp\/v2\/categories?post=2349"},{"taxonomy":"post_tag","embeddable":true,"href":"https:\/\/www.africa-press.net\/cameroun\/wp-json\/wp\/v2\/tags?post=2349"}],"curies":[{"name":"wp","href":"https:\/\/api.w.org\/{rel}","templated":true}]}}