{"id":23492,"date":"2022-07-13T17:09:25","date_gmt":"2022-07-13T17:09:25","guid":{"rendered":"https:\/\/www.africa-press.net\/cameroun\/politique\/entreprises-publiques-des-licenciements-en-perspective-au-matgenie-en-proie-aux-tensions-sociales"},"modified":"2022-07-13T17:57:56","modified_gmt":"2022-07-13T17:57:56","slug":"entreprises-publiques-des-licenciements-en-perspective-au-matgenie-en-proie-aux-tensions-sociales","status":"publish","type":"post","link":"https:\/\/www.africa-press.net\/cameroun\/economie\/entreprises-publiques-des-licenciements-en-perspective-au-matgenie-en-proie-aux-tensions-sociales","title":{"rendered":"Entreprises publiques\u00a0: des licenciements en perspective au Matgenie en proie aux tensions sociales"},"content":{"rendered":"<p><span style=\"color: #ff6600\"><strong>Africa-Press &#8211; Cameroun. <\/strong><\/span>Investir au Cameroun) &#8211; Le ministre des Travaux publics (Mintp), Emmanuel Nganou Djoumessi, annonce une op\u00e9ration d\u2019assainissement du fichier du personnel du Parc national du mat\u00e9riel de g\u00e9nie civil (Matg\u00e9nie), entreprise publique du secteur du BTP au Cameroun, en proie aux tensions sociales. Elle se d\u00e9roulera du 13 au 21 juillet 2022, sous la responsabilit\u00e9 d\u2019un comit\u00e9 interminist\u00e9riel ad hoc, pr\u00e9sid\u00e9 par l\u2019inspecteur g\u00e9n\u00e9ral des questions techniques.<\/p>\n<p>Chaque personnel en activit\u00e9 doit se munir de sa carte nationale d\u2019identit\u00e9\u2009; son contrat de travail\u2009; le dipl\u00f4me ayant favoris\u00e9 son recrutement\u2009; des actes de nomination ou d\u2019affectation\u2009; des actes de naissance des enfants \u00e0 charge\u2009; des actes de mariage et bulletin de solde. Certains de ces documents ou d\u2019autres sp\u00e9cifiques sont requis pour les personnels retrait\u00e9s ou les ayants droits des personnels d\u00e9c\u00e9d\u00e9s.<\/p>\n<p>Le Mintp explique que cet assainissement des ressources humaines et de l\u2019outil de production constitue l\u2019une des mesures imm\u00e9diates prises \u00e0 l\u2019issue des concertations men\u00e9es avec les diff\u00e9rents acteurs de l\u2019entreprise. \u00ab\u2009Cette op\u00e9ration aboutira, souligne-t-il, \u00e0 la ma\u00eetrise de la masse des ressources humaines et la viabilisation de l\u2019outil de production. Ce qui devrait remettre le Matgenie sur le sentier de la rentabilit\u00e9, gage d\u2019un paiement r\u00e9gulier des droits dus aux personnels\u2009\u00bb, indique Emmanuel Nganou. En claire, il faut s\u2019attendre \u00e0 des licenciements, des r\u00e9trogradations ou des mutations.<\/p>\n<p>Tensions de tr\u00e9sorerie<\/p>\n<p>Avant le lancement de cette op\u00e9ration d\u2019assainissement en effet, r\u00e9v\u00e8le le Mintp, au terme des concertations men\u00e9es du 6 au 7 juillet 2022 avec les organes dirigeants et sociaux de cette entreprise, il est apparu que la situation est pr\u00e9occupante. L\u2019outil de production est inop\u00e9rant\u2009; une situation exposant \u00e0 des risques budg\u00e9taires importants pour l\u2019\u00c9tat, l\u2019unique actionnaire appel\u00e9 \u00e0 soutenir cette entreprise par des subventions et des r\u00e9\u00e9chelonnements des dettes fiscales et sociales. Toute chose entretenant des mouvements r\u00e9p\u00e9titifs d\u2019humeur des employ\u00e9s en activit\u00e9 ou retrait\u00e9s.<\/p>\n<p>Selon le rapport 2020 de Commission technique de r\u00e9habilitation (CTR) des entreprises et \u00e9tablissements du secteur public au Cameroun, le chiffre d\u2019affaires du Matgenie est en baisse en raison non seulement de la v\u00e9tust\u00e9 du mat\u00e9riel d\u2019exploitation, mais \u00e9galement des tensions de tr\u00e9sorerie qui n\u2019ont pas permis l\u2019ex\u00e9cution des commandes (contrats d\u2019entretien des infrastructures routi\u00e8res sign\u00e9s avec l\u2019administration et les partenaires priv\u00e9s). Sur un montant des prestations de 12,4 milliards de FCFA pour le compte de l\u2019ann\u00e9e 2019, cette entreprise n\u2019a pu r\u00e9aliser les travaux facturables qu\u2019\u00e0 hauteur de 1,35 milliard de FCFA, soit un taux de r\u00e9alisation de 11%.<\/p>\n<p>Dans ce contexte de situation financi\u00e8re pr\u00e9caire, les charges de personnel restent importantes et absorbent 89,95% du chiffre d\u2019affaires 2019. \u00ab\u2009Cette situation pourrait constituer \u00e0 terme un risque budg\u00e9taire pour l\u2019\u00c9tat si la tendance n\u2019est pas invers\u00e9e\u2009\u00bb, indique la CTR. De plus, la paix sociale est menac\u00e9e en raison du paiement irr\u00e9gulier des salaires, ainsi que le r\u00e8glement des prestations sociales.<\/p>\n<p>Sylvain Andzongo<\/p>\n<p><strong>Pour plus d&rsquo;informations et d&rsquo;analyses sur la <a href=\"https:\/\/www.africa-press.net\/cameroun\">Cameroun<\/a>, suivez <a href=\"https:\/\/www.africa-press.net\/\">Africa-Press<\/a><\/strong><\/p>\n","protected":false},"excerpt":{"rendered":"<p>Africa-Press &#8211; Cameroun. Investir au Cameroun) &#8211; Le ministre des Travaux publics (Mintp), Emmanuel Nganou Djoumessi, annonce une op\u00e9ration d\u2019assainissement du fichier du personnel du Parc national du mat\u00e9riel de g\u00e9nie civil (Matg\u00e9nie), entreprise publique du secteur du BTP au Cameroun, en proie aux tensions sociales. Elle se d\u00e9roulera du 13 au 21 juillet 2022, [&hellip;]<\/p>\n","protected":false},"author":82,"featured_media":23491,"comment_status":"open","ping_status":"closed","sticky":false,"template":"","format":"standard","meta":{"footnotes":""},"categories":[3,11,10],"tags":[36,50,49],"class_list":["post-23492","post","type-post","status-publish","format-standard","has-post-thumbnail","hentry","category-economie","category-homepage-french","category-toutes-les-actualites","tag-africa-press","tag-africa-press-cameroun","tag-cameroun"],"yoast_head":"<!-- This site is optimized with the Yoast SEO Premium plugin v26.1 (Yoast SEO v27.0) - https:\/\/yoast.com\/product\/yoast-seo-premium-wordpress\/ -->\n<title>Entreprises publiques\u00a0: des licenciements en perspective au Matgenie en proie aux tensions sociales - Cameroun<\/title>\n<meta name=\"description\" content=\"Investir au Cameroun) - Le ministre des Travaux publics (Mintp), Emmanuel Nganou Djoumessi, annonce une op\u00e9ration d\u2019assa ...\" \/>\n<meta name=\"robots\" content=\"index, follow, max-snippet:-1, max-image-preview:large, max-video-preview:-1\" \/>\n<link rel=\"canonical\" href=\"https:\/\/www.africa-press.net\/cameroun\/economie\/entreprises-publiques-des-licenciements-en-perspective-au-matgenie-en-proie-aux-tensions-sociales\" \/>\n<meta property=\"og:locale\" content=\"fr_FR\" \/>\n<meta property=\"og:type\" content=\"article\" \/>\n<meta property=\"og:title\" content=\"Entreprises publiques\u00a0: des licenciements en perspective au Matgenie en proie aux tensions sociales\" \/>\n<meta property=\"og:description\" content=\"Investir au Cameroun) - Le ministre des Travaux publics (Mintp), Emmanuel Nganou Djoumessi, annonce une op\u00e9ration d\u2019assa ...\" \/>\n<meta property=\"og:url\" content=\"https:\/\/www.africa-press.net\/cameroun\/economie\/entreprises-publiques-des-licenciements-en-perspective-au-matgenie-en-proie-aux-tensions-sociales\" \/>\n<meta property=\"og:site_name\" content=\"Cameroun\" \/>\n<meta property=\"article:published_time\" content=\"2022-07-13T17:09:25+00:00\" \/>\n<meta property=\"article:modified_time\" content=\"2022-07-13T17:57:56+00:00\" \/>\n<meta property=\"og:image\" content=\"https:\/\/static.africa-press.net\/cameroun\/sites\/57\/2022\/07\/img-62cefe5a83aa4.jpg\" \/>\n\t<meta property=\"og:image:width\" content=\"720\" \/>\n\t<meta property=\"og:image:height\" content=\"479\" \/>\n\t<meta property=\"og:image:type\" content=\"image\/jpeg\" \/>\n<meta name=\"author\" content=\"cfeditorfr\" \/>\n<meta name=\"twitter:card\" content=\"summary_large_image\" \/>\n<meta name=\"twitter:label1\" content=\"\u00c9crit par\" \/>\n\t<meta name=\"twitter:data1\" content=\"cfeditorfr\" \/>\n\t<meta name=\"twitter:label2\" content=\"Dur\u00e9e de lecture estim\u00e9e\" \/>\n\t<meta name=\"twitter:data2\" content=\"3 minutes\" \/>\n<script type=\"application\/ld+json\" class=\"yoast-schema-graph\">{\"@context\":\"https:\/\/schema.org\",\"@graph\":[{\"@type\":\"Article\",\"@id\":\"https:\/\/www.africa-press.net\/cameroun\/economie\/entreprises-publiques-des-licenciements-en-perspective-au-matgenie-en-proie-aux-tensions-sociales#article\",\"isPartOf\":{\"@id\":\"https:\/\/www.africa-press.net\/cameroun\/economie\/entreprises-publiques-des-licenciements-en-perspective-au-matgenie-en-proie-aux-tensions-sociales\"},\"author\":{\"name\":\"cfeditorfr\",\"@id\":\"https:\/\/www.africa-press.net\/cameroun\/#\/schema\/person\/2b1cf3cd81a31e3cd26889ca66d677f1\"},\"headline\":\"Entreprises publiques\u00a0: des licenciements en perspective au Matgenie en proie aux tensions sociales\",\"datePublished\":\"2022-07-13T17:09:25+00:00\",\"dateModified\":\"2022-07-13T17:57:56+00:00\",\"mainEntityOfPage\":{\"@id\":\"https:\/\/www.africa-press.net\/cameroun\/economie\/entreprises-publiques-des-licenciements-en-perspective-au-matgenie-en-proie-aux-tensions-sociales\"},\"wordCount\":561,\"commentCount\":0,\"image\":{\"@id\":\"https:\/\/www.africa-press.net\/cameroun\/economie\/entreprises-publiques-des-licenciements-en-perspective-au-matgenie-en-proie-aux-tensions-sociales#primaryimage\"},\"thumbnailUrl\":\"https:\/\/static.africa-press.net\/cameroun\/sites\/57\/2022\/07\/img-62cefe5a83aa4.jpg\",\"keywords\":[\"Africa Press\",\"Africa Press-Cameroun\",\"Cameroun\"],\"articleSection\":[\"\u00c9conomie\",\"homepage-french\",\"Toutes les actualit\u00e9s\"],\"inLanguage\":\"fr-FR\",\"potentialAction\":[{\"@type\":\"CommentAction\",\"name\":\"Comment\",\"target\":[\"https:\/\/www.africa-press.net\/cameroun\/economie\/entreprises-publiques-des-licenciements-en-perspective-au-matgenie-en-proie-aux-tensions-sociales#respond\"]}]},{\"@type\":\"WebPage\",\"@id\":\"https:\/\/www.africa-press.net\/cameroun\/economie\/entreprises-publiques-des-licenciements-en-perspective-au-matgenie-en-proie-aux-tensions-sociales\",\"url\":\"https:\/\/www.africa-press.net\/cameroun\/economie\/entreprises-publiques-des-licenciements-en-perspective-au-matgenie-en-proie-aux-tensions-sociales\",\"name\":\"Entreprises publiques\u00a0: des licenciements en perspective au Matgenie en proie aux tensions sociales - Cameroun\",\"isPartOf\":{\"@id\":\"https:\/\/www.africa-press.net\/cameroun\/#website\"},\"primaryImageOfPage\":{\"@id\":\"https:\/\/www.africa-press.net\/cameroun\/economie\/entreprises-publiques-des-licenciements-en-perspective-au-matgenie-en-proie-aux-tensions-sociales#primaryimage\"},\"image\":{\"@id\":\"https:\/\/www.africa-press.net\/cameroun\/economie\/entreprises-publiques-des-licenciements-en-perspective-au-matgenie-en-proie-aux-tensions-sociales#primaryimage\"},\"thumbnailUrl\":\"https:\/\/static.africa-press.net\/cameroun\/sites\/57\/2022\/07\/img-62cefe5a83aa4.jpg\",\"datePublished\":\"2022-07-13T17:09:25+00:00\",\"dateModified\":\"2022-07-13T17:57:56+00:00\",\"author\":{\"@id\":\"https:\/\/www.africa-press.net\/cameroun\/#\/schema\/person\/2b1cf3cd81a31e3cd26889ca66d677f1\"},\"description\":\"Investir au Cameroun) - Le ministre des Travaux publics (Mintp), Emmanuel Nganou Djoumessi, annonce une op\u00e9ration d\u2019assa ...\",\"breadcrumb\":{\"@id\":\"https:\/\/www.africa-press.net\/cameroun\/economie\/entreprises-publiques-des-licenciements-en-perspective-au-matgenie-en-proie-aux-tensions-sociales#breadcrumb\"},\"inLanguage\":\"fr-FR\",\"potentialAction\":[{\"@type\":\"ReadAction\",\"target\":[\"https:\/\/www.africa-press.net\/cameroun\/economie\/entreprises-publiques-des-licenciements-en-perspective-au-matgenie-en-proie-aux-tensions-sociales\"]}]},{\"@type\":\"ImageObject\",\"inLanguage\":\"fr-FR\",\"@id\":\"https:\/\/www.africa-press.net\/cameroun\/economie\/entreprises-publiques-des-licenciements-en-perspective-au-matgenie-en-proie-aux-tensions-sociales#primaryimage\",\"url\":\"https:\/\/static.africa-press.net\/cameroun\/sites\/57\/2022\/07\/img-62cefe5a83aa4.jpg\",\"contentUrl\":\"https:\/\/static.africa-press.net\/cameroun\/sites\/57\/2022\/07\/img-62cefe5a83aa4.jpg\",\"width\":720,\"height\":479,\"caption\":\"Entreprises publiques\u00a0: des licenciements en perspective au Matgenie en proie aux tensions sociales\"},{\"@type\":\"BreadcrumbList\",\"@id\":\"https:\/\/www.africa-press.net\/cameroun\/economie\/entreprises-publiques-des-licenciements-en-perspective-au-matgenie-en-proie-aux-tensions-sociales#breadcrumb\",\"itemListElement\":[{\"@type\":\"ListItem\",\"position\":1,\"name\":\"Accueil\",\"item\":\"https:\/\/www.africa-press.net\/cameroun\/\"},{\"@type\":\"ListItem\",\"position\":2,\"name\":\"Entreprises publiques\u00a0: des licenciements en perspective au Matgenie en proie aux tensions sociales\"}]},{\"@type\":\"WebSite\",\"@id\":\"https:\/\/www.africa-press.net\/cameroun\/#website\",\"url\":\"https:\/\/www.africa-press.net\/cameroun\/\",\"name\":\"Cameroun\",\"description\":\"Just another Africa News Agency Sites site\",\"potentialAction\":[{\"@type\":\"SearchAction\",\"target\":{\"@type\":\"EntryPoint\",\"urlTemplate\":\"https:\/\/www.africa-press.net\/cameroun\/?s={search_term_string}\"},\"query-input\":{\"@type\":\"PropertyValueSpecification\",\"valueRequired\":true,\"valueName\":\"search_term_string\"}}],\"inLanguage\":\"fr-FR\"},{\"@type\":\"Person\",\"@id\":\"https:\/\/www.africa-press.net\/cameroun\/#\/schema\/person\/2b1cf3cd81a31e3cd26889ca66d677f1\",\"name\":\"cfeditorfr\"}]}<\/script>\n<!-- \/ Yoast SEO Premium plugin. -->","yoast_head_json":{"title":"Entreprises publiques\u00a0: des licenciements en perspective au Matgenie en proie aux tensions sociales - Cameroun","description":"Investir au Cameroun) - Le ministre des Travaux publics (Mintp), Emmanuel Nganou Djoumessi, annonce une op\u00e9ration d\u2019assa ...","robots":{"index":"index","follow":"follow","max-snippet":"max-snippet:-1","max-image-preview":"max-image-preview:large","max-video-preview":"max-video-preview:-1"},"canonical":"https:\/\/www.africa-press.net\/cameroun\/economie\/entreprises-publiques-des-licenciements-en-perspective-au-matgenie-en-proie-aux-tensions-sociales","og_locale":"fr_FR","og_type":"article","og_title":"Entreprises publiques\u00a0: des licenciements en perspective au Matgenie en proie aux tensions sociales","og_description":"Investir au Cameroun) - Le ministre des Travaux publics (Mintp), Emmanuel Nganou Djoumessi, annonce une op\u00e9ration d\u2019assa ...","og_url":"https:\/\/www.africa-press.net\/cameroun\/economie\/entreprises-publiques-des-licenciements-en-perspective-au-matgenie-en-proie-aux-tensions-sociales","og_site_name":"Cameroun","article_published_time":"2022-07-13T17:09:25+00:00","article_modified_time":"2022-07-13T17:57:56+00:00","og_image":[{"width":720,"height":479,"url":"https:\/\/static.africa-press.net\/cameroun\/sites\/57\/2022\/07\/img-62cefe5a83aa4.jpg","type":"image\/jpeg"}],"author":"cfeditorfr","twitter_card":"summary_large_image","twitter_misc":{"\u00c9crit par":"cfeditorfr","Dur\u00e9e de lecture estim\u00e9e":"3 minutes"},"schema":{"@context":"https:\/\/schema.org","@graph":[{"@type":"Article","@id":"https:\/\/www.africa-press.net\/cameroun\/economie\/entreprises-publiques-des-licenciements-en-perspective-au-matgenie-en-proie-aux-tensions-sociales#article","isPartOf":{"@id":"https:\/\/www.africa-press.net\/cameroun\/economie\/entreprises-publiques-des-licenciements-en-perspective-au-matgenie-en-proie-aux-tensions-sociales"},"author":{"name":"cfeditorfr","@id":"https:\/\/www.africa-press.net\/cameroun\/#\/schema\/person\/2b1cf3cd81a31e3cd26889ca66d677f1"},"headline":"Entreprises publiques\u00a0: des licenciements en perspective au Matgenie en proie aux tensions sociales","datePublished":"2022-07-13T17:09:25+00:00","dateModified":"2022-07-13T17:57:56+00:00","mainEntityOfPage":{"@id":"https:\/\/www.africa-press.net\/cameroun\/economie\/entreprises-publiques-des-licenciements-en-perspective-au-matgenie-en-proie-aux-tensions-sociales"},"wordCount":561,"commentCount":0,"image":{"@id":"https:\/\/www.africa-press.net\/cameroun\/economie\/entreprises-publiques-des-licenciements-en-perspective-au-matgenie-en-proie-aux-tensions-sociales#primaryimage"},"thumbnailUrl":"https:\/\/static.africa-press.net\/cameroun\/sites\/57\/2022\/07\/img-62cefe5a83aa4.jpg","keywords":["Africa Press","Africa Press-Cameroun","Cameroun"],"articleSection":["\u00c9conomie","homepage-french","Toutes les actualit\u00e9s"],"inLanguage":"fr-FR","potentialAction":[{"@type":"CommentAction","name":"Comment","target":["https:\/\/www.africa-press.net\/cameroun\/economie\/entreprises-publiques-des-licenciements-en-perspective-au-matgenie-en-proie-aux-tensions-sociales#respond"]}]},{"@type":"WebPage","@id":"https:\/\/www.africa-press.net\/cameroun\/economie\/entreprises-publiques-des-licenciements-en-perspective-au-matgenie-en-proie-aux-tensions-sociales","url":"https:\/\/www.africa-press.net\/cameroun\/economie\/entreprises-publiques-des-licenciements-en-perspective-au-matgenie-en-proie-aux-tensions-sociales","name":"Entreprises publiques\u00a0: des licenciements en perspective au Matgenie en proie aux tensions sociales - Cameroun","isPartOf":{"@id":"https:\/\/www.africa-press.net\/cameroun\/#website"},"primaryImageOfPage":{"@id":"https:\/\/www.africa-press.net\/cameroun\/economie\/entreprises-publiques-des-licenciements-en-perspective-au-matgenie-en-proie-aux-tensions-sociales#primaryimage"},"image":{"@id":"https:\/\/www.africa-press.net\/cameroun\/economie\/entreprises-publiques-des-licenciements-en-perspective-au-matgenie-en-proie-aux-tensions-sociales#primaryimage"},"thumbnailUrl":"https:\/\/static.africa-press.net\/cameroun\/sites\/57\/2022\/07\/img-62cefe5a83aa4.jpg","datePublished":"2022-07-13T17:09:25+00:00","dateModified":"2022-07-13T17:57:56+00:00","author":{"@id":"https:\/\/www.africa-press.net\/cameroun\/#\/schema\/person\/2b1cf3cd81a31e3cd26889ca66d677f1"},"description":"Investir au Cameroun) - Le ministre des Travaux publics (Mintp), Emmanuel Nganou Djoumessi, annonce une op\u00e9ration d\u2019assa ...","breadcrumb":{"@id":"https:\/\/www.africa-press.net\/cameroun\/economie\/entreprises-publiques-des-licenciements-en-perspective-au-matgenie-en-proie-aux-tensions-sociales#breadcrumb"},"inLanguage":"fr-FR","potentialAction":[{"@type":"ReadAction","target":["https:\/\/www.africa-press.net\/cameroun\/economie\/entreprises-publiques-des-licenciements-en-perspective-au-matgenie-en-proie-aux-tensions-sociales"]}]},{"@type":"ImageObject","inLanguage":"fr-FR","@id":"https:\/\/www.africa-press.net\/cameroun\/economie\/entreprises-publiques-des-licenciements-en-perspective-au-matgenie-en-proie-aux-tensions-sociales#primaryimage","url":"https:\/\/static.africa-press.net\/cameroun\/sites\/57\/2022\/07\/img-62cefe5a83aa4.jpg","contentUrl":"https:\/\/static.africa-press.net\/cameroun\/sites\/57\/2022\/07\/img-62cefe5a83aa4.jpg","width":720,"height":479,"caption":"Entreprises publiques\u00a0: des licenciements en perspective au Matgenie en proie aux tensions sociales"},{"@type":"BreadcrumbList","@id":"https:\/\/www.africa-press.net\/cameroun\/economie\/entreprises-publiques-des-licenciements-en-perspective-au-matgenie-en-proie-aux-tensions-sociales#breadcrumb","itemListElement":[{"@type":"ListItem","position":1,"name":"Accueil","item":"https:\/\/www.africa-press.net\/cameroun\/"},{"@type":"ListItem","position":2,"name":"Entreprises publiques\u00a0: des licenciements en perspective au Matgenie en proie aux tensions sociales"}]},{"@type":"WebSite","@id":"https:\/\/www.africa-press.net\/cameroun\/#website","url":"https:\/\/www.africa-press.net\/cameroun\/","name":"Cameroun","description":"Just another Africa News Agency Sites site","potentialAction":[{"@type":"SearchAction","target":{"@type":"EntryPoint","urlTemplate":"https:\/\/www.africa-press.net\/cameroun\/?s={search_term_string}"},"query-input":{"@type":"PropertyValueSpecification","valueRequired":true,"valueName":"search_term_string"}}],"inLanguage":"fr-FR"},{"@type":"Person","@id":"https:\/\/www.africa-press.net\/cameroun\/#\/schema\/person\/2b1cf3cd81a31e3cd26889ca66d677f1","name":"cfeditorfr"}]}},"_links":{"self":[{"href":"https:\/\/www.africa-press.net\/cameroun\/wp-json\/wp\/v2\/posts\/23492","targetHints":{"allow":["GET"]}}],"collection":[{"href":"https:\/\/www.africa-press.net\/cameroun\/wp-json\/wp\/v2\/posts"}],"about":[{"href":"https:\/\/www.africa-press.net\/cameroun\/wp-json\/wp\/v2\/types\/post"}],"author":[{"embeddable":true,"href":"https:\/\/www.africa-press.net\/cameroun\/wp-json\/wp\/v2\/users\/82"}],"replies":[{"embeddable":true,"href":"https:\/\/www.africa-press.net\/cameroun\/wp-json\/wp\/v2\/comments?post=23492"}],"version-history":[{"count":0,"href":"https:\/\/www.africa-press.net\/cameroun\/wp-json\/wp\/v2\/posts\/23492\/revisions"}],"wp:featuredmedia":[{"embeddable":true,"href":"https:\/\/www.africa-press.net\/cameroun\/wp-json\/wp\/v2\/media\/23491"}],"wp:attachment":[{"href":"https:\/\/www.africa-press.net\/cameroun\/wp-json\/wp\/v2\/media?parent=23492"}],"wp:term":[{"taxonomy":"category","embeddable":true,"href":"https:\/\/www.africa-press.net\/cameroun\/wp-json\/wp\/v2\/categories?post=23492"},{"taxonomy":"post_tag","embeddable":true,"href":"https:\/\/www.africa-press.net\/cameroun\/wp-json\/wp\/v2\/tags?post=23492"}],"curies":[{"name":"wp","href":"https:\/\/api.w.org\/{rel}","templated":true}]}}