{"id":23521,"date":"2022-07-14T12:22:22","date_gmt":"2022-07-14T12:22:22","guid":{"rendered":"https:\/\/www.africa-press.net\/cameroun\/politique\/cooperation-decentralisee-cameroun-tchad-le-maire-de-douala-en-visite-de-travail-a-ndjamena"},"modified":"2022-07-14T15:06:59","modified_gmt":"2022-07-14T15:06:59","slug":"cooperation-decentralisee-cameroun-tchad-le-maire-de-douala-en-visite-de-travail-a-ndjamena","status":"publish","type":"post","link":"https:\/\/www.africa-press.net\/cameroun\/politique\/cooperation-decentralisee-cameroun-tchad-le-maire-de-douala-en-visite-de-travail-a-ndjamena","title":{"rendered":"Coop\u00e9ration d\u00e9centralis\u00e9e Cameroun-Tchad : le maire de Douala en visite de travail \u00e0 N\u2019Djam\u00e9na"},"content":{"rendered":"<p><span style=\"color: #ff6600\"><strong>Africa-Press &#8211; Cameroun. <\/strong><\/span>Roger Mbassa Ndine conduit une d\u00e9l\u00e9gation de la communaut\u00e9 urbaine de Douala au Tchad depuis mardi 12 juillet 2022. Au terme de la visite, les villes de Douala et N\u2019Djam\u00e9na sont li\u00e9es par un accord de jumelage.<\/p>\n<p>Selon le maire de N\u2019Djam\u00e9na Ali Haroun, la visite de la d\u00e9l\u00e9gation camerounaise s\u2019inscrit dans un processus visant \u00e0 engager les deux Communes dans la mise en \u0153uvre effective du projet de jumelage. Le chef de la d\u00e9l\u00e9gation, Dr Roger Mbassa Ndine, Maire de la ville de Douala a exprim\u00e9 toute sa reconnaissance aux autorit\u00e9s municipales pour l\u2019accueil chaleureux qui lui a \u00e9t\u00e9 r\u00e9serv\u00e9 depuis sa descente de l\u2019avion mardi soir jusqu\u2019\u00e0 mercredi matin.<\/p>\n<p>Dans la pratique, les repr\u00e9sentants de la communaut\u00e9 urbaine de Douala ont eu une s\u00e9ance de travail mardi avec l\u2019\u00e9quipe municipale de la Commune de la Ville de N\u2019Djamena. Au cours de cette rencontre, le maire de ville h\u00f4te n\u2019a pas cach\u00e9 ses sentiments.<\/p>\n<p>\u00ab Nous sommes particuli\u00e8rement fiers d\u2019accueillir le maire de la Communaut\u00e9 urbaine de Douala ainsi que les membres de sa d\u00e9l\u00e9gation \u00e0 N\u2019Djamena, et pr\u00e9cis\u00e9ment \u00e0 l\u2019h\u00f4tel de ville \u00bb, a d\u00e9clar\u00e9 Ali Haroun. Cette s\u00e9ance de travail s\u2019est tenue en pr\u00e9sence des adjoints au maire de N\u2019Djamena, du secr\u00e9taire g\u00e9n\u00e9ral et son adjoint. Etaient aussi pr\u00e9sents, plusieurs cadres de la Commune.<\/p>\n<p>D\u00e9l\u00e9gation de la CUD re\u00e7ue \u00e0 N\u2019Djam\u00e9na<\/p>\n<p>Au terme de cet \u00e9change \u00e0 l\u2019h\u00f4tel de ville, le d\u00e9l\u00e9gu\u00e9 g\u00e9n\u00e9ral du gouvernement aupr\u00e8s de la commune de N\u2019Djam\u00e9na a re\u00e7u la d\u00e9l\u00e9gation camerounaise. Le premier magistrat de la ville de de Douala a saisi cette occasion pour offrir un cadeau au d\u00e9l\u00e9gu\u00e9.<\/p>\n<p>En dehors de ces audiences, le s\u00e9jour de la d\u00e9l\u00e9gation camerounaise \u00e0 N\u2019Djam\u00e9na aura \u00e9t\u00e9 marqu\u00e9 par plusieurs autres activit\u00e9s en t\u00eate desquelles la signature d\u2019un accord de jumelage entre N\u2019Djamena et Douala.<\/p>\n<p>La visite de la Communaut\u00e9 urbaine de Douala au Tchad se fait dans un contexte o\u00f9 le maire de la ville Roger Mbassa Ndine recherche les voies et moyens pour d\u00e9velopper et moderniser la capitale \u00e9conomique du Cameroun.<\/p>\n<p>Il y a quelque temps, une d\u00e9l\u00e9gation de la mairie de la ville de Douala a s\u00e9journ\u00e9 \u00e0 Dakar au S\u00e9n\u00e9gal. Le but \u00e9tait de s\u2019enqu\u00e9rir de l\u2019exp\u00e9rience des autorit\u00e9s s\u00e9n\u00e9galaises et dakaroises dans la modernisation de la circulation au sein de la capitale.<\/p>\n<p>L\u2019accent a \u00e9t\u00e9 mis sur la construction et l\u2019exploitation de la ligne du Train express r\u00e9gional qui relie Dakar \u00e0 la nouvelle ville de Diamniadio. L\u2019objectif \u00e9tant de s\u2019en inspirer pour mettre en \u0153uvre le projet Bus rapid transit dans la ville de Douala.<\/p>\n<p><strong>Pour plus d&rsquo;informations et d&rsquo;analyses sur la <a href=\"https:\/\/www.africa-press.net\/cameroun\">Cameroun<\/a>, suivez <a href=\"https:\/\/www.africa-press.net\/\">Africa-Press<\/a><\/strong><\/p>\n","protected":false},"excerpt":{"rendered":"<p>Africa-Press &#8211; Cameroun. Roger Mbassa Ndine conduit une d\u00e9l\u00e9gation de la communaut\u00e9 urbaine de Douala au Tchad depuis mardi 12 juillet 2022. Au terme de la visite, les villes de Douala et N\u2019Djam\u00e9na sont li\u00e9es par un accord de jumelage. Selon le maire de N\u2019Djam\u00e9na Ali Haroun, la visite de la d\u00e9l\u00e9gation camerounaise s\u2019inscrit dans [&hellip;]<\/p>\n","protected":false},"author":82,"featured_media":23520,"comment_status":"open","ping_status":"closed","sticky":false,"template":"","format":"standard","meta":{"footnotes":""},"categories":[11,2,10],"tags":[36,50,49],"class_list":["post-23521","post","type-post","status-publish","format-standard","has-post-thumbnail","hentry","category-homepage-french","category-politique","category-toutes-les-actualites","tag-africa-press","tag-africa-press-cameroun","tag-cameroun"],"yoast_head":"<!-- This site is optimized with the Yoast SEO Premium plugin v26.1 (Yoast SEO v27.0) - https:\/\/yoast.com\/product\/yoast-seo-premium-wordpress\/ -->\n<title>Coop\u00e9ration d\u00e9centralis\u00e9e Cameroun-Tchad : le maire de Douala en visite de travail \u00e0 N\u2019Djam\u00e9na - Cameroun<\/title>\n<meta name=\"description\" content=\"Roger Mbassa Ndine conduit une d\u00e9l\u00e9gation de la communaut\u00e9 urbaine de Douala au Tchad depuis mardi 12 juillet 2022. Au t ...\" \/>\n<meta name=\"robots\" content=\"index, follow, max-snippet:-1, max-image-preview:large, max-video-preview:-1\" \/>\n<link rel=\"canonical\" href=\"https:\/\/www.africa-press.net\/cameroun\/politique\/cooperation-decentralisee-cameroun-tchad-le-maire-de-douala-en-visite-de-travail-a-ndjamena\" \/>\n<meta property=\"og:locale\" content=\"fr_FR\" \/>\n<meta property=\"og:type\" content=\"article\" \/>\n<meta property=\"og:title\" content=\"Coop\u00e9ration d\u00e9centralis\u00e9e Cameroun-Tchad : le maire de Douala en visite de travail \u00e0 N\u2019Djam\u00e9na\" \/>\n<meta property=\"og:description\" content=\"Roger Mbassa Ndine conduit une d\u00e9l\u00e9gation de la communaut\u00e9 urbaine de Douala au Tchad depuis mardi 12 juillet 2022. Au t ...\" \/>\n<meta property=\"og:url\" content=\"https:\/\/www.africa-press.net\/cameroun\/politique\/cooperation-decentralisee-cameroun-tchad-le-maire-de-douala-en-visite-de-travail-a-ndjamena\" \/>\n<meta property=\"og:site_name\" content=\"Cameroun\" \/>\n<meta property=\"article:published_time\" content=\"2022-07-14T12:22:22+00:00\" \/>\n<meta property=\"article:modified_time\" content=\"2022-07-14T15:06:59+00:00\" \/>\n<meta property=\"og:image\" content=\"https:\/\/static.africa-press.net\/cameroun\/sites\/57\/2022\/07\/img-62d030df162cc.jpg\" \/>\n\t<meta property=\"og:image:width\" content=\"1920\" \/>\n\t<meta property=\"og:image:height\" content=\"1276\" \/>\n\t<meta property=\"og:image:type\" content=\"image\/jpeg\" \/>\n<meta name=\"author\" content=\"cfeditorfr\" \/>\n<meta name=\"twitter:card\" content=\"summary_large_image\" \/>\n<meta name=\"twitter:label1\" content=\"\u00c9crit par\" \/>\n\t<meta name=\"twitter:data1\" content=\"cfeditorfr\" \/>\n\t<meta name=\"twitter:label2\" content=\"Dur\u00e9e de lecture estim\u00e9e\" \/>\n\t<meta name=\"twitter:data2\" content=\"3 minutes\" \/>\n<script type=\"application\/ld+json\" class=\"yoast-schema-graph\">{\"@context\":\"https:\/\/schema.org\",\"@graph\":[{\"@type\":\"Article\",\"@id\":\"https:\/\/www.africa-press.net\/cameroun\/politique\/cooperation-decentralisee-cameroun-tchad-le-maire-de-douala-en-visite-de-travail-a-ndjamena#article\",\"isPartOf\":{\"@id\":\"https:\/\/www.africa-press.net\/cameroun\/politique\/cooperation-decentralisee-cameroun-tchad-le-maire-de-douala-en-visite-de-travail-a-ndjamena\"},\"author\":{\"name\":\"cfeditorfr\",\"@id\":\"https:\/\/www.africa-press.net\/cameroun\/#\/schema\/person\/2b1cf3cd81a31e3cd26889ca66d677f1\"},\"headline\":\"Coop\u00e9ration d\u00e9centralis\u00e9e Cameroun-Tchad : le maire de Douala en visite de travail \u00e0 N\u2019Djam\u00e9na\",\"datePublished\":\"2022-07-14T12:22:22+00:00\",\"dateModified\":\"2022-07-14T15:06:59+00:00\",\"mainEntityOfPage\":{\"@id\":\"https:\/\/www.africa-press.net\/cameroun\/politique\/cooperation-decentralisee-cameroun-tchad-le-maire-de-douala-en-visite-de-travail-a-ndjamena\"},\"wordCount\":533,\"commentCount\":0,\"image\":{\"@id\":\"https:\/\/www.africa-press.net\/cameroun\/politique\/cooperation-decentralisee-cameroun-tchad-le-maire-de-douala-en-visite-de-travail-a-ndjamena#primaryimage\"},\"thumbnailUrl\":\"https:\/\/static.africa-press.net\/cameroun\/sites\/57\/2022\/07\/img-62d030df162cc.jpg\",\"keywords\":[\"Africa Press\",\"Africa Press-Cameroun\",\"Cameroun\"],\"articleSection\":[\"homepage-french\",\"Politique\",\"Toutes les actualit\u00e9s\"],\"inLanguage\":\"fr-FR\",\"potentialAction\":[{\"@type\":\"CommentAction\",\"name\":\"Comment\",\"target\":[\"https:\/\/www.africa-press.net\/cameroun\/politique\/cooperation-decentralisee-cameroun-tchad-le-maire-de-douala-en-visite-de-travail-a-ndjamena#respond\"]}]},{\"@type\":\"WebPage\",\"@id\":\"https:\/\/www.africa-press.net\/cameroun\/politique\/cooperation-decentralisee-cameroun-tchad-le-maire-de-douala-en-visite-de-travail-a-ndjamena\",\"url\":\"https:\/\/www.africa-press.net\/cameroun\/politique\/cooperation-decentralisee-cameroun-tchad-le-maire-de-douala-en-visite-de-travail-a-ndjamena\",\"name\":\"Coop\u00e9ration d\u00e9centralis\u00e9e Cameroun-Tchad : le maire de Douala en visite de travail \u00e0 N\u2019Djam\u00e9na - Cameroun\",\"isPartOf\":{\"@id\":\"https:\/\/www.africa-press.net\/cameroun\/#website\"},\"primaryImageOfPage\":{\"@id\":\"https:\/\/www.africa-press.net\/cameroun\/politique\/cooperation-decentralisee-cameroun-tchad-le-maire-de-douala-en-visite-de-travail-a-ndjamena#primaryimage\"},\"image\":{\"@id\":\"https:\/\/www.africa-press.net\/cameroun\/politique\/cooperation-decentralisee-cameroun-tchad-le-maire-de-douala-en-visite-de-travail-a-ndjamena#primaryimage\"},\"thumbnailUrl\":\"https:\/\/static.africa-press.net\/cameroun\/sites\/57\/2022\/07\/img-62d030df162cc.jpg\",\"datePublished\":\"2022-07-14T12:22:22+00:00\",\"dateModified\":\"2022-07-14T15:06:59+00:00\",\"author\":{\"@id\":\"https:\/\/www.africa-press.net\/cameroun\/#\/schema\/person\/2b1cf3cd81a31e3cd26889ca66d677f1\"},\"description\":\"Roger Mbassa Ndine conduit une d\u00e9l\u00e9gation de la communaut\u00e9 urbaine de Douala au Tchad depuis mardi 12 juillet 2022. Au t ...\",\"breadcrumb\":{\"@id\":\"https:\/\/www.africa-press.net\/cameroun\/politique\/cooperation-decentralisee-cameroun-tchad-le-maire-de-douala-en-visite-de-travail-a-ndjamena#breadcrumb\"},\"inLanguage\":\"fr-FR\",\"potentialAction\":[{\"@type\":\"ReadAction\",\"target\":[\"https:\/\/www.africa-press.net\/cameroun\/politique\/cooperation-decentralisee-cameroun-tchad-le-maire-de-douala-en-visite-de-travail-a-ndjamena\"]}]},{\"@type\":\"ImageObject\",\"inLanguage\":\"fr-FR\",\"@id\":\"https:\/\/www.africa-press.net\/cameroun\/politique\/cooperation-decentralisee-cameroun-tchad-le-maire-de-douala-en-visite-de-travail-a-ndjamena#primaryimage\",\"url\":\"https:\/\/static.africa-press.net\/cameroun\/sites\/57\/2022\/07\/img-62d030df162cc.jpg\",\"contentUrl\":\"https:\/\/static.africa-press.net\/cameroun\/sites\/57\/2022\/07\/img-62d030df162cc.jpg\",\"width\":1920,\"height\":1276,\"caption\":\"Coop\u00e9ration d\u00e9centralis\u00e9e Cameroun-Tchad : le maire de Douala en visite de travail \u00e0 N\u2019Djam\u00e9na\"},{\"@type\":\"BreadcrumbList\",\"@id\":\"https:\/\/www.africa-press.net\/cameroun\/politique\/cooperation-decentralisee-cameroun-tchad-le-maire-de-douala-en-visite-de-travail-a-ndjamena#breadcrumb\",\"itemListElement\":[{\"@type\":\"ListItem\",\"position\":1,\"name\":\"Accueil\",\"item\":\"https:\/\/www.africa-press.net\/cameroun\/\"},{\"@type\":\"ListItem\",\"position\":2,\"name\":\"Coop\u00e9ration d\u00e9centralis\u00e9e Cameroun-Tchad : le maire de Douala en visite de travail \u00e0 N\u2019Djam\u00e9na\"}]},{\"@type\":\"WebSite\",\"@id\":\"https:\/\/www.africa-press.net\/cameroun\/#website\",\"url\":\"https:\/\/www.africa-press.net\/cameroun\/\",\"name\":\"Cameroun\",\"description\":\"Just another Africa News Agency Sites site\",\"potentialAction\":[{\"@type\":\"SearchAction\",\"target\":{\"@type\":\"EntryPoint\",\"urlTemplate\":\"https:\/\/www.africa-press.net\/cameroun\/?s={search_term_string}\"},\"query-input\":{\"@type\":\"PropertyValueSpecification\",\"valueRequired\":true,\"valueName\":\"search_term_string\"}}],\"inLanguage\":\"fr-FR\"},{\"@type\":\"Person\",\"@id\":\"https:\/\/www.africa-press.net\/cameroun\/#\/schema\/person\/2b1cf3cd81a31e3cd26889ca66d677f1\",\"name\":\"cfeditorfr\"}]}<\/script>\n<!-- \/ Yoast SEO Premium plugin. -->","yoast_head_json":{"title":"Coop\u00e9ration d\u00e9centralis\u00e9e Cameroun-Tchad : le maire de Douala en visite de travail \u00e0 N\u2019Djam\u00e9na - Cameroun","description":"Roger Mbassa Ndine conduit une d\u00e9l\u00e9gation de la communaut\u00e9 urbaine de Douala au Tchad depuis mardi 12 juillet 2022. Au t ...","robots":{"index":"index","follow":"follow","max-snippet":"max-snippet:-1","max-image-preview":"max-image-preview:large","max-video-preview":"max-video-preview:-1"},"canonical":"https:\/\/www.africa-press.net\/cameroun\/politique\/cooperation-decentralisee-cameroun-tchad-le-maire-de-douala-en-visite-de-travail-a-ndjamena","og_locale":"fr_FR","og_type":"article","og_title":"Coop\u00e9ration d\u00e9centralis\u00e9e Cameroun-Tchad : le maire de Douala en visite de travail \u00e0 N\u2019Djam\u00e9na","og_description":"Roger Mbassa Ndine conduit une d\u00e9l\u00e9gation de la communaut\u00e9 urbaine de Douala au Tchad depuis mardi 12 juillet 2022. Au t ...","og_url":"https:\/\/www.africa-press.net\/cameroun\/politique\/cooperation-decentralisee-cameroun-tchad-le-maire-de-douala-en-visite-de-travail-a-ndjamena","og_site_name":"Cameroun","article_published_time":"2022-07-14T12:22:22+00:00","article_modified_time":"2022-07-14T15:06:59+00:00","og_image":[{"width":1920,"height":1276,"url":"https:\/\/static.africa-press.net\/cameroun\/sites\/57\/2022\/07\/img-62d030df162cc.jpg","type":"image\/jpeg"}],"author":"cfeditorfr","twitter_card":"summary_large_image","twitter_misc":{"\u00c9crit par":"cfeditorfr","Dur\u00e9e de lecture estim\u00e9e":"3 minutes"},"schema":{"@context":"https:\/\/schema.org","@graph":[{"@type":"Article","@id":"https:\/\/www.africa-press.net\/cameroun\/politique\/cooperation-decentralisee-cameroun-tchad-le-maire-de-douala-en-visite-de-travail-a-ndjamena#article","isPartOf":{"@id":"https:\/\/www.africa-press.net\/cameroun\/politique\/cooperation-decentralisee-cameroun-tchad-le-maire-de-douala-en-visite-de-travail-a-ndjamena"},"author":{"name":"cfeditorfr","@id":"https:\/\/www.africa-press.net\/cameroun\/#\/schema\/person\/2b1cf3cd81a31e3cd26889ca66d677f1"},"headline":"Coop\u00e9ration d\u00e9centralis\u00e9e Cameroun-Tchad : le maire de Douala en visite de travail \u00e0 N\u2019Djam\u00e9na","datePublished":"2022-07-14T12:22:22+00:00","dateModified":"2022-07-14T15:06:59+00:00","mainEntityOfPage":{"@id":"https:\/\/www.africa-press.net\/cameroun\/politique\/cooperation-decentralisee-cameroun-tchad-le-maire-de-douala-en-visite-de-travail-a-ndjamena"},"wordCount":533,"commentCount":0,"image":{"@id":"https:\/\/www.africa-press.net\/cameroun\/politique\/cooperation-decentralisee-cameroun-tchad-le-maire-de-douala-en-visite-de-travail-a-ndjamena#primaryimage"},"thumbnailUrl":"https:\/\/static.africa-press.net\/cameroun\/sites\/57\/2022\/07\/img-62d030df162cc.jpg","keywords":["Africa Press","Africa Press-Cameroun","Cameroun"],"articleSection":["homepage-french","Politique","Toutes les actualit\u00e9s"],"inLanguage":"fr-FR","potentialAction":[{"@type":"CommentAction","name":"Comment","target":["https:\/\/www.africa-press.net\/cameroun\/politique\/cooperation-decentralisee-cameroun-tchad-le-maire-de-douala-en-visite-de-travail-a-ndjamena#respond"]}]},{"@type":"WebPage","@id":"https:\/\/www.africa-press.net\/cameroun\/politique\/cooperation-decentralisee-cameroun-tchad-le-maire-de-douala-en-visite-de-travail-a-ndjamena","url":"https:\/\/www.africa-press.net\/cameroun\/politique\/cooperation-decentralisee-cameroun-tchad-le-maire-de-douala-en-visite-de-travail-a-ndjamena","name":"Coop\u00e9ration d\u00e9centralis\u00e9e Cameroun-Tchad : le maire de Douala en visite de travail \u00e0 N\u2019Djam\u00e9na - Cameroun","isPartOf":{"@id":"https:\/\/www.africa-press.net\/cameroun\/#website"},"primaryImageOfPage":{"@id":"https:\/\/www.africa-press.net\/cameroun\/politique\/cooperation-decentralisee-cameroun-tchad-le-maire-de-douala-en-visite-de-travail-a-ndjamena#primaryimage"},"image":{"@id":"https:\/\/www.africa-press.net\/cameroun\/politique\/cooperation-decentralisee-cameroun-tchad-le-maire-de-douala-en-visite-de-travail-a-ndjamena#primaryimage"},"thumbnailUrl":"https:\/\/static.africa-press.net\/cameroun\/sites\/57\/2022\/07\/img-62d030df162cc.jpg","datePublished":"2022-07-14T12:22:22+00:00","dateModified":"2022-07-14T15:06:59+00:00","author":{"@id":"https:\/\/www.africa-press.net\/cameroun\/#\/schema\/person\/2b1cf3cd81a31e3cd26889ca66d677f1"},"description":"Roger Mbassa Ndine conduit une d\u00e9l\u00e9gation de la communaut\u00e9 urbaine de Douala au Tchad depuis mardi 12 juillet 2022. Au t ...","breadcrumb":{"@id":"https:\/\/www.africa-press.net\/cameroun\/politique\/cooperation-decentralisee-cameroun-tchad-le-maire-de-douala-en-visite-de-travail-a-ndjamena#breadcrumb"},"inLanguage":"fr-FR","potentialAction":[{"@type":"ReadAction","target":["https:\/\/www.africa-press.net\/cameroun\/politique\/cooperation-decentralisee-cameroun-tchad-le-maire-de-douala-en-visite-de-travail-a-ndjamena"]}]},{"@type":"ImageObject","inLanguage":"fr-FR","@id":"https:\/\/www.africa-press.net\/cameroun\/politique\/cooperation-decentralisee-cameroun-tchad-le-maire-de-douala-en-visite-de-travail-a-ndjamena#primaryimage","url":"https:\/\/static.africa-press.net\/cameroun\/sites\/57\/2022\/07\/img-62d030df162cc.jpg","contentUrl":"https:\/\/static.africa-press.net\/cameroun\/sites\/57\/2022\/07\/img-62d030df162cc.jpg","width":1920,"height":1276,"caption":"Coop\u00e9ration d\u00e9centralis\u00e9e Cameroun-Tchad : le maire de Douala en visite de travail \u00e0 N\u2019Djam\u00e9na"},{"@type":"BreadcrumbList","@id":"https:\/\/www.africa-press.net\/cameroun\/politique\/cooperation-decentralisee-cameroun-tchad-le-maire-de-douala-en-visite-de-travail-a-ndjamena#breadcrumb","itemListElement":[{"@type":"ListItem","position":1,"name":"Accueil","item":"https:\/\/www.africa-press.net\/cameroun\/"},{"@type":"ListItem","position":2,"name":"Coop\u00e9ration d\u00e9centralis\u00e9e Cameroun-Tchad : le maire de Douala en visite de travail \u00e0 N\u2019Djam\u00e9na"}]},{"@type":"WebSite","@id":"https:\/\/www.africa-press.net\/cameroun\/#website","url":"https:\/\/www.africa-press.net\/cameroun\/","name":"Cameroun","description":"Just another Africa News Agency Sites site","potentialAction":[{"@type":"SearchAction","target":{"@type":"EntryPoint","urlTemplate":"https:\/\/www.africa-press.net\/cameroun\/?s={search_term_string}"},"query-input":{"@type":"PropertyValueSpecification","valueRequired":true,"valueName":"search_term_string"}}],"inLanguage":"fr-FR"},{"@type":"Person","@id":"https:\/\/www.africa-press.net\/cameroun\/#\/schema\/person\/2b1cf3cd81a31e3cd26889ca66d677f1","name":"cfeditorfr"}]}},"_links":{"self":[{"href":"https:\/\/www.africa-press.net\/cameroun\/wp-json\/wp\/v2\/posts\/23521","targetHints":{"allow":["GET"]}}],"collection":[{"href":"https:\/\/www.africa-press.net\/cameroun\/wp-json\/wp\/v2\/posts"}],"about":[{"href":"https:\/\/www.africa-press.net\/cameroun\/wp-json\/wp\/v2\/types\/post"}],"author":[{"embeddable":true,"href":"https:\/\/www.africa-press.net\/cameroun\/wp-json\/wp\/v2\/users\/82"}],"replies":[{"embeddable":true,"href":"https:\/\/www.africa-press.net\/cameroun\/wp-json\/wp\/v2\/comments?post=23521"}],"version-history":[{"count":0,"href":"https:\/\/www.africa-press.net\/cameroun\/wp-json\/wp\/v2\/posts\/23521\/revisions"}],"wp:featuredmedia":[{"embeddable":true,"href":"https:\/\/www.africa-press.net\/cameroun\/wp-json\/wp\/v2\/media\/23520"}],"wp:attachment":[{"href":"https:\/\/www.africa-press.net\/cameroun\/wp-json\/wp\/v2\/media?parent=23521"}],"wp:term":[{"taxonomy":"category","embeddable":true,"href":"https:\/\/www.africa-press.net\/cameroun\/wp-json\/wp\/v2\/categories?post=23521"},{"taxonomy":"post_tag","embeddable":true,"href":"https:\/\/www.africa-press.net\/cameroun\/wp-json\/wp\/v2\/tags?post=23521"}],"curies":[{"name":"wp","href":"https:\/\/api.w.org\/{rel}","templated":true}]}}