{"id":23524,"date":"2022-07-14T12:29:23","date_gmt":"2022-07-14T12:29:23","guid":{"rendered":"https:\/\/www.africa-press.net\/cameroun\/politique\/cameroun-des-licenciements-en-vue-au-matgenie"},"modified":"2022-07-14T15:08:02","modified_gmt":"2022-07-14T15:08:02","slug":"cameroun-des-licenciements-en-vue-au-matgenie","status":"publish","type":"post","link":"https:\/\/www.africa-press.net\/cameroun\/economie\/cameroun-des-licenciements-en-vue-au-matgenie","title":{"rendered":"Cameroun\u00a0: des licenciements en vue au Matgenie"},"content":{"rendered":"<p><span style=\"color: #ff6600\"><strong>Africa-Press &#8211; Cameroun. <\/strong><\/span>Alors que les employ\u00e9s du Parc national de mat\u00e9riel de G\u00e9nie civil r\u00e9clament plusieurs mois de salaires impay\u00e9s, le ministre de Travaux Publics, Emmanuel Nganou Djoumessi annonce une campagne d\u2019assainissement.<\/p>\n<p>La gr\u00e8ve des r\u00e9clamations pourrait avoir un effet bommerang au Matgenie. En effet, le minist\u00e8re des Travaux publics a initi\u00e9 cette campagne dans le but de \u00ab d\u2019assainir les ressources humaines \u00bb.<\/p>\n<p>Cette op\u00e9ration lanc\u00e9e le 13 juillet 2022 par Emmanuel Nganou Djoumessi fait suite aux r\u00e9clamations formul\u00e9es par les employ\u00e9s de cette soci\u00e9t\u00e9. Elle se d\u00e9roulera du 13 au 21 juillet 2022, sous la responsabilit\u00e9 d\u2019un comit\u00e9 interminist\u00e9riel ad hoc, pr\u00e9sid\u00e9 par l\u2019inspecteur g\u00e9n\u00e9ral des questions techniques.<\/p>\n<p>Le personnel est ainsi invit\u00e9 \u00e0 se faire recenser, \u00e0 l\u2019aide des \u00e9l\u00e9ments tels que la carte nationale d\u2019identit\u00e9 ; les pi\u00e8ces d\u2019\u00e9tat civil ; le contrat de travail ; le dipl\u00f4me ayant favoris\u00e9 son recrutement, le bulletin et les actes de nomination ou d\u2019affectation entre autres pour les personnels en activit\u00e9.<\/p>\n<p>\u00ab\u2009Cette op\u00e9ration aboutira, \u00e0 la ma\u00eetrise de la masse des ressources humaines et la viabilisation de l\u2019outil de production. Ce qui devrait remettre le Matgenie sur le sentier de la rentabilit\u00e9, gage d\u2019un paiement r\u00e9gulier des droits dus aux personnels\u2009\u00bb, indique Emmanuel Nganou. Cette d\u00e9claration laisse entrevoir des licenciements ou des mutations ou sein de l\u2019entreprise<\/p>\n<p>Selon le ministre des travaux publics, d\u2019autres mesures ont \u00e9t\u00e9 prises, notamment, le payement d\u2019une subvention d\u2019exploitation \u00e0 hauteur de 659 Millions F CFA environ ; l\u2019assainissement de l\u2019outil de production ; l\u2019examen de la charpente organisationnelle de l\u2019entreprise et un plan de redressement demand\u00e9 \u00e0 la Direction G\u00e9n\u00e9rale.<\/p>\n<p>Au terme des concertations pr\u00e9sid\u00e9es par le Ministre des Travaux Publics les 7 et 8 juillet 2022, il convient de relever que les probl\u00e8mes actuels du Matgenie concernent \u00ab l\u2019absence de rentabilit\u00e9 \u00e9conomique et financi\u00e8re de cette entreprise, marqu\u00e9e par la r\u00e9currence des bilans annuels d\u2019activit\u00e9s n\u00e9gatifs avec pour corollaire, l\u2019accumulation des dettes salariales, sociales, fiscales, fournisseurs, etc. et la gestion inefficiente des outils de production \u00bb.<\/p>\n<p><strong>Pour plus d&rsquo;informations et d&rsquo;analyses sur la <a href=\"https:\/\/www.africa-press.net\/cameroun\">Cameroun<\/a>, suivez <a href=\"https:\/\/www.africa-press.net\/\">Africa-Press<\/a><\/strong><\/p>\n","protected":false},"excerpt":{"rendered":"<p>Africa-Press &#8211; Cameroun. Alors que les employ\u00e9s du Parc national de mat\u00e9riel de G\u00e9nie civil r\u00e9clament plusieurs mois de salaires impay\u00e9s, le ministre de Travaux Publics, Emmanuel Nganou Djoumessi annonce une campagne d\u2019assainissement. La gr\u00e8ve des r\u00e9clamations pourrait avoir un effet bommerang au Matgenie. En effet, le minist\u00e8re des Travaux publics a initi\u00e9 cette campagne [&hellip;]<\/p>\n","protected":false},"author":82,"featured_media":23523,"comment_status":"open","ping_status":"closed","sticky":false,"template":"","format":"standard","meta":{"footnotes":""},"categories":[3,11,10],"tags":[36,50,49],"class_list":["post-23524","post","type-post","status-publish","format-standard","has-post-thumbnail","hentry","category-economie","category-homepage-french","category-toutes-les-actualites","tag-africa-press","tag-africa-press-cameroun","tag-cameroun"],"yoast_head":"<!-- This site is optimized with the Yoast SEO Premium plugin v26.1 (Yoast SEO v27.0) - https:\/\/yoast.com\/product\/yoast-seo-premium-wordpress\/ -->\n<title>Cameroun\u00a0: des licenciements en vue au Matgenie - Cameroun<\/title>\n<meta name=\"description\" content=\"Alors que les employ\u00e9s du Parc national de mat\u00e9riel de G\u00e9nie civil r\u00e9clament plusieurs mois de salaires impay\u00e9s, le mini ...\" \/>\n<meta name=\"robots\" content=\"index, follow, max-snippet:-1, max-image-preview:large, max-video-preview:-1\" \/>\n<link rel=\"canonical\" href=\"https:\/\/www.africa-press.net\/cameroun\/economie\/cameroun-des-licenciements-en-vue-au-matgenie\" \/>\n<meta property=\"og:locale\" content=\"fr_FR\" \/>\n<meta property=\"og:type\" content=\"article\" \/>\n<meta property=\"og:title\" content=\"Cameroun\u00a0: des licenciements en vue au Matgenie\" \/>\n<meta property=\"og:description\" content=\"Alors que les employ\u00e9s du Parc national de mat\u00e9riel de G\u00e9nie civil r\u00e9clament plusieurs mois de salaires impay\u00e9s, le mini ...\" \/>\n<meta property=\"og:url\" content=\"https:\/\/www.africa-press.net\/cameroun\/economie\/cameroun-des-licenciements-en-vue-au-matgenie\" \/>\n<meta property=\"og:site_name\" content=\"Cameroun\" \/>\n<meta property=\"article:published_time\" content=\"2022-07-14T12:29:23+00:00\" \/>\n<meta property=\"article:modified_time\" content=\"2022-07-14T15:08:02+00:00\" \/>\n<meta property=\"og:image\" content=\"https:\/\/static.africa-press.net\/cameroun\/sites\/57\/2022\/07\/img-62d0311b33e9d.jpg\" \/>\n\t<meta property=\"og:image:width\" content=\"960\" \/>\n\t<meta property=\"og:image:height\" content=\"720\" \/>\n\t<meta property=\"og:image:type\" content=\"image\/jpeg\" \/>\n<meta name=\"author\" content=\"cfeditorfr\" \/>\n<meta name=\"twitter:card\" content=\"summary_large_image\" \/>\n<meta name=\"twitter:label1\" content=\"\u00c9crit par\" \/>\n\t<meta name=\"twitter:data1\" content=\"cfeditorfr\" \/>\n\t<meta name=\"twitter:label2\" content=\"Dur\u00e9e de lecture estim\u00e9e\" \/>\n\t<meta name=\"twitter:data2\" content=\"2 minutes\" \/>\n<script type=\"application\/ld+json\" class=\"yoast-schema-graph\">{\"@context\":\"https:\/\/schema.org\",\"@graph\":[{\"@type\":\"Article\",\"@id\":\"https:\/\/www.africa-press.net\/cameroun\/economie\/cameroun-des-licenciements-en-vue-au-matgenie#article\",\"isPartOf\":{\"@id\":\"https:\/\/www.africa-press.net\/cameroun\/economie\/cameroun-des-licenciements-en-vue-au-matgenie\"},\"author\":{\"name\":\"cfeditorfr\",\"@id\":\"https:\/\/www.africa-press.net\/cameroun\/#\/schema\/person\/2b1cf3cd81a31e3cd26889ca66d677f1\"},\"headline\":\"Cameroun\u00a0: des licenciements en vue au Matgenie\",\"datePublished\":\"2022-07-14T12:29:23+00:00\",\"dateModified\":\"2022-07-14T15:08:02+00:00\",\"mainEntityOfPage\":{\"@id\":\"https:\/\/www.africa-press.net\/cameroun\/economie\/cameroun-des-licenciements-en-vue-au-matgenie\"},\"wordCount\":388,\"commentCount\":0,\"image\":{\"@id\":\"https:\/\/www.africa-press.net\/cameroun\/economie\/cameroun-des-licenciements-en-vue-au-matgenie#primaryimage\"},\"thumbnailUrl\":\"https:\/\/static.africa-press.net\/cameroun\/sites\/57\/2022\/07\/img-62d0311b33e9d.jpg\",\"keywords\":[\"Africa Press\",\"Africa Press-Cameroun\",\"Cameroun\"],\"articleSection\":[\"\u00c9conomie\",\"homepage-french\",\"Toutes les actualit\u00e9s\"],\"inLanguage\":\"fr-FR\",\"potentialAction\":[{\"@type\":\"CommentAction\",\"name\":\"Comment\",\"target\":[\"https:\/\/www.africa-press.net\/cameroun\/economie\/cameroun-des-licenciements-en-vue-au-matgenie#respond\"]}]},{\"@type\":\"WebPage\",\"@id\":\"https:\/\/www.africa-press.net\/cameroun\/economie\/cameroun-des-licenciements-en-vue-au-matgenie\",\"url\":\"https:\/\/www.africa-press.net\/cameroun\/economie\/cameroun-des-licenciements-en-vue-au-matgenie\",\"name\":\"Cameroun\u00a0: des licenciements en vue au Matgenie - Cameroun\",\"isPartOf\":{\"@id\":\"https:\/\/www.africa-press.net\/cameroun\/#website\"},\"primaryImageOfPage\":{\"@id\":\"https:\/\/www.africa-press.net\/cameroun\/economie\/cameroun-des-licenciements-en-vue-au-matgenie#primaryimage\"},\"image\":{\"@id\":\"https:\/\/www.africa-press.net\/cameroun\/economie\/cameroun-des-licenciements-en-vue-au-matgenie#primaryimage\"},\"thumbnailUrl\":\"https:\/\/static.africa-press.net\/cameroun\/sites\/57\/2022\/07\/img-62d0311b33e9d.jpg\",\"datePublished\":\"2022-07-14T12:29:23+00:00\",\"dateModified\":\"2022-07-14T15:08:02+00:00\",\"author\":{\"@id\":\"https:\/\/www.africa-press.net\/cameroun\/#\/schema\/person\/2b1cf3cd81a31e3cd26889ca66d677f1\"},\"description\":\"Alors que les employ\u00e9s du Parc national de mat\u00e9riel de G\u00e9nie civil r\u00e9clament plusieurs mois de salaires impay\u00e9s, le mini ...\",\"breadcrumb\":{\"@id\":\"https:\/\/www.africa-press.net\/cameroun\/economie\/cameroun-des-licenciements-en-vue-au-matgenie#breadcrumb\"},\"inLanguage\":\"fr-FR\",\"potentialAction\":[{\"@type\":\"ReadAction\",\"target\":[\"https:\/\/www.africa-press.net\/cameroun\/economie\/cameroun-des-licenciements-en-vue-au-matgenie\"]}]},{\"@type\":\"ImageObject\",\"inLanguage\":\"fr-FR\",\"@id\":\"https:\/\/www.africa-press.net\/cameroun\/economie\/cameroun-des-licenciements-en-vue-au-matgenie#primaryimage\",\"url\":\"https:\/\/static.africa-press.net\/cameroun\/sites\/57\/2022\/07\/img-62d0311b33e9d.jpg\",\"contentUrl\":\"https:\/\/static.africa-press.net\/cameroun\/sites\/57\/2022\/07\/img-62d0311b33e9d.jpg\",\"width\":960,\"height\":720,\"caption\":\"Cameroun\u00a0: des licenciements en vue au Matgenie\"},{\"@type\":\"BreadcrumbList\",\"@id\":\"https:\/\/www.africa-press.net\/cameroun\/economie\/cameroun-des-licenciements-en-vue-au-matgenie#breadcrumb\",\"itemListElement\":[{\"@type\":\"ListItem\",\"position\":1,\"name\":\"Accueil\",\"item\":\"https:\/\/www.africa-press.net\/cameroun\/\"},{\"@type\":\"ListItem\",\"position\":2,\"name\":\"Cameroun\u00a0: des licenciements en vue au Matgenie\"}]},{\"@type\":\"WebSite\",\"@id\":\"https:\/\/www.africa-press.net\/cameroun\/#website\",\"url\":\"https:\/\/www.africa-press.net\/cameroun\/\",\"name\":\"Cameroun\",\"description\":\"Just another Africa News Agency Sites site\",\"potentialAction\":[{\"@type\":\"SearchAction\",\"target\":{\"@type\":\"EntryPoint\",\"urlTemplate\":\"https:\/\/www.africa-press.net\/cameroun\/?s={search_term_string}\"},\"query-input\":{\"@type\":\"PropertyValueSpecification\",\"valueRequired\":true,\"valueName\":\"search_term_string\"}}],\"inLanguage\":\"fr-FR\"},{\"@type\":\"Person\",\"@id\":\"https:\/\/www.africa-press.net\/cameroun\/#\/schema\/person\/2b1cf3cd81a31e3cd26889ca66d677f1\",\"name\":\"cfeditorfr\"}]}<\/script>\n<!-- \/ Yoast SEO Premium plugin. -->","yoast_head_json":{"title":"Cameroun\u00a0: des licenciements en vue au Matgenie - Cameroun","description":"Alors que les employ\u00e9s du Parc national de mat\u00e9riel de G\u00e9nie civil r\u00e9clament plusieurs mois de salaires impay\u00e9s, le mini ...","robots":{"index":"index","follow":"follow","max-snippet":"max-snippet:-1","max-image-preview":"max-image-preview:large","max-video-preview":"max-video-preview:-1"},"canonical":"https:\/\/www.africa-press.net\/cameroun\/economie\/cameroun-des-licenciements-en-vue-au-matgenie","og_locale":"fr_FR","og_type":"article","og_title":"Cameroun\u00a0: des licenciements en vue au Matgenie","og_description":"Alors que les employ\u00e9s du Parc national de mat\u00e9riel de G\u00e9nie civil r\u00e9clament plusieurs mois de salaires impay\u00e9s, le mini ...","og_url":"https:\/\/www.africa-press.net\/cameroun\/economie\/cameroun-des-licenciements-en-vue-au-matgenie","og_site_name":"Cameroun","article_published_time":"2022-07-14T12:29:23+00:00","article_modified_time":"2022-07-14T15:08:02+00:00","og_image":[{"width":960,"height":720,"url":"https:\/\/static.africa-press.net\/cameroun\/sites\/57\/2022\/07\/img-62d0311b33e9d.jpg","type":"image\/jpeg"}],"author":"cfeditorfr","twitter_card":"summary_large_image","twitter_misc":{"\u00c9crit par":"cfeditorfr","Dur\u00e9e de lecture estim\u00e9e":"2 minutes"},"schema":{"@context":"https:\/\/schema.org","@graph":[{"@type":"Article","@id":"https:\/\/www.africa-press.net\/cameroun\/economie\/cameroun-des-licenciements-en-vue-au-matgenie#article","isPartOf":{"@id":"https:\/\/www.africa-press.net\/cameroun\/economie\/cameroun-des-licenciements-en-vue-au-matgenie"},"author":{"name":"cfeditorfr","@id":"https:\/\/www.africa-press.net\/cameroun\/#\/schema\/person\/2b1cf3cd81a31e3cd26889ca66d677f1"},"headline":"Cameroun\u00a0: des licenciements en vue au Matgenie","datePublished":"2022-07-14T12:29:23+00:00","dateModified":"2022-07-14T15:08:02+00:00","mainEntityOfPage":{"@id":"https:\/\/www.africa-press.net\/cameroun\/economie\/cameroun-des-licenciements-en-vue-au-matgenie"},"wordCount":388,"commentCount":0,"image":{"@id":"https:\/\/www.africa-press.net\/cameroun\/economie\/cameroun-des-licenciements-en-vue-au-matgenie#primaryimage"},"thumbnailUrl":"https:\/\/static.africa-press.net\/cameroun\/sites\/57\/2022\/07\/img-62d0311b33e9d.jpg","keywords":["Africa Press","Africa Press-Cameroun","Cameroun"],"articleSection":["\u00c9conomie","homepage-french","Toutes les actualit\u00e9s"],"inLanguage":"fr-FR","potentialAction":[{"@type":"CommentAction","name":"Comment","target":["https:\/\/www.africa-press.net\/cameroun\/economie\/cameroun-des-licenciements-en-vue-au-matgenie#respond"]}]},{"@type":"WebPage","@id":"https:\/\/www.africa-press.net\/cameroun\/economie\/cameroun-des-licenciements-en-vue-au-matgenie","url":"https:\/\/www.africa-press.net\/cameroun\/economie\/cameroun-des-licenciements-en-vue-au-matgenie","name":"Cameroun\u00a0: des licenciements en vue au Matgenie - Cameroun","isPartOf":{"@id":"https:\/\/www.africa-press.net\/cameroun\/#website"},"primaryImageOfPage":{"@id":"https:\/\/www.africa-press.net\/cameroun\/economie\/cameroun-des-licenciements-en-vue-au-matgenie#primaryimage"},"image":{"@id":"https:\/\/www.africa-press.net\/cameroun\/economie\/cameroun-des-licenciements-en-vue-au-matgenie#primaryimage"},"thumbnailUrl":"https:\/\/static.africa-press.net\/cameroun\/sites\/57\/2022\/07\/img-62d0311b33e9d.jpg","datePublished":"2022-07-14T12:29:23+00:00","dateModified":"2022-07-14T15:08:02+00:00","author":{"@id":"https:\/\/www.africa-press.net\/cameroun\/#\/schema\/person\/2b1cf3cd81a31e3cd26889ca66d677f1"},"description":"Alors que les employ\u00e9s du Parc national de mat\u00e9riel de G\u00e9nie civil r\u00e9clament plusieurs mois de salaires impay\u00e9s, le mini ...","breadcrumb":{"@id":"https:\/\/www.africa-press.net\/cameroun\/economie\/cameroun-des-licenciements-en-vue-au-matgenie#breadcrumb"},"inLanguage":"fr-FR","potentialAction":[{"@type":"ReadAction","target":["https:\/\/www.africa-press.net\/cameroun\/economie\/cameroun-des-licenciements-en-vue-au-matgenie"]}]},{"@type":"ImageObject","inLanguage":"fr-FR","@id":"https:\/\/www.africa-press.net\/cameroun\/economie\/cameroun-des-licenciements-en-vue-au-matgenie#primaryimage","url":"https:\/\/static.africa-press.net\/cameroun\/sites\/57\/2022\/07\/img-62d0311b33e9d.jpg","contentUrl":"https:\/\/static.africa-press.net\/cameroun\/sites\/57\/2022\/07\/img-62d0311b33e9d.jpg","width":960,"height":720,"caption":"Cameroun\u00a0: des licenciements en vue au Matgenie"},{"@type":"BreadcrumbList","@id":"https:\/\/www.africa-press.net\/cameroun\/economie\/cameroun-des-licenciements-en-vue-au-matgenie#breadcrumb","itemListElement":[{"@type":"ListItem","position":1,"name":"Accueil","item":"https:\/\/www.africa-press.net\/cameroun\/"},{"@type":"ListItem","position":2,"name":"Cameroun\u00a0: des licenciements en vue au Matgenie"}]},{"@type":"WebSite","@id":"https:\/\/www.africa-press.net\/cameroun\/#website","url":"https:\/\/www.africa-press.net\/cameroun\/","name":"Cameroun","description":"Just another Africa News Agency Sites site","potentialAction":[{"@type":"SearchAction","target":{"@type":"EntryPoint","urlTemplate":"https:\/\/www.africa-press.net\/cameroun\/?s={search_term_string}"},"query-input":{"@type":"PropertyValueSpecification","valueRequired":true,"valueName":"search_term_string"}}],"inLanguage":"fr-FR"},{"@type":"Person","@id":"https:\/\/www.africa-press.net\/cameroun\/#\/schema\/person\/2b1cf3cd81a31e3cd26889ca66d677f1","name":"cfeditorfr"}]}},"_links":{"self":[{"href":"https:\/\/www.africa-press.net\/cameroun\/wp-json\/wp\/v2\/posts\/23524","targetHints":{"allow":["GET"]}}],"collection":[{"href":"https:\/\/www.africa-press.net\/cameroun\/wp-json\/wp\/v2\/posts"}],"about":[{"href":"https:\/\/www.africa-press.net\/cameroun\/wp-json\/wp\/v2\/types\/post"}],"author":[{"embeddable":true,"href":"https:\/\/www.africa-press.net\/cameroun\/wp-json\/wp\/v2\/users\/82"}],"replies":[{"embeddable":true,"href":"https:\/\/www.africa-press.net\/cameroun\/wp-json\/wp\/v2\/comments?post=23524"}],"version-history":[{"count":0,"href":"https:\/\/www.africa-press.net\/cameroun\/wp-json\/wp\/v2\/posts\/23524\/revisions"}],"wp:featuredmedia":[{"embeddable":true,"href":"https:\/\/www.africa-press.net\/cameroun\/wp-json\/wp\/v2\/media\/23523"}],"wp:attachment":[{"href":"https:\/\/www.africa-press.net\/cameroun\/wp-json\/wp\/v2\/media?parent=23524"}],"wp:term":[{"taxonomy":"category","embeddable":true,"href":"https:\/\/www.africa-press.net\/cameroun\/wp-json\/wp\/v2\/categories?post=23524"},{"taxonomy":"post_tag","embeddable":true,"href":"https:\/\/www.africa-press.net\/cameroun\/wp-json\/wp\/v2\/tags?post=23524"}],"curies":[{"name":"wp","href":"https:\/\/api.w.org\/{rel}","templated":true}]}}