{"id":23530,"date":"2022-07-14T12:46:09","date_gmt":"2022-07-14T12:46:09","guid":{"rendered":"https:\/\/www.africa-press.net\/cameroun\/politique\/cameroun-obala-le-corps-sans-vie-dun-enfant-de-sept-ans-retrouve-dans-une-rigole"},"modified":"2022-07-14T15:09:33","modified_gmt":"2022-07-14T15:09:33","slug":"cameroun-obala-le-corps-sans-vie-dun-enfant-de-sept-ans-retrouve-dans-une-rigole","status":"publish","type":"post","link":"https:\/\/www.africa-press.net\/cameroun\/toutes-les-actualites\/cameroun-obala-le-corps-sans-vie-dun-enfant-de-sept-ans-retrouve-dans-une-rigole","title":{"rendered":"Cameroun-Obala : le corps sans vie d\u2019un enfant de sept ans retrouv\u00e9 dans une rigole"},"content":{"rendered":"<p><span style=\"color: #ff6600\"><strong>Africa-Press &#8211; Cameroun. <\/strong><\/span>Port\u00e9 disparu le 10 juillet dernier, le petit Abdoulaye Ibnou Issa ne sera pas retrouv\u00e9 vivant. Son corps en \u00e9tat de d\u00e9composition a est remont\u00e9 des eaux dans une rigole et retrouv\u00e9 mardi 13 juillet \u00e0 Obala.<\/p>\n<p>La nouvelle de sa disparition faisait encore le tour de la toile. Sa famille, les proches et l\u2019ensemble de ceux qui partageaient l\u2019annonce, avaient l\u2019espoir de retrouver le disparu vivant. Mais, l\u2019onde de choc p\u00e9n\u00e8tre le couple Issa Wassah et Rakiya Abdou lorsque la population donne l\u2019alerte. Abdoulaye n\u2019est plus, son corps a \u00e9t\u00e9 retrouv\u00e9 dans une rigole non loin d\u2019une poubelle au quartier Haoussa le 13 juillet 2022 aux environs de 10h, \u00e0 800m de la maison de maison familiale et proche de la maison de sa grand-m\u00e8re \u00e0 qui il rendait visite de mani\u00e8re r\u00e9guli\u00e8re.<\/p>\n<p>Le drame s\u2019est produit \u00e0 Obala dans la L\u00e9ki\u00e9, r\u00e9gion du Centre Cameroun, \u00e0 quelques kilom\u00e8tres de Yaound\u00e9. D\u00e9j\u00e0 en \u00e9tat de d\u00e9composition, son corps est remont\u00e9 \u00e0 la surface de l\u2019eau, trois jours apr\u00e8s la disparition signal\u00e9e de l\u2019enfant. Les riverains ont \u00e9t\u00e9 alert\u00e9s par les odeurs du cadavre.<\/p>\n<p>Au moment de sa disparition, selon le message de d\u00e9tresse envoy\u00e9 par sa famille, il \u00e9tait v\u00eatu d\u2019un haut (maillot de sport) jaune, d\u2019une culotte jeans et des babouches aux pieds. Juste avant de constater sa disparition, l\u2019enfant jouait avec ses amis devant la concession familiale, selon les t\u00e9moignages.<\/p>\n<p>M\u00eame si le corps sans vie a \u00e9t\u00e9 trouv\u00e9, rien ne renseigne encore sur les causes de ce d\u00e9c\u00e8s. Aucune trace de torture ni de cicatrice n\u2019a \u00e9t\u00e9 trouv\u00e9 sur le corps. Selon la tradition musulmane, ce dernier a \u00e9t\u00e9 inhum\u00e9 mercredi 13 juillet 2022 vers 14h \u00e0 la mosqu\u00e9e de la ville.<\/p>\n<p><strong>Pour plus d&rsquo;informations et d&rsquo;analyses sur la <a href=\"https:\/\/www.africa-press.net\/cameroun\">Cameroun<\/a>, suivez <a href=\"https:\/\/www.africa-press.net\/\">Africa-Press<\/a><\/strong><\/p>\n","protected":false},"excerpt":{"rendered":"<p>Africa-Press &#8211; Cameroun. Port\u00e9 disparu le 10 juillet dernier, le petit Abdoulaye Ibnou Issa ne sera pas retrouv\u00e9 vivant. Son corps en \u00e9tat de d\u00e9composition a est remont\u00e9 des eaux dans une rigole et retrouv\u00e9 mardi 13 juillet \u00e0 Obala. La nouvelle de sa disparition faisait encore le tour de la toile. Sa famille, les [&hellip;]<\/p>\n","protected":false},"author":82,"featured_media":23529,"comment_status":"open","ping_status":"closed","sticky":false,"template":"","format":"standard","meta":{"footnotes":""},"categories":[21,11,10],"tags":[36,50,49],"class_list":["post-23530","post","type-post","status-publish","format-standard","has-post-thumbnail","hentry","category-communaute","category-homepage-french","category-toutes-les-actualites","tag-africa-press","tag-africa-press-cameroun","tag-cameroun"],"yoast_head":"<!-- This site is optimized with the Yoast SEO Premium plugin v26.1 (Yoast SEO v27.0) - https:\/\/yoast.com\/product\/yoast-seo-premium-wordpress\/ -->\n<title>Cameroun-Obala : le corps sans vie d\u2019un enfant de sept ans retrouv\u00e9 dans une rigole - Cameroun<\/title>\n<meta name=\"description\" content=\"Port\u00e9 disparu le 10 juillet dernier, le petit Abdoulaye Ibnou Issa ne sera pas retrouv\u00e9 vivant. Son corps en \u00e9tat de d\u00e9c ...\" \/>\n<meta name=\"robots\" content=\"index, follow, max-snippet:-1, max-image-preview:large, max-video-preview:-1\" \/>\n<link rel=\"canonical\" href=\"https:\/\/www.africa-press.net\/cameroun\/toutes-les-actualites\/cameroun-obala-le-corps-sans-vie-dun-enfant-de-sept-ans-retrouve-dans-une-rigole\" \/>\n<meta property=\"og:locale\" content=\"fr_FR\" \/>\n<meta property=\"og:type\" content=\"article\" \/>\n<meta property=\"og:title\" content=\"Cameroun-Obala : le corps sans vie d\u2019un enfant de sept ans retrouv\u00e9 dans une rigole\" \/>\n<meta property=\"og:description\" content=\"Port\u00e9 disparu le 10 juillet dernier, le petit Abdoulaye Ibnou Issa ne sera pas retrouv\u00e9 vivant. Son corps en \u00e9tat de d\u00e9c ...\" \/>\n<meta property=\"og:url\" content=\"https:\/\/www.africa-press.net\/cameroun\/toutes-les-actualites\/cameroun-obala-le-corps-sans-vie-dun-enfant-de-sept-ans-retrouve-dans-une-rigole\" \/>\n<meta property=\"og:site_name\" content=\"Cameroun\" \/>\n<meta property=\"article:published_time\" content=\"2022-07-14T12:46:09+00:00\" \/>\n<meta property=\"article:modified_time\" content=\"2022-07-14T15:09:33+00:00\" \/>\n<meta property=\"og:image\" content=\"https:\/\/static.africa-press.net\/cameroun\/sites\/57\/2022\/07\/img-62d03189f10e4.jpg\" \/>\n\t<meta property=\"og:image:width\" content=\"720\" \/>\n\t<meta property=\"og:image:height\" content=\"702\" \/>\n\t<meta property=\"og:image:type\" content=\"image\/jpeg\" \/>\n<meta name=\"author\" content=\"cfeditorfr\" \/>\n<meta name=\"twitter:card\" content=\"summary_large_image\" \/>\n<meta name=\"twitter:label1\" content=\"\u00c9crit par\" \/>\n\t<meta name=\"twitter:data1\" content=\"cfeditorfr\" \/>\n\t<meta name=\"twitter:label2\" content=\"Dur\u00e9e de lecture estim\u00e9e\" \/>\n\t<meta name=\"twitter:data2\" content=\"2 minutes\" \/>\n<script type=\"application\/ld+json\" class=\"yoast-schema-graph\">{\"@context\":\"https:\/\/schema.org\",\"@graph\":[{\"@type\":\"Article\",\"@id\":\"https:\/\/www.africa-press.net\/cameroun\/toutes-les-actualites\/cameroun-obala-le-corps-sans-vie-dun-enfant-de-sept-ans-retrouve-dans-une-rigole#article\",\"isPartOf\":{\"@id\":\"https:\/\/www.africa-press.net\/cameroun\/toutes-les-actualites\/cameroun-obala-le-corps-sans-vie-dun-enfant-de-sept-ans-retrouve-dans-une-rigole\"},\"author\":{\"name\":\"cfeditorfr\",\"@id\":\"https:\/\/www.africa-press.net\/cameroun\/#\/schema\/person\/2b1cf3cd81a31e3cd26889ca66d677f1\"},\"headline\":\"Cameroun-Obala : le corps sans vie d\u2019un enfant de sept ans retrouv\u00e9 dans une rigole\",\"datePublished\":\"2022-07-14T12:46:09+00:00\",\"dateModified\":\"2022-07-14T15:09:33+00:00\",\"mainEntityOfPage\":{\"@id\":\"https:\/\/www.africa-press.net\/cameroun\/toutes-les-actualites\/cameroun-obala-le-corps-sans-vie-dun-enfant-de-sept-ans-retrouve-dans-une-rigole\"},\"wordCount\":339,\"commentCount\":0,\"image\":{\"@id\":\"https:\/\/www.africa-press.net\/cameroun\/toutes-les-actualites\/cameroun-obala-le-corps-sans-vie-dun-enfant-de-sept-ans-retrouve-dans-une-rigole#primaryimage\"},\"thumbnailUrl\":\"https:\/\/static.africa-press.net\/cameroun\/sites\/57\/2022\/07\/img-62d03189f10e4.jpg\",\"keywords\":[\"Africa Press\",\"Africa Press-Cameroun\",\"Cameroun\"],\"articleSection\":[\"Communaut\u00e9\",\"homepage-french\",\"Toutes les actualit\u00e9s\"],\"inLanguage\":\"fr-FR\",\"potentialAction\":[{\"@type\":\"CommentAction\",\"name\":\"Comment\",\"target\":[\"https:\/\/www.africa-press.net\/cameroun\/toutes-les-actualites\/cameroun-obala-le-corps-sans-vie-dun-enfant-de-sept-ans-retrouve-dans-une-rigole#respond\"]}]},{\"@type\":\"WebPage\",\"@id\":\"https:\/\/www.africa-press.net\/cameroun\/toutes-les-actualites\/cameroun-obala-le-corps-sans-vie-dun-enfant-de-sept-ans-retrouve-dans-une-rigole\",\"url\":\"https:\/\/www.africa-press.net\/cameroun\/toutes-les-actualites\/cameroun-obala-le-corps-sans-vie-dun-enfant-de-sept-ans-retrouve-dans-une-rigole\",\"name\":\"Cameroun-Obala : le corps sans vie d\u2019un enfant de sept ans retrouv\u00e9 dans une rigole - Cameroun\",\"isPartOf\":{\"@id\":\"https:\/\/www.africa-press.net\/cameroun\/#website\"},\"primaryImageOfPage\":{\"@id\":\"https:\/\/www.africa-press.net\/cameroun\/toutes-les-actualites\/cameroun-obala-le-corps-sans-vie-dun-enfant-de-sept-ans-retrouve-dans-une-rigole#primaryimage\"},\"image\":{\"@id\":\"https:\/\/www.africa-press.net\/cameroun\/toutes-les-actualites\/cameroun-obala-le-corps-sans-vie-dun-enfant-de-sept-ans-retrouve-dans-une-rigole#primaryimage\"},\"thumbnailUrl\":\"https:\/\/static.africa-press.net\/cameroun\/sites\/57\/2022\/07\/img-62d03189f10e4.jpg\",\"datePublished\":\"2022-07-14T12:46:09+00:00\",\"dateModified\":\"2022-07-14T15:09:33+00:00\",\"author\":{\"@id\":\"https:\/\/www.africa-press.net\/cameroun\/#\/schema\/person\/2b1cf3cd81a31e3cd26889ca66d677f1\"},\"description\":\"Port\u00e9 disparu le 10 juillet dernier, le petit Abdoulaye Ibnou Issa ne sera pas retrouv\u00e9 vivant. Son corps en \u00e9tat de d\u00e9c ...\",\"breadcrumb\":{\"@id\":\"https:\/\/www.africa-press.net\/cameroun\/toutes-les-actualites\/cameroun-obala-le-corps-sans-vie-dun-enfant-de-sept-ans-retrouve-dans-une-rigole#breadcrumb\"},\"inLanguage\":\"fr-FR\",\"potentialAction\":[{\"@type\":\"ReadAction\",\"target\":[\"https:\/\/www.africa-press.net\/cameroun\/toutes-les-actualites\/cameroun-obala-le-corps-sans-vie-dun-enfant-de-sept-ans-retrouve-dans-une-rigole\"]}]},{\"@type\":\"ImageObject\",\"inLanguage\":\"fr-FR\",\"@id\":\"https:\/\/www.africa-press.net\/cameroun\/toutes-les-actualites\/cameroun-obala-le-corps-sans-vie-dun-enfant-de-sept-ans-retrouve-dans-une-rigole#primaryimage\",\"url\":\"https:\/\/static.africa-press.net\/cameroun\/sites\/57\/2022\/07\/img-62d03189f10e4.jpg\",\"contentUrl\":\"https:\/\/static.africa-press.net\/cameroun\/sites\/57\/2022\/07\/img-62d03189f10e4.jpg\",\"width\":720,\"height\":702,\"caption\":\"Cameroun-Obala : le corps sans vie d\u2019un enfant de sept ans retrouv\u00e9 dans une rigole\"},{\"@type\":\"BreadcrumbList\",\"@id\":\"https:\/\/www.africa-press.net\/cameroun\/toutes-les-actualites\/cameroun-obala-le-corps-sans-vie-dun-enfant-de-sept-ans-retrouve-dans-une-rigole#breadcrumb\",\"itemListElement\":[{\"@type\":\"ListItem\",\"position\":1,\"name\":\"Accueil\",\"item\":\"https:\/\/www.africa-press.net\/cameroun\/\"},{\"@type\":\"ListItem\",\"position\":2,\"name\":\"Cameroun-Obala : le corps sans vie d\u2019un enfant de sept ans retrouv\u00e9 dans une rigole\"}]},{\"@type\":\"WebSite\",\"@id\":\"https:\/\/www.africa-press.net\/cameroun\/#website\",\"url\":\"https:\/\/www.africa-press.net\/cameroun\/\",\"name\":\"Cameroun\",\"description\":\"Just another Africa News Agency Sites site\",\"potentialAction\":[{\"@type\":\"SearchAction\",\"target\":{\"@type\":\"EntryPoint\",\"urlTemplate\":\"https:\/\/www.africa-press.net\/cameroun\/?s={search_term_string}\"},\"query-input\":{\"@type\":\"PropertyValueSpecification\",\"valueRequired\":true,\"valueName\":\"search_term_string\"}}],\"inLanguage\":\"fr-FR\"},{\"@type\":\"Person\",\"@id\":\"https:\/\/www.africa-press.net\/cameroun\/#\/schema\/person\/2b1cf3cd81a31e3cd26889ca66d677f1\",\"name\":\"cfeditorfr\"}]}<\/script>\n<!-- \/ Yoast SEO Premium plugin. -->","yoast_head_json":{"title":"Cameroun-Obala : le corps sans vie d\u2019un enfant de sept ans retrouv\u00e9 dans une rigole - Cameroun","description":"Port\u00e9 disparu le 10 juillet dernier, le petit Abdoulaye Ibnou Issa ne sera pas retrouv\u00e9 vivant. Son corps en \u00e9tat de d\u00e9c ...","robots":{"index":"index","follow":"follow","max-snippet":"max-snippet:-1","max-image-preview":"max-image-preview:large","max-video-preview":"max-video-preview:-1"},"canonical":"https:\/\/www.africa-press.net\/cameroun\/toutes-les-actualites\/cameroun-obala-le-corps-sans-vie-dun-enfant-de-sept-ans-retrouve-dans-une-rigole","og_locale":"fr_FR","og_type":"article","og_title":"Cameroun-Obala : le corps sans vie d\u2019un enfant de sept ans retrouv\u00e9 dans une rigole","og_description":"Port\u00e9 disparu le 10 juillet dernier, le petit Abdoulaye Ibnou Issa ne sera pas retrouv\u00e9 vivant. Son corps en \u00e9tat de d\u00e9c ...","og_url":"https:\/\/www.africa-press.net\/cameroun\/toutes-les-actualites\/cameroun-obala-le-corps-sans-vie-dun-enfant-de-sept-ans-retrouve-dans-une-rigole","og_site_name":"Cameroun","article_published_time":"2022-07-14T12:46:09+00:00","article_modified_time":"2022-07-14T15:09:33+00:00","og_image":[{"width":720,"height":702,"url":"https:\/\/static.africa-press.net\/cameroun\/sites\/57\/2022\/07\/img-62d03189f10e4.jpg","type":"image\/jpeg"}],"author":"cfeditorfr","twitter_card":"summary_large_image","twitter_misc":{"\u00c9crit par":"cfeditorfr","Dur\u00e9e de lecture estim\u00e9e":"2 minutes"},"schema":{"@context":"https:\/\/schema.org","@graph":[{"@type":"Article","@id":"https:\/\/www.africa-press.net\/cameroun\/toutes-les-actualites\/cameroun-obala-le-corps-sans-vie-dun-enfant-de-sept-ans-retrouve-dans-une-rigole#article","isPartOf":{"@id":"https:\/\/www.africa-press.net\/cameroun\/toutes-les-actualites\/cameroun-obala-le-corps-sans-vie-dun-enfant-de-sept-ans-retrouve-dans-une-rigole"},"author":{"name":"cfeditorfr","@id":"https:\/\/www.africa-press.net\/cameroun\/#\/schema\/person\/2b1cf3cd81a31e3cd26889ca66d677f1"},"headline":"Cameroun-Obala : le corps sans vie d\u2019un enfant de sept ans retrouv\u00e9 dans une rigole","datePublished":"2022-07-14T12:46:09+00:00","dateModified":"2022-07-14T15:09:33+00:00","mainEntityOfPage":{"@id":"https:\/\/www.africa-press.net\/cameroun\/toutes-les-actualites\/cameroun-obala-le-corps-sans-vie-dun-enfant-de-sept-ans-retrouve-dans-une-rigole"},"wordCount":339,"commentCount":0,"image":{"@id":"https:\/\/www.africa-press.net\/cameroun\/toutes-les-actualites\/cameroun-obala-le-corps-sans-vie-dun-enfant-de-sept-ans-retrouve-dans-une-rigole#primaryimage"},"thumbnailUrl":"https:\/\/static.africa-press.net\/cameroun\/sites\/57\/2022\/07\/img-62d03189f10e4.jpg","keywords":["Africa Press","Africa Press-Cameroun","Cameroun"],"articleSection":["Communaut\u00e9","homepage-french","Toutes les actualit\u00e9s"],"inLanguage":"fr-FR","potentialAction":[{"@type":"CommentAction","name":"Comment","target":["https:\/\/www.africa-press.net\/cameroun\/toutes-les-actualites\/cameroun-obala-le-corps-sans-vie-dun-enfant-de-sept-ans-retrouve-dans-une-rigole#respond"]}]},{"@type":"WebPage","@id":"https:\/\/www.africa-press.net\/cameroun\/toutes-les-actualites\/cameroun-obala-le-corps-sans-vie-dun-enfant-de-sept-ans-retrouve-dans-une-rigole","url":"https:\/\/www.africa-press.net\/cameroun\/toutes-les-actualites\/cameroun-obala-le-corps-sans-vie-dun-enfant-de-sept-ans-retrouve-dans-une-rigole","name":"Cameroun-Obala : le corps sans vie d\u2019un enfant de sept ans retrouv\u00e9 dans une rigole - Cameroun","isPartOf":{"@id":"https:\/\/www.africa-press.net\/cameroun\/#website"},"primaryImageOfPage":{"@id":"https:\/\/www.africa-press.net\/cameroun\/toutes-les-actualites\/cameroun-obala-le-corps-sans-vie-dun-enfant-de-sept-ans-retrouve-dans-une-rigole#primaryimage"},"image":{"@id":"https:\/\/www.africa-press.net\/cameroun\/toutes-les-actualites\/cameroun-obala-le-corps-sans-vie-dun-enfant-de-sept-ans-retrouve-dans-une-rigole#primaryimage"},"thumbnailUrl":"https:\/\/static.africa-press.net\/cameroun\/sites\/57\/2022\/07\/img-62d03189f10e4.jpg","datePublished":"2022-07-14T12:46:09+00:00","dateModified":"2022-07-14T15:09:33+00:00","author":{"@id":"https:\/\/www.africa-press.net\/cameroun\/#\/schema\/person\/2b1cf3cd81a31e3cd26889ca66d677f1"},"description":"Port\u00e9 disparu le 10 juillet dernier, le petit Abdoulaye Ibnou Issa ne sera pas retrouv\u00e9 vivant. Son corps en \u00e9tat de d\u00e9c ...","breadcrumb":{"@id":"https:\/\/www.africa-press.net\/cameroun\/toutes-les-actualites\/cameroun-obala-le-corps-sans-vie-dun-enfant-de-sept-ans-retrouve-dans-une-rigole#breadcrumb"},"inLanguage":"fr-FR","potentialAction":[{"@type":"ReadAction","target":["https:\/\/www.africa-press.net\/cameroun\/toutes-les-actualites\/cameroun-obala-le-corps-sans-vie-dun-enfant-de-sept-ans-retrouve-dans-une-rigole"]}]},{"@type":"ImageObject","inLanguage":"fr-FR","@id":"https:\/\/www.africa-press.net\/cameroun\/toutes-les-actualites\/cameroun-obala-le-corps-sans-vie-dun-enfant-de-sept-ans-retrouve-dans-une-rigole#primaryimage","url":"https:\/\/static.africa-press.net\/cameroun\/sites\/57\/2022\/07\/img-62d03189f10e4.jpg","contentUrl":"https:\/\/static.africa-press.net\/cameroun\/sites\/57\/2022\/07\/img-62d03189f10e4.jpg","width":720,"height":702,"caption":"Cameroun-Obala : le corps sans vie d\u2019un enfant de sept ans retrouv\u00e9 dans une rigole"},{"@type":"BreadcrumbList","@id":"https:\/\/www.africa-press.net\/cameroun\/toutes-les-actualites\/cameroun-obala-le-corps-sans-vie-dun-enfant-de-sept-ans-retrouve-dans-une-rigole#breadcrumb","itemListElement":[{"@type":"ListItem","position":1,"name":"Accueil","item":"https:\/\/www.africa-press.net\/cameroun\/"},{"@type":"ListItem","position":2,"name":"Cameroun-Obala : le corps sans vie d\u2019un enfant de sept ans retrouv\u00e9 dans une rigole"}]},{"@type":"WebSite","@id":"https:\/\/www.africa-press.net\/cameroun\/#website","url":"https:\/\/www.africa-press.net\/cameroun\/","name":"Cameroun","description":"Just another Africa News Agency Sites site","potentialAction":[{"@type":"SearchAction","target":{"@type":"EntryPoint","urlTemplate":"https:\/\/www.africa-press.net\/cameroun\/?s={search_term_string}"},"query-input":{"@type":"PropertyValueSpecification","valueRequired":true,"valueName":"search_term_string"}}],"inLanguage":"fr-FR"},{"@type":"Person","@id":"https:\/\/www.africa-press.net\/cameroun\/#\/schema\/person\/2b1cf3cd81a31e3cd26889ca66d677f1","name":"cfeditorfr"}]}},"_links":{"self":[{"href":"https:\/\/www.africa-press.net\/cameroun\/wp-json\/wp\/v2\/posts\/23530","targetHints":{"allow":["GET"]}}],"collection":[{"href":"https:\/\/www.africa-press.net\/cameroun\/wp-json\/wp\/v2\/posts"}],"about":[{"href":"https:\/\/www.africa-press.net\/cameroun\/wp-json\/wp\/v2\/types\/post"}],"author":[{"embeddable":true,"href":"https:\/\/www.africa-press.net\/cameroun\/wp-json\/wp\/v2\/users\/82"}],"replies":[{"embeddable":true,"href":"https:\/\/www.africa-press.net\/cameroun\/wp-json\/wp\/v2\/comments?post=23530"}],"version-history":[{"count":0,"href":"https:\/\/www.africa-press.net\/cameroun\/wp-json\/wp\/v2\/posts\/23530\/revisions"}],"wp:featuredmedia":[{"embeddable":true,"href":"https:\/\/www.africa-press.net\/cameroun\/wp-json\/wp\/v2\/media\/23529"}],"wp:attachment":[{"href":"https:\/\/www.africa-press.net\/cameroun\/wp-json\/wp\/v2\/media?parent=23530"}],"wp:term":[{"taxonomy":"category","embeddable":true,"href":"https:\/\/www.africa-press.net\/cameroun\/wp-json\/wp\/v2\/categories?post=23530"},{"taxonomy":"post_tag","embeddable":true,"href":"https:\/\/www.africa-press.net\/cameroun\/wp-json\/wp\/v2\/tags?post=23530"}],"curies":[{"name":"wp","href":"https:\/\/api.w.org\/{rel}","templated":true}]}}