{"id":23539,"date":"2022-07-14T13:12:23","date_gmt":"2022-07-14T13:12:23","guid":{"rendered":"https:\/\/www.africa-press.net\/cameroun\/politique\/finances-publiques-la-bad-lance-au-cameroun-son-programme-de-renforcement-des-institutions-superieures-de-controle"},"modified":"2022-07-14T15:11:51","modified_gmt":"2022-07-14T15:11:51","slug":"finances-publiques-la-bad-lance-au-cameroun-son-programme-de-renforcement-des-institutions-superieures-de-controle","status":"publish","type":"post","link":"https:\/\/www.africa-press.net\/cameroun\/economie\/finances-publiques-la-bad-lance-au-cameroun-son-programme-de-renforcement-des-institutions-superieures-de-controle","title":{"rendered":"Finances publiques\u00a0: la BAD lance au Cameroun son programme de renforcement des institutions sup\u00e9rieures de contr\u00f4le"},"content":{"rendered":"<p><span style=\"color: #ff6600\"><strong>Africa-Press &#8211; Cameroun. <\/strong><\/span>Investir au Cameroun) &#8211; La Banque africaine de d\u00e9veloppement (BAD) et le gouvernement camerounais ont lanc\u00e9, le 21 juin 2022 \u00e0 Yaound\u00e9, le Programme r\u00e9gional de renforcement des mandats des institutions sup\u00e9rieures de contr\u00f4le des finances publiques, annonce l\u2019institution bancaire panafricaine dans un communiqu\u00e9 qui vient d\u2019\u00eatre rendu public.<\/p>\n<p>La c\u00e9r\u00e9monie pr\u00e9sid\u00e9e par la ministre d\u00e9l\u00e9gu\u00e9e \u00e0 la pr\u00e9sidence de la R\u00e9publique du Cameroun, charg\u00e9e du contr\u00f4le sup\u00e9rieur de l\u2019\u00c9tat, Mbah Acha Rose Fomundam, a connu la participation des institutions venues du Cameroun, du Mali, du Niger, de la R\u00e9publique centrafricaine, du Tchad et du Togo, les pays b\u00e9n\u00e9ficiaires du programme.<\/p>\n<p>Financ\u00e9 \u00e0 hauteur de 2,53 millions de dollars (1,6 milliard de FCFA \u00e0 la valeur actuelle du dollar) par la BAD, apprend-on, ce programme a comme objectif principal le renforcement de la transparence et la redevabilit\u00e9 dans la gestion des finances publiques. Il vise aussi \u00e0 contribuer \u00e0 une meilleure harmonisation des normes et des outils et la professionnalisation d\u2019un nombre accru d\u2019experts-comptables et de v\u00e9rificateurs du secteur public.<\/p>\n<p>En outre, le programme vise \u00e0 renforcer les capacit\u00e9s institutionnelles, professionnelles et humaines des institutions sup\u00e9rieures de contr\u00f4le, en prenant en compte la dimension de genre\u2009; \u00e0 renforcer et acc\u00e9l\u00e9rer les capacit\u00e9s organisationnelles des institutions sup\u00e9rieures de contr\u00f4le\u2009; et approfondir les partenariats r\u00e9gionaux et la collaboration entre les principales parties prenantes qui plaident en faveur d\u2019institutions responsables, transparentes et fortes.<\/p>\n<p>\u00ab\u2009Les d\u00e9fis sont nombreux et couvrent la v\u00e9rification des recettes, des d\u00e9penses publiques, des \u00e9tats financiers de l\u2019administration centrale et ses d\u00e9membrements. Le projet va appuyer ainsi le Conseil r\u00e9gional de formation des institutions sup\u00e9rieures de contr\u00f4le des finances publiques de l\u2019Afrique francophone subsaharienne, dont le mandat est de renforcer les capacit\u00e9s des institutions de contr\u00f4le et organismes d\u2019audit externe\u2009\u00bb, explique Sekou Keita, manager au d\u00e9partement des services fiduciaires et de l\u2019inspection \u00e0 la BAD.<\/p>\n<p>BRM<\/p>\n<p><strong>Pour plus d&rsquo;informations et d&rsquo;analyses sur la <a href=\"https:\/\/www.africa-press.net\/cameroun\">Cameroun<\/a>, suivez <a href=\"https:\/\/www.africa-press.net\/\">Africa-Press<\/a><\/strong><\/p>\n","protected":false},"excerpt":{"rendered":"<p>Africa-Press &#8211; Cameroun. Investir au Cameroun) &#8211; La Banque africaine de d\u00e9veloppement (BAD) et le gouvernement camerounais ont lanc\u00e9, le 21 juin 2022 \u00e0 Yaound\u00e9, le Programme r\u00e9gional de renforcement des mandats des institutions sup\u00e9rieures de contr\u00f4le des finances publiques, annonce l\u2019institution bancaire panafricaine dans un communiqu\u00e9 qui vient d\u2019\u00eatre rendu public. La c\u00e9r\u00e9monie pr\u00e9sid\u00e9e [&hellip;]<\/p>\n","protected":false},"author":82,"featured_media":23538,"comment_status":"open","ping_status":"closed","sticky":false,"template":"","format":"standard","meta":{"footnotes":""},"categories":[3,11,10],"tags":[36,50,49],"class_list":["post-23539","post","type-post","status-publish","format-standard","has-post-thumbnail","hentry","category-economie","category-homepage-french","category-toutes-les-actualites","tag-africa-press","tag-africa-press-cameroun","tag-cameroun"],"yoast_head":"<!-- This site is optimized with the Yoast SEO Premium plugin v26.1 (Yoast SEO v27.0) - https:\/\/yoast.com\/product\/yoast-seo-premium-wordpress\/ -->\n<title>Finances publiques\u00a0: la BAD lance au Cameroun son programme de renforcement des institutions sup\u00e9rieures de contr\u00f4le - Cameroun<\/title>\n<meta name=\"description\" content=\"Investir au Cameroun) - La Banque africaine de d\u00e9veloppement (BAD) et le gouvernement camerounais ont lanc\u00e9, le 21 juin ...\" \/>\n<meta name=\"robots\" content=\"index, follow, max-snippet:-1, max-image-preview:large, max-video-preview:-1\" \/>\n<link rel=\"canonical\" href=\"https:\/\/www.africa-press.net\/cameroun\/economie\/finances-publiques-la-bad-lance-au-cameroun-son-programme-de-renforcement-des-institutions-superieures-de-controle\" \/>\n<meta property=\"og:locale\" content=\"fr_FR\" \/>\n<meta property=\"og:type\" content=\"article\" \/>\n<meta property=\"og:title\" content=\"Finances publiques\u00a0: la BAD lance au Cameroun son programme de renforcement des institutions sup\u00e9rieures de contr\u00f4le\" \/>\n<meta property=\"og:description\" content=\"Investir au Cameroun) - La Banque africaine de d\u00e9veloppement (BAD) et le gouvernement camerounais ont lanc\u00e9, le 21 juin ...\" \/>\n<meta property=\"og:url\" content=\"https:\/\/www.africa-press.net\/cameroun\/economie\/finances-publiques-la-bad-lance-au-cameroun-son-programme-de-renforcement-des-institutions-superieures-de-controle\" \/>\n<meta property=\"og:site_name\" content=\"Cameroun\" \/>\n<meta property=\"article:published_time\" content=\"2022-07-14T13:12:23+00:00\" \/>\n<meta property=\"article:modified_time\" content=\"2022-07-14T15:11:51+00:00\" \/>\n<meta property=\"og:image\" content=\"https:\/\/static.africa-press.net\/cameroun\/sites\/57\/2022\/07\/img-62d032116bd9c.jpg\" \/>\n\t<meta property=\"og:image:width\" content=\"720\" \/>\n\t<meta property=\"og:image:height\" content=\"479\" \/>\n\t<meta property=\"og:image:type\" content=\"image\/jpeg\" \/>\n<meta name=\"author\" content=\"cfeditorfr\" \/>\n<meta name=\"twitter:card\" content=\"summary_large_image\" \/>\n<meta name=\"twitter:label1\" content=\"\u00c9crit par\" \/>\n\t<meta name=\"twitter:data1\" content=\"cfeditorfr\" \/>\n\t<meta name=\"twitter:label2\" content=\"Dur\u00e9e de lecture estim\u00e9e\" \/>\n\t<meta name=\"twitter:data2\" content=\"2 minutes\" \/>\n<script type=\"application\/ld+json\" class=\"yoast-schema-graph\">{\"@context\":\"https:\/\/schema.org\",\"@graph\":[{\"@type\":\"Article\",\"@id\":\"https:\/\/www.africa-press.net\/cameroun\/economie\/finances-publiques-la-bad-lance-au-cameroun-son-programme-de-renforcement-des-institutions-superieures-de-controle#article\",\"isPartOf\":{\"@id\":\"https:\/\/www.africa-press.net\/cameroun\/economie\/finances-publiques-la-bad-lance-au-cameroun-son-programme-de-renforcement-des-institutions-superieures-de-controle\"},\"author\":{\"name\":\"cfeditorfr\",\"@id\":\"https:\/\/www.africa-press.net\/cameroun\/#\/schema\/person\/2b1cf3cd81a31e3cd26889ca66d677f1\"},\"headline\":\"Finances publiques\u00a0: la BAD lance au Cameroun son programme de renforcement des institutions sup\u00e9rieures de contr\u00f4le\",\"datePublished\":\"2022-07-14T13:12:23+00:00\",\"dateModified\":\"2022-07-14T15:11:51+00:00\",\"mainEntityOfPage\":{\"@id\":\"https:\/\/www.africa-press.net\/cameroun\/economie\/finances-publiques-la-bad-lance-au-cameroun-son-programme-de-renforcement-des-institutions-superieures-de-controle\"},\"wordCount\":375,\"commentCount\":0,\"image\":{\"@id\":\"https:\/\/www.africa-press.net\/cameroun\/economie\/finances-publiques-la-bad-lance-au-cameroun-son-programme-de-renforcement-des-institutions-superieures-de-controle#primaryimage\"},\"thumbnailUrl\":\"https:\/\/static.africa-press.net\/cameroun\/sites\/57\/2022\/07\/img-62d032116bd9c.jpg\",\"keywords\":[\"Africa Press\",\"Africa Press-Cameroun\",\"Cameroun\"],\"articleSection\":[\"\u00c9conomie\",\"homepage-french\",\"Toutes les actualit\u00e9s\"],\"inLanguage\":\"fr-FR\",\"potentialAction\":[{\"@type\":\"CommentAction\",\"name\":\"Comment\",\"target\":[\"https:\/\/www.africa-press.net\/cameroun\/economie\/finances-publiques-la-bad-lance-au-cameroun-son-programme-de-renforcement-des-institutions-superieures-de-controle#respond\"]}]},{\"@type\":\"WebPage\",\"@id\":\"https:\/\/www.africa-press.net\/cameroun\/economie\/finances-publiques-la-bad-lance-au-cameroun-son-programme-de-renforcement-des-institutions-superieures-de-controle\",\"url\":\"https:\/\/www.africa-press.net\/cameroun\/economie\/finances-publiques-la-bad-lance-au-cameroun-son-programme-de-renforcement-des-institutions-superieures-de-controle\",\"name\":\"Finances publiques\u00a0: la BAD lance au Cameroun son programme de renforcement des institutions sup\u00e9rieures de contr\u00f4le - Cameroun\",\"isPartOf\":{\"@id\":\"https:\/\/www.africa-press.net\/cameroun\/#website\"},\"primaryImageOfPage\":{\"@id\":\"https:\/\/www.africa-press.net\/cameroun\/economie\/finances-publiques-la-bad-lance-au-cameroun-son-programme-de-renforcement-des-institutions-superieures-de-controle#primaryimage\"},\"image\":{\"@id\":\"https:\/\/www.africa-press.net\/cameroun\/economie\/finances-publiques-la-bad-lance-au-cameroun-son-programme-de-renforcement-des-institutions-superieures-de-controle#primaryimage\"},\"thumbnailUrl\":\"https:\/\/static.africa-press.net\/cameroun\/sites\/57\/2022\/07\/img-62d032116bd9c.jpg\",\"datePublished\":\"2022-07-14T13:12:23+00:00\",\"dateModified\":\"2022-07-14T15:11:51+00:00\",\"author\":{\"@id\":\"https:\/\/www.africa-press.net\/cameroun\/#\/schema\/person\/2b1cf3cd81a31e3cd26889ca66d677f1\"},\"description\":\"Investir au Cameroun) - La Banque africaine de d\u00e9veloppement (BAD) et le gouvernement camerounais ont lanc\u00e9, le 21 juin ...\",\"breadcrumb\":{\"@id\":\"https:\/\/www.africa-press.net\/cameroun\/economie\/finances-publiques-la-bad-lance-au-cameroun-son-programme-de-renforcement-des-institutions-superieures-de-controle#breadcrumb\"},\"inLanguage\":\"fr-FR\",\"potentialAction\":[{\"@type\":\"ReadAction\",\"target\":[\"https:\/\/www.africa-press.net\/cameroun\/economie\/finances-publiques-la-bad-lance-au-cameroun-son-programme-de-renforcement-des-institutions-superieures-de-controle\"]}]},{\"@type\":\"ImageObject\",\"inLanguage\":\"fr-FR\",\"@id\":\"https:\/\/www.africa-press.net\/cameroun\/economie\/finances-publiques-la-bad-lance-au-cameroun-son-programme-de-renforcement-des-institutions-superieures-de-controle#primaryimage\",\"url\":\"https:\/\/static.africa-press.net\/cameroun\/sites\/57\/2022\/07\/img-62d032116bd9c.jpg\",\"contentUrl\":\"https:\/\/static.africa-press.net\/cameroun\/sites\/57\/2022\/07\/img-62d032116bd9c.jpg\",\"width\":720,\"height\":479,\"caption\":\"Finances publiques\u00a0: la BAD lance au Cameroun son programme de renforcement des institutions sup\u00e9rieures de contr\u00f4le\"},{\"@type\":\"BreadcrumbList\",\"@id\":\"https:\/\/www.africa-press.net\/cameroun\/economie\/finances-publiques-la-bad-lance-au-cameroun-son-programme-de-renforcement-des-institutions-superieures-de-controle#breadcrumb\",\"itemListElement\":[{\"@type\":\"ListItem\",\"position\":1,\"name\":\"Accueil\",\"item\":\"https:\/\/www.africa-press.net\/cameroun\/\"},{\"@type\":\"ListItem\",\"position\":2,\"name\":\"Finances publiques\u00a0: la BAD lance au Cameroun son programme de renforcement des institutions sup\u00e9rieures de contr\u00f4le\"}]},{\"@type\":\"WebSite\",\"@id\":\"https:\/\/www.africa-press.net\/cameroun\/#website\",\"url\":\"https:\/\/www.africa-press.net\/cameroun\/\",\"name\":\"Cameroun\",\"description\":\"Just another Africa News Agency Sites site\",\"potentialAction\":[{\"@type\":\"SearchAction\",\"target\":{\"@type\":\"EntryPoint\",\"urlTemplate\":\"https:\/\/www.africa-press.net\/cameroun\/?s={search_term_string}\"},\"query-input\":{\"@type\":\"PropertyValueSpecification\",\"valueRequired\":true,\"valueName\":\"search_term_string\"}}],\"inLanguage\":\"fr-FR\"},{\"@type\":\"Person\",\"@id\":\"https:\/\/www.africa-press.net\/cameroun\/#\/schema\/person\/2b1cf3cd81a31e3cd26889ca66d677f1\",\"name\":\"cfeditorfr\"}]}<\/script>\n<!-- \/ Yoast SEO Premium plugin. -->","yoast_head_json":{"title":"Finances publiques\u00a0: la BAD lance au Cameroun son programme de renforcement des institutions sup\u00e9rieures de contr\u00f4le - Cameroun","description":"Investir au Cameroun) - La Banque africaine de d\u00e9veloppement (BAD) et le gouvernement camerounais ont lanc\u00e9, le 21 juin ...","robots":{"index":"index","follow":"follow","max-snippet":"max-snippet:-1","max-image-preview":"max-image-preview:large","max-video-preview":"max-video-preview:-1"},"canonical":"https:\/\/www.africa-press.net\/cameroun\/economie\/finances-publiques-la-bad-lance-au-cameroun-son-programme-de-renforcement-des-institutions-superieures-de-controle","og_locale":"fr_FR","og_type":"article","og_title":"Finances publiques\u00a0: la BAD lance au Cameroun son programme de renforcement des institutions sup\u00e9rieures de contr\u00f4le","og_description":"Investir au Cameroun) - La Banque africaine de d\u00e9veloppement (BAD) et le gouvernement camerounais ont lanc\u00e9, le 21 juin ...","og_url":"https:\/\/www.africa-press.net\/cameroun\/economie\/finances-publiques-la-bad-lance-au-cameroun-son-programme-de-renforcement-des-institutions-superieures-de-controle","og_site_name":"Cameroun","article_published_time":"2022-07-14T13:12:23+00:00","article_modified_time":"2022-07-14T15:11:51+00:00","og_image":[{"width":720,"height":479,"url":"https:\/\/static.africa-press.net\/cameroun\/sites\/57\/2022\/07\/img-62d032116bd9c.jpg","type":"image\/jpeg"}],"author":"cfeditorfr","twitter_card":"summary_large_image","twitter_misc":{"\u00c9crit par":"cfeditorfr","Dur\u00e9e de lecture estim\u00e9e":"2 minutes"},"schema":{"@context":"https:\/\/schema.org","@graph":[{"@type":"Article","@id":"https:\/\/www.africa-press.net\/cameroun\/economie\/finances-publiques-la-bad-lance-au-cameroun-son-programme-de-renforcement-des-institutions-superieures-de-controle#article","isPartOf":{"@id":"https:\/\/www.africa-press.net\/cameroun\/economie\/finances-publiques-la-bad-lance-au-cameroun-son-programme-de-renforcement-des-institutions-superieures-de-controle"},"author":{"name":"cfeditorfr","@id":"https:\/\/www.africa-press.net\/cameroun\/#\/schema\/person\/2b1cf3cd81a31e3cd26889ca66d677f1"},"headline":"Finances publiques\u00a0: la BAD lance au Cameroun son programme de renforcement des institutions sup\u00e9rieures de contr\u00f4le","datePublished":"2022-07-14T13:12:23+00:00","dateModified":"2022-07-14T15:11:51+00:00","mainEntityOfPage":{"@id":"https:\/\/www.africa-press.net\/cameroun\/economie\/finances-publiques-la-bad-lance-au-cameroun-son-programme-de-renforcement-des-institutions-superieures-de-controle"},"wordCount":375,"commentCount":0,"image":{"@id":"https:\/\/www.africa-press.net\/cameroun\/economie\/finances-publiques-la-bad-lance-au-cameroun-son-programme-de-renforcement-des-institutions-superieures-de-controle#primaryimage"},"thumbnailUrl":"https:\/\/static.africa-press.net\/cameroun\/sites\/57\/2022\/07\/img-62d032116bd9c.jpg","keywords":["Africa Press","Africa Press-Cameroun","Cameroun"],"articleSection":["\u00c9conomie","homepage-french","Toutes les actualit\u00e9s"],"inLanguage":"fr-FR","potentialAction":[{"@type":"CommentAction","name":"Comment","target":["https:\/\/www.africa-press.net\/cameroun\/economie\/finances-publiques-la-bad-lance-au-cameroun-son-programme-de-renforcement-des-institutions-superieures-de-controle#respond"]}]},{"@type":"WebPage","@id":"https:\/\/www.africa-press.net\/cameroun\/economie\/finances-publiques-la-bad-lance-au-cameroun-son-programme-de-renforcement-des-institutions-superieures-de-controle","url":"https:\/\/www.africa-press.net\/cameroun\/economie\/finances-publiques-la-bad-lance-au-cameroun-son-programme-de-renforcement-des-institutions-superieures-de-controle","name":"Finances publiques\u00a0: la BAD lance au Cameroun son programme de renforcement des institutions sup\u00e9rieures de contr\u00f4le - Cameroun","isPartOf":{"@id":"https:\/\/www.africa-press.net\/cameroun\/#website"},"primaryImageOfPage":{"@id":"https:\/\/www.africa-press.net\/cameroun\/economie\/finances-publiques-la-bad-lance-au-cameroun-son-programme-de-renforcement-des-institutions-superieures-de-controle#primaryimage"},"image":{"@id":"https:\/\/www.africa-press.net\/cameroun\/economie\/finances-publiques-la-bad-lance-au-cameroun-son-programme-de-renforcement-des-institutions-superieures-de-controle#primaryimage"},"thumbnailUrl":"https:\/\/static.africa-press.net\/cameroun\/sites\/57\/2022\/07\/img-62d032116bd9c.jpg","datePublished":"2022-07-14T13:12:23+00:00","dateModified":"2022-07-14T15:11:51+00:00","author":{"@id":"https:\/\/www.africa-press.net\/cameroun\/#\/schema\/person\/2b1cf3cd81a31e3cd26889ca66d677f1"},"description":"Investir au Cameroun) - La Banque africaine de d\u00e9veloppement (BAD) et le gouvernement camerounais ont lanc\u00e9, le 21 juin ...","breadcrumb":{"@id":"https:\/\/www.africa-press.net\/cameroun\/economie\/finances-publiques-la-bad-lance-au-cameroun-son-programme-de-renforcement-des-institutions-superieures-de-controle#breadcrumb"},"inLanguage":"fr-FR","potentialAction":[{"@type":"ReadAction","target":["https:\/\/www.africa-press.net\/cameroun\/economie\/finances-publiques-la-bad-lance-au-cameroun-son-programme-de-renforcement-des-institutions-superieures-de-controle"]}]},{"@type":"ImageObject","inLanguage":"fr-FR","@id":"https:\/\/www.africa-press.net\/cameroun\/economie\/finances-publiques-la-bad-lance-au-cameroun-son-programme-de-renforcement-des-institutions-superieures-de-controle#primaryimage","url":"https:\/\/static.africa-press.net\/cameroun\/sites\/57\/2022\/07\/img-62d032116bd9c.jpg","contentUrl":"https:\/\/static.africa-press.net\/cameroun\/sites\/57\/2022\/07\/img-62d032116bd9c.jpg","width":720,"height":479,"caption":"Finances publiques\u00a0: la BAD lance au Cameroun son programme de renforcement des institutions sup\u00e9rieures de contr\u00f4le"},{"@type":"BreadcrumbList","@id":"https:\/\/www.africa-press.net\/cameroun\/economie\/finances-publiques-la-bad-lance-au-cameroun-son-programme-de-renforcement-des-institutions-superieures-de-controle#breadcrumb","itemListElement":[{"@type":"ListItem","position":1,"name":"Accueil","item":"https:\/\/www.africa-press.net\/cameroun\/"},{"@type":"ListItem","position":2,"name":"Finances publiques\u00a0: la BAD lance au Cameroun son programme de renforcement des institutions sup\u00e9rieures de contr\u00f4le"}]},{"@type":"WebSite","@id":"https:\/\/www.africa-press.net\/cameroun\/#website","url":"https:\/\/www.africa-press.net\/cameroun\/","name":"Cameroun","description":"Just another Africa News Agency Sites site","potentialAction":[{"@type":"SearchAction","target":{"@type":"EntryPoint","urlTemplate":"https:\/\/www.africa-press.net\/cameroun\/?s={search_term_string}"},"query-input":{"@type":"PropertyValueSpecification","valueRequired":true,"valueName":"search_term_string"}}],"inLanguage":"fr-FR"},{"@type":"Person","@id":"https:\/\/www.africa-press.net\/cameroun\/#\/schema\/person\/2b1cf3cd81a31e3cd26889ca66d677f1","name":"cfeditorfr"}]}},"_links":{"self":[{"href":"https:\/\/www.africa-press.net\/cameroun\/wp-json\/wp\/v2\/posts\/23539","targetHints":{"allow":["GET"]}}],"collection":[{"href":"https:\/\/www.africa-press.net\/cameroun\/wp-json\/wp\/v2\/posts"}],"about":[{"href":"https:\/\/www.africa-press.net\/cameroun\/wp-json\/wp\/v2\/types\/post"}],"author":[{"embeddable":true,"href":"https:\/\/www.africa-press.net\/cameroun\/wp-json\/wp\/v2\/users\/82"}],"replies":[{"embeddable":true,"href":"https:\/\/www.africa-press.net\/cameroun\/wp-json\/wp\/v2\/comments?post=23539"}],"version-history":[{"count":0,"href":"https:\/\/www.africa-press.net\/cameroun\/wp-json\/wp\/v2\/posts\/23539\/revisions"}],"wp:featuredmedia":[{"embeddable":true,"href":"https:\/\/www.africa-press.net\/cameroun\/wp-json\/wp\/v2\/media\/23538"}],"wp:attachment":[{"href":"https:\/\/www.africa-press.net\/cameroun\/wp-json\/wp\/v2\/media?parent=23539"}],"wp:term":[{"taxonomy":"category","embeddable":true,"href":"https:\/\/www.africa-press.net\/cameroun\/wp-json\/wp\/v2\/categories?post=23539"},{"taxonomy":"post_tag","embeddable":true,"href":"https:\/\/www.africa-press.net\/cameroun\/wp-json\/wp\/v2\/tags?post=23539"}],"curies":[{"name":"wp","href":"https:\/\/api.w.org\/{rel}","templated":true}]}}