{"id":23551,"date":"2022-07-14T15:07:54","date_gmt":"2022-07-14T15:07:54","guid":{"rendered":"https:\/\/www.africa-press.net\/cameroun\/politique\/presidentielle-ngoh-ngoh-ecarte-le-rdpc-reaffirme-le-nom-de-son-candidat-prepare-pour-2025"},"modified":"2022-07-14T15:36:02","modified_gmt":"2022-07-14T15:36:02","slug":"presidentielle-ngoh-ngoh-ecarte-le-rdpc-reaffirme-le-nom-de-son-candidat-prepare-pour-2025","status":"publish","type":"post","link":"https:\/\/www.africa-press.net\/cameroun\/politique\/presidentielle-ngoh-ngoh-ecarte-le-rdpc-reaffirme-le-nom-de-son-candidat-prepare-pour-2025","title":{"rendered":"Pr\u00e9sidentielle : Ngoh Ngoh \u00e9cart\u00e9, le RDPC r\u00e9affirme le nom de son candidat pr\u00e9par\u00e9 pour 2025"},"content":{"rendered":"<p><span style=\"color: #ff6600\"><strong>Africa-Press &#8211; Cameroun. <\/strong><\/span>La prochaine \u00e9lection pr\u00e9sidentielle au Cameroun est pr\u00e9vue pour l\u2019ann\u00e9e 2025. Occasion pour tous les partis politiques de se bousculer pour occuper le palais d\u2019Etoudi, un lieu habit\u00e9 par le leader du Rassemblement d\u00e9mocratique du peuple camerounais (RDPC), Paul Biya (89 ans) depuis quarante (40) ans.<\/p>\n<p>Dans l\u2019\u00e9tat o\u00f9 se trouvent les choses, aucune communication officielle n\u2019a \u00e9t\u00e9 encore faite. Tout de m\u00eame, il y a quelques indiscr\u00e9tions qui donnent une id\u00e9e g\u00e9n\u00e9rale aux citoyens ainsi qu\u2019aux observateurs de la sc\u00e8ne politique camerounaise.<\/p>\n<p>Paul Biya est au pouvoir depuis 1982, apr\u00e8s la mort du pr\u00e9sident Ahmadou Ahidjo. En autant d\u2019ann\u00e9es, aucun homme politique n\u2019a r\u00e9ussi \u00e0 lui prendre sa place. Pas m\u00eame Maurice Kamto, pr\u00e9sident du parti de l\u2019opposition nomm\u00e9 Mouvement pour la renaissance du Cameroun (MRC). C\u2019est le seul qui a v\u00e9ritablement r\u00e9ussi \u00e0 concourir et \u00e0 se rapprocher du fauteuil pr\u00e9sidentiel astucieusement gard\u00e9 par Paul Biya et son r\u00e9gime.<\/p>\n<p>Ces derni\u00e8res semaines, on \u00e9voque avec insistance la piste de son fils Emmanuel Franck Biya. Le p\u00e8re est \u00e2g\u00e9, souffrant et souvent \u00e9vacu\u00e9 \u00e0 l\u2019\u00e9tranger pour \u00eatre hospitalis\u00e9. Il devient alors indispensable de penser l\u2019apr\u00e8s Biya du c\u00f4t\u00e9 du RDPC. Ferdinand Ngoh Ngoh est aussi pressenti, compte tenu de sa proximit\u00e9 avec le chef Paul Biya. Aujourd\u2019hui, c\u2019est lui qui signe les documents au nom du chef de l\u2019Etat Paul Biya, ou sur \u00ab hautes instructions \u00bb de celui-ci.<\/p>\n<p>A Yaound\u00e9, il a d\u00e9j\u00e0 \u00e9t\u00e9 vu une banderole aux allures d\u2019une affiche de campagne qui met en avant le fils du pr\u00e9sident Paul Biya, Emmanuel Franck Biya. A celui-ci, l\u2019auteur du message demande qu\u2019il poursuive l\u2019\u0153uvre r\u00e9alis\u00e9e par son p\u00e8re et ses collaborateurs pour un Cameroun prosp\u00e8re et b\u00e9n\u00e9fique pour les citoyens.<\/p>\n<p>Le militant du RDPC, Yves Abama a \u00e9t\u00e9 re\u00e7u jeudi le 14 juillet 2022 sur un m\u00e9dia de la place. Il estime que le pr\u00e9sident Paul Biya peut toujours tenir : \u00ab S\u2019il faut parler des quarante (40) ans au pouvoir du pr\u00e9sident Paul Biya, je pense qu\u2019il a encore quelque chose \u00e0 donner aux Camerounais. Il sort peu, il parle peu mais il agit \u00bb.<\/p>\n<p>Yves Abama reconnait \u00e9galement que \u00ab le pr\u00e9sident Paul Biya n\u2019est pas \u00e9ternel, nous savons qu\u2019\u00e0 un moment donn\u00e9, il devra s\u2019arr\u00eater. Et au moment o\u00f9 il s\u2019arr\u00eatera, nous saurons ce qu\u2019il faudra faire (\u2026). Si certains estiment que son fils Emmanuel Franck Biya devrait \u00eatre candidat \u00e0 l\u2019\u00e9lection pr\u00e9sidentielle en 2025, ils sont dans leur droit. Au RDPC, nous ne tremblons pas \u00bb.<\/p>\n<p><strong>Pour plus d&rsquo;informations et d&rsquo;analyses sur la <a href=\"https:\/\/www.africa-press.net\/cameroun\">Cameroun<\/a>, suivez <a href=\"https:\/\/www.africa-press.net\/\">Africa-Press<\/a><\/strong><\/p>\n","protected":false},"excerpt":{"rendered":"<p>Africa-Press &#8211; Cameroun. La prochaine \u00e9lection pr\u00e9sidentielle au Cameroun est pr\u00e9vue pour l\u2019ann\u00e9e 2025. Occasion pour tous les partis politiques de se bousculer pour occuper le palais d\u2019Etoudi, un lieu habit\u00e9 par le leader du Rassemblement d\u00e9mocratique du peuple camerounais (RDPC), Paul Biya (89 ans) depuis quarante (40) ans. Dans l\u2019\u00e9tat o\u00f9 se trouvent les [&hellip;]<\/p>\n","protected":false},"author":82,"featured_media":23550,"comment_status":"open","ping_status":"closed","sticky":false,"template":"","format":"standard","meta":{"footnotes":""},"categories":[11,2,20,10],"tags":[36,50,49],"class_list":["post-23551","post","type-post","status-publish","format-standard","has-post-thumbnail","hentry","category-homepage-french","category-politique","category-top-nouvelles","category-toutes-les-actualites","tag-africa-press","tag-africa-press-cameroun","tag-cameroun"],"yoast_head":"<!-- This site is optimized with the Yoast SEO Premium plugin v26.1 (Yoast SEO v27.0) - https:\/\/yoast.com\/product\/yoast-seo-premium-wordpress\/ -->\n<title>Pr\u00e9sidentielle : Ngoh Ngoh \u00e9cart\u00e9, le RDPC r\u00e9affirme le nom de son candidat pr\u00e9par\u00e9 pour 2025 - Cameroun<\/title>\n<meta name=\"description\" content=\"La prochaine \u00e9lection pr\u00e9sidentielle au Cameroun est pr\u00e9vue pour l\u2019ann\u00e9e 2025. Occasion pour tous les partis politiques ...\" \/>\n<meta name=\"robots\" content=\"index, follow, max-snippet:-1, max-image-preview:large, max-video-preview:-1\" \/>\n<link rel=\"canonical\" href=\"https:\/\/www.africa-press.net\/cameroun\/politique\/presidentielle-ngoh-ngoh-ecarte-le-rdpc-reaffirme-le-nom-de-son-candidat-prepare-pour-2025\" \/>\n<meta property=\"og:locale\" content=\"fr_FR\" \/>\n<meta property=\"og:type\" content=\"article\" \/>\n<meta property=\"og:title\" content=\"Pr\u00e9sidentielle : Ngoh Ngoh \u00e9cart\u00e9, le RDPC r\u00e9affirme le nom de son candidat pr\u00e9par\u00e9 pour 2025\" \/>\n<meta property=\"og:description\" content=\"La prochaine \u00e9lection pr\u00e9sidentielle au Cameroun est pr\u00e9vue pour l\u2019ann\u00e9e 2025. Occasion pour tous les partis politiques ...\" \/>\n<meta property=\"og:url\" content=\"https:\/\/www.africa-press.net\/cameroun\/politique\/presidentielle-ngoh-ngoh-ecarte-le-rdpc-reaffirme-le-nom-de-son-candidat-prepare-pour-2025\" \/>\n<meta property=\"og:site_name\" content=\"Cameroun\" \/>\n<meta property=\"article:published_time\" content=\"2022-07-14T15:07:54+00:00\" \/>\n<meta property=\"article:modified_time\" content=\"2022-07-14T15:36:02+00:00\" \/>\n<meta property=\"og:image\" content=\"https:\/\/static.africa-press.net\/cameroun\/sites\/57\/2022\/07\/postQueueImg_12-62d037d02a6fa.jpg\" \/>\n\t<meta property=\"og:image:width\" content=\"600\" \/>\n\t<meta property=\"og:image:height\" content=\"341\" \/>\n\t<meta property=\"og:image:type\" content=\"image\/jpeg\" \/>\n<meta name=\"author\" content=\"cfeditorfr\" \/>\n<meta name=\"twitter:card\" content=\"summary_large_image\" \/>\n<meta name=\"twitter:label1\" content=\"\u00c9crit par\" \/>\n\t<meta name=\"twitter:data1\" content=\"cfeditorfr\" \/>\n\t<meta name=\"twitter:label2\" content=\"Dur\u00e9e de lecture estim\u00e9e\" \/>\n\t<meta name=\"twitter:data2\" content=\"2 minutes\" \/>\n<script type=\"application\/ld+json\" class=\"yoast-schema-graph\">{\"@context\":\"https:\/\/schema.org\",\"@graph\":[{\"@type\":\"Article\",\"@id\":\"https:\/\/www.africa-press.net\/cameroun\/politique\/presidentielle-ngoh-ngoh-ecarte-le-rdpc-reaffirme-le-nom-de-son-candidat-prepare-pour-2025#article\",\"isPartOf\":{\"@id\":\"https:\/\/www.africa-press.net\/cameroun\/politique\/presidentielle-ngoh-ngoh-ecarte-le-rdpc-reaffirme-le-nom-de-son-candidat-prepare-pour-2025\"},\"author\":{\"name\":\"cfeditorfr\",\"@id\":\"https:\/\/www.africa-press.net\/cameroun\/#\/schema\/person\/2b1cf3cd81a31e3cd26889ca66d677f1\"},\"headline\":\"Pr\u00e9sidentielle : Ngoh Ngoh \u00e9cart\u00e9, le RDPC r\u00e9affirme le nom de son candidat pr\u00e9par\u00e9 pour 2025\",\"datePublished\":\"2022-07-14T15:07:54+00:00\",\"dateModified\":\"2022-07-14T15:36:02+00:00\",\"mainEntityOfPage\":{\"@id\":\"https:\/\/www.africa-press.net\/cameroun\/politique\/presidentielle-ngoh-ngoh-ecarte-le-rdpc-reaffirme-le-nom-de-son-candidat-prepare-pour-2025\"},\"wordCount\":488,\"commentCount\":0,\"image\":{\"@id\":\"https:\/\/www.africa-press.net\/cameroun\/politique\/presidentielle-ngoh-ngoh-ecarte-le-rdpc-reaffirme-le-nom-de-son-candidat-prepare-pour-2025#primaryimage\"},\"thumbnailUrl\":\"https:\/\/static.africa-press.net\/cameroun\/sites\/57\/2022\/07\/postQueueImg_12-62d037d02a6fa.jpg\",\"keywords\":[\"Africa Press\",\"Africa Press-Cameroun\",\"Cameroun\"],\"articleSection\":[\"homepage-french\",\"Politique\",\"Top Nouvelles\",\"Toutes les actualit\u00e9s\"],\"inLanguage\":\"fr-FR\",\"potentialAction\":[{\"@type\":\"CommentAction\",\"name\":\"Comment\",\"target\":[\"https:\/\/www.africa-press.net\/cameroun\/politique\/presidentielle-ngoh-ngoh-ecarte-le-rdpc-reaffirme-le-nom-de-son-candidat-prepare-pour-2025#respond\"]}]},{\"@type\":\"WebPage\",\"@id\":\"https:\/\/www.africa-press.net\/cameroun\/politique\/presidentielle-ngoh-ngoh-ecarte-le-rdpc-reaffirme-le-nom-de-son-candidat-prepare-pour-2025\",\"url\":\"https:\/\/www.africa-press.net\/cameroun\/politique\/presidentielle-ngoh-ngoh-ecarte-le-rdpc-reaffirme-le-nom-de-son-candidat-prepare-pour-2025\",\"name\":\"Pr\u00e9sidentielle : Ngoh Ngoh \u00e9cart\u00e9, le RDPC r\u00e9affirme le nom de son candidat pr\u00e9par\u00e9 pour 2025 - Cameroun\",\"isPartOf\":{\"@id\":\"https:\/\/www.africa-press.net\/cameroun\/#website\"},\"primaryImageOfPage\":{\"@id\":\"https:\/\/www.africa-press.net\/cameroun\/politique\/presidentielle-ngoh-ngoh-ecarte-le-rdpc-reaffirme-le-nom-de-son-candidat-prepare-pour-2025#primaryimage\"},\"image\":{\"@id\":\"https:\/\/www.africa-press.net\/cameroun\/politique\/presidentielle-ngoh-ngoh-ecarte-le-rdpc-reaffirme-le-nom-de-son-candidat-prepare-pour-2025#primaryimage\"},\"thumbnailUrl\":\"https:\/\/static.africa-press.net\/cameroun\/sites\/57\/2022\/07\/postQueueImg_12-62d037d02a6fa.jpg\",\"datePublished\":\"2022-07-14T15:07:54+00:00\",\"dateModified\":\"2022-07-14T15:36:02+00:00\",\"author\":{\"@id\":\"https:\/\/www.africa-press.net\/cameroun\/#\/schema\/person\/2b1cf3cd81a31e3cd26889ca66d677f1\"},\"description\":\"La prochaine \u00e9lection pr\u00e9sidentielle au Cameroun est pr\u00e9vue pour l\u2019ann\u00e9e 2025. Occasion pour tous les partis politiques ...\",\"breadcrumb\":{\"@id\":\"https:\/\/www.africa-press.net\/cameroun\/politique\/presidentielle-ngoh-ngoh-ecarte-le-rdpc-reaffirme-le-nom-de-son-candidat-prepare-pour-2025#breadcrumb\"},\"inLanguage\":\"fr-FR\",\"potentialAction\":[{\"@type\":\"ReadAction\",\"target\":[\"https:\/\/www.africa-press.net\/cameroun\/politique\/presidentielle-ngoh-ngoh-ecarte-le-rdpc-reaffirme-le-nom-de-son-candidat-prepare-pour-2025\"]}]},{\"@type\":\"ImageObject\",\"inLanguage\":\"fr-FR\",\"@id\":\"https:\/\/www.africa-press.net\/cameroun\/politique\/presidentielle-ngoh-ngoh-ecarte-le-rdpc-reaffirme-le-nom-de-son-candidat-prepare-pour-2025#primaryimage\",\"url\":\"https:\/\/static.africa-press.net\/cameroun\/sites\/57\/2022\/07\/postQueueImg_12-62d037d02a6fa.jpg\",\"contentUrl\":\"https:\/\/static.africa-press.net\/cameroun\/sites\/57\/2022\/07\/postQueueImg_12-62d037d02a6fa.jpg\",\"width\":600,\"height\":341,\"caption\":\"Pr\u00e9sidentielle : Ngoh Ngoh \u00e9cart\u00e9, le RDPC r\u00e9affirme le nom de son candidat pr\u00e9par\u00e9 pour 2025\"},{\"@type\":\"BreadcrumbList\",\"@id\":\"https:\/\/www.africa-press.net\/cameroun\/politique\/presidentielle-ngoh-ngoh-ecarte-le-rdpc-reaffirme-le-nom-de-son-candidat-prepare-pour-2025#breadcrumb\",\"itemListElement\":[{\"@type\":\"ListItem\",\"position\":1,\"name\":\"Accueil\",\"item\":\"https:\/\/www.africa-press.net\/cameroun\/\"},{\"@type\":\"ListItem\",\"position\":2,\"name\":\"Pr\u00e9sidentielle : Ngoh Ngoh \u00e9cart\u00e9, le RDPC r\u00e9affirme le nom de son candidat pr\u00e9par\u00e9 pour 2025\"}]},{\"@type\":\"WebSite\",\"@id\":\"https:\/\/www.africa-press.net\/cameroun\/#website\",\"url\":\"https:\/\/www.africa-press.net\/cameroun\/\",\"name\":\"Cameroun\",\"description\":\"Just another Africa News Agency Sites site\",\"potentialAction\":[{\"@type\":\"SearchAction\",\"target\":{\"@type\":\"EntryPoint\",\"urlTemplate\":\"https:\/\/www.africa-press.net\/cameroun\/?s={search_term_string}\"},\"query-input\":{\"@type\":\"PropertyValueSpecification\",\"valueRequired\":true,\"valueName\":\"search_term_string\"}}],\"inLanguage\":\"fr-FR\"},{\"@type\":\"Person\",\"@id\":\"https:\/\/www.africa-press.net\/cameroun\/#\/schema\/person\/2b1cf3cd81a31e3cd26889ca66d677f1\",\"name\":\"cfeditorfr\"}]}<\/script>\n<!-- \/ Yoast SEO Premium plugin. -->","yoast_head_json":{"title":"Pr\u00e9sidentielle : Ngoh Ngoh \u00e9cart\u00e9, le RDPC r\u00e9affirme le nom de son candidat pr\u00e9par\u00e9 pour 2025 - Cameroun","description":"La prochaine \u00e9lection pr\u00e9sidentielle au Cameroun est pr\u00e9vue pour l\u2019ann\u00e9e 2025. Occasion pour tous les partis politiques ...","robots":{"index":"index","follow":"follow","max-snippet":"max-snippet:-1","max-image-preview":"max-image-preview:large","max-video-preview":"max-video-preview:-1"},"canonical":"https:\/\/www.africa-press.net\/cameroun\/politique\/presidentielle-ngoh-ngoh-ecarte-le-rdpc-reaffirme-le-nom-de-son-candidat-prepare-pour-2025","og_locale":"fr_FR","og_type":"article","og_title":"Pr\u00e9sidentielle : Ngoh Ngoh \u00e9cart\u00e9, le RDPC r\u00e9affirme le nom de son candidat pr\u00e9par\u00e9 pour 2025","og_description":"La prochaine \u00e9lection pr\u00e9sidentielle au Cameroun est pr\u00e9vue pour l\u2019ann\u00e9e 2025. Occasion pour tous les partis politiques ...","og_url":"https:\/\/www.africa-press.net\/cameroun\/politique\/presidentielle-ngoh-ngoh-ecarte-le-rdpc-reaffirme-le-nom-de-son-candidat-prepare-pour-2025","og_site_name":"Cameroun","article_published_time":"2022-07-14T15:07:54+00:00","article_modified_time":"2022-07-14T15:36:02+00:00","og_image":[{"width":600,"height":341,"url":"https:\/\/static.africa-press.net\/cameroun\/sites\/57\/2022\/07\/postQueueImg_12-62d037d02a6fa.jpg","type":"image\/jpeg"}],"author":"cfeditorfr","twitter_card":"summary_large_image","twitter_misc":{"\u00c9crit par":"cfeditorfr","Dur\u00e9e de lecture estim\u00e9e":"2 minutes"},"schema":{"@context":"https:\/\/schema.org","@graph":[{"@type":"Article","@id":"https:\/\/www.africa-press.net\/cameroun\/politique\/presidentielle-ngoh-ngoh-ecarte-le-rdpc-reaffirme-le-nom-de-son-candidat-prepare-pour-2025#article","isPartOf":{"@id":"https:\/\/www.africa-press.net\/cameroun\/politique\/presidentielle-ngoh-ngoh-ecarte-le-rdpc-reaffirme-le-nom-de-son-candidat-prepare-pour-2025"},"author":{"name":"cfeditorfr","@id":"https:\/\/www.africa-press.net\/cameroun\/#\/schema\/person\/2b1cf3cd81a31e3cd26889ca66d677f1"},"headline":"Pr\u00e9sidentielle : Ngoh Ngoh \u00e9cart\u00e9, le RDPC r\u00e9affirme le nom de son candidat pr\u00e9par\u00e9 pour 2025","datePublished":"2022-07-14T15:07:54+00:00","dateModified":"2022-07-14T15:36:02+00:00","mainEntityOfPage":{"@id":"https:\/\/www.africa-press.net\/cameroun\/politique\/presidentielle-ngoh-ngoh-ecarte-le-rdpc-reaffirme-le-nom-de-son-candidat-prepare-pour-2025"},"wordCount":488,"commentCount":0,"image":{"@id":"https:\/\/www.africa-press.net\/cameroun\/politique\/presidentielle-ngoh-ngoh-ecarte-le-rdpc-reaffirme-le-nom-de-son-candidat-prepare-pour-2025#primaryimage"},"thumbnailUrl":"https:\/\/static.africa-press.net\/cameroun\/sites\/57\/2022\/07\/postQueueImg_12-62d037d02a6fa.jpg","keywords":["Africa Press","Africa Press-Cameroun","Cameroun"],"articleSection":["homepage-french","Politique","Top Nouvelles","Toutes les actualit\u00e9s"],"inLanguage":"fr-FR","potentialAction":[{"@type":"CommentAction","name":"Comment","target":["https:\/\/www.africa-press.net\/cameroun\/politique\/presidentielle-ngoh-ngoh-ecarte-le-rdpc-reaffirme-le-nom-de-son-candidat-prepare-pour-2025#respond"]}]},{"@type":"WebPage","@id":"https:\/\/www.africa-press.net\/cameroun\/politique\/presidentielle-ngoh-ngoh-ecarte-le-rdpc-reaffirme-le-nom-de-son-candidat-prepare-pour-2025","url":"https:\/\/www.africa-press.net\/cameroun\/politique\/presidentielle-ngoh-ngoh-ecarte-le-rdpc-reaffirme-le-nom-de-son-candidat-prepare-pour-2025","name":"Pr\u00e9sidentielle : Ngoh Ngoh \u00e9cart\u00e9, le RDPC r\u00e9affirme le nom de son candidat pr\u00e9par\u00e9 pour 2025 - Cameroun","isPartOf":{"@id":"https:\/\/www.africa-press.net\/cameroun\/#website"},"primaryImageOfPage":{"@id":"https:\/\/www.africa-press.net\/cameroun\/politique\/presidentielle-ngoh-ngoh-ecarte-le-rdpc-reaffirme-le-nom-de-son-candidat-prepare-pour-2025#primaryimage"},"image":{"@id":"https:\/\/www.africa-press.net\/cameroun\/politique\/presidentielle-ngoh-ngoh-ecarte-le-rdpc-reaffirme-le-nom-de-son-candidat-prepare-pour-2025#primaryimage"},"thumbnailUrl":"https:\/\/static.africa-press.net\/cameroun\/sites\/57\/2022\/07\/postQueueImg_12-62d037d02a6fa.jpg","datePublished":"2022-07-14T15:07:54+00:00","dateModified":"2022-07-14T15:36:02+00:00","author":{"@id":"https:\/\/www.africa-press.net\/cameroun\/#\/schema\/person\/2b1cf3cd81a31e3cd26889ca66d677f1"},"description":"La prochaine \u00e9lection pr\u00e9sidentielle au Cameroun est pr\u00e9vue pour l\u2019ann\u00e9e 2025. Occasion pour tous les partis politiques ...","breadcrumb":{"@id":"https:\/\/www.africa-press.net\/cameroun\/politique\/presidentielle-ngoh-ngoh-ecarte-le-rdpc-reaffirme-le-nom-de-son-candidat-prepare-pour-2025#breadcrumb"},"inLanguage":"fr-FR","potentialAction":[{"@type":"ReadAction","target":["https:\/\/www.africa-press.net\/cameroun\/politique\/presidentielle-ngoh-ngoh-ecarte-le-rdpc-reaffirme-le-nom-de-son-candidat-prepare-pour-2025"]}]},{"@type":"ImageObject","inLanguage":"fr-FR","@id":"https:\/\/www.africa-press.net\/cameroun\/politique\/presidentielle-ngoh-ngoh-ecarte-le-rdpc-reaffirme-le-nom-de-son-candidat-prepare-pour-2025#primaryimage","url":"https:\/\/static.africa-press.net\/cameroun\/sites\/57\/2022\/07\/postQueueImg_12-62d037d02a6fa.jpg","contentUrl":"https:\/\/static.africa-press.net\/cameroun\/sites\/57\/2022\/07\/postQueueImg_12-62d037d02a6fa.jpg","width":600,"height":341,"caption":"Pr\u00e9sidentielle : Ngoh Ngoh \u00e9cart\u00e9, le RDPC r\u00e9affirme le nom de son candidat pr\u00e9par\u00e9 pour 2025"},{"@type":"BreadcrumbList","@id":"https:\/\/www.africa-press.net\/cameroun\/politique\/presidentielle-ngoh-ngoh-ecarte-le-rdpc-reaffirme-le-nom-de-son-candidat-prepare-pour-2025#breadcrumb","itemListElement":[{"@type":"ListItem","position":1,"name":"Accueil","item":"https:\/\/www.africa-press.net\/cameroun\/"},{"@type":"ListItem","position":2,"name":"Pr\u00e9sidentielle : Ngoh Ngoh \u00e9cart\u00e9, le RDPC r\u00e9affirme le nom de son candidat pr\u00e9par\u00e9 pour 2025"}]},{"@type":"WebSite","@id":"https:\/\/www.africa-press.net\/cameroun\/#website","url":"https:\/\/www.africa-press.net\/cameroun\/","name":"Cameroun","description":"Just another Africa News Agency Sites site","potentialAction":[{"@type":"SearchAction","target":{"@type":"EntryPoint","urlTemplate":"https:\/\/www.africa-press.net\/cameroun\/?s={search_term_string}"},"query-input":{"@type":"PropertyValueSpecification","valueRequired":true,"valueName":"search_term_string"}}],"inLanguage":"fr-FR"},{"@type":"Person","@id":"https:\/\/www.africa-press.net\/cameroun\/#\/schema\/person\/2b1cf3cd81a31e3cd26889ca66d677f1","name":"cfeditorfr"}]}},"_links":{"self":[{"href":"https:\/\/www.africa-press.net\/cameroun\/wp-json\/wp\/v2\/posts\/23551","targetHints":{"allow":["GET"]}}],"collection":[{"href":"https:\/\/www.africa-press.net\/cameroun\/wp-json\/wp\/v2\/posts"}],"about":[{"href":"https:\/\/www.africa-press.net\/cameroun\/wp-json\/wp\/v2\/types\/post"}],"author":[{"embeddable":true,"href":"https:\/\/www.africa-press.net\/cameroun\/wp-json\/wp\/v2\/users\/82"}],"replies":[{"embeddable":true,"href":"https:\/\/www.africa-press.net\/cameroun\/wp-json\/wp\/v2\/comments?post=23551"}],"version-history":[{"count":0,"href":"https:\/\/www.africa-press.net\/cameroun\/wp-json\/wp\/v2\/posts\/23551\/revisions"}],"wp:featuredmedia":[{"embeddable":true,"href":"https:\/\/www.africa-press.net\/cameroun\/wp-json\/wp\/v2\/media\/23550"}],"wp:attachment":[{"href":"https:\/\/www.africa-press.net\/cameroun\/wp-json\/wp\/v2\/media?parent=23551"}],"wp:term":[{"taxonomy":"category","embeddable":true,"href":"https:\/\/www.africa-press.net\/cameroun\/wp-json\/wp\/v2\/categories?post=23551"},{"taxonomy":"post_tag","embeddable":true,"href":"https:\/\/www.africa-press.net\/cameroun\/wp-json\/wp\/v2\/tags?post=23551"}],"curies":[{"name":"wp","href":"https:\/\/api.w.org\/{rel}","templated":true}]}}