{"id":23571,"date":"2022-07-15T15:53:45","date_gmt":"2022-07-15T15:53:45","guid":{"rendered":"https:\/\/www.africa-press.net\/cameroun\/politique\/mindef-paul-biya-redistribue-les-cartes-au-sein-de-larmee"},"modified":"2022-07-15T15:54:02","modified_gmt":"2022-07-15T15:54:02","slug":"mindef-paul-biya-redistribue-les-cartes-au-sein-de-larmee","status":"publish","type":"post","link":"https:\/\/www.africa-press.net\/cameroun\/politique\/mindef-paul-biya-redistribue-les-cartes-au-sein-de-larmee","title":{"rendered":"MINDEF: Paul Biya redistribue les cartes au sein de l\u2019arm\u00e9e."},"content":{"rendered":"<p><span style=\"color: #ff6600\"><strong>Africa-Press &#8211; Cameroun. <\/strong><\/span>A la faveur de ce texte, le g\u00e9n\u00e9ral de brigade Nka Val\u00e8re, commandant de la 4eme R\u00e9gion militaire interarm\u00e9es avant sa nomination, prend la t\u00eate de l\u2019Ecole Sup\u00e9rieure internationale de Guerre en remplacement du Colonel Pierre Loti Tiokep.<\/p>\n<p>Notons que L\u2019Ecole Sup\u00e9rieure Internationale de Guerre (ESIG) cr\u00e9\u00e9e en 2005 au Cameroun est une \u00e9cole de formation des \u00e9lites militaires principalement africaines. En bin\u00f4me avec l\u2019Ecole de Guerre de Paris (qui forme les officiers sup\u00e9rieurs fran\u00e7ais), les deux institutions partagent un projet p\u00e9dagogique commun.<\/p>\n<p>D\u00e9sormais ex Commandant de l\u2019ESIG, le Colonel Pierre Loti Tiokep s\u2019est vu confier par le pr\u00e9sident de la R\u00e9publique, le poste de commandant du secteur 1 de la force multinationale mixte cr\u00e9\u00e9e pour combattre la secte islamiste Boko haram \u00e0 l\u2019 Extr\u00eame Nord du Cameroun et dans les environs.<\/p>\n<p><b>Ci-apr\u00e8s, le d\u00e9cret du Chef de l\u2019Etat camerounais<\/b><\/p>\n<p>qui touche l\u2019administration centrale et les commandements territoriaux.<\/p>\n<p><strong>Pour plus d&rsquo;informations et d&rsquo;analyses sur la <a href=\"https:\/\/www.africa-press.net\/cameroun\">Cameroun<\/a>, suivez <a href=\"https:\/\/www.africa-press.net\/\">Africa-Press<\/a><\/strong><\/p>\n","protected":false},"excerpt":{"rendered":"<p>Africa-Press &#8211; Cameroun. A la faveur de ce texte, le g\u00e9n\u00e9ral de brigade Nka Val\u00e8re, commandant de la 4eme R\u00e9gion militaire interarm\u00e9es avant sa nomination, prend la t\u00eate de l\u2019Ecole Sup\u00e9rieure internationale de Guerre en remplacement du Colonel Pierre Loti Tiokep. Notons que L\u2019Ecole Sup\u00e9rieure Internationale de Guerre (ESIG) cr\u00e9\u00e9e en 2005 au Cameroun est [&hellip;]<\/p>\n","protected":false},"author":82,"featured_media":23570,"comment_status":"open","ping_status":"closed","sticky":false,"template":"","format":"standard","meta":{"footnotes":""},"categories":[11,2,20,10],"tags":[36,50,49],"class_list":["post-23571","post","type-post","status-publish","format-standard","has-post-thumbnail","hentry","category-homepage-french","category-politique","category-top-nouvelles","category-toutes-les-actualites","tag-africa-press","tag-africa-press-cameroun","tag-cameroun"],"yoast_head":"<!-- This site is optimized with the Yoast SEO Premium plugin v26.1 (Yoast SEO v27.0) - https:\/\/yoast.com\/product\/yoast-seo-premium-wordpress\/ -->\n<title>MINDEF: Paul Biya redistribue les cartes au sein de l\u2019arm\u00e9e. - Cameroun<\/title>\n<meta name=\"description\" content=\"A la faveur de ce texte, le g\u00e9n\u00e9ral de brigade Nka Val\u00e8re, commandant de la 4eme R\u00e9gion militaire interarm\u00e9es avant sa n ...\" \/>\n<meta name=\"robots\" content=\"index, follow, max-snippet:-1, max-image-preview:large, max-video-preview:-1\" \/>\n<link rel=\"canonical\" href=\"https:\/\/www.africa-press.net\/cameroun\/politique\/mindef-paul-biya-redistribue-les-cartes-au-sein-de-larmee\" \/>\n<meta property=\"og:locale\" content=\"fr_FR\" \/>\n<meta property=\"og:type\" content=\"article\" \/>\n<meta property=\"og:title\" content=\"MINDEF: Paul Biya redistribue les cartes au sein de l\u2019arm\u00e9e.\" \/>\n<meta property=\"og:description\" content=\"A la faveur de ce texte, le g\u00e9n\u00e9ral de brigade Nka Val\u00e8re, commandant de la 4eme R\u00e9gion militaire interarm\u00e9es avant sa n ...\" \/>\n<meta property=\"og:url\" content=\"https:\/\/www.africa-press.net\/cameroun\/politique\/mindef-paul-biya-redistribue-les-cartes-au-sein-de-larmee\" \/>\n<meta property=\"og:site_name\" content=\"Cameroun\" \/>\n<meta property=\"article:published_time\" content=\"2022-07-15T15:53:45+00:00\" \/>\n<meta property=\"article:modified_time\" content=\"2022-07-15T15:54:02+00:00\" \/>\n<meta property=\"og:image\" content=\"https:\/\/static.africa-press.net\/cameroun\/sites\/57\/2022\/07\/img-62d18d7de0c13.jpg\" \/>\n\t<meta property=\"og:image:width\" content=\"800\" \/>\n\t<meta property=\"og:image:height\" content=\"438\" \/>\n\t<meta property=\"og:image:type\" content=\"image\/jpeg\" \/>\n<meta name=\"author\" content=\"cfeditorfr\" \/>\n<meta name=\"twitter:card\" content=\"summary_large_image\" \/>\n<meta name=\"twitter:label1\" content=\"\u00c9crit par\" \/>\n\t<meta name=\"twitter:data1\" content=\"cfeditorfr\" \/>\n\t<meta name=\"twitter:label2\" content=\"Dur\u00e9e de lecture estim\u00e9e\" \/>\n\t<meta name=\"twitter:data2\" content=\"1 minute\" \/>\n<script type=\"application\/ld+json\" class=\"yoast-schema-graph\">{\"@context\":\"https:\/\/schema.org\",\"@graph\":[{\"@type\":\"Article\",\"@id\":\"https:\/\/www.africa-press.net\/cameroun\/politique\/mindef-paul-biya-redistribue-les-cartes-au-sein-de-larmee#article\",\"isPartOf\":{\"@id\":\"https:\/\/www.africa-press.net\/cameroun\/politique\/mindef-paul-biya-redistribue-les-cartes-au-sein-de-larmee\"},\"author\":{\"name\":\"cfeditorfr\",\"@id\":\"https:\/\/www.africa-press.net\/cameroun\/#\/schema\/person\/2b1cf3cd81a31e3cd26889ca66d677f1\"},\"headline\":\"MINDEF: Paul Biya redistribue les cartes au sein de l\u2019arm\u00e9e.\",\"datePublished\":\"2022-07-15T15:53:45+00:00\",\"dateModified\":\"2022-07-15T15:54:02+00:00\",\"mainEntityOfPage\":{\"@id\":\"https:\/\/www.africa-press.net\/cameroun\/politique\/mindef-paul-biya-redistribue-les-cartes-au-sein-de-larmee\"},\"wordCount\":199,\"commentCount\":0,\"image\":{\"@id\":\"https:\/\/www.africa-press.net\/cameroun\/politique\/mindef-paul-biya-redistribue-les-cartes-au-sein-de-larmee#primaryimage\"},\"thumbnailUrl\":\"https:\/\/static.africa-press.net\/cameroun\/sites\/57\/2022\/07\/img-62d18d7de0c13.jpg\",\"keywords\":[\"Africa Press\",\"Africa Press-Cameroun\",\"Cameroun\"],\"articleSection\":[\"homepage-french\",\"Politique\",\"Top Nouvelles\",\"Toutes les actualit\u00e9s\"],\"inLanguage\":\"fr-FR\",\"potentialAction\":[{\"@type\":\"CommentAction\",\"name\":\"Comment\",\"target\":[\"https:\/\/www.africa-press.net\/cameroun\/politique\/mindef-paul-biya-redistribue-les-cartes-au-sein-de-larmee#respond\"]}]},{\"@type\":\"WebPage\",\"@id\":\"https:\/\/www.africa-press.net\/cameroun\/politique\/mindef-paul-biya-redistribue-les-cartes-au-sein-de-larmee\",\"url\":\"https:\/\/www.africa-press.net\/cameroun\/politique\/mindef-paul-biya-redistribue-les-cartes-au-sein-de-larmee\",\"name\":\"MINDEF: Paul Biya redistribue les cartes au sein de l\u2019arm\u00e9e. - Cameroun\",\"isPartOf\":{\"@id\":\"https:\/\/www.africa-press.net\/cameroun\/#website\"},\"primaryImageOfPage\":{\"@id\":\"https:\/\/www.africa-press.net\/cameroun\/politique\/mindef-paul-biya-redistribue-les-cartes-au-sein-de-larmee#primaryimage\"},\"image\":{\"@id\":\"https:\/\/www.africa-press.net\/cameroun\/politique\/mindef-paul-biya-redistribue-les-cartes-au-sein-de-larmee#primaryimage\"},\"thumbnailUrl\":\"https:\/\/static.africa-press.net\/cameroun\/sites\/57\/2022\/07\/img-62d18d7de0c13.jpg\",\"datePublished\":\"2022-07-15T15:53:45+00:00\",\"dateModified\":\"2022-07-15T15:54:02+00:00\",\"author\":{\"@id\":\"https:\/\/www.africa-press.net\/cameroun\/#\/schema\/person\/2b1cf3cd81a31e3cd26889ca66d677f1\"},\"description\":\"A la faveur de ce texte, le g\u00e9n\u00e9ral de brigade Nka Val\u00e8re, commandant de la 4eme R\u00e9gion militaire interarm\u00e9es avant sa n ...\",\"breadcrumb\":{\"@id\":\"https:\/\/www.africa-press.net\/cameroun\/politique\/mindef-paul-biya-redistribue-les-cartes-au-sein-de-larmee#breadcrumb\"},\"inLanguage\":\"fr-FR\",\"potentialAction\":[{\"@type\":\"ReadAction\",\"target\":[\"https:\/\/www.africa-press.net\/cameroun\/politique\/mindef-paul-biya-redistribue-les-cartes-au-sein-de-larmee\"]}]},{\"@type\":\"ImageObject\",\"inLanguage\":\"fr-FR\",\"@id\":\"https:\/\/www.africa-press.net\/cameroun\/politique\/mindef-paul-biya-redistribue-les-cartes-au-sein-de-larmee#primaryimage\",\"url\":\"https:\/\/static.africa-press.net\/cameroun\/sites\/57\/2022\/07\/img-62d18d7de0c13.jpg\",\"contentUrl\":\"https:\/\/static.africa-press.net\/cameroun\/sites\/57\/2022\/07\/img-62d18d7de0c13.jpg\",\"width\":800,\"height\":438,\"caption\":\"MINDEF: Paul Biya redistribue les cartes au sein de l\u2019arm\u00e9e.\"},{\"@type\":\"BreadcrumbList\",\"@id\":\"https:\/\/www.africa-press.net\/cameroun\/politique\/mindef-paul-biya-redistribue-les-cartes-au-sein-de-larmee#breadcrumb\",\"itemListElement\":[{\"@type\":\"ListItem\",\"position\":1,\"name\":\"Accueil\",\"item\":\"https:\/\/www.africa-press.net\/cameroun\/\"},{\"@type\":\"ListItem\",\"position\":2,\"name\":\"MINDEF: Paul Biya redistribue les cartes au sein de l\u2019arm\u00e9e.\"}]},{\"@type\":\"WebSite\",\"@id\":\"https:\/\/www.africa-press.net\/cameroun\/#website\",\"url\":\"https:\/\/www.africa-press.net\/cameroun\/\",\"name\":\"Cameroun\",\"description\":\"Just another Africa News Agency Sites site\",\"potentialAction\":[{\"@type\":\"SearchAction\",\"target\":{\"@type\":\"EntryPoint\",\"urlTemplate\":\"https:\/\/www.africa-press.net\/cameroun\/?s={search_term_string}\"},\"query-input\":{\"@type\":\"PropertyValueSpecification\",\"valueRequired\":true,\"valueName\":\"search_term_string\"}}],\"inLanguage\":\"fr-FR\"},{\"@type\":\"Person\",\"@id\":\"https:\/\/www.africa-press.net\/cameroun\/#\/schema\/person\/2b1cf3cd81a31e3cd26889ca66d677f1\",\"name\":\"cfeditorfr\"}]}<\/script>\n<!-- \/ Yoast SEO Premium plugin. -->","yoast_head_json":{"title":"MINDEF: Paul Biya redistribue les cartes au sein de l\u2019arm\u00e9e. - Cameroun","description":"A la faveur de ce texte, le g\u00e9n\u00e9ral de brigade Nka Val\u00e8re, commandant de la 4eme R\u00e9gion militaire interarm\u00e9es avant sa n ...","robots":{"index":"index","follow":"follow","max-snippet":"max-snippet:-1","max-image-preview":"max-image-preview:large","max-video-preview":"max-video-preview:-1"},"canonical":"https:\/\/www.africa-press.net\/cameroun\/politique\/mindef-paul-biya-redistribue-les-cartes-au-sein-de-larmee","og_locale":"fr_FR","og_type":"article","og_title":"MINDEF: Paul Biya redistribue les cartes au sein de l\u2019arm\u00e9e.","og_description":"A la faveur de ce texte, le g\u00e9n\u00e9ral de brigade Nka Val\u00e8re, commandant de la 4eme R\u00e9gion militaire interarm\u00e9es avant sa n ...","og_url":"https:\/\/www.africa-press.net\/cameroun\/politique\/mindef-paul-biya-redistribue-les-cartes-au-sein-de-larmee","og_site_name":"Cameroun","article_published_time":"2022-07-15T15:53:45+00:00","article_modified_time":"2022-07-15T15:54:02+00:00","og_image":[{"width":800,"height":438,"url":"https:\/\/static.africa-press.net\/cameroun\/sites\/57\/2022\/07\/img-62d18d7de0c13.jpg","type":"image\/jpeg"}],"author":"cfeditorfr","twitter_card":"summary_large_image","twitter_misc":{"\u00c9crit par":"cfeditorfr","Dur\u00e9e de lecture estim\u00e9e":"1 minute"},"schema":{"@context":"https:\/\/schema.org","@graph":[{"@type":"Article","@id":"https:\/\/www.africa-press.net\/cameroun\/politique\/mindef-paul-biya-redistribue-les-cartes-au-sein-de-larmee#article","isPartOf":{"@id":"https:\/\/www.africa-press.net\/cameroun\/politique\/mindef-paul-biya-redistribue-les-cartes-au-sein-de-larmee"},"author":{"name":"cfeditorfr","@id":"https:\/\/www.africa-press.net\/cameroun\/#\/schema\/person\/2b1cf3cd81a31e3cd26889ca66d677f1"},"headline":"MINDEF: Paul Biya redistribue les cartes au sein de l\u2019arm\u00e9e.","datePublished":"2022-07-15T15:53:45+00:00","dateModified":"2022-07-15T15:54:02+00:00","mainEntityOfPage":{"@id":"https:\/\/www.africa-press.net\/cameroun\/politique\/mindef-paul-biya-redistribue-les-cartes-au-sein-de-larmee"},"wordCount":199,"commentCount":0,"image":{"@id":"https:\/\/www.africa-press.net\/cameroun\/politique\/mindef-paul-biya-redistribue-les-cartes-au-sein-de-larmee#primaryimage"},"thumbnailUrl":"https:\/\/static.africa-press.net\/cameroun\/sites\/57\/2022\/07\/img-62d18d7de0c13.jpg","keywords":["Africa Press","Africa Press-Cameroun","Cameroun"],"articleSection":["homepage-french","Politique","Top Nouvelles","Toutes les actualit\u00e9s"],"inLanguage":"fr-FR","potentialAction":[{"@type":"CommentAction","name":"Comment","target":["https:\/\/www.africa-press.net\/cameroun\/politique\/mindef-paul-biya-redistribue-les-cartes-au-sein-de-larmee#respond"]}]},{"@type":"WebPage","@id":"https:\/\/www.africa-press.net\/cameroun\/politique\/mindef-paul-biya-redistribue-les-cartes-au-sein-de-larmee","url":"https:\/\/www.africa-press.net\/cameroun\/politique\/mindef-paul-biya-redistribue-les-cartes-au-sein-de-larmee","name":"MINDEF: Paul Biya redistribue les cartes au sein de l\u2019arm\u00e9e. - Cameroun","isPartOf":{"@id":"https:\/\/www.africa-press.net\/cameroun\/#website"},"primaryImageOfPage":{"@id":"https:\/\/www.africa-press.net\/cameroun\/politique\/mindef-paul-biya-redistribue-les-cartes-au-sein-de-larmee#primaryimage"},"image":{"@id":"https:\/\/www.africa-press.net\/cameroun\/politique\/mindef-paul-biya-redistribue-les-cartes-au-sein-de-larmee#primaryimage"},"thumbnailUrl":"https:\/\/static.africa-press.net\/cameroun\/sites\/57\/2022\/07\/img-62d18d7de0c13.jpg","datePublished":"2022-07-15T15:53:45+00:00","dateModified":"2022-07-15T15:54:02+00:00","author":{"@id":"https:\/\/www.africa-press.net\/cameroun\/#\/schema\/person\/2b1cf3cd81a31e3cd26889ca66d677f1"},"description":"A la faveur de ce texte, le g\u00e9n\u00e9ral de brigade Nka Val\u00e8re, commandant de la 4eme R\u00e9gion militaire interarm\u00e9es avant sa n ...","breadcrumb":{"@id":"https:\/\/www.africa-press.net\/cameroun\/politique\/mindef-paul-biya-redistribue-les-cartes-au-sein-de-larmee#breadcrumb"},"inLanguage":"fr-FR","potentialAction":[{"@type":"ReadAction","target":["https:\/\/www.africa-press.net\/cameroun\/politique\/mindef-paul-biya-redistribue-les-cartes-au-sein-de-larmee"]}]},{"@type":"ImageObject","inLanguage":"fr-FR","@id":"https:\/\/www.africa-press.net\/cameroun\/politique\/mindef-paul-biya-redistribue-les-cartes-au-sein-de-larmee#primaryimage","url":"https:\/\/static.africa-press.net\/cameroun\/sites\/57\/2022\/07\/img-62d18d7de0c13.jpg","contentUrl":"https:\/\/static.africa-press.net\/cameroun\/sites\/57\/2022\/07\/img-62d18d7de0c13.jpg","width":800,"height":438,"caption":"MINDEF: Paul Biya redistribue les cartes au sein de l\u2019arm\u00e9e."},{"@type":"BreadcrumbList","@id":"https:\/\/www.africa-press.net\/cameroun\/politique\/mindef-paul-biya-redistribue-les-cartes-au-sein-de-larmee#breadcrumb","itemListElement":[{"@type":"ListItem","position":1,"name":"Accueil","item":"https:\/\/www.africa-press.net\/cameroun\/"},{"@type":"ListItem","position":2,"name":"MINDEF: Paul Biya redistribue les cartes au sein de l\u2019arm\u00e9e."}]},{"@type":"WebSite","@id":"https:\/\/www.africa-press.net\/cameroun\/#website","url":"https:\/\/www.africa-press.net\/cameroun\/","name":"Cameroun","description":"Just another Africa News Agency Sites site","potentialAction":[{"@type":"SearchAction","target":{"@type":"EntryPoint","urlTemplate":"https:\/\/www.africa-press.net\/cameroun\/?s={search_term_string}"},"query-input":{"@type":"PropertyValueSpecification","valueRequired":true,"valueName":"search_term_string"}}],"inLanguage":"fr-FR"},{"@type":"Person","@id":"https:\/\/www.africa-press.net\/cameroun\/#\/schema\/person\/2b1cf3cd81a31e3cd26889ca66d677f1","name":"cfeditorfr"}]}},"_links":{"self":[{"href":"https:\/\/www.africa-press.net\/cameroun\/wp-json\/wp\/v2\/posts\/23571","targetHints":{"allow":["GET"]}}],"collection":[{"href":"https:\/\/www.africa-press.net\/cameroun\/wp-json\/wp\/v2\/posts"}],"about":[{"href":"https:\/\/www.africa-press.net\/cameroun\/wp-json\/wp\/v2\/types\/post"}],"author":[{"embeddable":true,"href":"https:\/\/www.africa-press.net\/cameroun\/wp-json\/wp\/v2\/users\/82"}],"replies":[{"embeddable":true,"href":"https:\/\/www.africa-press.net\/cameroun\/wp-json\/wp\/v2\/comments?post=23571"}],"version-history":[{"count":0,"href":"https:\/\/www.africa-press.net\/cameroun\/wp-json\/wp\/v2\/posts\/23571\/revisions"}],"wp:featuredmedia":[{"embeddable":true,"href":"https:\/\/www.africa-press.net\/cameroun\/wp-json\/wp\/v2\/media\/23570"}],"wp:attachment":[{"href":"https:\/\/www.africa-press.net\/cameroun\/wp-json\/wp\/v2\/media?parent=23571"}],"wp:term":[{"taxonomy":"category","embeddable":true,"href":"https:\/\/www.africa-press.net\/cameroun\/wp-json\/wp\/v2\/categories?post=23571"},{"taxonomy":"post_tag","embeddable":true,"href":"https:\/\/www.africa-press.net\/cameroun\/wp-json\/wp\/v2\/tags?post=23571"}],"curies":[{"name":"wp","href":"https:\/\/api.w.org\/{rel}","templated":true}]}}