{"id":2358,"date":"2021-04-23T21:37:12","date_gmt":"2021-04-23T21:37:12","guid":{"rendered":"https:\/\/www.africa-press.net\/cameroun\/politique\/licenciement-de-jean-jacques-ze-amougou-belinga-provoque-la-colere-des-journalistes"},"modified":"2021-04-23T21:52:24","modified_gmt":"2021-04-23T21:52:24","slug":"licenciement-de-jean-jacques-ze-amougou-belinga-provoque-la-colere-des-journalistes","status":"publish","type":"post","link":"https:\/\/www.africa-press.net\/cameroun\/toutes-les-actualites\/licenciement-de-jean-jacques-ze-amougou-belinga-provoque-la-colere-des-journalistes","title":{"rendered":"Licenciement de Jean Jacques Ze: Amougou Belinga provoque la col\u00e8re des journalistes"},"content":{"rendered":"<p><span style=\"color: #ff6600\"><strong><a href=\"https:\/\/www.africa-press.net\/\">Africa-Press<\/a> &#8211; <a href=\"https:\/\/www.africa-press.net\/cameroun\">Cameroun<\/a>. <\/strong><\/span>Le pr\u00e9sident du Syndicat National des Journalistes du Cameroun Section Centre Thierry Eba le licenciement de Jean Jacques Ze de la cha\u00eene de t\u00e9l\u00e9vision Vision 4.<\/p>\n<p>Dans un communiqu\u00e9 dont la r\u00e9daction de camerounweb a obtenu copie, il d\u00e9clare que cette d\u00e9cision prise par Jean-Pierre Amougou Belinga est \u00ab\u00a0en violation grave des usages en vigueur en la mati\u00e8re\u00a0\u00bb.<\/p>\n<p>Ci-dessous l&rsquo;int\u00e9gralit\u00e9 du communiqu\u00e9<\/p>\n<p>Le Syndicat National des Journalistes du Cameroun via sa section Centre, prend acte de la d\u00e9cision par voie de communiqu\u00e9 rendu public le mercredi 21 avril 2021 sur les antennes de la cha\u00eene de t\u00e9l\u00e9vision Vision 4, qui rel\u00e8ve de ses fonctions de Directeur G\u00e9n\u00e9ral, le Journaliste Jean Jacques ZE.<\/p>\n<p>Le SNJC d\u00e9nonce avec la derni\u00e8re \u00e9nergie cette d\u00e9cision, en violation grave des usages en vigueur en la mati\u00e8re.<br \/>\nNotamment :<\/p>\n<p>\u2022 L\u2019absence de convocation de l\u2019incrimin\u00e9 pour un entretien pr\u00e9alable<\/p>\n<p>\u2022 L\u2019absence de notification de la faute qualifi\u00e9e de grave \u00e0 l\u2019int\u00e9ress\u00e9<\/p>\n<p>\u2022 L\u2019impossibilit\u00e9 pour l&#8217;employ\u00e9 d&rsquo;organiser sa d\u00e9fense<\/p>\n<p>\u2022 Rel\u00e8ve le caract\u00e8re discriminatoire de ladite d\u00e9cision, en violation de la Convention Num\u00e9ro 111 de l\u2019Organisation Internationale du Travail. Bien plus du risque qui p\u00e8se sur l\u2019ensemble des travailleurs de cette entreprise qui exercent pour la plupart sous des contraintes.<\/p>\n<p>\u2022 Attire l\u2019attention du top management du Groupe l&rsquo;Anecdote quant aux risques d\u00e9coulant d&rsquo;une telle initiative dans un environnement o\u00f9 l\u2019emploi est de plus en plus pr\u00e9caire.<\/p>\n<p>\u2022 Fustige l\u2019attitude de l\u2019\u00c9tat du Cameroun, qui semble avoir d\u00e9missionn\u00e9 de son r\u00f4le de r\u00e9gulateur, au point de clochardiser la profession de journaliste.<\/p>\n<p>\u2022 R\u00e9it\u00e8re la volont\u00e9 du Syndicat National des Journalistes du Cameroun, de voir une presse beaucoup plus libre et o\u00f9 les droits des travailleurs sont respect\u00e9s.<\/p>\n<p>En attendant que notification soit officiellement faite \u00e0 l&rsquo;int\u00e9ress\u00e9, le Syndicat National suit attentivement l\u2019\u00e9volution de cette affaire qui concerne directement l&rsquo;un de ses membres et se r\u00e9serve tout droit d\u2019intervenir, en tant que de besoin.<\/p>\n<p>Pour le Syndicat National des Journalistes du Cameroun Section Centre, le Pr\u00e9sident, Thierry Eba.<\/p>\n","protected":false},"excerpt":{"rendered":"<p>Africa-Press &#8211; Cameroun. Le pr\u00e9sident du Syndicat National des Journalistes du Cameroun Section Centre Thierry Eba le licenciement de Jean Jacques Ze de la cha\u00eene de t\u00e9l\u00e9vision Vision 4. Dans un communiqu\u00e9 dont la r\u00e9daction de camerounweb a obtenu copie, il d\u00e9clare que cette d\u00e9cision prise par Jean-Pierre Amougou Belinga est \u00ab\u00a0en violation grave des [&hellip;]<\/p>\n","protected":false},"author":82,"featured_media":2357,"comment_status":"open","ping_status":"closed","sticky":false,"template":"","format":"standard","meta":{"footnotes":""},"categories":[21,11,10],"tags":[36,50,49],"class_list":["post-2358","post","type-post","status-publish","format-standard","has-post-thumbnail","hentry","category-communaute","category-homepage-french","category-toutes-les-actualites","tag-africa-press","tag-africa-press-cameroun","tag-cameroun"],"yoast_head":"<!-- This site is optimized with the Yoast SEO Premium plugin v26.1 (Yoast SEO v27.0) - https:\/\/yoast.com\/product\/yoast-seo-premium-wordpress\/ -->\n<title>Licenciement de Jean Jacques Ze: Amougou Belinga provoque la col\u00e8re des journalistes - Cameroun<\/title>\n<meta name=\"description\" content=\"Le pr\u00e9sident du Syndicat National des Journalistes du Cameroun Section Centre Thierry Eba le licenciement de Jean Jacque ...\" \/>\n<meta name=\"robots\" content=\"index, follow, max-snippet:-1, max-image-preview:large, max-video-preview:-1\" \/>\n<link rel=\"canonical\" href=\"https:\/\/www.africa-press.net\/cameroun\/toutes-les-actualites\/licenciement-de-jean-jacques-ze-amougou-belinga-provoque-la-colere-des-journalistes\" \/>\n<meta property=\"og:locale\" content=\"fr_FR\" \/>\n<meta property=\"og:type\" content=\"article\" \/>\n<meta property=\"og:title\" content=\"Licenciement de Jean Jacques Ze: Amougou Belinga provoque la col\u00e8re des journalistes\" \/>\n<meta property=\"og:description\" content=\"Le pr\u00e9sident du Syndicat National des Journalistes du Cameroun Section Centre Thierry Eba le licenciement de Jean Jacque ...\" \/>\n<meta property=\"og:url\" content=\"https:\/\/www.africa-press.net\/cameroun\/toutes-les-actualites\/licenciement-de-jean-jacques-ze-amougou-belinga-provoque-la-colere-des-journalistes\" \/>\n<meta property=\"og:site_name\" content=\"Cameroun\" \/>\n<meta property=\"article:published_time\" content=\"2021-04-23T21:37:12+00:00\" \/>\n<meta property=\"article:modified_time\" content=\"2021-04-23T21:52:24+00:00\" \/>\n<meta property=\"og:image\" content=\"https:\/\/static.africa-press.net\/cameroun\/sites\/57\/2021\/04\/img-6083417b5cac4.jpg\" \/>\n\t<meta property=\"og:image:width\" content=\"1746\" \/>\n\t<meta property=\"og:image:height\" content=\"1080\" \/>\n\t<meta property=\"og:image:type\" content=\"image\/jpeg\" \/>\n<meta name=\"author\" content=\"cfeditorfr\" \/>\n<meta name=\"twitter:card\" content=\"summary_large_image\" \/>\n<meta name=\"twitter:label1\" content=\"\u00c9crit par\" \/>\n\t<meta name=\"twitter:data1\" content=\"cfeditorfr\" \/>\n\t<meta name=\"twitter:label2\" content=\"Dur\u00e9e de lecture estim\u00e9e\" \/>\n\t<meta name=\"twitter:data2\" content=\"2 minutes\" \/>\n<script type=\"application\/ld+json\" class=\"yoast-schema-graph\">{\"@context\":\"https:\/\/schema.org\",\"@graph\":[{\"@type\":\"Article\",\"@id\":\"https:\/\/www.africa-press.net\/cameroun\/toutes-les-actualites\/licenciement-de-jean-jacques-ze-amougou-belinga-provoque-la-colere-des-journalistes#article\",\"isPartOf\":{\"@id\":\"https:\/\/www.africa-press.net\/cameroun\/toutes-les-actualites\/licenciement-de-jean-jacques-ze-amougou-belinga-provoque-la-colere-des-journalistes\"},\"author\":{\"name\":\"cfeditorfr\",\"@id\":\"https:\/\/www.africa-press.net\/cameroun\/#\/schema\/person\/2b1cf3cd81a31e3cd26889ca66d677f1\"},\"headline\":\"Licenciement de Jean Jacques Ze: Amougou Belinga provoque la col\u00e8re des journalistes\",\"datePublished\":\"2021-04-23T21:37:12+00:00\",\"dateModified\":\"2021-04-23T21:52:24+00:00\",\"mainEntityOfPage\":{\"@id\":\"https:\/\/www.africa-press.net\/cameroun\/toutes-les-actualites\/licenciement-de-jean-jacques-ze-amougou-belinga-provoque-la-colere-des-journalistes\"},\"wordCount\":391,\"commentCount\":0,\"image\":{\"@id\":\"https:\/\/www.africa-press.net\/cameroun\/toutes-les-actualites\/licenciement-de-jean-jacques-ze-amougou-belinga-provoque-la-colere-des-journalistes#primaryimage\"},\"thumbnailUrl\":\"https:\/\/static.africa-press.net\/cameroun\/sites\/57\/2021\/04\/img-6083417b5cac4.jpg\",\"keywords\":[\"Africa Press\",\"Africa Press-Cameroun\",\"Cameroun\"],\"articleSection\":[\"Communaut\u00e9\",\"homepage-french\",\"Toutes les actualit\u00e9s\"],\"inLanguage\":\"fr-FR\",\"potentialAction\":[{\"@type\":\"CommentAction\",\"name\":\"Comment\",\"target\":[\"https:\/\/www.africa-press.net\/cameroun\/toutes-les-actualites\/licenciement-de-jean-jacques-ze-amougou-belinga-provoque-la-colere-des-journalistes#respond\"]}]},{\"@type\":\"WebPage\",\"@id\":\"https:\/\/www.africa-press.net\/cameroun\/toutes-les-actualites\/licenciement-de-jean-jacques-ze-amougou-belinga-provoque-la-colere-des-journalistes\",\"url\":\"https:\/\/www.africa-press.net\/cameroun\/toutes-les-actualites\/licenciement-de-jean-jacques-ze-amougou-belinga-provoque-la-colere-des-journalistes\",\"name\":\"Licenciement de Jean Jacques Ze: Amougou Belinga provoque la col\u00e8re des journalistes - Cameroun\",\"isPartOf\":{\"@id\":\"https:\/\/www.africa-press.net\/cameroun\/#website\"},\"primaryImageOfPage\":{\"@id\":\"https:\/\/www.africa-press.net\/cameroun\/toutes-les-actualites\/licenciement-de-jean-jacques-ze-amougou-belinga-provoque-la-colere-des-journalistes#primaryimage\"},\"image\":{\"@id\":\"https:\/\/www.africa-press.net\/cameroun\/toutes-les-actualites\/licenciement-de-jean-jacques-ze-amougou-belinga-provoque-la-colere-des-journalistes#primaryimage\"},\"thumbnailUrl\":\"https:\/\/static.africa-press.net\/cameroun\/sites\/57\/2021\/04\/img-6083417b5cac4.jpg\",\"datePublished\":\"2021-04-23T21:37:12+00:00\",\"dateModified\":\"2021-04-23T21:52:24+00:00\",\"author\":{\"@id\":\"https:\/\/www.africa-press.net\/cameroun\/#\/schema\/person\/2b1cf3cd81a31e3cd26889ca66d677f1\"},\"description\":\"Le pr\u00e9sident du Syndicat National des Journalistes du Cameroun Section Centre Thierry Eba le licenciement de Jean Jacque ...\",\"breadcrumb\":{\"@id\":\"https:\/\/www.africa-press.net\/cameroun\/toutes-les-actualites\/licenciement-de-jean-jacques-ze-amougou-belinga-provoque-la-colere-des-journalistes#breadcrumb\"},\"inLanguage\":\"fr-FR\",\"potentialAction\":[{\"@type\":\"ReadAction\",\"target\":[\"https:\/\/www.africa-press.net\/cameroun\/toutes-les-actualites\/licenciement-de-jean-jacques-ze-amougou-belinga-provoque-la-colere-des-journalistes\"]}]},{\"@type\":\"ImageObject\",\"inLanguage\":\"fr-FR\",\"@id\":\"https:\/\/www.africa-press.net\/cameroun\/toutes-les-actualites\/licenciement-de-jean-jacques-ze-amougou-belinga-provoque-la-colere-des-journalistes#primaryimage\",\"url\":\"https:\/\/static.africa-press.net\/cameroun\/sites\/57\/2021\/04\/img-6083417b5cac4.jpg\",\"contentUrl\":\"https:\/\/static.africa-press.net\/cameroun\/sites\/57\/2021\/04\/img-6083417b5cac4.jpg\",\"width\":1746,\"height\":1080,\"caption\":\"Licenciement de Jean Jacques Ze: Amougou Belinga provoque la col\u00e8re des journalistes\"},{\"@type\":\"BreadcrumbList\",\"@id\":\"https:\/\/www.africa-press.net\/cameroun\/toutes-les-actualites\/licenciement-de-jean-jacques-ze-amougou-belinga-provoque-la-colere-des-journalistes#breadcrumb\",\"itemListElement\":[{\"@type\":\"ListItem\",\"position\":1,\"name\":\"Accueil\",\"item\":\"https:\/\/www.africa-press.net\/cameroun\/\"},{\"@type\":\"ListItem\",\"position\":2,\"name\":\"Licenciement de Jean Jacques Ze: Amougou Belinga provoque la col\u00e8re des journalistes\"}]},{\"@type\":\"WebSite\",\"@id\":\"https:\/\/www.africa-press.net\/cameroun\/#website\",\"url\":\"https:\/\/www.africa-press.net\/cameroun\/\",\"name\":\"Cameroun\",\"description\":\"Just another Africa News Agency Sites site\",\"potentialAction\":[{\"@type\":\"SearchAction\",\"target\":{\"@type\":\"EntryPoint\",\"urlTemplate\":\"https:\/\/www.africa-press.net\/cameroun\/?s={search_term_string}\"},\"query-input\":{\"@type\":\"PropertyValueSpecification\",\"valueRequired\":true,\"valueName\":\"search_term_string\"}}],\"inLanguage\":\"fr-FR\"},{\"@type\":\"Person\",\"@id\":\"https:\/\/www.africa-press.net\/cameroun\/#\/schema\/person\/2b1cf3cd81a31e3cd26889ca66d677f1\",\"name\":\"cfeditorfr\"}]}<\/script>\n<!-- \/ Yoast SEO Premium plugin. -->","yoast_head_json":{"title":"Licenciement de Jean Jacques Ze: Amougou Belinga provoque la col\u00e8re des journalistes - Cameroun","description":"Le pr\u00e9sident du Syndicat National des Journalistes du Cameroun Section Centre Thierry Eba le licenciement de Jean Jacque ...","robots":{"index":"index","follow":"follow","max-snippet":"max-snippet:-1","max-image-preview":"max-image-preview:large","max-video-preview":"max-video-preview:-1"},"canonical":"https:\/\/www.africa-press.net\/cameroun\/toutes-les-actualites\/licenciement-de-jean-jacques-ze-amougou-belinga-provoque-la-colere-des-journalistes","og_locale":"fr_FR","og_type":"article","og_title":"Licenciement de Jean Jacques Ze: Amougou Belinga provoque la col\u00e8re des journalistes","og_description":"Le pr\u00e9sident du Syndicat National des Journalistes du Cameroun Section Centre Thierry Eba le licenciement de Jean Jacque ...","og_url":"https:\/\/www.africa-press.net\/cameroun\/toutes-les-actualites\/licenciement-de-jean-jacques-ze-amougou-belinga-provoque-la-colere-des-journalistes","og_site_name":"Cameroun","article_published_time":"2021-04-23T21:37:12+00:00","article_modified_time":"2021-04-23T21:52:24+00:00","og_image":[{"width":1746,"height":1080,"url":"https:\/\/static.africa-press.net\/cameroun\/sites\/57\/2021\/04\/img-6083417b5cac4.jpg","type":"image\/jpeg"}],"author":"cfeditorfr","twitter_card":"summary_large_image","twitter_misc":{"\u00c9crit par":"cfeditorfr","Dur\u00e9e de lecture estim\u00e9e":"2 minutes"},"schema":{"@context":"https:\/\/schema.org","@graph":[{"@type":"Article","@id":"https:\/\/www.africa-press.net\/cameroun\/toutes-les-actualites\/licenciement-de-jean-jacques-ze-amougou-belinga-provoque-la-colere-des-journalistes#article","isPartOf":{"@id":"https:\/\/www.africa-press.net\/cameroun\/toutes-les-actualites\/licenciement-de-jean-jacques-ze-amougou-belinga-provoque-la-colere-des-journalistes"},"author":{"name":"cfeditorfr","@id":"https:\/\/www.africa-press.net\/cameroun\/#\/schema\/person\/2b1cf3cd81a31e3cd26889ca66d677f1"},"headline":"Licenciement de Jean Jacques Ze: Amougou Belinga provoque la col\u00e8re des journalistes","datePublished":"2021-04-23T21:37:12+00:00","dateModified":"2021-04-23T21:52:24+00:00","mainEntityOfPage":{"@id":"https:\/\/www.africa-press.net\/cameroun\/toutes-les-actualites\/licenciement-de-jean-jacques-ze-amougou-belinga-provoque-la-colere-des-journalistes"},"wordCount":391,"commentCount":0,"image":{"@id":"https:\/\/www.africa-press.net\/cameroun\/toutes-les-actualites\/licenciement-de-jean-jacques-ze-amougou-belinga-provoque-la-colere-des-journalistes#primaryimage"},"thumbnailUrl":"https:\/\/static.africa-press.net\/cameroun\/sites\/57\/2021\/04\/img-6083417b5cac4.jpg","keywords":["Africa Press","Africa Press-Cameroun","Cameroun"],"articleSection":["Communaut\u00e9","homepage-french","Toutes les actualit\u00e9s"],"inLanguage":"fr-FR","potentialAction":[{"@type":"CommentAction","name":"Comment","target":["https:\/\/www.africa-press.net\/cameroun\/toutes-les-actualites\/licenciement-de-jean-jacques-ze-amougou-belinga-provoque-la-colere-des-journalistes#respond"]}]},{"@type":"WebPage","@id":"https:\/\/www.africa-press.net\/cameroun\/toutes-les-actualites\/licenciement-de-jean-jacques-ze-amougou-belinga-provoque-la-colere-des-journalistes","url":"https:\/\/www.africa-press.net\/cameroun\/toutes-les-actualites\/licenciement-de-jean-jacques-ze-amougou-belinga-provoque-la-colere-des-journalistes","name":"Licenciement de Jean Jacques Ze: Amougou Belinga provoque la col\u00e8re des journalistes - Cameroun","isPartOf":{"@id":"https:\/\/www.africa-press.net\/cameroun\/#website"},"primaryImageOfPage":{"@id":"https:\/\/www.africa-press.net\/cameroun\/toutes-les-actualites\/licenciement-de-jean-jacques-ze-amougou-belinga-provoque-la-colere-des-journalistes#primaryimage"},"image":{"@id":"https:\/\/www.africa-press.net\/cameroun\/toutes-les-actualites\/licenciement-de-jean-jacques-ze-amougou-belinga-provoque-la-colere-des-journalistes#primaryimage"},"thumbnailUrl":"https:\/\/static.africa-press.net\/cameroun\/sites\/57\/2021\/04\/img-6083417b5cac4.jpg","datePublished":"2021-04-23T21:37:12+00:00","dateModified":"2021-04-23T21:52:24+00:00","author":{"@id":"https:\/\/www.africa-press.net\/cameroun\/#\/schema\/person\/2b1cf3cd81a31e3cd26889ca66d677f1"},"description":"Le pr\u00e9sident du Syndicat National des Journalistes du Cameroun Section Centre Thierry Eba le licenciement de Jean Jacque ...","breadcrumb":{"@id":"https:\/\/www.africa-press.net\/cameroun\/toutes-les-actualites\/licenciement-de-jean-jacques-ze-amougou-belinga-provoque-la-colere-des-journalistes#breadcrumb"},"inLanguage":"fr-FR","potentialAction":[{"@type":"ReadAction","target":["https:\/\/www.africa-press.net\/cameroun\/toutes-les-actualites\/licenciement-de-jean-jacques-ze-amougou-belinga-provoque-la-colere-des-journalistes"]}]},{"@type":"ImageObject","inLanguage":"fr-FR","@id":"https:\/\/www.africa-press.net\/cameroun\/toutes-les-actualites\/licenciement-de-jean-jacques-ze-amougou-belinga-provoque-la-colere-des-journalistes#primaryimage","url":"https:\/\/static.africa-press.net\/cameroun\/sites\/57\/2021\/04\/img-6083417b5cac4.jpg","contentUrl":"https:\/\/static.africa-press.net\/cameroun\/sites\/57\/2021\/04\/img-6083417b5cac4.jpg","width":1746,"height":1080,"caption":"Licenciement de Jean Jacques Ze: Amougou Belinga provoque la col\u00e8re des journalistes"},{"@type":"BreadcrumbList","@id":"https:\/\/www.africa-press.net\/cameroun\/toutes-les-actualites\/licenciement-de-jean-jacques-ze-amougou-belinga-provoque-la-colere-des-journalistes#breadcrumb","itemListElement":[{"@type":"ListItem","position":1,"name":"Accueil","item":"https:\/\/www.africa-press.net\/cameroun\/"},{"@type":"ListItem","position":2,"name":"Licenciement de Jean Jacques Ze: Amougou Belinga provoque la col\u00e8re des journalistes"}]},{"@type":"WebSite","@id":"https:\/\/www.africa-press.net\/cameroun\/#website","url":"https:\/\/www.africa-press.net\/cameroun\/","name":"Cameroun","description":"Just another Africa News Agency Sites site","potentialAction":[{"@type":"SearchAction","target":{"@type":"EntryPoint","urlTemplate":"https:\/\/www.africa-press.net\/cameroun\/?s={search_term_string}"},"query-input":{"@type":"PropertyValueSpecification","valueRequired":true,"valueName":"search_term_string"}}],"inLanguage":"fr-FR"},{"@type":"Person","@id":"https:\/\/www.africa-press.net\/cameroun\/#\/schema\/person\/2b1cf3cd81a31e3cd26889ca66d677f1","name":"cfeditorfr"}]}},"_links":{"self":[{"href":"https:\/\/www.africa-press.net\/cameroun\/wp-json\/wp\/v2\/posts\/2358","targetHints":{"allow":["GET"]}}],"collection":[{"href":"https:\/\/www.africa-press.net\/cameroun\/wp-json\/wp\/v2\/posts"}],"about":[{"href":"https:\/\/www.africa-press.net\/cameroun\/wp-json\/wp\/v2\/types\/post"}],"author":[{"embeddable":true,"href":"https:\/\/www.africa-press.net\/cameroun\/wp-json\/wp\/v2\/users\/82"}],"replies":[{"embeddable":true,"href":"https:\/\/www.africa-press.net\/cameroun\/wp-json\/wp\/v2\/comments?post=2358"}],"version-history":[{"count":0,"href":"https:\/\/www.africa-press.net\/cameroun\/wp-json\/wp\/v2\/posts\/2358\/revisions"}],"wp:featuredmedia":[{"embeddable":true,"href":"https:\/\/www.africa-press.net\/cameroun\/wp-json\/wp\/v2\/media\/2357"}],"wp:attachment":[{"href":"https:\/\/www.africa-press.net\/cameroun\/wp-json\/wp\/v2\/media?parent=2358"}],"wp:term":[{"taxonomy":"category","embeddable":true,"href":"https:\/\/www.africa-press.net\/cameroun\/wp-json\/wp\/v2\/categories?post=2358"},{"taxonomy":"post_tag","embeddable":true,"href":"https:\/\/www.africa-press.net\/cameroun\/wp-json\/wp\/v2\/tags?post=2358"}],"curies":[{"name":"wp","href":"https:\/\/api.w.org\/{rel}","templated":true}]}}