{"id":23580,"date":"2022-07-15T13:19:31","date_gmt":"2022-07-15T13:19:31","guid":{"rendered":"https:\/\/www.africa-press.net\/cameroun\/politique\/insecurite-emmanuel-djikdent-prefet-du-mfoundi-nous-devons-anticiper-et-etouffer-dans-loeuf-toutes-les-velleites"},"modified":"2022-07-15T15:55:47","modified_gmt":"2022-07-15T15:55:47","slug":"insecurite-emmanuel-djikdent-prefet-du-mfoundi-nous-devons-anticiper-et-etouffer-dans-loeuf-toutes-les-velleites","status":"publish","type":"post","link":"https:\/\/www.africa-press.net\/cameroun\/politique\/insecurite-emmanuel-djikdent-prefet-du-mfoundi-nous-devons-anticiper-et-etouffer-dans-loeuf-toutes-les-velleites","title":{"rendered":"Ins\u00e9curit\u00e9\/Emmanuel Djikdent (Pr\u00e9fet du Mfoundi): \u00abNous devons anticiper et \u00e9touffer dans l\u2019\u0153uf toutes les vell\u00e9it\u00e9s\u00bb"},"content":{"rendered":"<p><span style=\"color: #ff6600\"><strong>Africa-Press &#8211; Cameroun. <\/strong><\/span>Le gratin politico-s\u00e9curitaire du Mfoundi est en alerte depuis l\u2019explosion le mardi 12 juillet 2022 d\u2019une bombe artisanale au march\u00e9 Mokolo, la deuxi\u00e8me du genre en l\u2019espace de dix jours dans cet espace dens\u00e9ment fr\u00e9quent\u00e9. Le Pr\u00e9fet du Mfoundi, Emmanuel Djikdent, a pr\u00e9sid\u00e9 le mercredi 13 juillet 2022 une r\u00e9union s\u00e9curitaire \u00e0 Yaound\u00e9, en compagnie des sous-pr\u00e9fets des arrondissements, \u00e0 l\u2019effet de prendre des mesures pour anticiper sur d\u2019autres attaques \u00e9ventuelles.<\/p>\n<p><b>\u00ab<\/b><\/p>\n<p>Nous voulons rassurer les populations de la cit\u00e9 capitale, d\u00e9partement du Mfoundi, si\u00e8ge des institutions de la R\u00e9publique. La s\u00e9curit\u00e9 est une affaire de tous, et tout le monde doit se sentir concern\u00e9. Jusqu\u2019ici, nous avons connu un calme, et on a mis l\u2019accent dans la protection des personnes et de leurs biens. L\u2019ins\u00e9curit\u00e9 veut prendre une autre forme. Nous devons anticiper et \u00e9touffer dans l\u2019\u0153uf toutes les vell\u00e9it\u00e9s \u00bb, a d\u00e9clar\u00e9 l\u2019administrateur civil principal dans des propos diffus\u00e9s au journal parl\u00e9 de 6H ce jeudi 14 juillet 2022 sur le poste national de la Cameroon Radio Television (CRTV).<\/p>\n<p>Il a, avec ses auxiliaires, d\u00e9cid\u00e9 de mettre sur pieds des dispositifs s\u00e9curitaires qui devront op\u00e9rer aupr\u00e8s des populations avec un accent sur le renseignement pr\u00e9visionnel. \u00ab Nous avons instruit les sous-pr\u00e9fets de redynamiser les comit\u00e9s de vigilance dans tous les quartiers. Et les chefs qui g\u00e8rent ces comit\u00e9s de vigilance de proximit\u00e9 doivent se sentir \u00e9galement concern\u00e9s. Nous allons aussi faire le tour de tous les grands points, notamment les march\u00e9s et autres lieux publics \u00bb, assure-t-il. Et de rench\u00e9rir : \u00ab Les mesures que nous prenons ne sont pas destin\u00e9es \u00e0 restreindre ou \u00e0 \u00eatre des obstacles pour l\u2019exercice des libert\u00e9s \u00bb.<\/p>\n<p>Cette r\u00e9union s\u00e9curitaire est intervenue au lendemain d\u2019un arr\u00eat\u00e9 pr\u00e9fectoral sign\u00e9 d\u2019Emmanuel Djikdent, et interdisant l\u2019usage des \u00ab plastiques noirs \u00bb et l\u2019abandon des colis suspects dans les lieux publics.<\/p>\n<p><strong>Pour plus d&rsquo;informations et d&rsquo;analyses sur la <a href=\"https:\/\/www.africa-press.net\/cameroun\">Cameroun<\/a>, suivez <a href=\"https:\/\/www.africa-press.net\/\">Africa-Press<\/a><\/strong><\/p>\n","protected":false},"excerpt":{"rendered":"<p>Africa-Press &#8211; Cameroun. Le gratin politico-s\u00e9curitaire du Mfoundi est en alerte depuis l\u2019explosion le mardi 12 juillet 2022 d\u2019une bombe artisanale au march\u00e9 Mokolo, la deuxi\u00e8me du genre en l\u2019espace de dix jours dans cet espace dens\u00e9ment fr\u00e9quent\u00e9. Le Pr\u00e9fet du Mfoundi, Emmanuel Djikdent, a pr\u00e9sid\u00e9 le mercredi 13 juillet 2022 une r\u00e9union s\u00e9curitaire \u00e0 [&hellip;]<\/p>\n","protected":false},"author":82,"featured_media":23579,"comment_status":"open","ping_status":"closed","sticky":false,"template":"","format":"standard","meta":{"footnotes":""},"categories":[11,2,10],"tags":[36,50,49],"class_list":["post-23580","post","type-post","status-publish","format-standard","has-post-thumbnail","hentry","category-homepage-french","category-politique","category-toutes-les-actualites","tag-africa-press","tag-africa-press-cameroun","tag-cameroun"],"yoast_head":"<!-- This site is optimized with the Yoast SEO Premium plugin v26.1 (Yoast SEO v27.0) - https:\/\/yoast.com\/product\/yoast-seo-premium-wordpress\/ -->\n<title>Ins\u00e9curit\u00e9\/Emmanuel Djikdent (Pr\u00e9fet du Mfoundi): \u00abNous devons anticiper et \u00e9touffer dans l\u2019\u0153uf toutes les vell\u00e9it\u00e9s\u00bb - Cameroun<\/title>\n<meta name=\"description\" content=\"Le gratin politico-s\u00e9curitaire du Mfoundi est en alerte depuis l\u2019explosion le mardi 12 juillet 2022 d\u2019une bombe artisana ...\" \/>\n<meta name=\"robots\" content=\"index, follow, max-snippet:-1, max-image-preview:large, max-video-preview:-1\" \/>\n<link rel=\"canonical\" href=\"https:\/\/www.africa-press.net\/cameroun\/politique\/insecurite-emmanuel-djikdent-prefet-du-mfoundi-nous-devons-anticiper-et-etouffer-dans-loeuf-toutes-les-velleites\" \/>\n<meta property=\"og:locale\" content=\"fr_FR\" \/>\n<meta property=\"og:type\" content=\"article\" \/>\n<meta property=\"og:title\" content=\"Ins\u00e9curit\u00e9\/Emmanuel Djikdent (Pr\u00e9fet du Mfoundi): \u00abNous devons anticiper et \u00e9touffer dans l\u2019\u0153uf toutes les vell\u00e9it\u00e9s\u00bb\" \/>\n<meta property=\"og:description\" content=\"Le gratin politico-s\u00e9curitaire du Mfoundi est en alerte depuis l\u2019explosion le mardi 12 juillet 2022 d\u2019une bombe artisana ...\" \/>\n<meta property=\"og:url\" content=\"https:\/\/www.africa-press.net\/cameroun\/politique\/insecurite-emmanuel-djikdent-prefet-du-mfoundi-nous-devons-anticiper-et-etouffer-dans-loeuf-toutes-les-velleites\" \/>\n<meta property=\"og:site_name\" content=\"Cameroun\" \/>\n<meta property=\"article:published_time\" content=\"2022-07-15T13:19:31+00:00\" \/>\n<meta property=\"article:modified_time\" content=\"2022-07-15T15:55:47+00:00\" \/>\n<meta property=\"og:image\" content=\"https:\/\/static.africa-press.net\/cameroun\/sites\/57\/2022\/07\/img-62d18ded9fa10.jpg\" \/>\n\t<meta property=\"og:image:width\" content=\"800\" \/>\n\t<meta property=\"og:image:height\" content=\"708\" \/>\n\t<meta property=\"og:image:type\" content=\"image\/jpeg\" \/>\n<meta name=\"author\" content=\"cfeditorfr\" \/>\n<meta name=\"twitter:card\" content=\"summary_large_image\" \/>\n<meta name=\"twitter:label1\" content=\"\u00c9crit par\" \/>\n\t<meta name=\"twitter:data1\" content=\"cfeditorfr\" \/>\n\t<meta name=\"twitter:label2\" content=\"Dur\u00e9e de lecture estim\u00e9e\" \/>\n\t<meta name=\"twitter:data2\" content=\"2 minutes\" \/>\n<script type=\"application\/ld+json\" class=\"yoast-schema-graph\">{\"@context\":\"https:\/\/schema.org\",\"@graph\":[{\"@type\":\"Article\",\"@id\":\"https:\/\/www.africa-press.net\/cameroun\/politique\/insecurite-emmanuel-djikdent-prefet-du-mfoundi-nous-devons-anticiper-et-etouffer-dans-loeuf-toutes-les-velleites#article\",\"isPartOf\":{\"@id\":\"https:\/\/www.africa-press.net\/cameroun\/politique\/insecurite-emmanuel-djikdent-prefet-du-mfoundi-nous-devons-anticiper-et-etouffer-dans-loeuf-toutes-les-velleites\"},\"author\":{\"name\":\"cfeditorfr\",\"@id\":\"https:\/\/www.africa-press.net\/cameroun\/#\/schema\/person\/2b1cf3cd81a31e3cd26889ca66d677f1\"},\"headline\":\"Ins\u00e9curit\u00e9\/Emmanuel Djikdent (Pr\u00e9fet du Mfoundi): \u00abNous devons anticiper et \u00e9touffer dans l\u2019\u0153uf toutes les vell\u00e9it\u00e9s\u00bb\",\"datePublished\":\"2022-07-15T13:19:31+00:00\",\"dateModified\":\"2022-07-15T15:55:47+00:00\",\"mainEntityOfPage\":{\"@id\":\"https:\/\/www.africa-press.net\/cameroun\/politique\/insecurite-emmanuel-djikdent-prefet-du-mfoundi-nous-devons-anticiper-et-etouffer-dans-loeuf-toutes-les-velleites\"},\"wordCount\":373,\"commentCount\":0,\"image\":{\"@id\":\"https:\/\/www.africa-press.net\/cameroun\/politique\/insecurite-emmanuel-djikdent-prefet-du-mfoundi-nous-devons-anticiper-et-etouffer-dans-loeuf-toutes-les-velleites#primaryimage\"},\"thumbnailUrl\":\"https:\/\/static.africa-press.net\/cameroun\/sites\/57\/2022\/07\/img-62d18ded9fa10.jpg\",\"keywords\":[\"Africa Press\",\"Africa Press-Cameroun\",\"Cameroun\"],\"articleSection\":[\"homepage-french\",\"Politique\",\"Toutes les actualit\u00e9s\"],\"inLanguage\":\"fr-FR\",\"potentialAction\":[{\"@type\":\"CommentAction\",\"name\":\"Comment\",\"target\":[\"https:\/\/www.africa-press.net\/cameroun\/politique\/insecurite-emmanuel-djikdent-prefet-du-mfoundi-nous-devons-anticiper-et-etouffer-dans-loeuf-toutes-les-velleites#respond\"]}]},{\"@type\":\"WebPage\",\"@id\":\"https:\/\/www.africa-press.net\/cameroun\/politique\/insecurite-emmanuel-djikdent-prefet-du-mfoundi-nous-devons-anticiper-et-etouffer-dans-loeuf-toutes-les-velleites\",\"url\":\"https:\/\/www.africa-press.net\/cameroun\/politique\/insecurite-emmanuel-djikdent-prefet-du-mfoundi-nous-devons-anticiper-et-etouffer-dans-loeuf-toutes-les-velleites\",\"name\":\"Ins\u00e9curit\u00e9\/Emmanuel Djikdent (Pr\u00e9fet du Mfoundi): \u00abNous devons anticiper et \u00e9touffer dans l\u2019\u0153uf toutes les vell\u00e9it\u00e9s\u00bb - Cameroun\",\"isPartOf\":{\"@id\":\"https:\/\/www.africa-press.net\/cameroun\/#website\"},\"primaryImageOfPage\":{\"@id\":\"https:\/\/www.africa-press.net\/cameroun\/politique\/insecurite-emmanuel-djikdent-prefet-du-mfoundi-nous-devons-anticiper-et-etouffer-dans-loeuf-toutes-les-velleites#primaryimage\"},\"image\":{\"@id\":\"https:\/\/www.africa-press.net\/cameroun\/politique\/insecurite-emmanuel-djikdent-prefet-du-mfoundi-nous-devons-anticiper-et-etouffer-dans-loeuf-toutes-les-velleites#primaryimage\"},\"thumbnailUrl\":\"https:\/\/static.africa-press.net\/cameroun\/sites\/57\/2022\/07\/img-62d18ded9fa10.jpg\",\"datePublished\":\"2022-07-15T13:19:31+00:00\",\"dateModified\":\"2022-07-15T15:55:47+00:00\",\"author\":{\"@id\":\"https:\/\/www.africa-press.net\/cameroun\/#\/schema\/person\/2b1cf3cd81a31e3cd26889ca66d677f1\"},\"description\":\"Le gratin politico-s\u00e9curitaire du Mfoundi est en alerte depuis l\u2019explosion le mardi 12 juillet 2022 d\u2019une bombe artisana ...\",\"breadcrumb\":{\"@id\":\"https:\/\/www.africa-press.net\/cameroun\/politique\/insecurite-emmanuel-djikdent-prefet-du-mfoundi-nous-devons-anticiper-et-etouffer-dans-loeuf-toutes-les-velleites#breadcrumb\"},\"inLanguage\":\"fr-FR\",\"potentialAction\":[{\"@type\":\"ReadAction\",\"target\":[\"https:\/\/www.africa-press.net\/cameroun\/politique\/insecurite-emmanuel-djikdent-prefet-du-mfoundi-nous-devons-anticiper-et-etouffer-dans-loeuf-toutes-les-velleites\"]}]},{\"@type\":\"ImageObject\",\"inLanguage\":\"fr-FR\",\"@id\":\"https:\/\/www.africa-press.net\/cameroun\/politique\/insecurite-emmanuel-djikdent-prefet-du-mfoundi-nous-devons-anticiper-et-etouffer-dans-loeuf-toutes-les-velleites#primaryimage\",\"url\":\"https:\/\/static.africa-press.net\/cameroun\/sites\/57\/2022\/07\/img-62d18ded9fa10.jpg\",\"contentUrl\":\"https:\/\/static.africa-press.net\/cameroun\/sites\/57\/2022\/07\/img-62d18ded9fa10.jpg\",\"width\":800,\"height\":708,\"caption\":\"Ins\u00e9curit\u00e9\/Emmanuel Djikdent (Pr\u00e9fet du Mfoundi): \u00abNous devons anticiper et \u00e9touffer dans l\u2019\u0153uf toutes les vell\u00e9it\u00e9s\u00bb\"},{\"@type\":\"BreadcrumbList\",\"@id\":\"https:\/\/www.africa-press.net\/cameroun\/politique\/insecurite-emmanuel-djikdent-prefet-du-mfoundi-nous-devons-anticiper-et-etouffer-dans-loeuf-toutes-les-velleites#breadcrumb\",\"itemListElement\":[{\"@type\":\"ListItem\",\"position\":1,\"name\":\"Accueil\",\"item\":\"https:\/\/www.africa-press.net\/cameroun\/\"},{\"@type\":\"ListItem\",\"position\":2,\"name\":\"Ins\u00e9curit\u00e9\/Emmanuel Djikdent (Pr\u00e9fet du Mfoundi): \u00abNous devons anticiper et \u00e9touffer dans l\u2019\u0153uf toutes les vell\u00e9it\u00e9s\u00bb\"}]},{\"@type\":\"WebSite\",\"@id\":\"https:\/\/www.africa-press.net\/cameroun\/#website\",\"url\":\"https:\/\/www.africa-press.net\/cameroun\/\",\"name\":\"Cameroun\",\"description\":\"Just another Africa News Agency Sites site\",\"potentialAction\":[{\"@type\":\"SearchAction\",\"target\":{\"@type\":\"EntryPoint\",\"urlTemplate\":\"https:\/\/www.africa-press.net\/cameroun\/?s={search_term_string}\"},\"query-input\":{\"@type\":\"PropertyValueSpecification\",\"valueRequired\":true,\"valueName\":\"search_term_string\"}}],\"inLanguage\":\"fr-FR\"},{\"@type\":\"Person\",\"@id\":\"https:\/\/www.africa-press.net\/cameroun\/#\/schema\/person\/2b1cf3cd81a31e3cd26889ca66d677f1\",\"name\":\"cfeditorfr\"}]}<\/script>\n<!-- \/ Yoast SEO Premium plugin. -->","yoast_head_json":{"title":"Ins\u00e9curit\u00e9\/Emmanuel Djikdent (Pr\u00e9fet du Mfoundi): \u00abNous devons anticiper et \u00e9touffer dans l\u2019\u0153uf toutes les vell\u00e9it\u00e9s\u00bb - Cameroun","description":"Le gratin politico-s\u00e9curitaire du Mfoundi est en alerte depuis l\u2019explosion le mardi 12 juillet 2022 d\u2019une bombe artisana ...","robots":{"index":"index","follow":"follow","max-snippet":"max-snippet:-1","max-image-preview":"max-image-preview:large","max-video-preview":"max-video-preview:-1"},"canonical":"https:\/\/www.africa-press.net\/cameroun\/politique\/insecurite-emmanuel-djikdent-prefet-du-mfoundi-nous-devons-anticiper-et-etouffer-dans-loeuf-toutes-les-velleites","og_locale":"fr_FR","og_type":"article","og_title":"Ins\u00e9curit\u00e9\/Emmanuel Djikdent (Pr\u00e9fet du Mfoundi): \u00abNous devons anticiper et \u00e9touffer dans l\u2019\u0153uf toutes les vell\u00e9it\u00e9s\u00bb","og_description":"Le gratin politico-s\u00e9curitaire du Mfoundi est en alerte depuis l\u2019explosion le mardi 12 juillet 2022 d\u2019une bombe artisana ...","og_url":"https:\/\/www.africa-press.net\/cameroun\/politique\/insecurite-emmanuel-djikdent-prefet-du-mfoundi-nous-devons-anticiper-et-etouffer-dans-loeuf-toutes-les-velleites","og_site_name":"Cameroun","article_published_time":"2022-07-15T13:19:31+00:00","article_modified_time":"2022-07-15T15:55:47+00:00","og_image":[{"width":800,"height":708,"url":"https:\/\/static.africa-press.net\/cameroun\/sites\/57\/2022\/07\/img-62d18ded9fa10.jpg","type":"image\/jpeg"}],"author":"cfeditorfr","twitter_card":"summary_large_image","twitter_misc":{"\u00c9crit par":"cfeditorfr","Dur\u00e9e de lecture estim\u00e9e":"2 minutes"},"schema":{"@context":"https:\/\/schema.org","@graph":[{"@type":"Article","@id":"https:\/\/www.africa-press.net\/cameroun\/politique\/insecurite-emmanuel-djikdent-prefet-du-mfoundi-nous-devons-anticiper-et-etouffer-dans-loeuf-toutes-les-velleites#article","isPartOf":{"@id":"https:\/\/www.africa-press.net\/cameroun\/politique\/insecurite-emmanuel-djikdent-prefet-du-mfoundi-nous-devons-anticiper-et-etouffer-dans-loeuf-toutes-les-velleites"},"author":{"name":"cfeditorfr","@id":"https:\/\/www.africa-press.net\/cameroun\/#\/schema\/person\/2b1cf3cd81a31e3cd26889ca66d677f1"},"headline":"Ins\u00e9curit\u00e9\/Emmanuel Djikdent (Pr\u00e9fet du Mfoundi): \u00abNous devons anticiper et \u00e9touffer dans l\u2019\u0153uf toutes les vell\u00e9it\u00e9s\u00bb","datePublished":"2022-07-15T13:19:31+00:00","dateModified":"2022-07-15T15:55:47+00:00","mainEntityOfPage":{"@id":"https:\/\/www.africa-press.net\/cameroun\/politique\/insecurite-emmanuel-djikdent-prefet-du-mfoundi-nous-devons-anticiper-et-etouffer-dans-loeuf-toutes-les-velleites"},"wordCount":373,"commentCount":0,"image":{"@id":"https:\/\/www.africa-press.net\/cameroun\/politique\/insecurite-emmanuel-djikdent-prefet-du-mfoundi-nous-devons-anticiper-et-etouffer-dans-loeuf-toutes-les-velleites#primaryimage"},"thumbnailUrl":"https:\/\/static.africa-press.net\/cameroun\/sites\/57\/2022\/07\/img-62d18ded9fa10.jpg","keywords":["Africa Press","Africa Press-Cameroun","Cameroun"],"articleSection":["homepage-french","Politique","Toutes les actualit\u00e9s"],"inLanguage":"fr-FR","potentialAction":[{"@type":"CommentAction","name":"Comment","target":["https:\/\/www.africa-press.net\/cameroun\/politique\/insecurite-emmanuel-djikdent-prefet-du-mfoundi-nous-devons-anticiper-et-etouffer-dans-loeuf-toutes-les-velleites#respond"]}]},{"@type":"WebPage","@id":"https:\/\/www.africa-press.net\/cameroun\/politique\/insecurite-emmanuel-djikdent-prefet-du-mfoundi-nous-devons-anticiper-et-etouffer-dans-loeuf-toutes-les-velleites","url":"https:\/\/www.africa-press.net\/cameroun\/politique\/insecurite-emmanuel-djikdent-prefet-du-mfoundi-nous-devons-anticiper-et-etouffer-dans-loeuf-toutes-les-velleites","name":"Ins\u00e9curit\u00e9\/Emmanuel Djikdent (Pr\u00e9fet du Mfoundi): \u00abNous devons anticiper et \u00e9touffer dans l\u2019\u0153uf toutes les vell\u00e9it\u00e9s\u00bb - Cameroun","isPartOf":{"@id":"https:\/\/www.africa-press.net\/cameroun\/#website"},"primaryImageOfPage":{"@id":"https:\/\/www.africa-press.net\/cameroun\/politique\/insecurite-emmanuel-djikdent-prefet-du-mfoundi-nous-devons-anticiper-et-etouffer-dans-loeuf-toutes-les-velleites#primaryimage"},"image":{"@id":"https:\/\/www.africa-press.net\/cameroun\/politique\/insecurite-emmanuel-djikdent-prefet-du-mfoundi-nous-devons-anticiper-et-etouffer-dans-loeuf-toutes-les-velleites#primaryimage"},"thumbnailUrl":"https:\/\/static.africa-press.net\/cameroun\/sites\/57\/2022\/07\/img-62d18ded9fa10.jpg","datePublished":"2022-07-15T13:19:31+00:00","dateModified":"2022-07-15T15:55:47+00:00","author":{"@id":"https:\/\/www.africa-press.net\/cameroun\/#\/schema\/person\/2b1cf3cd81a31e3cd26889ca66d677f1"},"description":"Le gratin politico-s\u00e9curitaire du Mfoundi est en alerte depuis l\u2019explosion le mardi 12 juillet 2022 d\u2019une bombe artisana ...","breadcrumb":{"@id":"https:\/\/www.africa-press.net\/cameroun\/politique\/insecurite-emmanuel-djikdent-prefet-du-mfoundi-nous-devons-anticiper-et-etouffer-dans-loeuf-toutes-les-velleites#breadcrumb"},"inLanguage":"fr-FR","potentialAction":[{"@type":"ReadAction","target":["https:\/\/www.africa-press.net\/cameroun\/politique\/insecurite-emmanuel-djikdent-prefet-du-mfoundi-nous-devons-anticiper-et-etouffer-dans-loeuf-toutes-les-velleites"]}]},{"@type":"ImageObject","inLanguage":"fr-FR","@id":"https:\/\/www.africa-press.net\/cameroun\/politique\/insecurite-emmanuel-djikdent-prefet-du-mfoundi-nous-devons-anticiper-et-etouffer-dans-loeuf-toutes-les-velleites#primaryimage","url":"https:\/\/static.africa-press.net\/cameroun\/sites\/57\/2022\/07\/img-62d18ded9fa10.jpg","contentUrl":"https:\/\/static.africa-press.net\/cameroun\/sites\/57\/2022\/07\/img-62d18ded9fa10.jpg","width":800,"height":708,"caption":"Ins\u00e9curit\u00e9\/Emmanuel Djikdent (Pr\u00e9fet du Mfoundi): \u00abNous devons anticiper et \u00e9touffer dans l\u2019\u0153uf toutes les vell\u00e9it\u00e9s\u00bb"},{"@type":"BreadcrumbList","@id":"https:\/\/www.africa-press.net\/cameroun\/politique\/insecurite-emmanuel-djikdent-prefet-du-mfoundi-nous-devons-anticiper-et-etouffer-dans-loeuf-toutes-les-velleites#breadcrumb","itemListElement":[{"@type":"ListItem","position":1,"name":"Accueil","item":"https:\/\/www.africa-press.net\/cameroun\/"},{"@type":"ListItem","position":2,"name":"Ins\u00e9curit\u00e9\/Emmanuel Djikdent (Pr\u00e9fet du Mfoundi): \u00abNous devons anticiper et \u00e9touffer dans l\u2019\u0153uf toutes les vell\u00e9it\u00e9s\u00bb"}]},{"@type":"WebSite","@id":"https:\/\/www.africa-press.net\/cameroun\/#website","url":"https:\/\/www.africa-press.net\/cameroun\/","name":"Cameroun","description":"Just another Africa News Agency Sites site","potentialAction":[{"@type":"SearchAction","target":{"@type":"EntryPoint","urlTemplate":"https:\/\/www.africa-press.net\/cameroun\/?s={search_term_string}"},"query-input":{"@type":"PropertyValueSpecification","valueRequired":true,"valueName":"search_term_string"}}],"inLanguage":"fr-FR"},{"@type":"Person","@id":"https:\/\/www.africa-press.net\/cameroun\/#\/schema\/person\/2b1cf3cd81a31e3cd26889ca66d677f1","name":"cfeditorfr"}]}},"_links":{"self":[{"href":"https:\/\/www.africa-press.net\/cameroun\/wp-json\/wp\/v2\/posts\/23580","targetHints":{"allow":["GET"]}}],"collection":[{"href":"https:\/\/www.africa-press.net\/cameroun\/wp-json\/wp\/v2\/posts"}],"about":[{"href":"https:\/\/www.africa-press.net\/cameroun\/wp-json\/wp\/v2\/types\/post"}],"author":[{"embeddable":true,"href":"https:\/\/www.africa-press.net\/cameroun\/wp-json\/wp\/v2\/users\/82"}],"replies":[{"embeddable":true,"href":"https:\/\/www.africa-press.net\/cameroun\/wp-json\/wp\/v2\/comments?post=23580"}],"version-history":[{"count":0,"href":"https:\/\/www.africa-press.net\/cameroun\/wp-json\/wp\/v2\/posts\/23580\/revisions"}],"wp:featuredmedia":[{"embeddable":true,"href":"https:\/\/www.africa-press.net\/cameroun\/wp-json\/wp\/v2\/media\/23579"}],"wp:attachment":[{"href":"https:\/\/www.africa-press.net\/cameroun\/wp-json\/wp\/v2\/media?parent=23580"}],"wp:term":[{"taxonomy":"category","embeddable":true,"href":"https:\/\/www.africa-press.net\/cameroun\/wp-json\/wp\/v2\/categories?post=23580"},{"taxonomy":"post_tag","embeddable":true,"href":"https:\/\/www.africa-press.net\/cameroun\/wp-json\/wp\/v2\/tags?post=23580"}],"curies":[{"name":"wp","href":"https:\/\/api.w.org\/{rel}","templated":true}]}}