{"id":23583,"date":"2022-07-15T13:26:09","date_gmt":"2022-07-15T13:26:09","guid":{"rendered":"https:\/\/www.africa-press.net\/cameroun\/politique\/nominations-dans-les-commandements-territoriaux-christian-sadi-le-fils-du-mincom-promu-prefet-8-ans-seulement-apres-sa-sortie-de-lenam"},"modified":"2022-07-15T16:34:47","modified_gmt":"2022-07-15T16:34:47","slug":"nominations-dans-les-commandements-territoriaux-christian-sadi-le-fils-du-mincom-promu-prefet-8-ans-seulement-apres-sa-sortie-de-lenam","status":"publish","type":"post","link":"https:\/\/www.africa-press.net\/cameroun\/politique\/nominations-dans-les-commandements-territoriaux-christian-sadi-le-fils-du-mincom-promu-prefet-8-ans-seulement-apres-sa-sortie-de-lenam","title":{"rendered":"Nominations dans les commandements territoriaux: Christian Sadi, le fils du Mincom, promu Pr\u00e9fet 8 ans seulement apr\u00e8s sa sortie de l\u2019ENAM."},"content":{"rendered":"<p><span style=\"color: #ff6600\"><strong>Africa-Press &#8211; Cameroun. <\/strong><\/span>L\u2019acte qui fait le plus jaser dans cet important mouvement pr\u00e9fectoral, est la nomination de Gilles Christian Sadi au poste de Pr\u00e9fet du d\u00e9partement du Mayo-Louti. \u00c2g\u00e9 de 34 ans, le fils du Ministre de la Communication, Ren\u00e9 Emmanuel Sadi, connait ainsi une ascension fulgurante, huit ans seulement apr\u00e8s sa sortie de l\u2019Ecole nationale d\u2019administration et de magistrature (ENAM).<\/p>\n<p>\u00ab8 ans de carri\u00e8re comme administrateur civil et d\u00e9j\u00e0 pr\u00e9fet d&rsquo;un d\u00e9partement. C&rsquo;est ce qui arrive \u00e0 Christian Sadi, l\u00e0 o\u00f9 nombre de ses a\u00een\u00e9s professionnels finissent leur carri\u00e8re sans jamais d\u00e9passer la fonction de sous-pr\u00e9fet. Remarque: celui qui \u00e9tait Sg de r\u00e9gion depuis moins de 2 ans n&rsquo;est autre que le fils de Ren\u00e9 Emmanuel SADI, actuel ministre de la communication qui avait \u00e9t\u00e9 mut\u00e9 du Minist\u00e8re de l&rsquo;administration territoriale en janvier 2019. N&rsquo;y voyez surtout pas un clich\u00e9 grandeur nature de la reproduction sociale telle que mise en \u0153uvre par le r\u00e9gime politico-administratif camerounais. Vous serez trait\u00e9 de jaloux d&rsquo;un agent de l&rsquo;\u00c9tat forc\u00e9ment&#8230;comp\u00e9tent. Chiche!\u00bb a r\u00e9agi le confr\u00e8re Alex Gustave Azebaze.<\/p>\n<p>Gilles Christian Sadi a commenc\u00e9 sa carri\u00e8re en 2016 comme adjoint du pr\u00e9fet du d\u00e9partement du Mfoundi. Un an plus part, il est promu sous-pr\u00e9fet de Kribi 2 o\u00f9 il va passer seulement deux ans avant de se voir confier le poste de Secr\u00e9taire g\u00e9n\u00e9ral de la R\u00e9gion de l\u2019Ouest. \u00abLe num\u00e9ro deux de cette r\u00e9gion, o\u00f9 il occupe le poste strat\u00e9gique de secr\u00e9taire g\u00e9n\u00e9ral des services du gouverneur. Un record de pr\u00e9cocit\u00e9 pour une fonction historiquement r\u00e9serv\u00e9e aux administrateurs chevronn\u00e9s \u00bb avait soulign\u00e9 l\u2019hebdomadaire Jeune Afrique l\u2019ann\u00e9e derni\u00e8re dans un article consacr\u00e9 au fils du Mincom.<\/p>\n<p><b>Ci-dessous, les quatre d\u00e9crets sign\u00e9s par le pr\u00e9sident Paul Biya ce jeudi 14 juillet 2022.<\/b><\/p>\n<p><strong>Pour plus d&rsquo;informations et d&rsquo;analyses sur la <a href=\"https:\/\/www.africa-press.net\/cameroun\">Cameroun<\/a>, suivez <a href=\"https:\/\/www.africa-press.net\/\">Africa-Press<\/a><\/strong><\/p>\n","protected":false},"excerpt":{"rendered":"<p>Africa-Press &#8211; Cameroun. L\u2019acte qui fait le plus jaser dans cet important mouvement pr\u00e9fectoral, est la nomination de Gilles Christian Sadi au poste de Pr\u00e9fet du d\u00e9partement du Mayo-Louti. \u00c2g\u00e9 de 34 ans, le fils du Ministre de la Communication, Ren\u00e9 Emmanuel Sadi, connait ainsi une ascension fulgurante, huit ans seulement apr\u00e8s sa sortie de [&hellip;]<\/p>\n","protected":false},"author":82,"featured_media":23582,"comment_status":"open","ping_status":"closed","sticky":false,"template":"","format":"standard","meta":{"footnotes":""},"categories":[11,2,10],"tags":[36,50,49],"class_list":["post-23583","post","type-post","status-publish","format-standard","has-post-thumbnail","hentry","category-homepage-french","category-politique","category-toutes-les-actualites","tag-africa-press","tag-africa-press-cameroun","tag-cameroun"],"yoast_head":"<!-- This site is optimized with the Yoast SEO Premium plugin v26.1 (Yoast SEO v27.0) - https:\/\/yoast.com\/product\/yoast-seo-premium-wordpress\/ -->\n<title>Nominations dans les commandements territoriaux: Christian Sadi, le fils du Mincom, promu Pr\u00e9fet 8 ans seulement apr\u00e8s sa sortie de l\u2019ENAM. - Cameroun<\/title>\n<meta name=\"description\" content=\"L\u2019acte qui fait le plus jaser dans cet important mouvement pr\u00e9fectoral, est la nomination de Gilles Christian Sadi au po ...\" \/>\n<meta name=\"robots\" content=\"index, follow, max-snippet:-1, max-image-preview:large, max-video-preview:-1\" \/>\n<link rel=\"canonical\" href=\"https:\/\/www.africa-press.net\/cameroun\/politique\/nominations-dans-les-commandements-territoriaux-christian-sadi-le-fils-du-mincom-promu-prefet-8-ans-seulement-apres-sa-sortie-de-lenam\" \/>\n<meta property=\"og:locale\" content=\"fr_FR\" \/>\n<meta property=\"og:type\" content=\"article\" \/>\n<meta property=\"og:title\" content=\"Nominations dans les commandements territoriaux: Christian Sadi, le fils du Mincom, promu Pr\u00e9fet 8 ans seulement apr\u00e8s sa sortie de l\u2019ENAM.\" \/>\n<meta property=\"og:description\" content=\"L\u2019acte qui fait le plus jaser dans cet important mouvement pr\u00e9fectoral, est la nomination de Gilles Christian Sadi au po ...\" \/>\n<meta property=\"og:url\" content=\"https:\/\/www.africa-press.net\/cameroun\/politique\/nominations-dans-les-commandements-territoriaux-christian-sadi-le-fils-du-mincom-promu-prefet-8-ans-seulement-apres-sa-sortie-de-lenam\" \/>\n<meta property=\"og:site_name\" content=\"Cameroun\" \/>\n<meta property=\"article:published_time\" content=\"2022-07-15T13:26:09+00:00\" \/>\n<meta property=\"article:modified_time\" content=\"2022-07-15T16:34:47+00:00\" \/>\n<meta property=\"og:image\" content=\"https:\/\/static.africa-press.net\/cameroun\/sites\/57\/2022\/07\/img-62d18e10dca2f.jpg\" \/>\n\t<meta property=\"og:image:width\" content=\"800\" \/>\n\t<meta property=\"og:image:height\" content=\"434\" \/>\n\t<meta property=\"og:image:type\" content=\"image\/jpeg\" \/>\n<meta name=\"author\" content=\"cfeditorfr\" \/>\n<meta name=\"twitter:card\" content=\"summary_large_image\" \/>\n<meta name=\"twitter:label1\" content=\"\u00c9crit par\" \/>\n\t<meta name=\"twitter:data1\" content=\"cfeditorfr\" \/>\n\t<meta name=\"twitter:label2\" content=\"Dur\u00e9e de lecture estim\u00e9e\" \/>\n\t<meta name=\"twitter:data2\" content=\"2 minutes\" \/>\n<script type=\"application\/ld+json\" class=\"yoast-schema-graph\">{\"@context\":\"https:\/\/schema.org\",\"@graph\":[{\"@type\":\"Article\",\"@id\":\"https:\/\/www.africa-press.net\/cameroun\/politique\/nominations-dans-les-commandements-territoriaux-christian-sadi-le-fils-du-mincom-promu-prefet-8-ans-seulement-apres-sa-sortie-de-lenam#article\",\"isPartOf\":{\"@id\":\"https:\/\/www.africa-press.net\/cameroun\/politique\/nominations-dans-les-commandements-territoriaux-christian-sadi-le-fils-du-mincom-promu-prefet-8-ans-seulement-apres-sa-sortie-de-lenam\"},\"author\":{\"name\":\"cfeditorfr\",\"@id\":\"https:\/\/www.africa-press.net\/cameroun\/#\/schema\/person\/2b1cf3cd81a31e3cd26889ca66d677f1\"},\"headline\":\"Nominations dans les commandements territoriaux: Christian Sadi, le fils du Mincom, promu Pr\u00e9fet 8 ans seulement apr\u00e8s sa sortie de l\u2019ENAM.\",\"datePublished\":\"2022-07-15T13:26:09+00:00\",\"dateModified\":\"2022-07-15T16:34:47+00:00\",\"mainEntityOfPage\":{\"@id\":\"https:\/\/www.africa-press.net\/cameroun\/politique\/nominations-dans-les-commandements-territoriaux-christian-sadi-le-fils-du-mincom-promu-prefet-8-ans-seulement-apres-sa-sortie-de-lenam\"},\"wordCount\":370,\"commentCount\":0,\"image\":{\"@id\":\"https:\/\/www.africa-press.net\/cameroun\/politique\/nominations-dans-les-commandements-territoriaux-christian-sadi-le-fils-du-mincom-promu-prefet-8-ans-seulement-apres-sa-sortie-de-lenam#primaryimage\"},\"thumbnailUrl\":\"https:\/\/static.africa-press.net\/cameroun\/sites\/57\/2022\/07\/img-62d18e10dca2f.jpg\",\"keywords\":[\"Africa Press\",\"Africa Press-Cameroun\",\"Cameroun\"],\"articleSection\":[\"homepage-french\",\"Politique\",\"Toutes les actualit\u00e9s\"],\"inLanguage\":\"fr-FR\",\"potentialAction\":[{\"@type\":\"CommentAction\",\"name\":\"Comment\",\"target\":[\"https:\/\/www.africa-press.net\/cameroun\/politique\/nominations-dans-les-commandements-territoriaux-christian-sadi-le-fils-du-mincom-promu-prefet-8-ans-seulement-apres-sa-sortie-de-lenam#respond\"]}]},{\"@type\":\"WebPage\",\"@id\":\"https:\/\/www.africa-press.net\/cameroun\/politique\/nominations-dans-les-commandements-territoriaux-christian-sadi-le-fils-du-mincom-promu-prefet-8-ans-seulement-apres-sa-sortie-de-lenam\",\"url\":\"https:\/\/www.africa-press.net\/cameroun\/politique\/nominations-dans-les-commandements-territoriaux-christian-sadi-le-fils-du-mincom-promu-prefet-8-ans-seulement-apres-sa-sortie-de-lenam\",\"name\":\"Nominations dans les commandements territoriaux: Christian Sadi, le fils du Mincom, promu Pr\u00e9fet 8 ans seulement apr\u00e8s sa sortie de l\u2019ENAM. - Cameroun\",\"isPartOf\":{\"@id\":\"https:\/\/www.africa-press.net\/cameroun\/#website\"},\"primaryImageOfPage\":{\"@id\":\"https:\/\/www.africa-press.net\/cameroun\/politique\/nominations-dans-les-commandements-territoriaux-christian-sadi-le-fils-du-mincom-promu-prefet-8-ans-seulement-apres-sa-sortie-de-lenam#primaryimage\"},\"image\":{\"@id\":\"https:\/\/www.africa-press.net\/cameroun\/politique\/nominations-dans-les-commandements-territoriaux-christian-sadi-le-fils-du-mincom-promu-prefet-8-ans-seulement-apres-sa-sortie-de-lenam#primaryimage\"},\"thumbnailUrl\":\"https:\/\/static.africa-press.net\/cameroun\/sites\/57\/2022\/07\/img-62d18e10dca2f.jpg\",\"datePublished\":\"2022-07-15T13:26:09+00:00\",\"dateModified\":\"2022-07-15T16:34:47+00:00\",\"author\":{\"@id\":\"https:\/\/www.africa-press.net\/cameroun\/#\/schema\/person\/2b1cf3cd81a31e3cd26889ca66d677f1\"},\"description\":\"L\u2019acte qui fait le plus jaser dans cet important mouvement pr\u00e9fectoral, est la nomination de Gilles Christian Sadi au po ...\",\"breadcrumb\":{\"@id\":\"https:\/\/www.africa-press.net\/cameroun\/politique\/nominations-dans-les-commandements-territoriaux-christian-sadi-le-fils-du-mincom-promu-prefet-8-ans-seulement-apres-sa-sortie-de-lenam#breadcrumb\"},\"inLanguage\":\"fr-FR\",\"potentialAction\":[{\"@type\":\"ReadAction\",\"target\":[\"https:\/\/www.africa-press.net\/cameroun\/politique\/nominations-dans-les-commandements-territoriaux-christian-sadi-le-fils-du-mincom-promu-prefet-8-ans-seulement-apres-sa-sortie-de-lenam\"]}]},{\"@type\":\"ImageObject\",\"inLanguage\":\"fr-FR\",\"@id\":\"https:\/\/www.africa-press.net\/cameroun\/politique\/nominations-dans-les-commandements-territoriaux-christian-sadi-le-fils-du-mincom-promu-prefet-8-ans-seulement-apres-sa-sortie-de-lenam#primaryimage\",\"url\":\"https:\/\/static.africa-press.net\/cameroun\/sites\/57\/2022\/07\/img-62d18e10dca2f.jpg\",\"contentUrl\":\"https:\/\/static.africa-press.net\/cameroun\/sites\/57\/2022\/07\/img-62d18e10dca2f.jpg\",\"width\":800,\"height\":434,\"caption\":\"Nominations dans les commandements territoriaux: Christian Sadi, le fils du Mincom, promu Pr\u00e9fet 8 ans seulement apr\u00e8s sa sortie de l\u2019ENAM.\"},{\"@type\":\"BreadcrumbList\",\"@id\":\"https:\/\/www.africa-press.net\/cameroun\/politique\/nominations-dans-les-commandements-territoriaux-christian-sadi-le-fils-du-mincom-promu-prefet-8-ans-seulement-apres-sa-sortie-de-lenam#breadcrumb\",\"itemListElement\":[{\"@type\":\"ListItem\",\"position\":1,\"name\":\"Accueil\",\"item\":\"https:\/\/www.africa-press.net\/cameroun\/\"},{\"@type\":\"ListItem\",\"position\":2,\"name\":\"Nominations dans les commandements territoriaux: Christian Sadi, le fils du Mincom, promu Pr\u00e9fet 8 ans seulement apr\u00e8s sa sortie de l\u2019ENAM.\"}]},{\"@type\":\"WebSite\",\"@id\":\"https:\/\/www.africa-press.net\/cameroun\/#website\",\"url\":\"https:\/\/www.africa-press.net\/cameroun\/\",\"name\":\"Cameroun\",\"description\":\"Just another Africa News Agency Sites site\",\"potentialAction\":[{\"@type\":\"SearchAction\",\"target\":{\"@type\":\"EntryPoint\",\"urlTemplate\":\"https:\/\/www.africa-press.net\/cameroun\/?s={search_term_string}\"},\"query-input\":{\"@type\":\"PropertyValueSpecification\",\"valueRequired\":true,\"valueName\":\"search_term_string\"}}],\"inLanguage\":\"fr-FR\"},{\"@type\":\"Person\",\"@id\":\"https:\/\/www.africa-press.net\/cameroun\/#\/schema\/person\/2b1cf3cd81a31e3cd26889ca66d677f1\",\"name\":\"cfeditorfr\"}]}<\/script>\n<!-- \/ Yoast SEO Premium plugin. -->","yoast_head_json":{"title":"Nominations dans les commandements territoriaux: Christian Sadi, le fils du Mincom, promu Pr\u00e9fet 8 ans seulement apr\u00e8s sa sortie de l\u2019ENAM. - Cameroun","description":"L\u2019acte qui fait le plus jaser dans cet important mouvement pr\u00e9fectoral, est la nomination de Gilles Christian Sadi au po ...","robots":{"index":"index","follow":"follow","max-snippet":"max-snippet:-1","max-image-preview":"max-image-preview:large","max-video-preview":"max-video-preview:-1"},"canonical":"https:\/\/www.africa-press.net\/cameroun\/politique\/nominations-dans-les-commandements-territoriaux-christian-sadi-le-fils-du-mincom-promu-prefet-8-ans-seulement-apres-sa-sortie-de-lenam","og_locale":"fr_FR","og_type":"article","og_title":"Nominations dans les commandements territoriaux: Christian Sadi, le fils du Mincom, promu Pr\u00e9fet 8 ans seulement apr\u00e8s sa sortie de l\u2019ENAM.","og_description":"L\u2019acte qui fait le plus jaser dans cet important mouvement pr\u00e9fectoral, est la nomination de Gilles Christian Sadi au po ...","og_url":"https:\/\/www.africa-press.net\/cameroun\/politique\/nominations-dans-les-commandements-territoriaux-christian-sadi-le-fils-du-mincom-promu-prefet-8-ans-seulement-apres-sa-sortie-de-lenam","og_site_name":"Cameroun","article_published_time":"2022-07-15T13:26:09+00:00","article_modified_time":"2022-07-15T16:34:47+00:00","og_image":[{"width":800,"height":434,"url":"https:\/\/static.africa-press.net\/cameroun\/sites\/57\/2022\/07\/img-62d18e10dca2f.jpg","type":"image\/jpeg"}],"author":"cfeditorfr","twitter_card":"summary_large_image","twitter_misc":{"\u00c9crit par":"cfeditorfr","Dur\u00e9e de lecture estim\u00e9e":"2 minutes"},"schema":{"@context":"https:\/\/schema.org","@graph":[{"@type":"Article","@id":"https:\/\/www.africa-press.net\/cameroun\/politique\/nominations-dans-les-commandements-territoriaux-christian-sadi-le-fils-du-mincom-promu-prefet-8-ans-seulement-apres-sa-sortie-de-lenam#article","isPartOf":{"@id":"https:\/\/www.africa-press.net\/cameroun\/politique\/nominations-dans-les-commandements-territoriaux-christian-sadi-le-fils-du-mincom-promu-prefet-8-ans-seulement-apres-sa-sortie-de-lenam"},"author":{"name":"cfeditorfr","@id":"https:\/\/www.africa-press.net\/cameroun\/#\/schema\/person\/2b1cf3cd81a31e3cd26889ca66d677f1"},"headline":"Nominations dans les commandements territoriaux: Christian Sadi, le fils du Mincom, promu Pr\u00e9fet 8 ans seulement apr\u00e8s sa sortie de l\u2019ENAM.","datePublished":"2022-07-15T13:26:09+00:00","dateModified":"2022-07-15T16:34:47+00:00","mainEntityOfPage":{"@id":"https:\/\/www.africa-press.net\/cameroun\/politique\/nominations-dans-les-commandements-territoriaux-christian-sadi-le-fils-du-mincom-promu-prefet-8-ans-seulement-apres-sa-sortie-de-lenam"},"wordCount":370,"commentCount":0,"image":{"@id":"https:\/\/www.africa-press.net\/cameroun\/politique\/nominations-dans-les-commandements-territoriaux-christian-sadi-le-fils-du-mincom-promu-prefet-8-ans-seulement-apres-sa-sortie-de-lenam#primaryimage"},"thumbnailUrl":"https:\/\/static.africa-press.net\/cameroun\/sites\/57\/2022\/07\/img-62d18e10dca2f.jpg","keywords":["Africa Press","Africa Press-Cameroun","Cameroun"],"articleSection":["homepage-french","Politique","Toutes les actualit\u00e9s"],"inLanguage":"fr-FR","potentialAction":[{"@type":"CommentAction","name":"Comment","target":["https:\/\/www.africa-press.net\/cameroun\/politique\/nominations-dans-les-commandements-territoriaux-christian-sadi-le-fils-du-mincom-promu-prefet-8-ans-seulement-apres-sa-sortie-de-lenam#respond"]}]},{"@type":"WebPage","@id":"https:\/\/www.africa-press.net\/cameroun\/politique\/nominations-dans-les-commandements-territoriaux-christian-sadi-le-fils-du-mincom-promu-prefet-8-ans-seulement-apres-sa-sortie-de-lenam","url":"https:\/\/www.africa-press.net\/cameroun\/politique\/nominations-dans-les-commandements-territoriaux-christian-sadi-le-fils-du-mincom-promu-prefet-8-ans-seulement-apres-sa-sortie-de-lenam","name":"Nominations dans les commandements territoriaux: Christian Sadi, le fils du Mincom, promu Pr\u00e9fet 8 ans seulement apr\u00e8s sa sortie de l\u2019ENAM. - Cameroun","isPartOf":{"@id":"https:\/\/www.africa-press.net\/cameroun\/#website"},"primaryImageOfPage":{"@id":"https:\/\/www.africa-press.net\/cameroun\/politique\/nominations-dans-les-commandements-territoriaux-christian-sadi-le-fils-du-mincom-promu-prefet-8-ans-seulement-apres-sa-sortie-de-lenam#primaryimage"},"image":{"@id":"https:\/\/www.africa-press.net\/cameroun\/politique\/nominations-dans-les-commandements-territoriaux-christian-sadi-le-fils-du-mincom-promu-prefet-8-ans-seulement-apres-sa-sortie-de-lenam#primaryimage"},"thumbnailUrl":"https:\/\/static.africa-press.net\/cameroun\/sites\/57\/2022\/07\/img-62d18e10dca2f.jpg","datePublished":"2022-07-15T13:26:09+00:00","dateModified":"2022-07-15T16:34:47+00:00","author":{"@id":"https:\/\/www.africa-press.net\/cameroun\/#\/schema\/person\/2b1cf3cd81a31e3cd26889ca66d677f1"},"description":"L\u2019acte qui fait le plus jaser dans cet important mouvement pr\u00e9fectoral, est la nomination de Gilles Christian Sadi au po ...","breadcrumb":{"@id":"https:\/\/www.africa-press.net\/cameroun\/politique\/nominations-dans-les-commandements-territoriaux-christian-sadi-le-fils-du-mincom-promu-prefet-8-ans-seulement-apres-sa-sortie-de-lenam#breadcrumb"},"inLanguage":"fr-FR","potentialAction":[{"@type":"ReadAction","target":["https:\/\/www.africa-press.net\/cameroun\/politique\/nominations-dans-les-commandements-territoriaux-christian-sadi-le-fils-du-mincom-promu-prefet-8-ans-seulement-apres-sa-sortie-de-lenam"]}]},{"@type":"ImageObject","inLanguage":"fr-FR","@id":"https:\/\/www.africa-press.net\/cameroun\/politique\/nominations-dans-les-commandements-territoriaux-christian-sadi-le-fils-du-mincom-promu-prefet-8-ans-seulement-apres-sa-sortie-de-lenam#primaryimage","url":"https:\/\/static.africa-press.net\/cameroun\/sites\/57\/2022\/07\/img-62d18e10dca2f.jpg","contentUrl":"https:\/\/static.africa-press.net\/cameroun\/sites\/57\/2022\/07\/img-62d18e10dca2f.jpg","width":800,"height":434,"caption":"Nominations dans les commandements territoriaux: Christian Sadi, le fils du Mincom, promu Pr\u00e9fet 8 ans seulement apr\u00e8s sa sortie de l\u2019ENAM."},{"@type":"BreadcrumbList","@id":"https:\/\/www.africa-press.net\/cameroun\/politique\/nominations-dans-les-commandements-territoriaux-christian-sadi-le-fils-du-mincom-promu-prefet-8-ans-seulement-apres-sa-sortie-de-lenam#breadcrumb","itemListElement":[{"@type":"ListItem","position":1,"name":"Accueil","item":"https:\/\/www.africa-press.net\/cameroun\/"},{"@type":"ListItem","position":2,"name":"Nominations dans les commandements territoriaux: Christian Sadi, le fils du Mincom, promu Pr\u00e9fet 8 ans seulement apr\u00e8s sa sortie de l\u2019ENAM."}]},{"@type":"WebSite","@id":"https:\/\/www.africa-press.net\/cameroun\/#website","url":"https:\/\/www.africa-press.net\/cameroun\/","name":"Cameroun","description":"Just another Africa News Agency Sites site","potentialAction":[{"@type":"SearchAction","target":{"@type":"EntryPoint","urlTemplate":"https:\/\/www.africa-press.net\/cameroun\/?s={search_term_string}"},"query-input":{"@type":"PropertyValueSpecification","valueRequired":true,"valueName":"search_term_string"}}],"inLanguage":"fr-FR"},{"@type":"Person","@id":"https:\/\/www.africa-press.net\/cameroun\/#\/schema\/person\/2b1cf3cd81a31e3cd26889ca66d677f1","name":"cfeditorfr"}]}},"_links":{"self":[{"href":"https:\/\/www.africa-press.net\/cameroun\/wp-json\/wp\/v2\/posts\/23583","targetHints":{"allow":["GET"]}}],"collection":[{"href":"https:\/\/www.africa-press.net\/cameroun\/wp-json\/wp\/v2\/posts"}],"about":[{"href":"https:\/\/www.africa-press.net\/cameroun\/wp-json\/wp\/v2\/types\/post"}],"author":[{"embeddable":true,"href":"https:\/\/www.africa-press.net\/cameroun\/wp-json\/wp\/v2\/users\/82"}],"replies":[{"embeddable":true,"href":"https:\/\/www.africa-press.net\/cameroun\/wp-json\/wp\/v2\/comments?post=23583"}],"version-history":[{"count":0,"href":"https:\/\/www.africa-press.net\/cameroun\/wp-json\/wp\/v2\/posts\/23583\/revisions"}],"wp:featuredmedia":[{"embeddable":true,"href":"https:\/\/www.africa-press.net\/cameroun\/wp-json\/wp\/v2\/media\/23582"}],"wp:attachment":[{"href":"https:\/\/www.africa-press.net\/cameroun\/wp-json\/wp\/v2\/media?parent=23583"}],"wp:term":[{"taxonomy":"category","embeddable":true,"href":"https:\/\/www.africa-press.net\/cameroun\/wp-json\/wp\/v2\/categories?post=23583"},{"taxonomy":"post_tag","embeddable":true,"href":"https:\/\/www.africa-press.net\/cameroun\/wp-json\/wp\/v2\/tags?post=23583"}],"curies":[{"name":"wp","href":"https:\/\/api.w.org\/{rel}","templated":true}]}}