{"id":23586,"date":"2022-07-15T13:35:51","date_gmt":"2022-07-15T13:35:51","guid":{"rendered":"https:\/\/www.africa-press.net\/cameroun\/politique\/in-memoriam-la-famille-derika-mouliom-lui-rend-hommage-un-an-apres-sa-mort-dans-un-accident-impliquant-le-rappeur-tenor"},"modified":"2022-07-15T15:57:19","modified_gmt":"2022-07-15T15:57:19","slug":"in-memoriam-la-famille-derika-mouliom-lui-rend-hommage-un-an-apres-sa-mort-dans-un-accident-impliquant-le-rappeur-tenor","status":"publish","type":"post","link":"https:\/\/www.africa-press.net\/cameroun\/toutes-les-actualites\/in-memoriam-la-famille-derika-mouliom-lui-rend-hommage-un-an-apres-sa-mort-dans-un-accident-impliquant-le-rappeur-tenor","title":{"rendered":"In Memoriam\u00a0: La famille d\u2019Erika Mouliom lui rend hommage, un an apr\u00e8s sa mort dans un accident impliquant le rappeur Tenor"},"content":{"rendered":"<p><span style=\"color: #ff6600\"><strong>Africa-Press &#8211; Cameroun. <\/strong><\/span>C\u2019est un jour bien triste pour la famille de la jeune Erika Mouliom, d\u00e9c\u00e9d\u00e9e il y a un an jour pour jour, dans un accident de la circulation au lieu-dit Rond-point feu rouge Bessengue \u00e0 Douala, r\u00e9gion du Littoral. A l\u2019occasion du premier anniversaire de son d\u00e9c\u00e8s, ses proches, sous la houlette de son paternel, Joseph Mouliom, se sont mobilis\u00e9s pour lui rendre hommage et exalter sa m\u00e9moire sur le lieu du drame. Ils ont d\u00e9pos\u00e9 un bouquet de fleurs, des ballons en forme de c\u0153ur, et ont allum\u00e9 des bougies sur le site en question, pour se recueillir et se rem\u00e9morer cette triste matin\u00e9e du 15 juillet 2022.<\/p>\n<p>Cette trag\u00e9die impliquait le rappeur camerounais Tenor, de son vrai nom Thierry Mengoumou Ayia. L\u2019accident s\u2019\u00e9tait produit alors qu\u2019il avait livr\u00e9 la veille un show \u00e0 l\u2019Institut Fran\u00e7ais du Cameroun antenne de Douala, \u00e0 l\u2019occasion de la f\u00eate de l\u2019ind\u00e9pendance de France. Tenor avait \u00e9t\u00e9 interpell\u00e9 le 30 juillet 2021 apr\u00e8s deux semaines pass\u00e9es sous soins \u00e0 l\u2019h\u00f4pital Laquintinie de Douala, et plac\u00e9 sous mandat de d\u00e9p\u00f4t \u00e0 la prison centrale de New-Bell. Il y s\u00e9journera pendant pr\u00e8s de deux mois, et le 27 septembre 2021, le Tribunal de premi\u00e8re instance (TPI) de Douala-Bonanjo a accept\u00e9 la demande de remise en libert\u00e9 provisoire formul\u00e9e par son avocat.<\/p>\n<p>Et depuis, il a repris le cours normal de sa vie, et a recommenc\u00e9 \u00e0 faire la musique. Il s\u00e9journe d\u2019ailleurs en ce moment en France o\u00f9 il livrera une prestation ce vendredi 15 juillet 2022 \u00e0 Lyon. Sans doute se souviendra-t-il pendant qu\u2019il sera sur sc\u00e8ne de la d\u00e9funte Erika, alors que ses plateformes sociales sont rest\u00e9es bien muettes jusqu\u2019ici.<\/p>\n<p><strong>Pour plus d&rsquo;informations et d&rsquo;analyses sur la <a href=\"https:\/\/www.africa-press.net\/cameroun\">Cameroun<\/a>, suivez <a href=\"https:\/\/www.africa-press.net\/\">Africa-Press<\/a><\/strong><\/p>\n","protected":false},"excerpt":{"rendered":"<p>Africa-Press &#8211; Cameroun. C\u2019est un jour bien triste pour la famille de la jeune Erika Mouliom, d\u00e9c\u00e9d\u00e9e il y a un an jour pour jour, dans un accident de la circulation au lieu-dit Rond-point feu rouge Bessengue \u00e0 Douala, r\u00e9gion du Littoral. A l\u2019occasion du premier anniversaire de son d\u00e9c\u00e8s, ses proches, sous la houlette [&hellip;]<\/p>\n","protected":false},"author":82,"featured_media":23585,"comment_status":"open","ping_status":"closed","sticky":false,"template":"","format":"standard","meta":{"footnotes":""},"categories":[21,11,10],"tags":[36,50,49],"class_list":["post-23586","post","type-post","status-publish","format-standard","has-post-thumbnail","hentry","category-communaute","category-homepage-french","category-toutes-les-actualites","tag-africa-press","tag-africa-press-cameroun","tag-cameroun"],"yoast_head":"<!-- This site is optimized with the Yoast SEO Premium plugin v26.1 (Yoast SEO v27.0) - https:\/\/yoast.com\/product\/yoast-seo-premium-wordpress\/ -->\n<title>In Memoriam\u00a0: La famille d\u2019Erika Mouliom lui rend hommage, un an apr\u00e8s sa mort dans un accident impliquant le rappeur Tenor - Cameroun<\/title>\n<meta name=\"description\" content=\"C\u2019est un jour bien triste pour la famille de la jeune Erika Mouliom, d\u00e9c\u00e9d\u00e9e il y a un an jour pour jour, dans un accide ...\" \/>\n<meta name=\"robots\" content=\"index, follow, max-snippet:-1, max-image-preview:large, max-video-preview:-1\" \/>\n<link rel=\"canonical\" href=\"https:\/\/www.africa-press.net\/cameroun\/toutes-les-actualites\/in-memoriam-la-famille-derika-mouliom-lui-rend-hommage-un-an-apres-sa-mort-dans-un-accident-impliquant-le-rappeur-tenor\" \/>\n<meta property=\"og:locale\" content=\"fr_FR\" \/>\n<meta property=\"og:type\" content=\"article\" \/>\n<meta property=\"og:title\" content=\"In Memoriam\u00a0: La famille d\u2019Erika Mouliom lui rend hommage, un an apr\u00e8s sa mort dans un accident impliquant le rappeur Tenor\" \/>\n<meta property=\"og:description\" content=\"C\u2019est un jour bien triste pour la famille de la jeune Erika Mouliom, d\u00e9c\u00e9d\u00e9e il y a un an jour pour jour, dans un accide ...\" \/>\n<meta property=\"og:url\" content=\"https:\/\/www.africa-press.net\/cameroun\/toutes-les-actualites\/in-memoriam-la-famille-derika-mouliom-lui-rend-hommage-un-an-apres-sa-mort-dans-un-accident-impliquant-le-rappeur-tenor\" \/>\n<meta property=\"og:site_name\" content=\"Cameroun\" \/>\n<meta property=\"article:published_time\" content=\"2022-07-15T13:35:51+00:00\" \/>\n<meta property=\"article:modified_time\" content=\"2022-07-15T15:57:19+00:00\" \/>\n<meta property=\"og:image\" content=\"https:\/\/static.africa-press.net\/cameroun\/sites\/57\/2022\/07\/img-62d18e3a26bd0.jpg\" \/>\n\t<meta property=\"og:image:width\" content=\"800\" \/>\n\t<meta property=\"og:image:height\" content=\"600\" \/>\n\t<meta property=\"og:image:type\" content=\"image\/jpeg\" \/>\n<meta name=\"author\" content=\"cfeditorfr\" \/>\n<meta name=\"twitter:card\" content=\"summary_large_image\" \/>\n<meta name=\"twitter:label1\" content=\"\u00c9crit par\" \/>\n\t<meta name=\"twitter:data1\" content=\"cfeditorfr\" \/>\n\t<meta name=\"twitter:label2\" content=\"Dur\u00e9e de lecture estim\u00e9e\" \/>\n\t<meta name=\"twitter:data2\" content=\"2 minutes\" \/>\n<script type=\"application\/ld+json\" class=\"yoast-schema-graph\">{\"@context\":\"https:\/\/schema.org\",\"@graph\":[{\"@type\":\"Article\",\"@id\":\"https:\/\/www.africa-press.net\/cameroun\/toutes-les-actualites\/in-memoriam-la-famille-derika-mouliom-lui-rend-hommage-un-an-apres-sa-mort-dans-un-accident-impliquant-le-rappeur-tenor#article\",\"isPartOf\":{\"@id\":\"https:\/\/www.africa-press.net\/cameroun\/toutes-les-actualites\/in-memoriam-la-famille-derika-mouliom-lui-rend-hommage-un-an-apres-sa-mort-dans-un-accident-impliquant-le-rappeur-tenor\"},\"author\":{\"name\":\"cfeditorfr\",\"@id\":\"https:\/\/www.africa-press.net\/cameroun\/#\/schema\/person\/2b1cf3cd81a31e3cd26889ca66d677f1\"},\"headline\":\"In Memoriam\u00a0: La famille d\u2019Erika Mouliom lui rend hommage, un an apr\u00e8s sa mort dans un accident impliquant le rappeur Tenor\",\"datePublished\":\"2022-07-15T13:35:51+00:00\",\"dateModified\":\"2022-07-15T15:57:19+00:00\",\"mainEntityOfPage\":{\"@id\":\"https:\/\/www.africa-press.net\/cameroun\/toutes-les-actualites\/in-memoriam-la-famille-derika-mouliom-lui-rend-hommage-un-an-apres-sa-mort-dans-un-accident-impliquant-le-rappeur-tenor\"},\"wordCount\":341,\"commentCount\":0,\"image\":{\"@id\":\"https:\/\/www.africa-press.net\/cameroun\/toutes-les-actualites\/in-memoriam-la-famille-derika-mouliom-lui-rend-hommage-un-an-apres-sa-mort-dans-un-accident-impliquant-le-rappeur-tenor#primaryimage\"},\"thumbnailUrl\":\"https:\/\/static.africa-press.net\/cameroun\/sites\/57\/2022\/07\/img-62d18e3a26bd0.jpg\",\"keywords\":[\"Africa Press\",\"Africa Press-Cameroun\",\"Cameroun\"],\"articleSection\":[\"Communaut\u00e9\",\"homepage-french\",\"Toutes les actualit\u00e9s\"],\"inLanguage\":\"fr-FR\",\"potentialAction\":[{\"@type\":\"CommentAction\",\"name\":\"Comment\",\"target\":[\"https:\/\/www.africa-press.net\/cameroun\/toutes-les-actualites\/in-memoriam-la-famille-derika-mouliom-lui-rend-hommage-un-an-apres-sa-mort-dans-un-accident-impliquant-le-rappeur-tenor#respond\"]}]},{\"@type\":\"WebPage\",\"@id\":\"https:\/\/www.africa-press.net\/cameroun\/toutes-les-actualites\/in-memoriam-la-famille-derika-mouliom-lui-rend-hommage-un-an-apres-sa-mort-dans-un-accident-impliquant-le-rappeur-tenor\",\"url\":\"https:\/\/www.africa-press.net\/cameroun\/toutes-les-actualites\/in-memoriam-la-famille-derika-mouliom-lui-rend-hommage-un-an-apres-sa-mort-dans-un-accident-impliquant-le-rappeur-tenor\",\"name\":\"In Memoriam\u00a0: La famille d\u2019Erika Mouliom lui rend hommage, un an apr\u00e8s sa mort dans un accident impliquant le rappeur Tenor - Cameroun\",\"isPartOf\":{\"@id\":\"https:\/\/www.africa-press.net\/cameroun\/#website\"},\"primaryImageOfPage\":{\"@id\":\"https:\/\/www.africa-press.net\/cameroun\/toutes-les-actualites\/in-memoriam-la-famille-derika-mouliom-lui-rend-hommage-un-an-apres-sa-mort-dans-un-accident-impliquant-le-rappeur-tenor#primaryimage\"},\"image\":{\"@id\":\"https:\/\/www.africa-press.net\/cameroun\/toutes-les-actualites\/in-memoriam-la-famille-derika-mouliom-lui-rend-hommage-un-an-apres-sa-mort-dans-un-accident-impliquant-le-rappeur-tenor#primaryimage\"},\"thumbnailUrl\":\"https:\/\/static.africa-press.net\/cameroun\/sites\/57\/2022\/07\/img-62d18e3a26bd0.jpg\",\"datePublished\":\"2022-07-15T13:35:51+00:00\",\"dateModified\":\"2022-07-15T15:57:19+00:00\",\"author\":{\"@id\":\"https:\/\/www.africa-press.net\/cameroun\/#\/schema\/person\/2b1cf3cd81a31e3cd26889ca66d677f1\"},\"description\":\"C\u2019est un jour bien triste pour la famille de la jeune Erika Mouliom, d\u00e9c\u00e9d\u00e9e il y a un an jour pour jour, dans un accide ...\",\"breadcrumb\":{\"@id\":\"https:\/\/www.africa-press.net\/cameroun\/toutes-les-actualites\/in-memoriam-la-famille-derika-mouliom-lui-rend-hommage-un-an-apres-sa-mort-dans-un-accident-impliquant-le-rappeur-tenor#breadcrumb\"},\"inLanguage\":\"fr-FR\",\"potentialAction\":[{\"@type\":\"ReadAction\",\"target\":[\"https:\/\/www.africa-press.net\/cameroun\/toutes-les-actualites\/in-memoriam-la-famille-derika-mouliom-lui-rend-hommage-un-an-apres-sa-mort-dans-un-accident-impliquant-le-rappeur-tenor\"]}]},{\"@type\":\"ImageObject\",\"inLanguage\":\"fr-FR\",\"@id\":\"https:\/\/www.africa-press.net\/cameroun\/toutes-les-actualites\/in-memoriam-la-famille-derika-mouliom-lui-rend-hommage-un-an-apres-sa-mort-dans-un-accident-impliquant-le-rappeur-tenor#primaryimage\",\"url\":\"https:\/\/static.africa-press.net\/cameroun\/sites\/57\/2022\/07\/img-62d18e3a26bd0.jpg\",\"contentUrl\":\"https:\/\/static.africa-press.net\/cameroun\/sites\/57\/2022\/07\/img-62d18e3a26bd0.jpg\",\"width\":800,\"height\":600,\"caption\":\"In Memoriam\u00a0: La famille d\u2019Erika Mouliom lui rend hommage, un an apr\u00e8s sa mort dans un accident impliquant le rappeur Tenor\"},{\"@type\":\"BreadcrumbList\",\"@id\":\"https:\/\/www.africa-press.net\/cameroun\/toutes-les-actualites\/in-memoriam-la-famille-derika-mouliom-lui-rend-hommage-un-an-apres-sa-mort-dans-un-accident-impliquant-le-rappeur-tenor#breadcrumb\",\"itemListElement\":[{\"@type\":\"ListItem\",\"position\":1,\"name\":\"Accueil\",\"item\":\"https:\/\/www.africa-press.net\/cameroun\/\"},{\"@type\":\"ListItem\",\"position\":2,\"name\":\"In Memoriam\u00a0: La famille d\u2019Erika Mouliom lui rend hommage, un an apr\u00e8s sa mort dans un accident impliquant le rappeur Tenor\"}]},{\"@type\":\"WebSite\",\"@id\":\"https:\/\/www.africa-press.net\/cameroun\/#website\",\"url\":\"https:\/\/www.africa-press.net\/cameroun\/\",\"name\":\"Cameroun\",\"description\":\"Just another Africa News Agency Sites site\",\"potentialAction\":[{\"@type\":\"SearchAction\",\"target\":{\"@type\":\"EntryPoint\",\"urlTemplate\":\"https:\/\/www.africa-press.net\/cameroun\/?s={search_term_string}\"},\"query-input\":{\"@type\":\"PropertyValueSpecification\",\"valueRequired\":true,\"valueName\":\"search_term_string\"}}],\"inLanguage\":\"fr-FR\"},{\"@type\":\"Person\",\"@id\":\"https:\/\/www.africa-press.net\/cameroun\/#\/schema\/person\/2b1cf3cd81a31e3cd26889ca66d677f1\",\"name\":\"cfeditorfr\"}]}<\/script>\n<!-- \/ Yoast SEO Premium plugin. -->","yoast_head_json":{"title":"In Memoriam\u00a0: La famille d\u2019Erika Mouliom lui rend hommage, un an apr\u00e8s sa mort dans un accident impliquant le rappeur Tenor - Cameroun","description":"C\u2019est un jour bien triste pour la famille de la jeune Erika Mouliom, d\u00e9c\u00e9d\u00e9e il y a un an jour pour jour, dans un accide ...","robots":{"index":"index","follow":"follow","max-snippet":"max-snippet:-1","max-image-preview":"max-image-preview:large","max-video-preview":"max-video-preview:-1"},"canonical":"https:\/\/www.africa-press.net\/cameroun\/toutes-les-actualites\/in-memoriam-la-famille-derika-mouliom-lui-rend-hommage-un-an-apres-sa-mort-dans-un-accident-impliquant-le-rappeur-tenor","og_locale":"fr_FR","og_type":"article","og_title":"In Memoriam\u00a0: La famille d\u2019Erika Mouliom lui rend hommage, un an apr\u00e8s sa mort dans un accident impliquant le rappeur Tenor","og_description":"C\u2019est un jour bien triste pour la famille de la jeune Erika Mouliom, d\u00e9c\u00e9d\u00e9e il y a un an jour pour jour, dans un accide ...","og_url":"https:\/\/www.africa-press.net\/cameroun\/toutes-les-actualites\/in-memoriam-la-famille-derika-mouliom-lui-rend-hommage-un-an-apres-sa-mort-dans-un-accident-impliquant-le-rappeur-tenor","og_site_name":"Cameroun","article_published_time":"2022-07-15T13:35:51+00:00","article_modified_time":"2022-07-15T15:57:19+00:00","og_image":[{"width":800,"height":600,"url":"https:\/\/static.africa-press.net\/cameroun\/sites\/57\/2022\/07\/img-62d18e3a26bd0.jpg","type":"image\/jpeg"}],"author":"cfeditorfr","twitter_card":"summary_large_image","twitter_misc":{"\u00c9crit par":"cfeditorfr","Dur\u00e9e de lecture estim\u00e9e":"2 minutes"},"schema":{"@context":"https:\/\/schema.org","@graph":[{"@type":"Article","@id":"https:\/\/www.africa-press.net\/cameroun\/toutes-les-actualites\/in-memoriam-la-famille-derika-mouliom-lui-rend-hommage-un-an-apres-sa-mort-dans-un-accident-impliquant-le-rappeur-tenor#article","isPartOf":{"@id":"https:\/\/www.africa-press.net\/cameroun\/toutes-les-actualites\/in-memoriam-la-famille-derika-mouliom-lui-rend-hommage-un-an-apres-sa-mort-dans-un-accident-impliquant-le-rappeur-tenor"},"author":{"name":"cfeditorfr","@id":"https:\/\/www.africa-press.net\/cameroun\/#\/schema\/person\/2b1cf3cd81a31e3cd26889ca66d677f1"},"headline":"In Memoriam\u00a0: La famille d\u2019Erika Mouliom lui rend hommage, un an apr\u00e8s sa mort dans un accident impliquant le rappeur Tenor","datePublished":"2022-07-15T13:35:51+00:00","dateModified":"2022-07-15T15:57:19+00:00","mainEntityOfPage":{"@id":"https:\/\/www.africa-press.net\/cameroun\/toutes-les-actualites\/in-memoriam-la-famille-derika-mouliom-lui-rend-hommage-un-an-apres-sa-mort-dans-un-accident-impliquant-le-rappeur-tenor"},"wordCount":341,"commentCount":0,"image":{"@id":"https:\/\/www.africa-press.net\/cameroun\/toutes-les-actualites\/in-memoriam-la-famille-derika-mouliom-lui-rend-hommage-un-an-apres-sa-mort-dans-un-accident-impliquant-le-rappeur-tenor#primaryimage"},"thumbnailUrl":"https:\/\/static.africa-press.net\/cameroun\/sites\/57\/2022\/07\/img-62d18e3a26bd0.jpg","keywords":["Africa Press","Africa Press-Cameroun","Cameroun"],"articleSection":["Communaut\u00e9","homepage-french","Toutes les actualit\u00e9s"],"inLanguage":"fr-FR","potentialAction":[{"@type":"CommentAction","name":"Comment","target":["https:\/\/www.africa-press.net\/cameroun\/toutes-les-actualites\/in-memoriam-la-famille-derika-mouliom-lui-rend-hommage-un-an-apres-sa-mort-dans-un-accident-impliquant-le-rappeur-tenor#respond"]}]},{"@type":"WebPage","@id":"https:\/\/www.africa-press.net\/cameroun\/toutes-les-actualites\/in-memoriam-la-famille-derika-mouliom-lui-rend-hommage-un-an-apres-sa-mort-dans-un-accident-impliquant-le-rappeur-tenor","url":"https:\/\/www.africa-press.net\/cameroun\/toutes-les-actualites\/in-memoriam-la-famille-derika-mouliom-lui-rend-hommage-un-an-apres-sa-mort-dans-un-accident-impliquant-le-rappeur-tenor","name":"In Memoriam\u00a0: La famille d\u2019Erika Mouliom lui rend hommage, un an apr\u00e8s sa mort dans un accident impliquant le rappeur Tenor - Cameroun","isPartOf":{"@id":"https:\/\/www.africa-press.net\/cameroun\/#website"},"primaryImageOfPage":{"@id":"https:\/\/www.africa-press.net\/cameroun\/toutes-les-actualites\/in-memoriam-la-famille-derika-mouliom-lui-rend-hommage-un-an-apres-sa-mort-dans-un-accident-impliquant-le-rappeur-tenor#primaryimage"},"image":{"@id":"https:\/\/www.africa-press.net\/cameroun\/toutes-les-actualites\/in-memoriam-la-famille-derika-mouliom-lui-rend-hommage-un-an-apres-sa-mort-dans-un-accident-impliquant-le-rappeur-tenor#primaryimage"},"thumbnailUrl":"https:\/\/static.africa-press.net\/cameroun\/sites\/57\/2022\/07\/img-62d18e3a26bd0.jpg","datePublished":"2022-07-15T13:35:51+00:00","dateModified":"2022-07-15T15:57:19+00:00","author":{"@id":"https:\/\/www.africa-press.net\/cameroun\/#\/schema\/person\/2b1cf3cd81a31e3cd26889ca66d677f1"},"description":"C\u2019est un jour bien triste pour la famille de la jeune Erika Mouliom, d\u00e9c\u00e9d\u00e9e il y a un an jour pour jour, dans un accide ...","breadcrumb":{"@id":"https:\/\/www.africa-press.net\/cameroun\/toutes-les-actualites\/in-memoriam-la-famille-derika-mouliom-lui-rend-hommage-un-an-apres-sa-mort-dans-un-accident-impliquant-le-rappeur-tenor#breadcrumb"},"inLanguage":"fr-FR","potentialAction":[{"@type":"ReadAction","target":["https:\/\/www.africa-press.net\/cameroun\/toutes-les-actualites\/in-memoriam-la-famille-derika-mouliom-lui-rend-hommage-un-an-apres-sa-mort-dans-un-accident-impliquant-le-rappeur-tenor"]}]},{"@type":"ImageObject","inLanguage":"fr-FR","@id":"https:\/\/www.africa-press.net\/cameroun\/toutes-les-actualites\/in-memoriam-la-famille-derika-mouliom-lui-rend-hommage-un-an-apres-sa-mort-dans-un-accident-impliquant-le-rappeur-tenor#primaryimage","url":"https:\/\/static.africa-press.net\/cameroun\/sites\/57\/2022\/07\/img-62d18e3a26bd0.jpg","contentUrl":"https:\/\/static.africa-press.net\/cameroun\/sites\/57\/2022\/07\/img-62d18e3a26bd0.jpg","width":800,"height":600,"caption":"In Memoriam\u00a0: La famille d\u2019Erika Mouliom lui rend hommage, un an apr\u00e8s sa mort dans un accident impliquant le rappeur Tenor"},{"@type":"BreadcrumbList","@id":"https:\/\/www.africa-press.net\/cameroun\/toutes-les-actualites\/in-memoriam-la-famille-derika-mouliom-lui-rend-hommage-un-an-apres-sa-mort-dans-un-accident-impliquant-le-rappeur-tenor#breadcrumb","itemListElement":[{"@type":"ListItem","position":1,"name":"Accueil","item":"https:\/\/www.africa-press.net\/cameroun\/"},{"@type":"ListItem","position":2,"name":"In Memoriam\u00a0: La famille d\u2019Erika Mouliom lui rend hommage, un an apr\u00e8s sa mort dans un accident impliquant le rappeur Tenor"}]},{"@type":"WebSite","@id":"https:\/\/www.africa-press.net\/cameroun\/#website","url":"https:\/\/www.africa-press.net\/cameroun\/","name":"Cameroun","description":"Just another Africa News Agency Sites site","potentialAction":[{"@type":"SearchAction","target":{"@type":"EntryPoint","urlTemplate":"https:\/\/www.africa-press.net\/cameroun\/?s={search_term_string}"},"query-input":{"@type":"PropertyValueSpecification","valueRequired":true,"valueName":"search_term_string"}}],"inLanguage":"fr-FR"},{"@type":"Person","@id":"https:\/\/www.africa-press.net\/cameroun\/#\/schema\/person\/2b1cf3cd81a31e3cd26889ca66d677f1","name":"cfeditorfr"}]}},"_links":{"self":[{"href":"https:\/\/www.africa-press.net\/cameroun\/wp-json\/wp\/v2\/posts\/23586","targetHints":{"allow":["GET"]}}],"collection":[{"href":"https:\/\/www.africa-press.net\/cameroun\/wp-json\/wp\/v2\/posts"}],"about":[{"href":"https:\/\/www.africa-press.net\/cameroun\/wp-json\/wp\/v2\/types\/post"}],"author":[{"embeddable":true,"href":"https:\/\/www.africa-press.net\/cameroun\/wp-json\/wp\/v2\/users\/82"}],"replies":[{"embeddable":true,"href":"https:\/\/www.africa-press.net\/cameroun\/wp-json\/wp\/v2\/comments?post=23586"}],"version-history":[{"count":0,"href":"https:\/\/www.africa-press.net\/cameroun\/wp-json\/wp\/v2\/posts\/23586\/revisions"}],"wp:featuredmedia":[{"embeddable":true,"href":"https:\/\/www.africa-press.net\/cameroun\/wp-json\/wp\/v2\/media\/23585"}],"wp:attachment":[{"href":"https:\/\/www.africa-press.net\/cameroun\/wp-json\/wp\/v2\/media?parent=23586"}],"wp:term":[{"taxonomy":"category","embeddable":true,"href":"https:\/\/www.africa-press.net\/cameroun\/wp-json\/wp\/v2\/categories?post=23586"},{"taxonomy":"post_tag","embeddable":true,"href":"https:\/\/www.africa-press.net\/cameroun\/wp-json\/wp\/v2\/tags?post=23586"}],"curies":[{"name":"wp","href":"https:\/\/api.w.org\/{rel}","templated":true}]}}