{"id":23595,"date":"2022-07-15T13:56:41","date_gmt":"2022-07-15T13:56:41","guid":{"rendered":"https:\/\/www.africa-press.net\/cameroun\/politique\/cameroun-culture-du-ble-22-varietes-de-semences-recensees"},"modified":"2022-07-15T16:00:13","modified_gmt":"2022-07-15T16:00:13","slug":"cameroun-culture-du-ble-22-varietes-de-semences-recensees","status":"publish","type":"post","link":"https:\/\/www.africa-press.net\/cameroun\/economie\/cameroun-culture-du-ble-22-varietes-de-semences-recensees","title":{"rendered":"Cameroun-culture du bl\u00e9 : 22 vari\u00e9t\u00e9s de semences recens\u00e9es"},"content":{"rendered":"<p><span style=\"color: #ff6600\"><strong>Africa-Press &#8211; Cameroun. <\/strong><\/span>L\u2019IRAD a eu \u00e0 mettre au point de 22 vari\u00e9t\u00e9s de bl\u00e9 dont quatre adapt\u00e9es aux cinq zones agro-\u00e9cologiques du pays, mais les moyens financiers limit\u00e9s n\u2019ont pas permis une transformation \u00e0 grande \u00e9chelle de la cha\u00eene de valeur du bl\u00e9 au Cameroun.<\/p>\n<p>Le Cameroun veut relancer la production du bl\u00e9 devenu rare et ch\u00e8re sur le march\u00e9 mondial. Le pr\u00e9sident de la R\u00e9publique vient d\u2019ordonner le d\u00e9blocage d\u2019une subvention sp\u00e9ciale de 10,3 milliards de FCFA \u00e0 cet effet. Elle sera \u00e9chelonn\u00e9e en cinq ans pour le compte de La production sera assur\u00e9e par l\u2019Institut de recherche agricole pour le d\u00e9veloppement (IRAD), charg\u00e9e de cette production.<\/p>\n<p>Cette dotation, \u00e9tal\u00e9e sur quatre tranches jusqu\u2019en 2026, servira \u00e0 la production des semences de qualit\u00e9 et \u00e0 la mise en place de structures locales de transformation.<\/p>\n<p>D\u2019ores et d\u00e9j\u00e0, l\u2019IRAD annonce disposer de 22 vari\u00e9t\u00e9s de semences am\u00e9lior\u00e9es de bl\u00e9 qui serviront \u00e0 relancer la production. Apr\u00e8s les prouesses en laboratoire, les chercheurs vont multiplier ces semences de base de qualit\u00e9, pour permettre aux populations de prendre le relais.<\/p>\n<p>La mobilisation financi\u00e8re nationale sur le sujet est intervenue, au moment o\u00f9 les acteurs du secteur d\u00e9plorent une flamb\u00e9e des co\u00fbts du fret et des prix du bl\u00e9 sur le march\u00e9 international du fait du conflit entre la Russie et l\u2019Ukraine.<\/p>\n<p>Les chercheurs de l\u2019IRAD promettent une production de 300 mille \u00e0 500 mille \u00e0 partir de la deuxi\u00e8me ann\u00e9e, ainsi que chaque ann\u00e9e. Une production qui permettra de faire baisser les importations de bl\u00e9, estim\u00e9es en 2021, selon l\u2019Institut national de la statistique (INS), \u00e0 953 476 tonnes pour 180 milliards de FCFA d\u00e9pens\u00e9s.<\/p>\n<p>Pour l\u2019ann\u00e9e 2020, le Cameroun a d\u00e9pens\u00e9 156 milliards de francs CFA (environ 240 millions de dollars) pour l\u2019importation de 860.000 tonnes de bl\u00e9, selon les derni\u00e8res donn\u00e9es du Bureau de mise \u00e0 niveau (BMN), une institution officielle.<\/p>\n<p><strong>Pour plus d&rsquo;informations et d&rsquo;analyses sur la <a href=\"https:\/\/www.africa-press.net\/cameroun\">Cameroun<\/a>, suivez <a href=\"https:\/\/www.africa-press.net\/\">Africa-Press<\/a><\/strong><\/p>\n","protected":false},"excerpt":{"rendered":"<p>Africa-Press &#8211; Cameroun. L\u2019IRAD a eu \u00e0 mettre au point de 22 vari\u00e9t\u00e9s de bl\u00e9 dont quatre adapt\u00e9es aux cinq zones agro-\u00e9cologiques du pays, mais les moyens financiers limit\u00e9s n\u2019ont pas permis une transformation \u00e0 grande \u00e9chelle de la cha\u00eene de valeur du bl\u00e9 au Cameroun. Le Cameroun veut relancer la production du bl\u00e9 devenu [&hellip;]<\/p>\n","protected":false},"author":82,"featured_media":23594,"comment_status":"open","ping_status":"closed","sticky":false,"template":"","format":"standard","meta":{"footnotes":""},"categories":[3,11,10],"tags":[36,50,49],"class_list":["post-23595","post","type-post","status-publish","format-standard","has-post-thumbnail","hentry","category-economie","category-homepage-french","category-toutes-les-actualites","tag-africa-press","tag-africa-press-cameroun","tag-cameroun"],"yoast_head":"<!-- This site is optimized with the Yoast SEO Premium plugin v26.1 (Yoast SEO v27.0) - https:\/\/yoast.com\/product\/yoast-seo-premium-wordpress\/ -->\n<title>Cameroun-culture du bl\u00e9 : 22 vari\u00e9t\u00e9s de semences recens\u00e9es - Cameroun<\/title>\n<meta name=\"description\" content=\"L\u2019IRAD a eu \u00e0 mettre au point de 22 vari\u00e9t\u00e9s de bl\u00e9 dont quatre adapt\u00e9es aux cinq zones agro-\u00e9cologiques du pays, mais l ...\" \/>\n<meta name=\"robots\" content=\"index, follow, max-snippet:-1, max-image-preview:large, max-video-preview:-1\" \/>\n<link rel=\"canonical\" href=\"https:\/\/www.africa-press.net\/cameroun\/economie\/cameroun-culture-du-ble-22-varietes-de-semences-recensees\" \/>\n<meta property=\"og:locale\" content=\"fr_FR\" \/>\n<meta property=\"og:type\" content=\"article\" \/>\n<meta property=\"og:title\" content=\"Cameroun-culture du bl\u00e9 : 22 vari\u00e9t\u00e9s de semences recens\u00e9es\" \/>\n<meta property=\"og:description\" content=\"L\u2019IRAD a eu \u00e0 mettre au point de 22 vari\u00e9t\u00e9s de bl\u00e9 dont quatre adapt\u00e9es aux cinq zones agro-\u00e9cologiques du pays, mais l ...\" \/>\n<meta property=\"og:url\" content=\"https:\/\/www.africa-press.net\/cameroun\/economie\/cameroun-culture-du-ble-22-varietes-de-semences-recensees\" \/>\n<meta property=\"og:site_name\" content=\"Cameroun\" \/>\n<meta property=\"article:published_time\" content=\"2022-07-15T13:56:41+00:00\" \/>\n<meta property=\"article:modified_time\" content=\"2022-07-15T16:00:13+00:00\" \/>\n<meta property=\"og:image\" content=\"https:\/\/static.africa-press.net\/cameroun\/sites\/57\/2022\/07\/img-62d18ee11238d.jpg\" \/>\n\t<meta property=\"og:image:width\" content=\"860\" \/>\n\t<meta property=\"og:image:height\" content=\"420\" \/>\n\t<meta property=\"og:image:type\" content=\"image\/jpeg\" \/>\n<meta name=\"author\" content=\"cfeditorfr\" \/>\n<meta name=\"twitter:card\" content=\"summary_large_image\" \/>\n<meta name=\"twitter:label1\" content=\"\u00c9crit par\" \/>\n\t<meta name=\"twitter:data1\" content=\"cfeditorfr\" \/>\n\t<meta name=\"twitter:label2\" content=\"Dur\u00e9e de lecture estim\u00e9e\" \/>\n\t<meta name=\"twitter:data2\" content=\"2 minutes\" \/>\n<script type=\"application\/ld+json\" class=\"yoast-schema-graph\">{\"@context\":\"https:\/\/schema.org\",\"@graph\":[{\"@type\":\"Article\",\"@id\":\"https:\/\/www.africa-press.net\/cameroun\/economie\/cameroun-culture-du-ble-22-varietes-de-semences-recensees#article\",\"isPartOf\":{\"@id\":\"https:\/\/www.africa-press.net\/cameroun\/economie\/cameroun-culture-du-ble-22-varietes-de-semences-recensees\"},\"author\":{\"name\":\"cfeditorfr\",\"@id\":\"https:\/\/www.africa-press.net\/cameroun\/#\/schema\/person\/2b1cf3cd81a31e3cd26889ca66d677f1\"},\"headline\":\"Cameroun-culture du bl\u00e9 : 22 vari\u00e9t\u00e9s de semences recens\u00e9es\",\"datePublished\":\"2022-07-15T13:56:41+00:00\",\"dateModified\":\"2022-07-15T16:00:13+00:00\",\"mainEntityOfPage\":{\"@id\":\"https:\/\/www.africa-press.net\/cameroun\/economie\/cameroun-culture-du-ble-22-varietes-de-semences-recensees\"},\"wordCount\":359,\"commentCount\":0,\"image\":{\"@id\":\"https:\/\/www.africa-press.net\/cameroun\/economie\/cameroun-culture-du-ble-22-varietes-de-semences-recensees#primaryimage\"},\"thumbnailUrl\":\"https:\/\/static.africa-press.net\/cameroun\/sites\/57\/2022\/07\/img-62d18ee11238d.jpg\",\"keywords\":[\"Africa Press\",\"Africa Press-Cameroun\",\"Cameroun\"],\"articleSection\":[\"\u00c9conomie\",\"homepage-french\",\"Toutes les actualit\u00e9s\"],\"inLanguage\":\"fr-FR\",\"potentialAction\":[{\"@type\":\"CommentAction\",\"name\":\"Comment\",\"target\":[\"https:\/\/www.africa-press.net\/cameroun\/economie\/cameroun-culture-du-ble-22-varietes-de-semences-recensees#respond\"]}]},{\"@type\":\"WebPage\",\"@id\":\"https:\/\/www.africa-press.net\/cameroun\/economie\/cameroun-culture-du-ble-22-varietes-de-semences-recensees\",\"url\":\"https:\/\/www.africa-press.net\/cameroun\/economie\/cameroun-culture-du-ble-22-varietes-de-semences-recensees\",\"name\":\"Cameroun-culture du bl\u00e9 : 22 vari\u00e9t\u00e9s de semences recens\u00e9es - Cameroun\",\"isPartOf\":{\"@id\":\"https:\/\/www.africa-press.net\/cameroun\/#website\"},\"primaryImageOfPage\":{\"@id\":\"https:\/\/www.africa-press.net\/cameroun\/economie\/cameroun-culture-du-ble-22-varietes-de-semences-recensees#primaryimage\"},\"image\":{\"@id\":\"https:\/\/www.africa-press.net\/cameroun\/economie\/cameroun-culture-du-ble-22-varietes-de-semences-recensees#primaryimage\"},\"thumbnailUrl\":\"https:\/\/static.africa-press.net\/cameroun\/sites\/57\/2022\/07\/img-62d18ee11238d.jpg\",\"datePublished\":\"2022-07-15T13:56:41+00:00\",\"dateModified\":\"2022-07-15T16:00:13+00:00\",\"author\":{\"@id\":\"https:\/\/www.africa-press.net\/cameroun\/#\/schema\/person\/2b1cf3cd81a31e3cd26889ca66d677f1\"},\"description\":\"L\u2019IRAD a eu \u00e0 mettre au point de 22 vari\u00e9t\u00e9s de bl\u00e9 dont quatre adapt\u00e9es aux cinq zones agro-\u00e9cologiques du pays, mais l ...\",\"breadcrumb\":{\"@id\":\"https:\/\/www.africa-press.net\/cameroun\/economie\/cameroun-culture-du-ble-22-varietes-de-semences-recensees#breadcrumb\"},\"inLanguage\":\"fr-FR\",\"potentialAction\":[{\"@type\":\"ReadAction\",\"target\":[\"https:\/\/www.africa-press.net\/cameroun\/economie\/cameroun-culture-du-ble-22-varietes-de-semences-recensees\"]}]},{\"@type\":\"ImageObject\",\"inLanguage\":\"fr-FR\",\"@id\":\"https:\/\/www.africa-press.net\/cameroun\/economie\/cameroun-culture-du-ble-22-varietes-de-semences-recensees#primaryimage\",\"url\":\"https:\/\/static.africa-press.net\/cameroun\/sites\/57\/2022\/07\/img-62d18ee11238d.jpg\",\"contentUrl\":\"https:\/\/static.africa-press.net\/cameroun\/sites\/57\/2022\/07\/img-62d18ee11238d.jpg\",\"width\":860,\"height\":420,\"caption\":\"Cameroun-culture du bl\u00e9 : 22 vari\u00e9t\u00e9s de semences recens\u00e9es\"},{\"@type\":\"BreadcrumbList\",\"@id\":\"https:\/\/www.africa-press.net\/cameroun\/economie\/cameroun-culture-du-ble-22-varietes-de-semences-recensees#breadcrumb\",\"itemListElement\":[{\"@type\":\"ListItem\",\"position\":1,\"name\":\"Accueil\",\"item\":\"https:\/\/www.africa-press.net\/cameroun\/\"},{\"@type\":\"ListItem\",\"position\":2,\"name\":\"Cameroun-culture du bl\u00e9 : 22 vari\u00e9t\u00e9s de semences recens\u00e9es\"}]},{\"@type\":\"WebSite\",\"@id\":\"https:\/\/www.africa-press.net\/cameroun\/#website\",\"url\":\"https:\/\/www.africa-press.net\/cameroun\/\",\"name\":\"Cameroun\",\"description\":\"Just another Africa News Agency Sites site\",\"potentialAction\":[{\"@type\":\"SearchAction\",\"target\":{\"@type\":\"EntryPoint\",\"urlTemplate\":\"https:\/\/www.africa-press.net\/cameroun\/?s={search_term_string}\"},\"query-input\":{\"@type\":\"PropertyValueSpecification\",\"valueRequired\":true,\"valueName\":\"search_term_string\"}}],\"inLanguage\":\"fr-FR\"},{\"@type\":\"Person\",\"@id\":\"https:\/\/www.africa-press.net\/cameroun\/#\/schema\/person\/2b1cf3cd81a31e3cd26889ca66d677f1\",\"name\":\"cfeditorfr\"}]}<\/script>\n<!-- \/ Yoast SEO Premium plugin. -->","yoast_head_json":{"title":"Cameroun-culture du bl\u00e9 : 22 vari\u00e9t\u00e9s de semences recens\u00e9es - Cameroun","description":"L\u2019IRAD a eu \u00e0 mettre au point de 22 vari\u00e9t\u00e9s de bl\u00e9 dont quatre adapt\u00e9es aux cinq zones agro-\u00e9cologiques du pays, mais l ...","robots":{"index":"index","follow":"follow","max-snippet":"max-snippet:-1","max-image-preview":"max-image-preview:large","max-video-preview":"max-video-preview:-1"},"canonical":"https:\/\/www.africa-press.net\/cameroun\/economie\/cameroun-culture-du-ble-22-varietes-de-semences-recensees","og_locale":"fr_FR","og_type":"article","og_title":"Cameroun-culture du bl\u00e9 : 22 vari\u00e9t\u00e9s de semences recens\u00e9es","og_description":"L\u2019IRAD a eu \u00e0 mettre au point de 22 vari\u00e9t\u00e9s de bl\u00e9 dont quatre adapt\u00e9es aux cinq zones agro-\u00e9cologiques du pays, mais l ...","og_url":"https:\/\/www.africa-press.net\/cameroun\/economie\/cameroun-culture-du-ble-22-varietes-de-semences-recensees","og_site_name":"Cameroun","article_published_time":"2022-07-15T13:56:41+00:00","article_modified_time":"2022-07-15T16:00:13+00:00","og_image":[{"width":860,"height":420,"url":"https:\/\/static.africa-press.net\/cameroun\/sites\/57\/2022\/07\/img-62d18ee11238d.jpg","type":"image\/jpeg"}],"author":"cfeditorfr","twitter_card":"summary_large_image","twitter_misc":{"\u00c9crit par":"cfeditorfr","Dur\u00e9e de lecture estim\u00e9e":"2 minutes"},"schema":{"@context":"https:\/\/schema.org","@graph":[{"@type":"Article","@id":"https:\/\/www.africa-press.net\/cameroun\/economie\/cameroun-culture-du-ble-22-varietes-de-semences-recensees#article","isPartOf":{"@id":"https:\/\/www.africa-press.net\/cameroun\/economie\/cameroun-culture-du-ble-22-varietes-de-semences-recensees"},"author":{"name":"cfeditorfr","@id":"https:\/\/www.africa-press.net\/cameroun\/#\/schema\/person\/2b1cf3cd81a31e3cd26889ca66d677f1"},"headline":"Cameroun-culture du bl\u00e9 : 22 vari\u00e9t\u00e9s de semences recens\u00e9es","datePublished":"2022-07-15T13:56:41+00:00","dateModified":"2022-07-15T16:00:13+00:00","mainEntityOfPage":{"@id":"https:\/\/www.africa-press.net\/cameroun\/economie\/cameroun-culture-du-ble-22-varietes-de-semences-recensees"},"wordCount":359,"commentCount":0,"image":{"@id":"https:\/\/www.africa-press.net\/cameroun\/economie\/cameroun-culture-du-ble-22-varietes-de-semences-recensees#primaryimage"},"thumbnailUrl":"https:\/\/static.africa-press.net\/cameroun\/sites\/57\/2022\/07\/img-62d18ee11238d.jpg","keywords":["Africa Press","Africa Press-Cameroun","Cameroun"],"articleSection":["\u00c9conomie","homepage-french","Toutes les actualit\u00e9s"],"inLanguage":"fr-FR","potentialAction":[{"@type":"CommentAction","name":"Comment","target":["https:\/\/www.africa-press.net\/cameroun\/economie\/cameroun-culture-du-ble-22-varietes-de-semences-recensees#respond"]}]},{"@type":"WebPage","@id":"https:\/\/www.africa-press.net\/cameroun\/economie\/cameroun-culture-du-ble-22-varietes-de-semences-recensees","url":"https:\/\/www.africa-press.net\/cameroun\/economie\/cameroun-culture-du-ble-22-varietes-de-semences-recensees","name":"Cameroun-culture du bl\u00e9 : 22 vari\u00e9t\u00e9s de semences recens\u00e9es - Cameroun","isPartOf":{"@id":"https:\/\/www.africa-press.net\/cameroun\/#website"},"primaryImageOfPage":{"@id":"https:\/\/www.africa-press.net\/cameroun\/economie\/cameroun-culture-du-ble-22-varietes-de-semences-recensees#primaryimage"},"image":{"@id":"https:\/\/www.africa-press.net\/cameroun\/economie\/cameroun-culture-du-ble-22-varietes-de-semences-recensees#primaryimage"},"thumbnailUrl":"https:\/\/static.africa-press.net\/cameroun\/sites\/57\/2022\/07\/img-62d18ee11238d.jpg","datePublished":"2022-07-15T13:56:41+00:00","dateModified":"2022-07-15T16:00:13+00:00","author":{"@id":"https:\/\/www.africa-press.net\/cameroun\/#\/schema\/person\/2b1cf3cd81a31e3cd26889ca66d677f1"},"description":"L\u2019IRAD a eu \u00e0 mettre au point de 22 vari\u00e9t\u00e9s de bl\u00e9 dont quatre adapt\u00e9es aux cinq zones agro-\u00e9cologiques du pays, mais l ...","breadcrumb":{"@id":"https:\/\/www.africa-press.net\/cameroun\/economie\/cameroun-culture-du-ble-22-varietes-de-semences-recensees#breadcrumb"},"inLanguage":"fr-FR","potentialAction":[{"@type":"ReadAction","target":["https:\/\/www.africa-press.net\/cameroun\/economie\/cameroun-culture-du-ble-22-varietes-de-semences-recensees"]}]},{"@type":"ImageObject","inLanguage":"fr-FR","@id":"https:\/\/www.africa-press.net\/cameroun\/economie\/cameroun-culture-du-ble-22-varietes-de-semences-recensees#primaryimage","url":"https:\/\/static.africa-press.net\/cameroun\/sites\/57\/2022\/07\/img-62d18ee11238d.jpg","contentUrl":"https:\/\/static.africa-press.net\/cameroun\/sites\/57\/2022\/07\/img-62d18ee11238d.jpg","width":860,"height":420,"caption":"Cameroun-culture du bl\u00e9 : 22 vari\u00e9t\u00e9s de semences recens\u00e9es"},{"@type":"BreadcrumbList","@id":"https:\/\/www.africa-press.net\/cameroun\/economie\/cameroun-culture-du-ble-22-varietes-de-semences-recensees#breadcrumb","itemListElement":[{"@type":"ListItem","position":1,"name":"Accueil","item":"https:\/\/www.africa-press.net\/cameroun\/"},{"@type":"ListItem","position":2,"name":"Cameroun-culture du bl\u00e9 : 22 vari\u00e9t\u00e9s de semences recens\u00e9es"}]},{"@type":"WebSite","@id":"https:\/\/www.africa-press.net\/cameroun\/#website","url":"https:\/\/www.africa-press.net\/cameroun\/","name":"Cameroun","description":"Just another Africa News Agency Sites site","potentialAction":[{"@type":"SearchAction","target":{"@type":"EntryPoint","urlTemplate":"https:\/\/www.africa-press.net\/cameroun\/?s={search_term_string}"},"query-input":{"@type":"PropertyValueSpecification","valueRequired":true,"valueName":"search_term_string"}}],"inLanguage":"fr-FR"},{"@type":"Person","@id":"https:\/\/www.africa-press.net\/cameroun\/#\/schema\/person\/2b1cf3cd81a31e3cd26889ca66d677f1","name":"cfeditorfr"}]}},"_links":{"self":[{"href":"https:\/\/www.africa-press.net\/cameroun\/wp-json\/wp\/v2\/posts\/23595","targetHints":{"allow":["GET"]}}],"collection":[{"href":"https:\/\/www.africa-press.net\/cameroun\/wp-json\/wp\/v2\/posts"}],"about":[{"href":"https:\/\/www.africa-press.net\/cameroun\/wp-json\/wp\/v2\/types\/post"}],"author":[{"embeddable":true,"href":"https:\/\/www.africa-press.net\/cameroun\/wp-json\/wp\/v2\/users\/82"}],"replies":[{"embeddable":true,"href":"https:\/\/www.africa-press.net\/cameroun\/wp-json\/wp\/v2\/comments?post=23595"}],"version-history":[{"count":0,"href":"https:\/\/www.africa-press.net\/cameroun\/wp-json\/wp\/v2\/posts\/23595\/revisions"}],"wp:featuredmedia":[{"embeddable":true,"href":"https:\/\/www.africa-press.net\/cameroun\/wp-json\/wp\/v2\/media\/23594"}],"wp:attachment":[{"href":"https:\/\/www.africa-press.net\/cameroun\/wp-json\/wp\/v2\/media?parent=23595"}],"wp:term":[{"taxonomy":"category","embeddable":true,"href":"https:\/\/www.africa-press.net\/cameroun\/wp-json\/wp\/v2\/categories?post=23595"},{"taxonomy":"post_tag","embeddable":true,"href":"https:\/\/www.africa-press.net\/cameroun\/wp-json\/wp\/v2\/tags?post=23595"}],"curies":[{"name":"wp","href":"https:\/\/api.w.org\/{rel}","templated":true}]}}