{"id":23598,"date":"2022-07-15T14:04:30","date_gmt":"2022-07-15T14:04:30","guid":{"rendered":"https:\/\/www.africa-press.net\/cameroun\/politique\/cameroun-paul-biya-nomme-14-nouveaux-prefets-et-57-sous-prefets"},"modified":"2022-07-15T16:01:07","modified_gmt":"2022-07-15T16:01:07","slug":"cameroun-paul-biya-nomme-14-nouveaux-prefets-et-57-sous-prefets","status":"publish","type":"post","link":"https:\/\/www.africa-press.net\/cameroun\/politique\/cameroun-paul-biya-nomme-14-nouveaux-prefets-et-57-sous-prefets","title":{"rendered":"Cameroun : Paul Biya nomme 14 nouveaux pr\u00e9fets et 57 sous-pr\u00e9fets"},"content":{"rendered":"<p><span style=\"color: #ff6600\"><strong>Africa-Press &#8211; Cameroun. <\/strong><\/span>Le chef de l\u2019Etat a pris plusieurs actes administratifs jeudi 14 juillet 2022 portant nomination des personnalit\u00e9s au sein de l\u2019administration territoriale.<\/p>\n<p>Ce sont au total quatre d\u00e9crets. Ils portent nomination des pr\u00e9fets, sous-pr\u00e9fets, secr\u00e9taires g\u00e9n\u00e9raux des services de gouverneurs de r\u00e9gions et inspecteurs g\u00e9n\u00e9raux des services r\u00e9gionaux. Le d\u00e9cret N\u00b02022\/302 du 14 juillet 2022 nomme 14 pr\u00e9fets sur les 58 que compte le Cameroun ; les 14 d\u00e9partements concern\u00e9s sont repartis en six r\u00e9gions. Il s\u2019agit de deux dans la r\u00e9gion du Centre, deux \u00e0 l\u2019Est, un dans le Nord, trois dans l\u2019Extr\u00eame-Nord, deux \u00e0 l\u2019Ouest et quatre dans le Sud-Ouest.<\/p>\n<p>decret_n_2022_302_du_14.07.2022<\/p>\n<p>Le d\u00e9cret N\u00b02022\/303 du 14 juillet 2022 porte nomination de 57 sous-pr\u00e9fets dans les dix r\u00e9gions du pays.<\/p>\n<p>decret_n_2022_303_du_14.07.2022<\/p>\n<p>Le d\u00e9cret N\u00b02022\/301 du 14 juillet 2022 porte nomination d\u2019inspecteurs g\u00e9n\u00e9raux dans les services des r\u00e9gions du Nord-Ouest, de l\u2019Ouest et du Sud.<\/p>\n<p>decret_n_2022_301_du_14.07.2022<\/p>\n<p>Le d\u00e9cret N\u00b02022\/300 du 14 juillet 2022 porte nomination de deux secr\u00e9taires g\u00e9n\u00e9raux des services du gouverneur des r\u00e9gions du Nord-Ouest et de l\u2019Ouest.<\/p>\n<p>decret_n_2022_300_du_14.07.2022<\/p>\n<p><strong>Pour plus d&rsquo;informations et d&rsquo;analyses sur la <a href=\"https:\/\/www.africa-press.net\/cameroun\">Cameroun<\/a>, suivez <a href=\"https:\/\/www.africa-press.net\/\">Africa-Press<\/a><\/strong><\/p>\n","protected":false},"excerpt":{"rendered":"<p>Africa-Press &#8211; Cameroun. Le chef de l\u2019Etat a pris plusieurs actes administratifs jeudi 14 juillet 2022 portant nomination des personnalit\u00e9s au sein de l\u2019administration territoriale. Ce sont au total quatre d\u00e9crets. Ils portent nomination des pr\u00e9fets, sous-pr\u00e9fets, secr\u00e9taires g\u00e9n\u00e9raux des services de gouverneurs de r\u00e9gions et inspecteurs g\u00e9n\u00e9raux des services r\u00e9gionaux. Le d\u00e9cret N\u00b02022\/302 du [&hellip;]<\/p>\n","protected":false},"author":82,"featured_media":23597,"comment_status":"open","ping_status":"closed","sticky":false,"template":"","format":"standard","meta":{"footnotes":""},"categories":[11,2,10],"tags":[36,50,49],"class_list":["post-23598","post","type-post","status-publish","format-standard","has-post-thumbnail","hentry","category-homepage-french","category-politique","category-toutes-les-actualites","tag-africa-press","tag-africa-press-cameroun","tag-cameroun"],"yoast_head":"<!-- This site is optimized with the Yoast SEO Premium plugin v26.1 (Yoast SEO v27.0) - https:\/\/yoast.com\/product\/yoast-seo-premium-wordpress\/ -->\n<title>Cameroun : Paul Biya nomme 14 nouveaux pr\u00e9fets et 57 sous-pr\u00e9fets - Cameroun<\/title>\n<meta name=\"description\" content=\"Le chef de l\u2019Etat a pris plusieurs actes administratifs jeudi 14 juillet 2022 portant nomination des personnalit\u00e9s au se ...\" \/>\n<meta name=\"robots\" content=\"index, follow, max-snippet:-1, max-image-preview:large, max-video-preview:-1\" \/>\n<link rel=\"canonical\" href=\"https:\/\/www.africa-press.net\/cameroun\/politique\/cameroun-paul-biya-nomme-14-nouveaux-prefets-et-57-sous-prefets\" \/>\n<meta property=\"og:locale\" content=\"fr_FR\" \/>\n<meta property=\"og:type\" content=\"article\" \/>\n<meta property=\"og:title\" content=\"Cameroun : Paul Biya nomme 14 nouveaux pr\u00e9fets et 57 sous-pr\u00e9fets\" \/>\n<meta property=\"og:description\" content=\"Le chef de l\u2019Etat a pris plusieurs actes administratifs jeudi 14 juillet 2022 portant nomination des personnalit\u00e9s au se ...\" \/>\n<meta property=\"og:url\" content=\"https:\/\/www.africa-press.net\/cameroun\/politique\/cameroun-paul-biya-nomme-14-nouveaux-prefets-et-57-sous-prefets\" \/>\n<meta property=\"og:site_name\" content=\"Cameroun\" \/>\n<meta property=\"article:published_time\" content=\"2022-07-15T14:04:30+00:00\" \/>\n<meta property=\"article:modified_time\" content=\"2022-07-15T16:01:07+00:00\" \/>\n<meta property=\"og:image\" content=\"https:\/\/static.africa-press.net\/cameroun\/sites\/57\/2022\/07\/img-62d18f13acf21.jpg\" \/>\n\t<meta property=\"og:image:width\" content=\"800\" \/>\n\t<meta property=\"og:image:height\" content=\"418\" \/>\n\t<meta property=\"og:image:type\" content=\"image\/jpeg\" \/>\n<meta name=\"author\" content=\"cfeditorfr\" \/>\n<meta name=\"twitter:card\" content=\"summary_large_image\" \/>\n<meta name=\"twitter:label1\" content=\"\u00c9crit par\" \/>\n\t<meta name=\"twitter:data1\" content=\"cfeditorfr\" \/>\n\t<meta name=\"twitter:label2\" content=\"Dur\u00e9e de lecture estim\u00e9e\" \/>\n\t<meta name=\"twitter:data2\" content=\"1 minute\" \/>\n<script type=\"application\/ld+json\" class=\"yoast-schema-graph\">{\"@context\":\"https:\/\/schema.org\",\"@graph\":[{\"@type\":\"Article\",\"@id\":\"https:\/\/www.africa-press.net\/cameroun\/politique\/cameroun-paul-biya-nomme-14-nouveaux-prefets-et-57-sous-prefets#article\",\"isPartOf\":{\"@id\":\"https:\/\/www.africa-press.net\/cameroun\/politique\/cameroun-paul-biya-nomme-14-nouveaux-prefets-et-57-sous-prefets\"},\"author\":{\"name\":\"cfeditorfr\",\"@id\":\"https:\/\/www.africa-press.net\/cameroun\/#\/schema\/person\/2b1cf3cd81a31e3cd26889ca66d677f1\"},\"headline\":\"Cameroun : Paul Biya nomme 14 nouveaux pr\u00e9fets et 57 sous-pr\u00e9fets\",\"datePublished\":\"2022-07-15T14:04:30+00:00\",\"dateModified\":\"2022-07-15T16:01:07+00:00\",\"mainEntityOfPage\":{\"@id\":\"https:\/\/www.africa-press.net\/cameroun\/politique\/cameroun-paul-biya-nomme-14-nouveaux-prefets-et-57-sous-prefets\"},\"wordCount\":226,\"commentCount\":0,\"image\":{\"@id\":\"https:\/\/www.africa-press.net\/cameroun\/politique\/cameroun-paul-biya-nomme-14-nouveaux-prefets-et-57-sous-prefets#primaryimage\"},\"thumbnailUrl\":\"https:\/\/static.africa-press.net\/cameroun\/sites\/57\/2022\/07\/img-62d18f13acf21.jpg\",\"keywords\":[\"Africa Press\",\"Africa Press-Cameroun\",\"Cameroun\"],\"articleSection\":[\"homepage-french\",\"Politique\",\"Toutes les actualit\u00e9s\"],\"inLanguage\":\"fr-FR\",\"potentialAction\":[{\"@type\":\"CommentAction\",\"name\":\"Comment\",\"target\":[\"https:\/\/www.africa-press.net\/cameroun\/politique\/cameroun-paul-biya-nomme-14-nouveaux-prefets-et-57-sous-prefets#respond\"]}]},{\"@type\":\"WebPage\",\"@id\":\"https:\/\/www.africa-press.net\/cameroun\/politique\/cameroun-paul-biya-nomme-14-nouveaux-prefets-et-57-sous-prefets\",\"url\":\"https:\/\/www.africa-press.net\/cameroun\/politique\/cameroun-paul-biya-nomme-14-nouveaux-prefets-et-57-sous-prefets\",\"name\":\"Cameroun : Paul Biya nomme 14 nouveaux pr\u00e9fets et 57 sous-pr\u00e9fets - Cameroun\",\"isPartOf\":{\"@id\":\"https:\/\/www.africa-press.net\/cameroun\/#website\"},\"primaryImageOfPage\":{\"@id\":\"https:\/\/www.africa-press.net\/cameroun\/politique\/cameroun-paul-biya-nomme-14-nouveaux-prefets-et-57-sous-prefets#primaryimage\"},\"image\":{\"@id\":\"https:\/\/www.africa-press.net\/cameroun\/politique\/cameroun-paul-biya-nomme-14-nouveaux-prefets-et-57-sous-prefets#primaryimage\"},\"thumbnailUrl\":\"https:\/\/static.africa-press.net\/cameroun\/sites\/57\/2022\/07\/img-62d18f13acf21.jpg\",\"datePublished\":\"2022-07-15T14:04:30+00:00\",\"dateModified\":\"2022-07-15T16:01:07+00:00\",\"author\":{\"@id\":\"https:\/\/www.africa-press.net\/cameroun\/#\/schema\/person\/2b1cf3cd81a31e3cd26889ca66d677f1\"},\"description\":\"Le chef de l\u2019Etat a pris plusieurs actes administratifs jeudi 14 juillet 2022 portant nomination des personnalit\u00e9s au se ...\",\"breadcrumb\":{\"@id\":\"https:\/\/www.africa-press.net\/cameroun\/politique\/cameroun-paul-biya-nomme-14-nouveaux-prefets-et-57-sous-prefets#breadcrumb\"},\"inLanguage\":\"fr-FR\",\"potentialAction\":[{\"@type\":\"ReadAction\",\"target\":[\"https:\/\/www.africa-press.net\/cameroun\/politique\/cameroun-paul-biya-nomme-14-nouveaux-prefets-et-57-sous-prefets\"]}]},{\"@type\":\"ImageObject\",\"inLanguage\":\"fr-FR\",\"@id\":\"https:\/\/www.africa-press.net\/cameroun\/politique\/cameroun-paul-biya-nomme-14-nouveaux-prefets-et-57-sous-prefets#primaryimage\",\"url\":\"https:\/\/static.africa-press.net\/cameroun\/sites\/57\/2022\/07\/img-62d18f13acf21.jpg\",\"contentUrl\":\"https:\/\/static.africa-press.net\/cameroun\/sites\/57\/2022\/07\/img-62d18f13acf21.jpg\",\"width\":800,\"height\":418,\"caption\":\"Cameroun : Paul Biya nomme 14 nouveaux pr\u00e9fets et 57 sous-pr\u00e9fets\"},{\"@type\":\"BreadcrumbList\",\"@id\":\"https:\/\/www.africa-press.net\/cameroun\/politique\/cameroun-paul-biya-nomme-14-nouveaux-prefets-et-57-sous-prefets#breadcrumb\",\"itemListElement\":[{\"@type\":\"ListItem\",\"position\":1,\"name\":\"Accueil\",\"item\":\"https:\/\/www.africa-press.net\/cameroun\/\"},{\"@type\":\"ListItem\",\"position\":2,\"name\":\"Cameroun : Paul Biya nomme 14 nouveaux pr\u00e9fets et 57 sous-pr\u00e9fets\"}]},{\"@type\":\"WebSite\",\"@id\":\"https:\/\/www.africa-press.net\/cameroun\/#website\",\"url\":\"https:\/\/www.africa-press.net\/cameroun\/\",\"name\":\"Cameroun\",\"description\":\"Just another Africa News Agency Sites site\",\"potentialAction\":[{\"@type\":\"SearchAction\",\"target\":{\"@type\":\"EntryPoint\",\"urlTemplate\":\"https:\/\/www.africa-press.net\/cameroun\/?s={search_term_string}\"},\"query-input\":{\"@type\":\"PropertyValueSpecification\",\"valueRequired\":true,\"valueName\":\"search_term_string\"}}],\"inLanguage\":\"fr-FR\"},{\"@type\":\"Person\",\"@id\":\"https:\/\/www.africa-press.net\/cameroun\/#\/schema\/person\/2b1cf3cd81a31e3cd26889ca66d677f1\",\"name\":\"cfeditorfr\"}]}<\/script>\n<!-- \/ Yoast SEO Premium plugin. -->","yoast_head_json":{"title":"Cameroun : Paul Biya nomme 14 nouveaux pr\u00e9fets et 57 sous-pr\u00e9fets - Cameroun","description":"Le chef de l\u2019Etat a pris plusieurs actes administratifs jeudi 14 juillet 2022 portant nomination des personnalit\u00e9s au se ...","robots":{"index":"index","follow":"follow","max-snippet":"max-snippet:-1","max-image-preview":"max-image-preview:large","max-video-preview":"max-video-preview:-1"},"canonical":"https:\/\/www.africa-press.net\/cameroun\/politique\/cameroun-paul-biya-nomme-14-nouveaux-prefets-et-57-sous-prefets","og_locale":"fr_FR","og_type":"article","og_title":"Cameroun : Paul Biya nomme 14 nouveaux pr\u00e9fets et 57 sous-pr\u00e9fets","og_description":"Le chef de l\u2019Etat a pris plusieurs actes administratifs jeudi 14 juillet 2022 portant nomination des personnalit\u00e9s au se ...","og_url":"https:\/\/www.africa-press.net\/cameroun\/politique\/cameroun-paul-biya-nomme-14-nouveaux-prefets-et-57-sous-prefets","og_site_name":"Cameroun","article_published_time":"2022-07-15T14:04:30+00:00","article_modified_time":"2022-07-15T16:01:07+00:00","og_image":[{"width":800,"height":418,"url":"https:\/\/static.africa-press.net\/cameroun\/sites\/57\/2022\/07\/img-62d18f13acf21.jpg","type":"image\/jpeg"}],"author":"cfeditorfr","twitter_card":"summary_large_image","twitter_misc":{"\u00c9crit par":"cfeditorfr","Dur\u00e9e de lecture estim\u00e9e":"1 minute"},"schema":{"@context":"https:\/\/schema.org","@graph":[{"@type":"Article","@id":"https:\/\/www.africa-press.net\/cameroun\/politique\/cameroun-paul-biya-nomme-14-nouveaux-prefets-et-57-sous-prefets#article","isPartOf":{"@id":"https:\/\/www.africa-press.net\/cameroun\/politique\/cameroun-paul-biya-nomme-14-nouveaux-prefets-et-57-sous-prefets"},"author":{"name":"cfeditorfr","@id":"https:\/\/www.africa-press.net\/cameroun\/#\/schema\/person\/2b1cf3cd81a31e3cd26889ca66d677f1"},"headline":"Cameroun : Paul Biya nomme 14 nouveaux pr\u00e9fets et 57 sous-pr\u00e9fets","datePublished":"2022-07-15T14:04:30+00:00","dateModified":"2022-07-15T16:01:07+00:00","mainEntityOfPage":{"@id":"https:\/\/www.africa-press.net\/cameroun\/politique\/cameroun-paul-biya-nomme-14-nouveaux-prefets-et-57-sous-prefets"},"wordCount":226,"commentCount":0,"image":{"@id":"https:\/\/www.africa-press.net\/cameroun\/politique\/cameroun-paul-biya-nomme-14-nouveaux-prefets-et-57-sous-prefets#primaryimage"},"thumbnailUrl":"https:\/\/static.africa-press.net\/cameroun\/sites\/57\/2022\/07\/img-62d18f13acf21.jpg","keywords":["Africa Press","Africa Press-Cameroun","Cameroun"],"articleSection":["homepage-french","Politique","Toutes les actualit\u00e9s"],"inLanguage":"fr-FR","potentialAction":[{"@type":"CommentAction","name":"Comment","target":["https:\/\/www.africa-press.net\/cameroun\/politique\/cameroun-paul-biya-nomme-14-nouveaux-prefets-et-57-sous-prefets#respond"]}]},{"@type":"WebPage","@id":"https:\/\/www.africa-press.net\/cameroun\/politique\/cameroun-paul-biya-nomme-14-nouveaux-prefets-et-57-sous-prefets","url":"https:\/\/www.africa-press.net\/cameroun\/politique\/cameroun-paul-biya-nomme-14-nouveaux-prefets-et-57-sous-prefets","name":"Cameroun : Paul Biya nomme 14 nouveaux pr\u00e9fets et 57 sous-pr\u00e9fets - Cameroun","isPartOf":{"@id":"https:\/\/www.africa-press.net\/cameroun\/#website"},"primaryImageOfPage":{"@id":"https:\/\/www.africa-press.net\/cameroun\/politique\/cameroun-paul-biya-nomme-14-nouveaux-prefets-et-57-sous-prefets#primaryimage"},"image":{"@id":"https:\/\/www.africa-press.net\/cameroun\/politique\/cameroun-paul-biya-nomme-14-nouveaux-prefets-et-57-sous-prefets#primaryimage"},"thumbnailUrl":"https:\/\/static.africa-press.net\/cameroun\/sites\/57\/2022\/07\/img-62d18f13acf21.jpg","datePublished":"2022-07-15T14:04:30+00:00","dateModified":"2022-07-15T16:01:07+00:00","author":{"@id":"https:\/\/www.africa-press.net\/cameroun\/#\/schema\/person\/2b1cf3cd81a31e3cd26889ca66d677f1"},"description":"Le chef de l\u2019Etat a pris plusieurs actes administratifs jeudi 14 juillet 2022 portant nomination des personnalit\u00e9s au se ...","breadcrumb":{"@id":"https:\/\/www.africa-press.net\/cameroun\/politique\/cameroun-paul-biya-nomme-14-nouveaux-prefets-et-57-sous-prefets#breadcrumb"},"inLanguage":"fr-FR","potentialAction":[{"@type":"ReadAction","target":["https:\/\/www.africa-press.net\/cameroun\/politique\/cameroun-paul-biya-nomme-14-nouveaux-prefets-et-57-sous-prefets"]}]},{"@type":"ImageObject","inLanguage":"fr-FR","@id":"https:\/\/www.africa-press.net\/cameroun\/politique\/cameroun-paul-biya-nomme-14-nouveaux-prefets-et-57-sous-prefets#primaryimage","url":"https:\/\/static.africa-press.net\/cameroun\/sites\/57\/2022\/07\/img-62d18f13acf21.jpg","contentUrl":"https:\/\/static.africa-press.net\/cameroun\/sites\/57\/2022\/07\/img-62d18f13acf21.jpg","width":800,"height":418,"caption":"Cameroun : Paul Biya nomme 14 nouveaux pr\u00e9fets et 57 sous-pr\u00e9fets"},{"@type":"BreadcrumbList","@id":"https:\/\/www.africa-press.net\/cameroun\/politique\/cameroun-paul-biya-nomme-14-nouveaux-prefets-et-57-sous-prefets#breadcrumb","itemListElement":[{"@type":"ListItem","position":1,"name":"Accueil","item":"https:\/\/www.africa-press.net\/cameroun\/"},{"@type":"ListItem","position":2,"name":"Cameroun : Paul Biya nomme 14 nouveaux pr\u00e9fets et 57 sous-pr\u00e9fets"}]},{"@type":"WebSite","@id":"https:\/\/www.africa-press.net\/cameroun\/#website","url":"https:\/\/www.africa-press.net\/cameroun\/","name":"Cameroun","description":"Just another Africa News Agency Sites site","potentialAction":[{"@type":"SearchAction","target":{"@type":"EntryPoint","urlTemplate":"https:\/\/www.africa-press.net\/cameroun\/?s={search_term_string}"},"query-input":{"@type":"PropertyValueSpecification","valueRequired":true,"valueName":"search_term_string"}}],"inLanguage":"fr-FR"},{"@type":"Person","@id":"https:\/\/www.africa-press.net\/cameroun\/#\/schema\/person\/2b1cf3cd81a31e3cd26889ca66d677f1","name":"cfeditorfr"}]}},"_links":{"self":[{"href":"https:\/\/www.africa-press.net\/cameroun\/wp-json\/wp\/v2\/posts\/23598","targetHints":{"allow":["GET"]}}],"collection":[{"href":"https:\/\/www.africa-press.net\/cameroun\/wp-json\/wp\/v2\/posts"}],"about":[{"href":"https:\/\/www.africa-press.net\/cameroun\/wp-json\/wp\/v2\/types\/post"}],"author":[{"embeddable":true,"href":"https:\/\/www.africa-press.net\/cameroun\/wp-json\/wp\/v2\/users\/82"}],"replies":[{"embeddable":true,"href":"https:\/\/www.africa-press.net\/cameroun\/wp-json\/wp\/v2\/comments?post=23598"}],"version-history":[{"count":0,"href":"https:\/\/www.africa-press.net\/cameroun\/wp-json\/wp\/v2\/posts\/23598\/revisions"}],"wp:featuredmedia":[{"embeddable":true,"href":"https:\/\/www.africa-press.net\/cameroun\/wp-json\/wp\/v2\/media\/23597"}],"wp:attachment":[{"href":"https:\/\/www.africa-press.net\/cameroun\/wp-json\/wp\/v2\/media?parent=23598"}],"wp:term":[{"taxonomy":"category","embeddable":true,"href":"https:\/\/www.africa-press.net\/cameroun\/wp-json\/wp\/v2\/categories?post=23598"},{"taxonomy":"post_tag","embeddable":true,"href":"https:\/\/www.africa-press.net\/cameroun\/wp-json\/wp\/v2\/tags?post=23598"}],"curies":[{"name":"wp","href":"https:\/\/api.w.org\/{rel}","templated":true}]}}