{"id":23619,"date":"2022-07-15T14:59:23","date_gmt":"2022-07-15T14:59:23","guid":{"rendered":"https:\/\/www.africa-press.net\/cameroun\/politique\/travail-temporaire-et-recrutement-le-marocain-tectra-veut-revolutionner-lactivite-au-cameroun-en-accompagnant-les-pme"},"modified":"2022-07-15T16:06:53","modified_gmt":"2022-07-15T16:06:53","slug":"travail-temporaire-et-recrutement-le-marocain-tectra-veut-revolutionner-lactivite-au-cameroun-en-accompagnant-les-pme","status":"publish","type":"post","link":"https:\/\/www.africa-press.net\/cameroun\/economie\/travail-temporaire-et-recrutement-le-marocain-tectra-veut-revolutionner-lactivite-au-cameroun-en-accompagnant-les-pme","title":{"rendered":"Travail temporaire et recrutement\u00a0: le Marocain Tectra veut r\u00e9volutionner l\u2019activit\u00e9 au Cameroun en accompagnant les PME"},"content":{"rendered":"<p><span style=\"color: #ff6600\"><strong>Africa-Press &#8211; Cameroun. <\/strong><\/span>Investir au Cameroun) &#8211; En plus des multinationales et des grandes entreprises, qui font souvent le plus recours aux services des soci\u00e9t\u00e9s de travail temporaire, de recrutements et d\u2019externalisation, Tectra entend ouvrir son portefeuille aux PME et TPE (tr\u00e8s petites entreprises) camerounaises. \u00ab\u2009La TPE d\u2019aujourd\u2019hui, c\u2019est la multinationale de demain\u2009\u00bb, justifie Fernand Beyene (photo), directeur g\u00e9n\u00e9ral de la filiale locale de cette multinationale marocaine, qui a d\u00e9barqu\u00e9 sur le march\u00e9 du travail temporaire, du recrutement et de l\u2019externalisation au Cameroun, au d\u00e9but de l\u2019ann\u00e9e 2022.<\/p>\n<p>\u00ab\u200998% des TPE sont inconnues des imp\u00f4ts au Cameroun. Pourtant, parmi elles, il y en a qui veulent bien d\u00e9clarer leurs salari\u00e9s, mais ne savent m\u00eame pas o\u00f9 commencer. Nous sommes l\u00e0 pour les aider \u00e0 le faire. Nous avons des clients qui ont cinq salari\u00e9s, mais qui, face aux lourdeurs administratives, se d\u00e9courageaient pour finaliser certaines proc\u00e9dures. Ces gens-l\u00e0 ont besoin de nous. Nombre de TPE et PME n\u2019offrent pas de couverture sociale \u00e0 leurs employ\u00e9s. Elles peuvent s\u2019appuyer sur des entreprises d\u2019int\u00e9rim et ainsi b\u00e9n\u00e9ficier de leur couverture\u2009\u00bb, explique le DG de Tectra Cameroun, qui a r\u00e9cemment re\u00e7u la visite d\u2019\u00c9ric Jacquemin, l\u2019ambassadeur de Belgique, en mission de prospection.<\/p>\n<p>\u00c0 travers cet int\u00e9r\u00eat pour les PME et les TPE, qui c\u00f4toient les multinationales et les grandes entreprises dans le portefeuille de Tectra, cette entreprise d\u2019int\u00e9rim entend ainsi contribuer \u00e0 la migration vers le secteur formel, des 90% de la population active travaillant encore dans le secteur informel au Cameroun.<\/p>\n<p>Premier contributeur de l\u2019entreprise de s\u00e9curit\u00e9 sociale au Maroc, le groupe Tectra revendique 45\u2009000 emplois et environ 1\u2009000 entreprises partenaires. D\u00e9j\u00e0 pr\u00e9sent en C\u00f4te d\u2019Ivoire et au S\u00e9n\u00e9gal, cette entreprise d\u2019int\u00e9rim et de recrutement, qui op\u00e8re \u00e9galement dans l\u2019externalisation, entend bien jouer sa partition sur le march\u00e9 camerounais, sur lequel des mastodontes comme Apave sont d\u00e9j\u00e0 bien install\u00e9s.<\/p>\n<p>Pour ce faire, r\u00e9v\u00e8le Fernand Beyene, qui a longtemps fait ses armes dans l\u2019entreprenariat et les multinationales, aussi bien au Cameroun qu\u2019\u00e0 l\u2019\u00e9tranger, Tectra offre \u00e0 ses clients certaines facilit\u00e9s. Il s\u2019agit principalement, apprend-on, du pr\u00e9financement des prestations (salaires des employ\u00e9s plac\u00e9s dans les entreprises), que le client peut \u00eatre amen\u00e9 \u00e0 payer apr\u00e8s des diff\u00e9r\u00e9s allant souvent jusqu\u2019\u00e0 120 jours.<\/p>\n<p>BRM<\/p>\n<p><strong>Pour plus d&rsquo;informations et d&rsquo;analyses sur la <a href=\"https:\/\/www.africa-press.net\/cameroun\">Cameroun<\/a>, suivez <a href=\"https:\/\/www.africa-press.net\/\">Africa-Press<\/a><\/strong><\/p>\n","protected":false},"excerpt":{"rendered":"<p>Africa-Press &#8211; Cameroun. Investir au Cameroun) &#8211; En plus des multinationales et des grandes entreprises, qui font souvent le plus recours aux services des soci\u00e9t\u00e9s de travail temporaire, de recrutements et d\u2019externalisation, Tectra entend ouvrir son portefeuille aux PME et TPE (tr\u00e8s petites entreprises) camerounaises. \u00ab\u2009La TPE d\u2019aujourd\u2019hui, c\u2019est la multinationale de demain\u2009\u00bb, justifie Fernand [&hellip;]<\/p>\n","protected":false},"author":82,"featured_media":23618,"comment_status":"open","ping_status":"closed","sticky":false,"template":"","format":"standard","meta":{"footnotes":""},"categories":[3,11,10],"tags":[36,50,49],"class_list":["post-23619","post","type-post","status-publish","format-standard","has-post-thumbnail","hentry","category-economie","category-homepage-french","category-toutes-les-actualites","tag-africa-press","tag-africa-press-cameroun","tag-cameroun"],"yoast_head":"<!-- This site is optimized with the Yoast SEO Premium plugin v26.1 (Yoast SEO v27.0) - https:\/\/yoast.com\/product\/yoast-seo-premium-wordpress\/ -->\n<title>Travail temporaire et recrutement\u00a0: le Marocain Tectra veut r\u00e9volutionner l\u2019activit\u00e9 au Cameroun en accompagnant les PME - Cameroun<\/title>\n<meta name=\"description\" content=\"Investir au Cameroun) - En plus des multinationales et des grandes entreprises, qui font souvent le plus recours aux ser ...\" \/>\n<meta name=\"robots\" content=\"index, follow, max-snippet:-1, max-image-preview:large, max-video-preview:-1\" \/>\n<link rel=\"canonical\" href=\"https:\/\/www.africa-press.net\/cameroun\/economie\/travail-temporaire-et-recrutement-le-marocain-tectra-veut-revolutionner-lactivite-au-cameroun-en-accompagnant-les-pme\" \/>\n<meta property=\"og:locale\" content=\"fr_FR\" \/>\n<meta property=\"og:type\" content=\"article\" \/>\n<meta property=\"og:title\" content=\"Travail temporaire et recrutement\u00a0: le Marocain Tectra veut r\u00e9volutionner l\u2019activit\u00e9 au Cameroun en accompagnant les PME\" \/>\n<meta property=\"og:description\" content=\"Investir au Cameroun) - En plus des multinationales et des grandes entreprises, qui font souvent le plus recours aux ser ...\" \/>\n<meta property=\"og:url\" content=\"https:\/\/www.africa-press.net\/cameroun\/economie\/travail-temporaire-et-recrutement-le-marocain-tectra-veut-revolutionner-lactivite-au-cameroun-en-accompagnant-les-pme\" \/>\n<meta property=\"og:site_name\" content=\"Cameroun\" \/>\n<meta property=\"article:published_time\" content=\"2022-07-15T14:59:23+00:00\" \/>\n<meta property=\"article:modified_time\" content=\"2022-07-15T16:06:53+00:00\" \/>\n<meta property=\"og:image\" content=\"https:\/\/static.africa-press.net\/cameroun\/sites\/57\/2022\/07\/img-62d1907535dc4.jpg\" \/>\n\t<meta property=\"og:image:width\" content=\"720\" \/>\n\t<meta property=\"og:image:height\" content=\"509\" \/>\n\t<meta property=\"og:image:type\" content=\"image\/jpeg\" \/>\n<meta name=\"author\" content=\"cfeditorfr\" \/>\n<meta name=\"twitter:card\" content=\"summary_large_image\" \/>\n<meta name=\"twitter:label1\" content=\"\u00c9crit par\" \/>\n\t<meta name=\"twitter:data1\" content=\"cfeditorfr\" \/>\n\t<meta name=\"twitter:label2\" content=\"Dur\u00e9e de lecture estim\u00e9e\" \/>\n\t<meta name=\"twitter:data2\" content=\"2 minutes\" \/>\n<script type=\"application\/ld+json\" class=\"yoast-schema-graph\">{\"@context\":\"https:\/\/schema.org\",\"@graph\":[{\"@type\":\"Article\",\"@id\":\"https:\/\/www.africa-press.net\/cameroun\/economie\/travail-temporaire-et-recrutement-le-marocain-tectra-veut-revolutionner-lactivite-au-cameroun-en-accompagnant-les-pme#article\",\"isPartOf\":{\"@id\":\"https:\/\/www.africa-press.net\/cameroun\/economie\/travail-temporaire-et-recrutement-le-marocain-tectra-veut-revolutionner-lactivite-au-cameroun-en-accompagnant-les-pme\"},\"author\":{\"name\":\"cfeditorfr\",\"@id\":\"https:\/\/www.africa-press.net\/cameroun\/#\/schema\/person\/2b1cf3cd81a31e3cd26889ca66d677f1\"},\"headline\":\"Travail temporaire et recrutement\u00a0: le Marocain Tectra veut r\u00e9volutionner l\u2019activit\u00e9 au Cameroun en accompagnant les PME\",\"datePublished\":\"2022-07-15T14:59:23+00:00\",\"dateModified\":\"2022-07-15T16:06:53+00:00\",\"mainEntityOfPage\":{\"@id\":\"https:\/\/www.africa-press.net\/cameroun\/economie\/travail-temporaire-et-recrutement-le-marocain-tectra-veut-revolutionner-lactivite-au-cameroun-en-accompagnant-les-pme\"},\"wordCount\":450,\"commentCount\":0,\"image\":{\"@id\":\"https:\/\/www.africa-press.net\/cameroun\/economie\/travail-temporaire-et-recrutement-le-marocain-tectra-veut-revolutionner-lactivite-au-cameroun-en-accompagnant-les-pme#primaryimage\"},\"thumbnailUrl\":\"https:\/\/static.africa-press.net\/cameroun\/sites\/57\/2022\/07\/img-62d1907535dc4.jpg\",\"keywords\":[\"Africa Press\",\"Africa Press-Cameroun\",\"Cameroun\"],\"articleSection\":[\"\u00c9conomie\",\"homepage-french\",\"Toutes les actualit\u00e9s\"],\"inLanguage\":\"fr-FR\",\"potentialAction\":[{\"@type\":\"CommentAction\",\"name\":\"Comment\",\"target\":[\"https:\/\/www.africa-press.net\/cameroun\/economie\/travail-temporaire-et-recrutement-le-marocain-tectra-veut-revolutionner-lactivite-au-cameroun-en-accompagnant-les-pme#respond\"]}]},{\"@type\":\"WebPage\",\"@id\":\"https:\/\/www.africa-press.net\/cameroun\/economie\/travail-temporaire-et-recrutement-le-marocain-tectra-veut-revolutionner-lactivite-au-cameroun-en-accompagnant-les-pme\",\"url\":\"https:\/\/www.africa-press.net\/cameroun\/economie\/travail-temporaire-et-recrutement-le-marocain-tectra-veut-revolutionner-lactivite-au-cameroun-en-accompagnant-les-pme\",\"name\":\"Travail temporaire et recrutement\u00a0: le Marocain Tectra veut r\u00e9volutionner l\u2019activit\u00e9 au Cameroun en accompagnant les PME - Cameroun\",\"isPartOf\":{\"@id\":\"https:\/\/www.africa-press.net\/cameroun\/#website\"},\"primaryImageOfPage\":{\"@id\":\"https:\/\/www.africa-press.net\/cameroun\/economie\/travail-temporaire-et-recrutement-le-marocain-tectra-veut-revolutionner-lactivite-au-cameroun-en-accompagnant-les-pme#primaryimage\"},\"image\":{\"@id\":\"https:\/\/www.africa-press.net\/cameroun\/economie\/travail-temporaire-et-recrutement-le-marocain-tectra-veut-revolutionner-lactivite-au-cameroun-en-accompagnant-les-pme#primaryimage\"},\"thumbnailUrl\":\"https:\/\/static.africa-press.net\/cameroun\/sites\/57\/2022\/07\/img-62d1907535dc4.jpg\",\"datePublished\":\"2022-07-15T14:59:23+00:00\",\"dateModified\":\"2022-07-15T16:06:53+00:00\",\"author\":{\"@id\":\"https:\/\/www.africa-press.net\/cameroun\/#\/schema\/person\/2b1cf3cd81a31e3cd26889ca66d677f1\"},\"description\":\"Investir au Cameroun) - En plus des multinationales et des grandes entreprises, qui font souvent le plus recours aux ser ...\",\"breadcrumb\":{\"@id\":\"https:\/\/www.africa-press.net\/cameroun\/economie\/travail-temporaire-et-recrutement-le-marocain-tectra-veut-revolutionner-lactivite-au-cameroun-en-accompagnant-les-pme#breadcrumb\"},\"inLanguage\":\"fr-FR\",\"potentialAction\":[{\"@type\":\"ReadAction\",\"target\":[\"https:\/\/www.africa-press.net\/cameroun\/economie\/travail-temporaire-et-recrutement-le-marocain-tectra-veut-revolutionner-lactivite-au-cameroun-en-accompagnant-les-pme\"]}]},{\"@type\":\"ImageObject\",\"inLanguage\":\"fr-FR\",\"@id\":\"https:\/\/www.africa-press.net\/cameroun\/economie\/travail-temporaire-et-recrutement-le-marocain-tectra-veut-revolutionner-lactivite-au-cameroun-en-accompagnant-les-pme#primaryimage\",\"url\":\"https:\/\/static.africa-press.net\/cameroun\/sites\/57\/2022\/07\/img-62d1907535dc4.jpg\",\"contentUrl\":\"https:\/\/static.africa-press.net\/cameroun\/sites\/57\/2022\/07\/img-62d1907535dc4.jpg\",\"width\":720,\"height\":509,\"caption\":\"Travail temporaire et recrutement\u00a0: le Marocain Tectra veut r\u00e9volutionner l\u2019activit\u00e9 au Cameroun en accompagnant les PME\"},{\"@type\":\"BreadcrumbList\",\"@id\":\"https:\/\/www.africa-press.net\/cameroun\/economie\/travail-temporaire-et-recrutement-le-marocain-tectra-veut-revolutionner-lactivite-au-cameroun-en-accompagnant-les-pme#breadcrumb\",\"itemListElement\":[{\"@type\":\"ListItem\",\"position\":1,\"name\":\"Accueil\",\"item\":\"https:\/\/www.africa-press.net\/cameroun\/\"},{\"@type\":\"ListItem\",\"position\":2,\"name\":\"Travail temporaire et recrutement\u00a0: le Marocain Tectra veut r\u00e9volutionner l\u2019activit\u00e9 au Cameroun en accompagnant les PME\"}]},{\"@type\":\"WebSite\",\"@id\":\"https:\/\/www.africa-press.net\/cameroun\/#website\",\"url\":\"https:\/\/www.africa-press.net\/cameroun\/\",\"name\":\"Cameroun\",\"description\":\"Just another Africa News Agency Sites site\",\"potentialAction\":[{\"@type\":\"SearchAction\",\"target\":{\"@type\":\"EntryPoint\",\"urlTemplate\":\"https:\/\/www.africa-press.net\/cameroun\/?s={search_term_string}\"},\"query-input\":{\"@type\":\"PropertyValueSpecification\",\"valueRequired\":true,\"valueName\":\"search_term_string\"}}],\"inLanguage\":\"fr-FR\"},{\"@type\":\"Person\",\"@id\":\"https:\/\/www.africa-press.net\/cameroun\/#\/schema\/person\/2b1cf3cd81a31e3cd26889ca66d677f1\",\"name\":\"cfeditorfr\"}]}<\/script>\n<!-- \/ Yoast SEO Premium plugin. -->","yoast_head_json":{"title":"Travail temporaire et recrutement\u00a0: le Marocain Tectra veut r\u00e9volutionner l\u2019activit\u00e9 au Cameroun en accompagnant les PME - Cameroun","description":"Investir au Cameroun) - En plus des multinationales et des grandes entreprises, qui font souvent le plus recours aux ser ...","robots":{"index":"index","follow":"follow","max-snippet":"max-snippet:-1","max-image-preview":"max-image-preview:large","max-video-preview":"max-video-preview:-1"},"canonical":"https:\/\/www.africa-press.net\/cameroun\/economie\/travail-temporaire-et-recrutement-le-marocain-tectra-veut-revolutionner-lactivite-au-cameroun-en-accompagnant-les-pme","og_locale":"fr_FR","og_type":"article","og_title":"Travail temporaire et recrutement\u00a0: le Marocain Tectra veut r\u00e9volutionner l\u2019activit\u00e9 au Cameroun en accompagnant les PME","og_description":"Investir au Cameroun) - En plus des multinationales et des grandes entreprises, qui font souvent le plus recours aux ser ...","og_url":"https:\/\/www.africa-press.net\/cameroun\/economie\/travail-temporaire-et-recrutement-le-marocain-tectra-veut-revolutionner-lactivite-au-cameroun-en-accompagnant-les-pme","og_site_name":"Cameroun","article_published_time":"2022-07-15T14:59:23+00:00","article_modified_time":"2022-07-15T16:06:53+00:00","og_image":[{"width":720,"height":509,"url":"https:\/\/static.africa-press.net\/cameroun\/sites\/57\/2022\/07\/img-62d1907535dc4.jpg","type":"image\/jpeg"}],"author":"cfeditorfr","twitter_card":"summary_large_image","twitter_misc":{"\u00c9crit par":"cfeditorfr","Dur\u00e9e de lecture estim\u00e9e":"2 minutes"},"schema":{"@context":"https:\/\/schema.org","@graph":[{"@type":"Article","@id":"https:\/\/www.africa-press.net\/cameroun\/economie\/travail-temporaire-et-recrutement-le-marocain-tectra-veut-revolutionner-lactivite-au-cameroun-en-accompagnant-les-pme#article","isPartOf":{"@id":"https:\/\/www.africa-press.net\/cameroun\/economie\/travail-temporaire-et-recrutement-le-marocain-tectra-veut-revolutionner-lactivite-au-cameroun-en-accompagnant-les-pme"},"author":{"name":"cfeditorfr","@id":"https:\/\/www.africa-press.net\/cameroun\/#\/schema\/person\/2b1cf3cd81a31e3cd26889ca66d677f1"},"headline":"Travail temporaire et recrutement\u00a0: le Marocain Tectra veut r\u00e9volutionner l\u2019activit\u00e9 au Cameroun en accompagnant les PME","datePublished":"2022-07-15T14:59:23+00:00","dateModified":"2022-07-15T16:06:53+00:00","mainEntityOfPage":{"@id":"https:\/\/www.africa-press.net\/cameroun\/economie\/travail-temporaire-et-recrutement-le-marocain-tectra-veut-revolutionner-lactivite-au-cameroun-en-accompagnant-les-pme"},"wordCount":450,"commentCount":0,"image":{"@id":"https:\/\/www.africa-press.net\/cameroun\/economie\/travail-temporaire-et-recrutement-le-marocain-tectra-veut-revolutionner-lactivite-au-cameroun-en-accompagnant-les-pme#primaryimage"},"thumbnailUrl":"https:\/\/static.africa-press.net\/cameroun\/sites\/57\/2022\/07\/img-62d1907535dc4.jpg","keywords":["Africa Press","Africa Press-Cameroun","Cameroun"],"articleSection":["\u00c9conomie","homepage-french","Toutes les actualit\u00e9s"],"inLanguage":"fr-FR","potentialAction":[{"@type":"CommentAction","name":"Comment","target":["https:\/\/www.africa-press.net\/cameroun\/economie\/travail-temporaire-et-recrutement-le-marocain-tectra-veut-revolutionner-lactivite-au-cameroun-en-accompagnant-les-pme#respond"]}]},{"@type":"WebPage","@id":"https:\/\/www.africa-press.net\/cameroun\/economie\/travail-temporaire-et-recrutement-le-marocain-tectra-veut-revolutionner-lactivite-au-cameroun-en-accompagnant-les-pme","url":"https:\/\/www.africa-press.net\/cameroun\/economie\/travail-temporaire-et-recrutement-le-marocain-tectra-veut-revolutionner-lactivite-au-cameroun-en-accompagnant-les-pme","name":"Travail temporaire et recrutement\u00a0: le Marocain Tectra veut r\u00e9volutionner l\u2019activit\u00e9 au Cameroun en accompagnant les PME - Cameroun","isPartOf":{"@id":"https:\/\/www.africa-press.net\/cameroun\/#website"},"primaryImageOfPage":{"@id":"https:\/\/www.africa-press.net\/cameroun\/economie\/travail-temporaire-et-recrutement-le-marocain-tectra-veut-revolutionner-lactivite-au-cameroun-en-accompagnant-les-pme#primaryimage"},"image":{"@id":"https:\/\/www.africa-press.net\/cameroun\/economie\/travail-temporaire-et-recrutement-le-marocain-tectra-veut-revolutionner-lactivite-au-cameroun-en-accompagnant-les-pme#primaryimage"},"thumbnailUrl":"https:\/\/static.africa-press.net\/cameroun\/sites\/57\/2022\/07\/img-62d1907535dc4.jpg","datePublished":"2022-07-15T14:59:23+00:00","dateModified":"2022-07-15T16:06:53+00:00","author":{"@id":"https:\/\/www.africa-press.net\/cameroun\/#\/schema\/person\/2b1cf3cd81a31e3cd26889ca66d677f1"},"description":"Investir au Cameroun) - En plus des multinationales et des grandes entreprises, qui font souvent le plus recours aux ser ...","breadcrumb":{"@id":"https:\/\/www.africa-press.net\/cameroun\/economie\/travail-temporaire-et-recrutement-le-marocain-tectra-veut-revolutionner-lactivite-au-cameroun-en-accompagnant-les-pme#breadcrumb"},"inLanguage":"fr-FR","potentialAction":[{"@type":"ReadAction","target":["https:\/\/www.africa-press.net\/cameroun\/economie\/travail-temporaire-et-recrutement-le-marocain-tectra-veut-revolutionner-lactivite-au-cameroun-en-accompagnant-les-pme"]}]},{"@type":"ImageObject","inLanguage":"fr-FR","@id":"https:\/\/www.africa-press.net\/cameroun\/economie\/travail-temporaire-et-recrutement-le-marocain-tectra-veut-revolutionner-lactivite-au-cameroun-en-accompagnant-les-pme#primaryimage","url":"https:\/\/static.africa-press.net\/cameroun\/sites\/57\/2022\/07\/img-62d1907535dc4.jpg","contentUrl":"https:\/\/static.africa-press.net\/cameroun\/sites\/57\/2022\/07\/img-62d1907535dc4.jpg","width":720,"height":509,"caption":"Travail temporaire et recrutement\u00a0: le Marocain Tectra veut r\u00e9volutionner l\u2019activit\u00e9 au Cameroun en accompagnant les PME"},{"@type":"BreadcrumbList","@id":"https:\/\/www.africa-press.net\/cameroun\/economie\/travail-temporaire-et-recrutement-le-marocain-tectra-veut-revolutionner-lactivite-au-cameroun-en-accompagnant-les-pme#breadcrumb","itemListElement":[{"@type":"ListItem","position":1,"name":"Accueil","item":"https:\/\/www.africa-press.net\/cameroun\/"},{"@type":"ListItem","position":2,"name":"Travail temporaire et recrutement\u00a0: le Marocain Tectra veut r\u00e9volutionner l\u2019activit\u00e9 au Cameroun en accompagnant les PME"}]},{"@type":"WebSite","@id":"https:\/\/www.africa-press.net\/cameroun\/#website","url":"https:\/\/www.africa-press.net\/cameroun\/","name":"Cameroun","description":"Just another Africa News Agency Sites site","potentialAction":[{"@type":"SearchAction","target":{"@type":"EntryPoint","urlTemplate":"https:\/\/www.africa-press.net\/cameroun\/?s={search_term_string}"},"query-input":{"@type":"PropertyValueSpecification","valueRequired":true,"valueName":"search_term_string"}}],"inLanguage":"fr-FR"},{"@type":"Person","@id":"https:\/\/www.africa-press.net\/cameroun\/#\/schema\/person\/2b1cf3cd81a31e3cd26889ca66d677f1","name":"cfeditorfr"}]}},"_links":{"self":[{"href":"https:\/\/www.africa-press.net\/cameroun\/wp-json\/wp\/v2\/posts\/23619","targetHints":{"allow":["GET"]}}],"collection":[{"href":"https:\/\/www.africa-press.net\/cameroun\/wp-json\/wp\/v2\/posts"}],"about":[{"href":"https:\/\/www.africa-press.net\/cameroun\/wp-json\/wp\/v2\/types\/post"}],"author":[{"embeddable":true,"href":"https:\/\/www.africa-press.net\/cameroun\/wp-json\/wp\/v2\/users\/82"}],"replies":[{"embeddable":true,"href":"https:\/\/www.africa-press.net\/cameroun\/wp-json\/wp\/v2\/comments?post=23619"}],"version-history":[{"count":0,"href":"https:\/\/www.africa-press.net\/cameroun\/wp-json\/wp\/v2\/posts\/23619\/revisions"}],"wp:featuredmedia":[{"embeddable":true,"href":"https:\/\/www.africa-press.net\/cameroun\/wp-json\/wp\/v2\/media\/23618"}],"wp:attachment":[{"href":"https:\/\/www.africa-press.net\/cameroun\/wp-json\/wp\/v2\/media?parent=23619"}],"wp:term":[{"taxonomy":"category","embeddable":true,"href":"https:\/\/www.africa-press.net\/cameroun\/wp-json\/wp\/v2\/categories?post=23619"},{"taxonomy":"post_tag","embeddable":true,"href":"https:\/\/www.africa-press.net\/cameroun\/wp-json\/wp\/v2\/tags?post=23619"}],"curies":[{"name":"wp","href":"https:\/\/api.w.org\/{rel}","templated":true}]}}