{"id":23645,"date":"2022-07-16T14:10:28","date_gmt":"2022-07-16T14:10:28","guid":{"rendered":"https:\/\/www.africa-press.net\/cameroun\/politique\/cholera-un-deces-enregistre-a-lest-la-region-desormais-en-etat-dalerte"},"modified":"2022-07-16T17:02:40","modified_gmt":"2022-07-16T17:02:40","slug":"cholera-un-deces-enregistre-a-lest-la-region-desormais-en-etat-dalerte","status":"publish","type":"post","link":"https:\/\/www.africa-press.net\/cameroun\/toutes-les-actualites\/cholera-un-deces-enregistre-a-lest-la-region-desormais-en-etat-dalerte","title":{"rendered":"Chol\u00e9ra : Un d\u00e9c\u00e8s enregistr\u00e9 \u00e0 l&rsquo;Est, la r\u00e9gion d\u00e9sormais en \u00e9tat d&rsquo;alerte"},"content":{"rendered":"<p><span style=\"color: #ff6600\"><strong>Africa-Press &#8211; Cameroun. <\/strong><\/span>La r\u00e9gion de l&rsquo;Est \u00e9tait jusqu&rsquo;ici \u00e9pargn\u00e9e par l&rsquo;\u00e9pid\u00e9mie de chol\u00e9ra qui s\u00e9vit actuellement au Cameroun. Mais depuis le jeudi 14 juillet 2022, elle a rejoint la carte \u00e9pid\u00e9miologique suite \u00e0 un d\u00e9c\u00e8s enregistr\u00e9 au district de sant\u00e9 d&rsquo;Abong-Mbang, a indiqu\u00e9 les services du gouverneur de la r\u00e9gion de l&rsquo;Est dans un communiqu\u00e9 rendu public dans la soir\u00e9e du vendredi 15 juillet 2022.<\/p>\n<p>Le quotidien gouvernemental Cameroon Tribune qui r\u00e9v\u00e8le l&rsquo;information sur sa page Facebook pr\u00e9cise que le cas d\u00e9c\u00e9d\u00e9 faisait partie de trois cas suspects issus d&rsquo;une m\u00eame famille domicili\u00e9e au village Mampang dans l&rsquo;arrondissement de Doum\u00e9. \u00ab\u00a0Les deux autres cas ont imm\u00e9diatement \u00e9t\u00e9 pris en charge \u00e0 l&rsquo;h\u00f4pital de district d&rsquo;Abong-Mbang\u00a0\u00bb, renseigne le m\u00e9dia \u00e0 capitaux publics.<\/p>\n<p>Les pr\u00e9l\u00e8vements ont \u00e9t\u00e9 effectu\u00e9s sur les deux malades en observation au district de sant\u00e9 d&rsquo;Abong-Mbang, puis envoy\u00e9s au Centre Pasteur de Yaound\u00e9 pour analyse. \u00ab\u00a0Les autorit\u00e9s sanitaires ont pris des mesures pour \u00e9viter la propagation de la maladie. Les autorit\u00e9s administratives et sanitaires locales appellent les populations de la r\u00e9gion \u00e0 respecter les mesures de pr\u00e9vention et d&rsquo;hygi\u00e8ne prescrites contre cette maladie. L&rsquo;\u00e9tat d&rsquo;alerte chol\u00e9ra a \u00e9t\u00e9 activ\u00e9 et la surveillance \u00e9pid\u00e9miologique renforc\u00e9e\u00a0\u00bb, ajoute Cameroon Tribune.<\/p>\n<p>L&rsquo;Est est avec l&rsquo;Ouest, le Centre, le Sud-Ouest, le Littoral et le Nord, les r\u00e9gions d\u00e9j\u00e0 infect\u00e9es au chol\u00e9ra. D&rsquo;apr\u00e8s les derni\u00e8res statistiques d\u00e9voil\u00e9es par le ministre de la sant\u00e9 publique, Malachie Manaouda en d\u00e9but juillet lors de son passage \u00e0 l&rsquo;Assembl\u00e9e nationale, 9326 cas ont d\u00e9j\u00e0 \u00e9t\u00e9 d\u00e9tect\u00e9s et 177 d\u00e9c\u00e8s enregistr\u00e9s sur l&rsquo;ensemble du territoire national.<\/p>\n<p><strong>Pour plus d&rsquo;informations et d&rsquo;analyses sur la <a href=\"https:\/\/www.africa-press.net\/cameroun\">Cameroun<\/a>, suivez <a href=\"https:\/\/www.africa-press.net\/\">Africa-Press<\/a><\/strong><\/p>\n","protected":false},"excerpt":{"rendered":"<p>Africa-Press &#8211; Cameroun. La r\u00e9gion de l&rsquo;Est \u00e9tait jusqu&rsquo;ici \u00e9pargn\u00e9e par l&rsquo;\u00e9pid\u00e9mie de chol\u00e9ra qui s\u00e9vit actuellement au Cameroun. Mais depuis le jeudi 14 juillet 2022, elle a rejoint la carte \u00e9pid\u00e9miologique suite \u00e0 un d\u00e9c\u00e8s enregistr\u00e9 au district de sant\u00e9 d&rsquo;Abong-Mbang, a indiqu\u00e9 les services du gouverneur de la r\u00e9gion de l&rsquo;Est dans un [&hellip;]<\/p>\n","protected":false},"author":82,"featured_media":23644,"comment_status":"open","ping_status":"closed","sticky":false,"template":"","format":"standard","meta":{"footnotes":""},"categories":[21,11,10],"tags":[36,50,49],"class_list":["post-23645","post","type-post","status-publish","format-standard","has-post-thumbnail","hentry","category-communaute","category-homepage-french","category-toutes-les-actualites","tag-africa-press","tag-africa-press-cameroun","tag-cameroun"],"yoast_head":"<!-- This site is optimized with the Yoast SEO Premium plugin v26.1 (Yoast SEO v27.0) - https:\/\/yoast.com\/product\/yoast-seo-premium-wordpress\/ -->\n<title>Chol\u00e9ra : Un d\u00e9c\u00e8s enregistr\u00e9 \u00e0 l&#039;Est, la r\u00e9gion d\u00e9sormais en \u00e9tat d&#039;alerte - Cameroun<\/title>\n<meta name=\"description\" content=\"La r\u00e9gion de l&#039;Est \u00e9tait jusqu&#039;ici \u00e9pargn\u00e9e par l&#039;\u00e9pid\u00e9mie de chol\u00e9ra qui s\u00e9vit actuellement au Cameroun. Mais depuis le ...\" \/>\n<meta name=\"robots\" content=\"index, follow, max-snippet:-1, max-image-preview:large, max-video-preview:-1\" \/>\n<link rel=\"canonical\" href=\"https:\/\/www.africa-press.net\/cameroun\/toutes-les-actualites\/cholera-un-deces-enregistre-a-lest-la-region-desormais-en-etat-dalerte\" \/>\n<meta property=\"og:locale\" content=\"fr_FR\" \/>\n<meta property=\"og:type\" content=\"article\" \/>\n<meta property=\"og:title\" content=\"Chol\u00e9ra : Un d\u00e9c\u00e8s enregistr\u00e9 \u00e0 l&#039;Est, la r\u00e9gion d\u00e9sormais en \u00e9tat d&#039;alerte\" \/>\n<meta property=\"og:description\" content=\"La r\u00e9gion de l&#039;Est \u00e9tait jusqu&#039;ici \u00e9pargn\u00e9e par l&#039;\u00e9pid\u00e9mie de chol\u00e9ra qui s\u00e9vit actuellement au Cameroun. Mais depuis le ...\" \/>\n<meta property=\"og:url\" content=\"https:\/\/www.africa-press.net\/cameroun\/toutes-les-actualites\/cholera-un-deces-enregistre-a-lest-la-region-desormais-en-etat-dalerte\" \/>\n<meta property=\"og:site_name\" content=\"Cameroun\" \/>\n<meta property=\"article:published_time\" content=\"2022-07-16T14:10:28+00:00\" \/>\n<meta property=\"article:modified_time\" content=\"2022-07-16T17:02:40+00:00\" \/>\n<meta property=\"og:image\" content=\"https:\/\/static.africa-press.net\/cameroun\/sites\/57\/2022\/07\/img-62d2ef1bbaa50.jpg\" \/>\n\t<meta property=\"og:image:width\" content=\"800\" \/>\n\t<meta property=\"og:image:height\" content=\"901\" \/>\n\t<meta property=\"og:image:type\" content=\"image\/jpeg\" \/>\n<meta name=\"author\" content=\"cfeditorfr\" \/>\n<meta name=\"twitter:card\" content=\"summary_large_image\" \/>\n<meta name=\"twitter:label1\" content=\"\u00c9crit par\" \/>\n\t<meta name=\"twitter:data1\" content=\"cfeditorfr\" \/>\n\t<meta name=\"twitter:label2\" content=\"Dur\u00e9e de lecture estim\u00e9e\" \/>\n\t<meta name=\"twitter:data2\" content=\"2 minutes\" \/>\n<script type=\"application\/ld+json\" class=\"yoast-schema-graph\">{\"@context\":\"https:\/\/schema.org\",\"@graph\":[{\"@type\":\"Article\",\"@id\":\"https:\/\/www.africa-press.net\/cameroun\/toutes-les-actualites\/cholera-un-deces-enregistre-a-lest-la-region-desormais-en-etat-dalerte#article\",\"isPartOf\":{\"@id\":\"https:\/\/www.africa-press.net\/cameroun\/toutes-les-actualites\/cholera-un-deces-enregistre-a-lest-la-region-desormais-en-etat-dalerte\"},\"author\":{\"name\":\"cfeditorfr\",\"@id\":\"https:\/\/www.africa-press.net\/cameroun\/#\/schema\/person\/2b1cf3cd81a31e3cd26889ca66d677f1\"},\"headline\":\"Chol\u00e9ra : Un d\u00e9c\u00e8s enregistr\u00e9 \u00e0 l&rsquo;Est, la r\u00e9gion d\u00e9sormais en \u00e9tat d&rsquo;alerte\",\"datePublished\":\"2022-07-16T14:10:28+00:00\",\"dateModified\":\"2022-07-16T17:02:40+00:00\",\"mainEntityOfPage\":{\"@id\":\"https:\/\/www.africa-press.net\/cameroun\/toutes-les-actualites\/cholera-un-deces-enregistre-a-lest-la-region-desormais-en-etat-dalerte\"},\"wordCount\":343,\"commentCount\":0,\"image\":{\"@id\":\"https:\/\/www.africa-press.net\/cameroun\/toutes-les-actualites\/cholera-un-deces-enregistre-a-lest-la-region-desormais-en-etat-dalerte#primaryimage\"},\"thumbnailUrl\":\"https:\/\/static.africa-press.net\/cameroun\/sites\/57\/2022\/07\/img-62d2ef1bbaa50.jpg\",\"keywords\":[\"Africa Press\",\"Africa Press-Cameroun\",\"Cameroun\"],\"articleSection\":[\"Communaut\u00e9\",\"homepage-french\",\"Toutes les actualit\u00e9s\"],\"inLanguage\":\"fr-FR\",\"potentialAction\":[{\"@type\":\"CommentAction\",\"name\":\"Comment\",\"target\":[\"https:\/\/www.africa-press.net\/cameroun\/toutes-les-actualites\/cholera-un-deces-enregistre-a-lest-la-region-desormais-en-etat-dalerte#respond\"]}]},{\"@type\":\"WebPage\",\"@id\":\"https:\/\/www.africa-press.net\/cameroun\/toutes-les-actualites\/cholera-un-deces-enregistre-a-lest-la-region-desormais-en-etat-dalerte\",\"url\":\"https:\/\/www.africa-press.net\/cameroun\/toutes-les-actualites\/cholera-un-deces-enregistre-a-lest-la-region-desormais-en-etat-dalerte\",\"name\":\"Chol\u00e9ra : Un d\u00e9c\u00e8s enregistr\u00e9 \u00e0 l'Est, la r\u00e9gion d\u00e9sormais en \u00e9tat d'alerte - Cameroun\",\"isPartOf\":{\"@id\":\"https:\/\/www.africa-press.net\/cameroun\/#website\"},\"primaryImageOfPage\":{\"@id\":\"https:\/\/www.africa-press.net\/cameroun\/toutes-les-actualites\/cholera-un-deces-enregistre-a-lest-la-region-desormais-en-etat-dalerte#primaryimage\"},\"image\":{\"@id\":\"https:\/\/www.africa-press.net\/cameroun\/toutes-les-actualites\/cholera-un-deces-enregistre-a-lest-la-region-desormais-en-etat-dalerte#primaryimage\"},\"thumbnailUrl\":\"https:\/\/static.africa-press.net\/cameroun\/sites\/57\/2022\/07\/img-62d2ef1bbaa50.jpg\",\"datePublished\":\"2022-07-16T14:10:28+00:00\",\"dateModified\":\"2022-07-16T17:02:40+00:00\",\"author\":{\"@id\":\"https:\/\/www.africa-press.net\/cameroun\/#\/schema\/person\/2b1cf3cd81a31e3cd26889ca66d677f1\"},\"description\":\"La r\u00e9gion de l'Est \u00e9tait jusqu'ici \u00e9pargn\u00e9e par l'\u00e9pid\u00e9mie de chol\u00e9ra qui s\u00e9vit actuellement au Cameroun. Mais depuis le ...\",\"breadcrumb\":{\"@id\":\"https:\/\/www.africa-press.net\/cameroun\/toutes-les-actualites\/cholera-un-deces-enregistre-a-lest-la-region-desormais-en-etat-dalerte#breadcrumb\"},\"inLanguage\":\"fr-FR\",\"potentialAction\":[{\"@type\":\"ReadAction\",\"target\":[\"https:\/\/www.africa-press.net\/cameroun\/toutes-les-actualites\/cholera-un-deces-enregistre-a-lest-la-region-desormais-en-etat-dalerte\"]}]},{\"@type\":\"ImageObject\",\"inLanguage\":\"fr-FR\",\"@id\":\"https:\/\/www.africa-press.net\/cameroun\/toutes-les-actualites\/cholera-un-deces-enregistre-a-lest-la-region-desormais-en-etat-dalerte#primaryimage\",\"url\":\"https:\/\/static.africa-press.net\/cameroun\/sites\/57\/2022\/07\/img-62d2ef1bbaa50.jpg\",\"contentUrl\":\"https:\/\/static.africa-press.net\/cameroun\/sites\/57\/2022\/07\/img-62d2ef1bbaa50.jpg\",\"width\":800,\"height\":901,\"caption\":\"Chol\u00e9ra : Un d\u00e9c\u00e8s enregistr\u00e9 \u00e0 l'Est, la r\u00e9gion d\u00e9sormais en \u00e9tat d'alerte\"},{\"@type\":\"BreadcrumbList\",\"@id\":\"https:\/\/www.africa-press.net\/cameroun\/toutes-les-actualites\/cholera-un-deces-enregistre-a-lest-la-region-desormais-en-etat-dalerte#breadcrumb\",\"itemListElement\":[{\"@type\":\"ListItem\",\"position\":1,\"name\":\"Accueil\",\"item\":\"https:\/\/www.africa-press.net\/cameroun\/\"},{\"@type\":\"ListItem\",\"position\":2,\"name\":\"Chol\u00e9ra : Un d\u00e9c\u00e8s enregistr\u00e9 \u00e0 l&#8217;Est, la r\u00e9gion d\u00e9sormais en \u00e9tat d&#8217;alerte\"}]},{\"@type\":\"WebSite\",\"@id\":\"https:\/\/www.africa-press.net\/cameroun\/#website\",\"url\":\"https:\/\/www.africa-press.net\/cameroun\/\",\"name\":\"Cameroun\",\"description\":\"Just another Africa News Agency Sites site\",\"potentialAction\":[{\"@type\":\"SearchAction\",\"target\":{\"@type\":\"EntryPoint\",\"urlTemplate\":\"https:\/\/www.africa-press.net\/cameroun\/?s={search_term_string}\"},\"query-input\":{\"@type\":\"PropertyValueSpecification\",\"valueRequired\":true,\"valueName\":\"search_term_string\"}}],\"inLanguage\":\"fr-FR\"},{\"@type\":\"Person\",\"@id\":\"https:\/\/www.africa-press.net\/cameroun\/#\/schema\/person\/2b1cf3cd81a31e3cd26889ca66d677f1\",\"name\":\"cfeditorfr\"}]}<\/script>\n<!-- \/ Yoast SEO Premium plugin. -->","yoast_head_json":{"title":"Chol\u00e9ra : Un d\u00e9c\u00e8s enregistr\u00e9 \u00e0 l'Est, la r\u00e9gion d\u00e9sormais en \u00e9tat d'alerte - Cameroun","description":"La r\u00e9gion de l'Est \u00e9tait jusqu'ici \u00e9pargn\u00e9e par l'\u00e9pid\u00e9mie de chol\u00e9ra qui s\u00e9vit actuellement au Cameroun. Mais depuis le ...","robots":{"index":"index","follow":"follow","max-snippet":"max-snippet:-1","max-image-preview":"max-image-preview:large","max-video-preview":"max-video-preview:-1"},"canonical":"https:\/\/www.africa-press.net\/cameroun\/toutes-les-actualites\/cholera-un-deces-enregistre-a-lest-la-region-desormais-en-etat-dalerte","og_locale":"fr_FR","og_type":"article","og_title":"Chol\u00e9ra : Un d\u00e9c\u00e8s enregistr\u00e9 \u00e0 l'Est, la r\u00e9gion d\u00e9sormais en \u00e9tat d'alerte","og_description":"La r\u00e9gion de l'Est \u00e9tait jusqu'ici \u00e9pargn\u00e9e par l'\u00e9pid\u00e9mie de chol\u00e9ra qui s\u00e9vit actuellement au Cameroun. Mais depuis le ...","og_url":"https:\/\/www.africa-press.net\/cameroun\/toutes-les-actualites\/cholera-un-deces-enregistre-a-lest-la-region-desormais-en-etat-dalerte","og_site_name":"Cameroun","article_published_time":"2022-07-16T14:10:28+00:00","article_modified_time":"2022-07-16T17:02:40+00:00","og_image":[{"width":800,"height":901,"url":"https:\/\/static.africa-press.net\/cameroun\/sites\/57\/2022\/07\/img-62d2ef1bbaa50.jpg","type":"image\/jpeg"}],"author":"cfeditorfr","twitter_card":"summary_large_image","twitter_misc":{"\u00c9crit par":"cfeditorfr","Dur\u00e9e de lecture estim\u00e9e":"2 minutes"},"schema":{"@context":"https:\/\/schema.org","@graph":[{"@type":"Article","@id":"https:\/\/www.africa-press.net\/cameroun\/toutes-les-actualites\/cholera-un-deces-enregistre-a-lest-la-region-desormais-en-etat-dalerte#article","isPartOf":{"@id":"https:\/\/www.africa-press.net\/cameroun\/toutes-les-actualites\/cholera-un-deces-enregistre-a-lest-la-region-desormais-en-etat-dalerte"},"author":{"name":"cfeditorfr","@id":"https:\/\/www.africa-press.net\/cameroun\/#\/schema\/person\/2b1cf3cd81a31e3cd26889ca66d677f1"},"headline":"Chol\u00e9ra : Un d\u00e9c\u00e8s enregistr\u00e9 \u00e0 l&rsquo;Est, la r\u00e9gion d\u00e9sormais en \u00e9tat d&rsquo;alerte","datePublished":"2022-07-16T14:10:28+00:00","dateModified":"2022-07-16T17:02:40+00:00","mainEntityOfPage":{"@id":"https:\/\/www.africa-press.net\/cameroun\/toutes-les-actualites\/cholera-un-deces-enregistre-a-lest-la-region-desormais-en-etat-dalerte"},"wordCount":343,"commentCount":0,"image":{"@id":"https:\/\/www.africa-press.net\/cameroun\/toutes-les-actualites\/cholera-un-deces-enregistre-a-lest-la-region-desormais-en-etat-dalerte#primaryimage"},"thumbnailUrl":"https:\/\/static.africa-press.net\/cameroun\/sites\/57\/2022\/07\/img-62d2ef1bbaa50.jpg","keywords":["Africa Press","Africa Press-Cameroun","Cameroun"],"articleSection":["Communaut\u00e9","homepage-french","Toutes les actualit\u00e9s"],"inLanguage":"fr-FR","potentialAction":[{"@type":"CommentAction","name":"Comment","target":["https:\/\/www.africa-press.net\/cameroun\/toutes-les-actualites\/cholera-un-deces-enregistre-a-lest-la-region-desormais-en-etat-dalerte#respond"]}]},{"@type":"WebPage","@id":"https:\/\/www.africa-press.net\/cameroun\/toutes-les-actualites\/cholera-un-deces-enregistre-a-lest-la-region-desormais-en-etat-dalerte","url":"https:\/\/www.africa-press.net\/cameroun\/toutes-les-actualites\/cholera-un-deces-enregistre-a-lest-la-region-desormais-en-etat-dalerte","name":"Chol\u00e9ra : Un d\u00e9c\u00e8s enregistr\u00e9 \u00e0 l'Est, la r\u00e9gion d\u00e9sormais en \u00e9tat d'alerte - Cameroun","isPartOf":{"@id":"https:\/\/www.africa-press.net\/cameroun\/#website"},"primaryImageOfPage":{"@id":"https:\/\/www.africa-press.net\/cameroun\/toutes-les-actualites\/cholera-un-deces-enregistre-a-lest-la-region-desormais-en-etat-dalerte#primaryimage"},"image":{"@id":"https:\/\/www.africa-press.net\/cameroun\/toutes-les-actualites\/cholera-un-deces-enregistre-a-lest-la-region-desormais-en-etat-dalerte#primaryimage"},"thumbnailUrl":"https:\/\/static.africa-press.net\/cameroun\/sites\/57\/2022\/07\/img-62d2ef1bbaa50.jpg","datePublished":"2022-07-16T14:10:28+00:00","dateModified":"2022-07-16T17:02:40+00:00","author":{"@id":"https:\/\/www.africa-press.net\/cameroun\/#\/schema\/person\/2b1cf3cd81a31e3cd26889ca66d677f1"},"description":"La r\u00e9gion de l'Est \u00e9tait jusqu'ici \u00e9pargn\u00e9e par l'\u00e9pid\u00e9mie de chol\u00e9ra qui s\u00e9vit actuellement au Cameroun. Mais depuis le ...","breadcrumb":{"@id":"https:\/\/www.africa-press.net\/cameroun\/toutes-les-actualites\/cholera-un-deces-enregistre-a-lest-la-region-desormais-en-etat-dalerte#breadcrumb"},"inLanguage":"fr-FR","potentialAction":[{"@type":"ReadAction","target":["https:\/\/www.africa-press.net\/cameroun\/toutes-les-actualites\/cholera-un-deces-enregistre-a-lest-la-region-desormais-en-etat-dalerte"]}]},{"@type":"ImageObject","inLanguage":"fr-FR","@id":"https:\/\/www.africa-press.net\/cameroun\/toutes-les-actualites\/cholera-un-deces-enregistre-a-lest-la-region-desormais-en-etat-dalerte#primaryimage","url":"https:\/\/static.africa-press.net\/cameroun\/sites\/57\/2022\/07\/img-62d2ef1bbaa50.jpg","contentUrl":"https:\/\/static.africa-press.net\/cameroun\/sites\/57\/2022\/07\/img-62d2ef1bbaa50.jpg","width":800,"height":901,"caption":"Chol\u00e9ra : Un d\u00e9c\u00e8s enregistr\u00e9 \u00e0 l'Est, la r\u00e9gion d\u00e9sormais en \u00e9tat d'alerte"},{"@type":"BreadcrumbList","@id":"https:\/\/www.africa-press.net\/cameroun\/toutes-les-actualites\/cholera-un-deces-enregistre-a-lest-la-region-desormais-en-etat-dalerte#breadcrumb","itemListElement":[{"@type":"ListItem","position":1,"name":"Accueil","item":"https:\/\/www.africa-press.net\/cameroun\/"},{"@type":"ListItem","position":2,"name":"Chol\u00e9ra : Un d\u00e9c\u00e8s enregistr\u00e9 \u00e0 l&#8217;Est, la r\u00e9gion d\u00e9sormais en \u00e9tat d&#8217;alerte"}]},{"@type":"WebSite","@id":"https:\/\/www.africa-press.net\/cameroun\/#website","url":"https:\/\/www.africa-press.net\/cameroun\/","name":"Cameroun","description":"Just another Africa News Agency Sites site","potentialAction":[{"@type":"SearchAction","target":{"@type":"EntryPoint","urlTemplate":"https:\/\/www.africa-press.net\/cameroun\/?s={search_term_string}"},"query-input":{"@type":"PropertyValueSpecification","valueRequired":true,"valueName":"search_term_string"}}],"inLanguage":"fr-FR"},{"@type":"Person","@id":"https:\/\/www.africa-press.net\/cameroun\/#\/schema\/person\/2b1cf3cd81a31e3cd26889ca66d677f1","name":"cfeditorfr"}]}},"_links":{"self":[{"href":"https:\/\/www.africa-press.net\/cameroun\/wp-json\/wp\/v2\/posts\/23645","targetHints":{"allow":["GET"]}}],"collection":[{"href":"https:\/\/www.africa-press.net\/cameroun\/wp-json\/wp\/v2\/posts"}],"about":[{"href":"https:\/\/www.africa-press.net\/cameroun\/wp-json\/wp\/v2\/types\/post"}],"author":[{"embeddable":true,"href":"https:\/\/www.africa-press.net\/cameroun\/wp-json\/wp\/v2\/users\/82"}],"replies":[{"embeddable":true,"href":"https:\/\/www.africa-press.net\/cameroun\/wp-json\/wp\/v2\/comments?post=23645"}],"version-history":[{"count":0,"href":"https:\/\/www.africa-press.net\/cameroun\/wp-json\/wp\/v2\/posts\/23645\/revisions"}],"wp:featuredmedia":[{"embeddable":true,"href":"https:\/\/www.africa-press.net\/cameroun\/wp-json\/wp\/v2\/media\/23644"}],"wp:attachment":[{"href":"https:\/\/www.africa-press.net\/cameroun\/wp-json\/wp\/v2\/media?parent=23645"}],"wp:term":[{"taxonomy":"category","embeddable":true,"href":"https:\/\/www.africa-press.net\/cameroun\/wp-json\/wp\/v2\/categories?post=23645"},{"taxonomy":"post_tag","embeddable":true,"href":"https:\/\/www.africa-press.net\/cameroun\/wp-json\/wp\/v2\/tags?post=23645"}],"curies":[{"name":"wp","href":"https:\/\/api.w.org\/{rel}","templated":true}]}}