{"id":23648,"date":"2022-07-16T14:18:57","date_gmt":"2022-07-16T14:18:57","guid":{"rendered":"https:\/\/www.africa-press.net\/cameroun\/politique\/corporation-des-nominations-au-barreau-avec-me-claude-assira-nomme-au-poste-de-tresorier-de-lordre"},"modified":"2022-07-16T17:03:10","modified_gmt":"2022-07-16T17:03:10","slug":"corporation-des-nominations-au-barreau-avec-me-claude-assira-nomme-au-poste-de-tresorier-de-lordre","status":"publish","type":"post","link":"https:\/\/www.africa-press.net\/cameroun\/toutes-les-actualites\/corporation-des-nominations-au-barreau-avec-me-claude-assira-nomme-au-poste-de-tresorier-de-lordre","title":{"rendered":"Corporation\u00a0: Des nominations au barreau, avec Me Claude Assira nomm\u00e9 au poste de tr\u00e9sorier de l\u2019Ordre"},"content":{"rendered":"<p><span style=\"color: #ff6600\"><strong>Africa-Press &#8211; Cameroun. <\/strong><\/span>Le nouveau b\u00e2tonnier de l\u2019Ordre des avocats au Barreau du Cameroun, Me Mbah Eric Mbah, \u00e9lu \u00e0 la t\u00eate de la corporation le 20 juin 2022, a proc\u00e9d\u00e9 \u00e0 ses premi\u00e8res nominations le lundi 11 juillet 2022. Parmi les personnes nomm\u00e9es \u00e0 diff\u00e9rents postes, figurent le c\u00e9l\u00e8bre avocat Me Claude Assira, qui a \u00e9t\u00e9 copt\u00e9 au poste de tr\u00e9sorier de l\u2019ordre. Une nomination parmi tant d\u2019autres, et qui a fait l\u2019objet d\u2019un article dans le quotidien Le Jour de ce mardi 12 juillet 2022.<\/p>\n<p>Au poste de secr\u00e9taire g\u00e9n\u00e9rale, le choix a \u00e9t\u00e9 port\u00e9 sur Me Anne Yolande Ngo Minyogog, qui succ\u00e8de ainsi \u00e0 Me Philippe Memong, qui aura occup\u00e9 cette fonction pendant 4 ans. La nouvelle SG est par ailleurs 4\u00e8me membre au conseil de l\u2019Ordre, \u00e9lue lors de l\u2019\u00e9lection du 20 juin dernier avec 1407 voix, parmi les 15 membres qui constituent le conseil de l\u2019ordre. Elle sera assist\u00e9e par Me Ernest Titanji Duga comme secr\u00e9taire g\u00e9n\u00e9ral adjoint N\u00b01. Ce dernier avait \u00e9chou\u00e9 \u00e0 briguer le poste de b\u00e2tonnier, au m\u00eame titre que Me Claire Atangana Bikouna, ancien b\u00e2tonnier par int\u00e9rim, qui a \u00e9t\u00e9 d\u00e9sign\u00e9e parmi les conseillers sp\u00e9ciaux du b\u00e2tonnier. On y retrouve \u00e9galement Me Tam Bateky Suzanne, ancienne repr\u00e9sentante du barreau dans la r\u00e9gion du Littoral.<\/p>\n<p>Au rang des d\u00e9fis qui incombent \u00e0 cette nouvelle \u00e9quipe conduite par Me Mbah Eric Mbah, le tablo\u00efd de Haman Mana indique qu\u2019elle devra travailler pour le retour de l\u2019unit\u00e9 au sein du barreau, pour une transparence sur la gestion financi\u00e8re et pour la protection des droits des avocats pendant l\u2019exercice de leur profession, et sur les questions d\u2019int\u00e9r\u00eat g\u00e9n\u00e9ral li\u00e9es \u00e0 la promotion et la protection d\u2019un Etat de droit au Cameroun.<\/p>\n<p><strong>Pour plus d&rsquo;informations et d&rsquo;analyses sur la <a href=\"https:\/\/www.africa-press.net\/cameroun\">Cameroun<\/a>, suivez <a href=\"https:\/\/www.africa-press.net\/\">Africa-Press<\/a><\/strong><\/p>\n","protected":false},"excerpt":{"rendered":"<p>Africa-Press &#8211; Cameroun. Le nouveau b\u00e2tonnier de l\u2019Ordre des avocats au Barreau du Cameroun, Me Mbah Eric Mbah, \u00e9lu \u00e0 la t\u00eate de la corporation le 20 juin 2022, a proc\u00e9d\u00e9 \u00e0 ses premi\u00e8res nominations le lundi 11 juillet 2022. Parmi les personnes nomm\u00e9es \u00e0 diff\u00e9rents postes, figurent le c\u00e9l\u00e8bre avocat Me Claude Assira, qui [&hellip;]<\/p>\n","protected":false},"author":82,"featured_media":23647,"comment_status":"open","ping_status":"closed","sticky":false,"template":"","format":"standard","meta":{"footnotes":""},"categories":[21,11,10],"tags":[36,50,49],"class_list":["post-23648","post","type-post","status-publish","format-standard","has-post-thumbnail","hentry","category-communaute","category-homepage-french","category-toutes-les-actualites","tag-africa-press","tag-africa-press-cameroun","tag-cameroun"],"yoast_head":"<!-- This site is optimized with the Yoast SEO Premium plugin v26.1 (Yoast SEO v27.0) - https:\/\/yoast.com\/product\/yoast-seo-premium-wordpress\/ -->\n<title>Corporation\u00a0: Des nominations au barreau, avec Me Claude Assira nomm\u00e9 au poste de tr\u00e9sorier de l\u2019Ordre - Cameroun<\/title>\n<meta name=\"description\" content=\"Le nouveau b\u00e2tonnier de l\u2019Ordre des avocats au Barreau du Cameroun, Me Mbah Eric Mbah, \u00e9lu \u00e0 la t\u00eate de la corporation l ...\" \/>\n<meta name=\"robots\" content=\"index, follow, max-snippet:-1, max-image-preview:large, max-video-preview:-1\" \/>\n<link rel=\"canonical\" href=\"https:\/\/www.africa-press.net\/cameroun\/toutes-les-actualites\/corporation-des-nominations-au-barreau-avec-me-claude-assira-nomme-au-poste-de-tresorier-de-lordre\" \/>\n<meta property=\"og:locale\" content=\"fr_FR\" \/>\n<meta property=\"og:type\" content=\"article\" \/>\n<meta property=\"og:title\" content=\"Corporation\u00a0: Des nominations au barreau, avec Me Claude Assira nomm\u00e9 au poste de tr\u00e9sorier de l\u2019Ordre\" \/>\n<meta property=\"og:description\" content=\"Le nouveau b\u00e2tonnier de l\u2019Ordre des avocats au Barreau du Cameroun, Me Mbah Eric Mbah, \u00e9lu \u00e0 la t\u00eate de la corporation l ...\" \/>\n<meta property=\"og:url\" content=\"https:\/\/www.africa-press.net\/cameroun\/toutes-les-actualites\/corporation-des-nominations-au-barreau-avec-me-claude-assira-nomme-au-poste-de-tresorier-de-lordre\" \/>\n<meta property=\"og:site_name\" content=\"Cameroun\" \/>\n<meta property=\"article:published_time\" content=\"2022-07-16T14:18:57+00:00\" \/>\n<meta property=\"article:modified_time\" content=\"2022-07-16T17:03:10+00:00\" \/>\n<meta property=\"og:image\" content=\"https:\/\/static.africa-press.net\/cameroun\/sites\/57\/2022\/07\/img-62d2ef38a9d1e.jpg\" \/>\n\t<meta property=\"og:image:width\" content=\"800\" \/>\n\t<meta property=\"og:image:height\" content=\"457\" \/>\n\t<meta property=\"og:image:type\" content=\"image\/jpeg\" \/>\n<meta name=\"author\" content=\"cfeditorfr\" \/>\n<meta name=\"twitter:card\" content=\"summary_large_image\" \/>\n<meta name=\"twitter:label1\" content=\"\u00c9crit par\" \/>\n\t<meta name=\"twitter:data1\" content=\"cfeditorfr\" \/>\n\t<meta name=\"twitter:label2\" content=\"Dur\u00e9e de lecture estim\u00e9e\" \/>\n\t<meta name=\"twitter:data2\" content=\"2 minutes\" \/>\n<script type=\"application\/ld+json\" class=\"yoast-schema-graph\">{\"@context\":\"https:\/\/schema.org\",\"@graph\":[{\"@type\":\"Article\",\"@id\":\"https:\/\/www.africa-press.net\/cameroun\/toutes-les-actualites\/corporation-des-nominations-au-barreau-avec-me-claude-assira-nomme-au-poste-de-tresorier-de-lordre#article\",\"isPartOf\":{\"@id\":\"https:\/\/www.africa-press.net\/cameroun\/toutes-les-actualites\/corporation-des-nominations-au-barreau-avec-me-claude-assira-nomme-au-poste-de-tresorier-de-lordre\"},\"author\":{\"name\":\"cfeditorfr\",\"@id\":\"https:\/\/www.africa-press.net\/cameroun\/#\/schema\/person\/2b1cf3cd81a31e3cd26889ca66d677f1\"},\"headline\":\"Corporation\u00a0: Des nominations au barreau, avec Me Claude Assira nomm\u00e9 au poste de tr\u00e9sorier de l\u2019Ordre\",\"datePublished\":\"2022-07-16T14:18:57+00:00\",\"dateModified\":\"2022-07-16T17:03:10+00:00\",\"mainEntityOfPage\":{\"@id\":\"https:\/\/www.africa-press.net\/cameroun\/toutes-les-actualites\/corporation-des-nominations-au-barreau-avec-me-claude-assira-nomme-au-poste-de-tresorier-de-lordre\"},\"wordCount\":347,\"commentCount\":0,\"image\":{\"@id\":\"https:\/\/www.africa-press.net\/cameroun\/toutes-les-actualites\/corporation-des-nominations-au-barreau-avec-me-claude-assira-nomme-au-poste-de-tresorier-de-lordre#primaryimage\"},\"thumbnailUrl\":\"https:\/\/static.africa-press.net\/cameroun\/sites\/57\/2022\/07\/img-62d2ef38a9d1e.jpg\",\"keywords\":[\"Africa Press\",\"Africa Press-Cameroun\",\"Cameroun\"],\"articleSection\":[\"Communaut\u00e9\",\"homepage-french\",\"Toutes les actualit\u00e9s\"],\"inLanguage\":\"fr-FR\",\"potentialAction\":[{\"@type\":\"CommentAction\",\"name\":\"Comment\",\"target\":[\"https:\/\/www.africa-press.net\/cameroun\/toutes-les-actualites\/corporation-des-nominations-au-barreau-avec-me-claude-assira-nomme-au-poste-de-tresorier-de-lordre#respond\"]}]},{\"@type\":\"WebPage\",\"@id\":\"https:\/\/www.africa-press.net\/cameroun\/toutes-les-actualites\/corporation-des-nominations-au-barreau-avec-me-claude-assira-nomme-au-poste-de-tresorier-de-lordre\",\"url\":\"https:\/\/www.africa-press.net\/cameroun\/toutes-les-actualites\/corporation-des-nominations-au-barreau-avec-me-claude-assira-nomme-au-poste-de-tresorier-de-lordre\",\"name\":\"Corporation\u00a0: Des nominations au barreau, avec Me Claude Assira nomm\u00e9 au poste de tr\u00e9sorier de l\u2019Ordre - Cameroun\",\"isPartOf\":{\"@id\":\"https:\/\/www.africa-press.net\/cameroun\/#website\"},\"primaryImageOfPage\":{\"@id\":\"https:\/\/www.africa-press.net\/cameroun\/toutes-les-actualites\/corporation-des-nominations-au-barreau-avec-me-claude-assira-nomme-au-poste-de-tresorier-de-lordre#primaryimage\"},\"image\":{\"@id\":\"https:\/\/www.africa-press.net\/cameroun\/toutes-les-actualites\/corporation-des-nominations-au-barreau-avec-me-claude-assira-nomme-au-poste-de-tresorier-de-lordre#primaryimage\"},\"thumbnailUrl\":\"https:\/\/static.africa-press.net\/cameroun\/sites\/57\/2022\/07\/img-62d2ef38a9d1e.jpg\",\"datePublished\":\"2022-07-16T14:18:57+00:00\",\"dateModified\":\"2022-07-16T17:03:10+00:00\",\"author\":{\"@id\":\"https:\/\/www.africa-press.net\/cameroun\/#\/schema\/person\/2b1cf3cd81a31e3cd26889ca66d677f1\"},\"description\":\"Le nouveau b\u00e2tonnier de l\u2019Ordre des avocats au Barreau du Cameroun, Me Mbah Eric Mbah, \u00e9lu \u00e0 la t\u00eate de la corporation l ...\",\"breadcrumb\":{\"@id\":\"https:\/\/www.africa-press.net\/cameroun\/toutes-les-actualites\/corporation-des-nominations-au-barreau-avec-me-claude-assira-nomme-au-poste-de-tresorier-de-lordre#breadcrumb\"},\"inLanguage\":\"fr-FR\",\"potentialAction\":[{\"@type\":\"ReadAction\",\"target\":[\"https:\/\/www.africa-press.net\/cameroun\/toutes-les-actualites\/corporation-des-nominations-au-barreau-avec-me-claude-assira-nomme-au-poste-de-tresorier-de-lordre\"]}]},{\"@type\":\"ImageObject\",\"inLanguage\":\"fr-FR\",\"@id\":\"https:\/\/www.africa-press.net\/cameroun\/toutes-les-actualites\/corporation-des-nominations-au-barreau-avec-me-claude-assira-nomme-au-poste-de-tresorier-de-lordre#primaryimage\",\"url\":\"https:\/\/static.africa-press.net\/cameroun\/sites\/57\/2022\/07\/img-62d2ef38a9d1e.jpg\",\"contentUrl\":\"https:\/\/static.africa-press.net\/cameroun\/sites\/57\/2022\/07\/img-62d2ef38a9d1e.jpg\",\"width\":800,\"height\":457,\"caption\":\"Corporation\u00a0: Des nominations au barreau, avec Me Claude Assira nomm\u00e9 au poste de tr\u00e9sorier de l\u2019Ordre\"},{\"@type\":\"BreadcrumbList\",\"@id\":\"https:\/\/www.africa-press.net\/cameroun\/toutes-les-actualites\/corporation-des-nominations-au-barreau-avec-me-claude-assira-nomme-au-poste-de-tresorier-de-lordre#breadcrumb\",\"itemListElement\":[{\"@type\":\"ListItem\",\"position\":1,\"name\":\"Accueil\",\"item\":\"https:\/\/www.africa-press.net\/cameroun\/\"},{\"@type\":\"ListItem\",\"position\":2,\"name\":\"Corporation\u00a0: Des nominations au barreau, avec Me Claude Assira nomm\u00e9 au poste de tr\u00e9sorier de l\u2019Ordre\"}]},{\"@type\":\"WebSite\",\"@id\":\"https:\/\/www.africa-press.net\/cameroun\/#website\",\"url\":\"https:\/\/www.africa-press.net\/cameroun\/\",\"name\":\"Cameroun\",\"description\":\"Just another Africa News Agency Sites site\",\"potentialAction\":[{\"@type\":\"SearchAction\",\"target\":{\"@type\":\"EntryPoint\",\"urlTemplate\":\"https:\/\/www.africa-press.net\/cameroun\/?s={search_term_string}\"},\"query-input\":{\"@type\":\"PropertyValueSpecification\",\"valueRequired\":true,\"valueName\":\"search_term_string\"}}],\"inLanguage\":\"fr-FR\"},{\"@type\":\"Person\",\"@id\":\"https:\/\/www.africa-press.net\/cameroun\/#\/schema\/person\/2b1cf3cd81a31e3cd26889ca66d677f1\",\"name\":\"cfeditorfr\"}]}<\/script>\n<!-- \/ Yoast SEO Premium plugin. -->","yoast_head_json":{"title":"Corporation\u00a0: Des nominations au barreau, avec Me Claude Assira nomm\u00e9 au poste de tr\u00e9sorier de l\u2019Ordre - Cameroun","description":"Le nouveau b\u00e2tonnier de l\u2019Ordre des avocats au Barreau du Cameroun, Me Mbah Eric Mbah, \u00e9lu \u00e0 la t\u00eate de la corporation l ...","robots":{"index":"index","follow":"follow","max-snippet":"max-snippet:-1","max-image-preview":"max-image-preview:large","max-video-preview":"max-video-preview:-1"},"canonical":"https:\/\/www.africa-press.net\/cameroun\/toutes-les-actualites\/corporation-des-nominations-au-barreau-avec-me-claude-assira-nomme-au-poste-de-tresorier-de-lordre","og_locale":"fr_FR","og_type":"article","og_title":"Corporation\u00a0: Des nominations au barreau, avec Me Claude Assira nomm\u00e9 au poste de tr\u00e9sorier de l\u2019Ordre","og_description":"Le nouveau b\u00e2tonnier de l\u2019Ordre des avocats au Barreau du Cameroun, Me Mbah Eric Mbah, \u00e9lu \u00e0 la t\u00eate de la corporation l ...","og_url":"https:\/\/www.africa-press.net\/cameroun\/toutes-les-actualites\/corporation-des-nominations-au-barreau-avec-me-claude-assira-nomme-au-poste-de-tresorier-de-lordre","og_site_name":"Cameroun","article_published_time":"2022-07-16T14:18:57+00:00","article_modified_time":"2022-07-16T17:03:10+00:00","og_image":[{"width":800,"height":457,"url":"https:\/\/static.africa-press.net\/cameroun\/sites\/57\/2022\/07\/img-62d2ef38a9d1e.jpg","type":"image\/jpeg"}],"author":"cfeditorfr","twitter_card":"summary_large_image","twitter_misc":{"\u00c9crit par":"cfeditorfr","Dur\u00e9e de lecture estim\u00e9e":"2 minutes"},"schema":{"@context":"https:\/\/schema.org","@graph":[{"@type":"Article","@id":"https:\/\/www.africa-press.net\/cameroun\/toutes-les-actualites\/corporation-des-nominations-au-barreau-avec-me-claude-assira-nomme-au-poste-de-tresorier-de-lordre#article","isPartOf":{"@id":"https:\/\/www.africa-press.net\/cameroun\/toutes-les-actualites\/corporation-des-nominations-au-barreau-avec-me-claude-assira-nomme-au-poste-de-tresorier-de-lordre"},"author":{"name":"cfeditorfr","@id":"https:\/\/www.africa-press.net\/cameroun\/#\/schema\/person\/2b1cf3cd81a31e3cd26889ca66d677f1"},"headline":"Corporation\u00a0: Des nominations au barreau, avec Me Claude Assira nomm\u00e9 au poste de tr\u00e9sorier de l\u2019Ordre","datePublished":"2022-07-16T14:18:57+00:00","dateModified":"2022-07-16T17:03:10+00:00","mainEntityOfPage":{"@id":"https:\/\/www.africa-press.net\/cameroun\/toutes-les-actualites\/corporation-des-nominations-au-barreau-avec-me-claude-assira-nomme-au-poste-de-tresorier-de-lordre"},"wordCount":347,"commentCount":0,"image":{"@id":"https:\/\/www.africa-press.net\/cameroun\/toutes-les-actualites\/corporation-des-nominations-au-barreau-avec-me-claude-assira-nomme-au-poste-de-tresorier-de-lordre#primaryimage"},"thumbnailUrl":"https:\/\/static.africa-press.net\/cameroun\/sites\/57\/2022\/07\/img-62d2ef38a9d1e.jpg","keywords":["Africa Press","Africa Press-Cameroun","Cameroun"],"articleSection":["Communaut\u00e9","homepage-french","Toutes les actualit\u00e9s"],"inLanguage":"fr-FR","potentialAction":[{"@type":"CommentAction","name":"Comment","target":["https:\/\/www.africa-press.net\/cameroun\/toutes-les-actualites\/corporation-des-nominations-au-barreau-avec-me-claude-assira-nomme-au-poste-de-tresorier-de-lordre#respond"]}]},{"@type":"WebPage","@id":"https:\/\/www.africa-press.net\/cameroun\/toutes-les-actualites\/corporation-des-nominations-au-barreau-avec-me-claude-assira-nomme-au-poste-de-tresorier-de-lordre","url":"https:\/\/www.africa-press.net\/cameroun\/toutes-les-actualites\/corporation-des-nominations-au-barreau-avec-me-claude-assira-nomme-au-poste-de-tresorier-de-lordre","name":"Corporation\u00a0: Des nominations au barreau, avec Me Claude Assira nomm\u00e9 au poste de tr\u00e9sorier de l\u2019Ordre - Cameroun","isPartOf":{"@id":"https:\/\/www.africa-press.net\/cameroun\/#website"},"primaryImageOfPage":{"@id":"https:\/\/www.africa-press.net\/cameroun\/toutes-les-actualites\/corporation-des-nominations-au-barreau-avec-me-claude-assira-nomme-au-poste-de-tresorier-de-lordre#primaryimage"},"image":{"@id":"https:\/\/www.africa-press.net\/cameroun\/toutes-les-actualites\/corporation-des-nominations-au-barreau-avec-me-claude-assira-nomme-au-poste-de-tresorier-de-lordre#primaryimage"},"thumbnailUrl":"https:\/\/static.africa-press.net\/cameroun\/sites\/57\/2022\/07\/img-62d2ef38a9d1e.jpg","datePublished":"2022-07-16T14:18:57+00:00","dateModified":"2022-07-16T17:03:10+00:00","author":{"@id":"https:\/\/www.africa-press.net\/cameroun\/#\/schema\/person\/2b1cf3cd81a31e3cd26889ca66d677f1"},"description":"Le nouveau b\u00e2tonnier de l\u2019Ordre des avocats au Barreau du Cameroun, Me Mbah Eric Mbah, \u00e9lu \u00e0 la t\u00eate de la corporation l ...","breadcrumb":{"@id":"https:\/\/www.africa-press.net\/cameroun\/toutes-les-actualites\/corporation-des-nominations-au-barreau-avec-me-claude-assira-nomme-au-poste-de-tresorier-de-lordre#breadcrumb"},"inLanguage":"fr-FR","potentialAction":[{"@type":"ReadAction","target":["https:\/\/www.africa-press.net\/cameroun\/toutes-les-actualites\/corporation-des-nominations-au-barreau-avec-me-claude-assira-nomme-au-poste-de-tresorier-de-lordre"]}]},{"@type":"ImageObject","inLanguage":"fr-FR","@id":"https:\/\/www.africa-press.net\/cameroun\/toutes-les-actualites\/corporation-des-nominations-au-barreau-avec-me-claude-assira-nomme-au-poste-de-tresorier-de-lordre#primaryimage","url":"https:\/\/static.africa-press.net\/cameroun\/sites\/57\/2022\/07\/img-62d2ef38a9d1e.jpg","contentUrl":"https:\/\/static.africa-press.net\/cameroun\/sites\/57\/2022\/07\/img-62d2ef38a9d1e.jpg","width":800,"height":457,"caption":"Corporation\u00a0: Des nominations au barreau, avec Me Claude Assira nomm\u00e9 au poste de tr\u00e9sorier de l\u2019Ordre"},{"@type":"BreadcrumbList","@id":"https:\/\/www.africa-press.net\/cameroun\/toutes-les-actualites\/corporation-des-nominations-au-barreau-avec-me-claude-assira-nomme-au-poste-de-tresorier-de-lordre#breadcrumb","itemListElement":[{"@type":"ListItem","position":1,"name":"Accueil","item":"https:\/\/www.africa-press.net\/cameroun\/"},{"@type":"ListItem","position":2,"name":"Corporation\u00a0: Des nominations au barreau, avec Me Claude Assira nomm\u00e9 au poste de tr\u00e9sorier de l\u2019Ordre"}]},{"@type":"WebSite","@id":"https:\/\/www.africa-press.net\/cameroun\/#website","url":"https:\/\/www.africa-press.net\/cameroun\/","name":"Cameroun","description":"Just another Africa News Agency Sites site","potentialAction":[{"@type":"SearchAction","target":{"@type":"EntryPoint","urlTemplate":"https:\/\/www.africa-press.net\/cameroun\/?s={search_term_string}"},"query-input":{"@type":"PropertyValueSpecification","valueRequired":true,"valueName":"search_term_string"}}],"inLanguage":"fr-FR"},{"@type":"Person","@id":"https:\/\/www.africa-press.net\/cameroun\/#\/schema\/person\/2b1cf3cd81a31e3cd26889ca66d677f1","name":"cfeditorfr"}]}},"_links":{"self":[{"href":"https:\/\/www.africa-press.net\/cameroun\/wp-json\/wp\/v2\/posts\/23648","targetHints":{"allow":["GET"]}}],"collection":[{"href":"https:\/\/www.africa-press.net\/cameroun\/wp-json\/wp\/v2\/posts"}],"about":[{"href":"https:\/\/www.africa-press.net\/cameroun\/wp-json\/wp\/v2\/types\/post"}],"author":[{"embeddable":true,"href":"https:\/\/www.africa-press.net\/cameroun\/wp-json\/wp\/v2\/users\/82"}],"replies":[{"embeddable":true,"href":"https:\/\/www.africa-press.net\/cameroun\/wp-json\/wp\/v2\/comments?post=23648"}],"version-history":[{"count":0,"href":"https:\/\/www.africa-press.net\/cameroun\/wp-json\/wp\/v2\/posts\/23648\/revisions"}],"wp:featuredmedia":[{"embeddable":true,"href":"https:\/\/www.africa-press.net\/cameroun\/wp-json\/wp\/v2\/media\/23647"}],"wp:attachment":[{"href":"https:\/\/www.africa-press.net\/cameroun\/wp-json\/wp\/v2\/media?parent=23648"}],"wp:term":[{"taxonomy":"category","embeddable":true,"href":"https:\/\/www.africa-press.net\/cameroun\/wp-json\/wp\/v2\/categories?post=23648"},{"taxonomy":"post_tag","embeddable":true,"href":"https:\/\/www.africa-press.net\/cameroun\/wp-json\/wp\/v2\/tags?post=23648"}],"curies":[{"name":"wp","href":"https:\/\/api.w.org\/{rel}","templated":true}]}}