{"id":23651,"date":"2022-07-16T14:29:27","date_gmt":"2022-07-16T14:29:27","guid":{"rendered":"https:\/\/www.africa-press.net\/cameroun\/politique\/succes-le-camerounais-bertrand-magloire-mendouga-elu-president-de-la-confederation-africaine-de-boxe"},"modified":"2022-07-16T17:03:38","modified_gmt":"2022-07-16T17:03:38","slug":"succes-le-camerounais-bertrand-magloire-mendouga-elu-president-de-la-confederation-africaine-de-boxe","status":"publish","type":"post","link":"https:\/\/www.africa-press.net\/cameroun\/sports\/succes-le-camerounais-bertrand-magloire-mendouga-elu-president-de-la-confederation-africaine-de-boxe","title":{"rendered":"Succ\u00e8s : Le Camerounais Bertrand Magloire Mendouga \u00e9lu pr\u00e9sident de la Conf\u00e9d\u00e9ration Africaine  de boxe"},"content":{"rendered":"<p><span style=\"color: #ff6600\"><strong>Africa-Press &#8211; Cameroun. <\/strong><\/span>Un Camerounais \u00e9lu pr\u00e9sident de la Conf\u00e9d\u00e9ration Africaine de Boxe. Bertrand Magloire Mendouga, l\u2019actuel patron de la f\u00e9d\u00e9ration camerounaise et pr\u00e9sident de la zone 4 a \u00e9t\u00e9 port\u00e9 \u00e0 la t\u00eate de cette instance continentale tout \u00e0 l\u2019heure lors du congr\u00e8s \u00e9lectif organis\u00e9 depuis 9 heures locales ce samedi \u00e0 Alger (Alg\u00e9rie). Il faisait face \u00e0 deux concurrents. D\u2019abord l\u2019Alg\u00e9rien Nouredine Ferhat-Fazil, puis l\u2019Ougandais Moses Muhangi.<\/p>\n<p><b>\u00ab Le Camerounais a obtenu 21 voix des 40 d\u00e9l\u00e9gu\u00e9s africains pr\u00e9sents au Congr\u00e8s \u00e9lectif, devant l\u2019Alg\u00e9rien Nouredine Fazil-Ferhat, pr\u00e9sident de la F\u00e9d\u00e9ration alg\u00e9rienne de boxe (FAB) avec 10 voix et l\u2019Ougandais Moses Muhangi (9 voix) \u00bb<\/b><\/p>\n<p>, d\u00e9taille Alg\u00e9rie Press Service, qui relaie aussi ses premi\u00e8res impressions.<\/p>\n<p><b>\u00ab\u00a0C\u2019est un nouveau jour pour l\u2019Afrique. Je ne serai pas le pr\u00e9sident des 21 pays qui ont vot\u00e9 pour moi, mais le pr\u00e9sident de tous les pays de l\u2019Afrique\u00a0\u00bb<\/b><\/p>\n<p>\u00ab\u00a0, rapporter l\u2019Agence de presse alg\u00e9rienne. Le nouveau pr\u00e9sident de la Conf\u00e9d\u00e9ration Africaine de Boxe aura automatiquement un si\u00e8ge au comit\u00e9 ex\u00e9cutif de l&rsquo;IBA (International Boxing Association). Par ailleurs, selon les statuts de la CAB, le si\u00e8ge de l&rsquo;instance continentale sera \u00e9tabli au pays d&rsquo;origine du pr\u00e9sident.<\/p>\n<p>Les travaux se poursuivent avec l\u2019\u00e9lection des membres du Comit\u00e9 ex\u00e9cutif. Neuf candidats postuleront pour un poste au sein du Comit\u00e9 ex\u00e9cutif de l&rsquo;instance africaine.<\/p>\n<p>Il s&rsquo;agit d&rsquo;Ir\u00e8ne N&rsquo;Telamo (Botswana), Eric N&rsquo;Dayishimiye (Burundi), Alpha Amadou Bald\u00e9 (Guin\u00e9e), Nabil Hilmi (Mauritanie) Wissa Zoubida (Maroc), Issoufou Abdou Mallam (Nigeria), Azamia Omo-Agege (Niger), Siyabulela Cecil N&rsquo;Kwalo (Afrique du Sud) et Anta Gueye (S\u00e9n\u00e9gal).<\/p>\n<p><b>\u00ab Ancien pr\u00e9sident de la zone 4 et actuel pr\u00e9sident de la zone 3, membre du comit\u00e9 ex\u00e9cutif de l\u2019AIBC depuis 2015, membre du comit\u00e9 ex\u00e9cutif de l\u2019AIBA depuis 2018 \u00e7a veut dire que je me sens avoir les c\u00f4tes solides pour pouvoir aller \u00e0 la conqu\u00eate de l\u2019Afrique \u00bb<\/b><\/p>\n<p>, d\u00e9clarait Mendouga lors de sa campagne. Dans la plaquette qui d\u00e9voile sa candidature, il indiquait qu\u2019il veut diriger la Conf\u00e9d\u00e9ration \u00ab pour cr\u00e9er de la visibilit\u00e9 et du rayonnement. Faire en m\u00eame temps des r\u00e9formes cons\u00e9quentes pour le d\u00e9veloppement de la boxe en Afrique \u00bb.<\/p>\n<p><strong>Pour plus d&rsquo;informations et d&rsquo;analyses sur la <a href=\"https:\/\/www.africa-press.net\/cameroun\">Cameroun<\/a>, suivez <a href=\"https:\/\/www.africa-press.net\/\">Africa-Press<\/a><\/strong><\/p>\n","protected":false},"excerpt":{"rendered":"<p>Africa-Press &#8211; Cameroun. Un Camerounais \u00e9lu pr\u00e9sident de la Conf\u00e9d\u00e9ration Africaine de Boxe. Bertrand Magloire Mendouga, l\u2019actuel patron de la f\u00e9d\u00e9ration camerounaise et pr\u00e9sident de la zone 4 a \u00e9t\u00e9 port\u00e9 \u00e0 la t\u00eate de cette instance continentale tout \u00e0 l\u2019heure lors du congr\u00e8s \u00e9lectif organis\u00e9 depuis 9 heures locales ce samedi \u00e0 Alger (Alg\u00e9rie). [&hellip;]<\/p>\n","protected":false},"author":82,"featured_media":23650,"comment_status":"open","ping_status":"closed","sticky":false,"template":"","format":"standard","meta":{"footnotes":""},"categories":[11,6,10],"tags":[36,50,49],"class_list":["post-23651","post","type-post","status-publish","format-standard","has-post-thumbnail","hentry","category-homepage-french","category-sports","category-toutes-les-actualites","tag-africa-press","tag-africa-press-cameroun","tag-cameroun"],"yoast_head":"<!-- This site is optimized with the Yoast SEO Premium plugin v26.1 (Yoast SEO v27.0) - https:\/\/yoast.com\/product\/yoast-seo-premium-wordpress\/ -->\n<title>Succ\u00e8s : Le Camerounais Bertrand Magloire Mendouga \u00e9lu pr\u00e9sident de la Conf\u00e9d\u00e9ration Africaine de boxe - Cameroun<\/title>\n<meta name=\"description\" content=\"Un Camerounais \u00e9lu pr\u00e9sident de la Conf\u00e9d\u00e9ration Africaine de Boxe. Bertrand Magloire Mendouga, l\u2019actuel patron de la f\u00e9 ...\" \/>\n<meta name=\"robots\" content=\"index, follow, max-snippet:-1, max-image-preview:large, max-video-preview:-1\" \/>\n<link rel=\"canonical\" href=\"https:\/\/www.africa-press.net\/cameroun\/sports\/succes-le-camerounais-bertrand-magloire-mendouga-elu-president-de-la-confederation-africaine-de-boxe\" \/>\n<meta property=\"og:locale\" content=\"fr_FR\" \/>\n<meta property=\"og:type\" content=\"article\" \/>\n<meta property=\"og:title\" content=\"Succ\u00e8s : Le Camerounais Bertrand Magloire Mendouga \u00e9lu pr\u00e9sident de la Conf\u00e9d\u00e9ration Africaine de boxe\" \/>\n<meta property=\"og:description\" content=\"Un Camerounais \u00e9lu pr\u00e9sident de la Conf\u00e9d\u00e9ration Africaine de Boxe. Bertrand Magloire Mendouga, l\u2019actuel patron de la f\u00e9 ...\" \/>\n<meta property=\"og:url\" content=\"https:\/\/www.africa-press.net\/cameroun\/sports\/succes-le-camerounais-bertrand-magloire-mendouga-elu-president-de-la-confederation-africaine-de-boxe\" \/>\n<meta property=\"og:site_name\" content=\"Cameroun\" \/>\n<meta property=\"article:published_time\" content=\"2022-07-16T14:29:27+00:00\" \/>\n<meta property=\"article:modified_time\" content=\"2022-07-16T17:03:38+00:00\" \/>\n<meta property=\"og:image\" content=\"https:\/\/static.africa-press.net\/cameroun\/sites\/57\/2022\/07\/img-62d2ef5728f29.jpg\" \/>\n\t<meta property=\"og:image:width\" content=\"800\" \/>\n\t<meta property=\"og:image:height\" content=\"533\" \/>\n\t<meta property=\"og:image:type\" content=\"image\/jpeg\" \/>\n<meta name=\"author\" content=\"cfeditorfr\" \/>\n<meta name=\"twitter:card\" content=\"summary_large_image\" \/>\n<meta name=\"twitter:label1\" content=\"\u00c9crit par\" \/>\n\t<meta name=\"twitter:data1\" content=\"cfeditorfr\" \/>\n\t<meta name=\"twitter:label2\" content=\"Dur\u00e9e de lecture estim\u00e9e\" \/>\n\t<meta name=\"twitter:data2\" content=\"2 minutes\" \/>\n<script type=\"application\/ld+json\" class=\"yoast-schema-graph\">{\"@context\":\"https:\/\/schema.org\",\"@graph\":[{\"@type\":\"Article\",\"@id\":\"https:\/\/www.africa-press.net\/cameroun\/sports\/succes-le-camerounais-bertrand-magloire-mendouga-elu-president-de-la-confederation-africaine-de-boxe#article\",\"isPartOf\":{\"@id\":\"https:\/\/www.africa-press.net\/cameroun\/sports\/succes-le-camerounais-bertrand-magloire-mendouga-elu-president-de-la-confederation-africaine-de-boxe\"},\"author\":{\"name\":\"cfeditorfr\",\"@id\":\"https:\/\/www.africa-press.net\/cameroun\/#\/schema\/person\/2b1cf3cd81a31e3cd26889ca66d677f1\"},\"headline\":\"Succ\u00e8s : Le Camerounais Bertrand Magloire Mendouga \u00e9lu pr\u00e9sident de la Conf\u00e9d\u00e9ration Africaine de boxe\",\"datePublished\":\"2022-07-16T14:29:27+00:00\",\"dateModified\":\"2022-07-16T17:03:38+00:00\",\"mainEntityOfPage\":{\"@id\":\"https:\/\/www.africa-press.net\/cameroun\/sports\/succes-le-camerounais-bertrand-magloire-mendouga-elu-president-de-la-confederation-africaine-de-boxe\"},\"wordCount\":433,\"commentCount\":0,\"image\":{\"@id\":\"https:\/\/www.africa-press.net\/cameroun\/sports\/succes-le-camerounais-bertrand-magloire-mendouga-elu-president-de-la-confederation-africaine-de-boxe#primaryimage\"},\"thumbnailUrl\":\"https:\/\/static.africa-press.net\/cameroun\/sites\/57\/2022\/07\/img-62d2ef5728f29.jpg\",\"keywords\":[\"Africa Press\",\"Africa Press-Cameroun\",\"Cameroun\"],\"articleSection\":[\"homepage-french\",\"Sports\",\"Toutes les actualit\u00e9s\"],\"inLanguage\":\"fr-FR\",\"potentialAction\":[{\"@type\":\"CommentAction\",\"name\":\"Comment\",\"target\":[\"https:\/\/www.africa-press.net\/cameroun\/sports\/succes-le-camerounais-bertrand-magloire-mendouga-elu-president-de-la-confederation-africaine-de-boxe#respond\"]}]},{\"@type\":\"WebPage\",\"@id\":\"https:\/\/www.africa-press.net\/cameroun\/sports\/succes-le-camerounais-bertrand-magloire-mendouga-elu-president-de-la-confederation-africaine-de-boxe\",\"url\":\"https:\/\/www.africa-press.net\/cameroun\/sports\/succes-le-camerounais-bertrand-magloire-mendouga-elu-president-de-la-confederation-africaine-de-boxe\",\"name\":\"Succ\u00e8s : Le Camerounais Bertrand Magloire Mendouga \u00e9lu pr\u00e9sident de la Conf\u00e9d\u00e9ration Africaine de boxe - Cameroun\",\"isPartOf\":{\"@id\":\"https:\/\/www.africa-press.net\/cameroun\/#website\"},\"primaryImageOfPage\":{\"@id\":\"https:\/\/www.africa-press.net\/cameroun\/sports\/succes-le-camerounais-bertrand-magloire-mendouga-elu-president-de-la-confederation-africaine-de-boxe#primaryimage\"},\"image\":{\"@id\":\"https:\/\/www.africa-press.net\/cameroun\/sports\/succes-le-camerounais-bertrand-magloire-mendouga-elu-president-de-la-confederation-africaine-de-boxe#primaryimage\"},\"thumbnailUrl\":\"https:\/\/static.africa-press.net\/cameroun\/sites\/57\/2022\/07\/img-62d2ef5728f29.jpg\",\"datePublished\":\"2022-07-16T14:29:27+00:00\",\"dateModified\":\"2022-07-16T17:03:38+00:00\",\"author\":{\"@id\":\"https:\/\/www.africa-press.net\/cameroun\/#\/schema\/person\/2b1cf3cd81a31e3cd26889ca66d677f1\"},\"description\":\"Un Camerounais \u00e9lu pr\u00e9sident de la Conf\u00e9d\u00e9ration Africaine de Boxe. Bertrand Magloire Mendouga, l\u2019actuel patron de la f\u00e9 ...\",\"breadcrumb\":{\"@id\":\"https:\/\/www.africa-press.net\/cameroun\/sports\/succes-le-camerounais-bertrand-magloire-mendouga-elu-president-de-la-confederation-africaine-de-boxe#breadcrumb\"},\"inLanguage\":\"fr-FR\",\"potentialAction\":[{\"@type\":\"ReadAction\",\"target\":[\"https:\/\/www.africa-press.net\/cameroun\/sports\/succes-le-camerounais-bertrand-magloire-mendouga-elu-president-de-la-confederation-africaine-de-boxe\"]}]},{\"@type\":\"ImageObject\",\"inLanguage\":\"fr-FR\",\"@id\":\"https:\/\/www.africa-press.net\/cameroun\/sports\/succes-le-camerounais-bertrand-magloire-mendouga-elu-president-de-la-confederation-africaine-de-boxe#primaryimage\",\"url\":\"https:\/\/static.africa-press.net\/cameroun\/sites\/57\/2022\/07\/img-62d2ef5728f29.jpg\",\"contentUrl\":\"https:\/\/static.africa-press.net\/cameroun\/sites\/57\/2022\/07\/img-62d2ef5728f29.jpg\",\"width\":800,\"height\":533,\"caption\":\"Succ\u00e8s : Le Camerounais Bertrand Magloire Mendouga \u00e9lu pr\u00e9sident de la Conf\u00e9d\u00e9ration Africaine de boxe\"},{\"@type\":\"BreadcrumbList\",\"@id\":\"https:\/\/www.africa-press.net\/cameroun\/sports\/succes-le-camerounais-bertrand-magloire-mendouga-elu-president-de-la-confederation-africaine-de-boxe#breadcrumb\",\"itemListElement\":[{\"@type\":\"ListItem\",\"position\":1,\"name\":\"Accueil\",\"item\":\"https:\/\/www.africa-press.net\/cameroun\/\"},{\"@type\":\"ListItem\",\"position\":2,\"name\":\"Succ\u00e8s : Le Camerounais Bertrand Magloire Mendouga \u00e9lu pr\u00e9sident de la Conf\u00e9d\u00e9ration Africaine de boxe\"}]},{\"@type\":\"WebSite\",\"@id\":\"https:\/\/www.africa-press.net\/cameroun\/#website\",\"url\":\"https:\/\/www.africa-press.net\/cameroun\/\",\"name\":\"Cameroun\",\"description\":\"Just another Africa News Agency Sites site\",\"potentialAction\":[{\"@type\":\"SearchAction\",\"target\":{\"@type\":\"EntryPoint\",\"urlTemplate\":\"https:\/\/www.africa-press.net\/cameroun\/?s={search_term_string}\"},\"query-input\":{\"@type\":\"PropertyValueSpecification\",\"valueRequired\":true,\"valueName\":\"search_term_string\"}}],\"inLanguage\":\"fr-FR\"},{\"@type\":\"Person\",\"@id\":\"https:\/\/www.africa-press.net\/cameroun\/#\/schema\/person\/2b1cf3cd81a31e3cd26889ca66d677f1\",\"name\":\"cfeditorfr\"}]}<\/script>\n<!-- \/ Yoast SEO Premium plugin. -->","yoast_head_json":{"title":"Succ\u00e8s : Le Camerounais Bertrand Magloire Mendouga \u00e9lu pr\u00e9sident de la Conf\u00e9d\u00e9ration Africaine de boxe - Cameroun","description":"Un Camerounais \u00e9lu pr\u00e9sident de la Conf\u00e9d\u00e9ration Africaine de Boxe. Bertrand Magloire Mendouga, l\u2019actuel patron de la f\u00e9 ...","robots":{"index":"index","follow":"follow","max-snippet":"max-snippet:-1","max-image-preview":"max-image-preview:large","max-video-preview":"max-video-preview:-1"},"canonical":"https:\/\/www.africa-press.net\/cameroun\/sports\/succes-le-camerounais-bertrand-magloire-mendouga-elu-president-de-la-confederation-africaine-de-boxe","og_locale":"fr_FR","og_type":"article","og_title":"Succ\u00e8s : Le Camerounais Bertrand Magloire Mendouga \u00e9lu pr\u00e9sident de la Conf\u00e9d\u00e9ration Africaine de boxe","og_description":"Un Camerounais \u00e9lu pr\u00e9sident de la Conf\u00e9d\u00e9ration Africaine de Boxe. Bertrand Magloire Mendouga, l\u2019actuel patron de la f\u00e9 ...","og_url":"https:\/\/www.africa-press.net\/cameroun\/sports\/succes-le-camerounais-bertrand-magloire-mendouga-elu-president-de-la-confederation-africaine-de-boxe","og_site_name":"Cameroun","article_published_time":"2022-07-16T14:29:27+00:00","article_modified_time":"2022-07-16T17:03:38+00:00","og_image":[{"width":800,"height":533,"url":"https:\/\/static.africa-press.net\/cameroun\/sites\/57\/2022\/07\/img-62d2ef5728f29.jpg","type":"image\/jpeg"}],"author":"cfeditorfr","twitter_card":"summary_large_image","twitter_misc":{"\u00c9crit par":"cfeditorfr","Dur\u00e9e de lecture estim\u00e9e":"2 minutes"},"schema":{"@context":"https:\/\/schema.org","@graph":[{"@type":"Article","@id":"https:\/\/www.africa-press.net\/cameroun\/sports\/succes-le-camerounais-bertrand-magloire-mendouga-elu-president-de-la-confederation-africaine-de-boxe#article","isPartOf":{"@id":"https:\/\/www.africa-press.net\/cameroun\/sports\/succes-le-camerounais-bertrand-magloire-mendouga-elu-president-de-la-confederation-africaine-de-boxe"},"author":{"name":"cfeditorfr","@id":"https:\/\/www.africa-press.net\/cameroun\/#\/schema\/person\/2b1cf3cd81a31e3cd26889ca66d677f1"},"headline":"Succ\u00e8s : Le Camerounais Bertrand Magloire Mendouga \u00e9lu pr\u00e9sident de la Conf\u00e9d\u00e9ration Africaine de boxe","datePublished":"2022-07-16T14:29:27+00:00","dateModified":"2022-07-16T17:03:38+00:00","mainEntityOfPage":{"@id":"https:\/\/www.africa-press.net\/cameroun\/sports\/succes-le-camerounais-bertrand-magloire-mendouga-elu-president-de-la-confederation-africaine-de-boxe"},"wordCount":433,"commentCount":0,"image":{"@id":"https:\/\/www.africa-press.net\/cameroun\/sports\/succes-le-camerounais-bertrand-magloire-mendouga-elu-president-de-la-confederation-africaine-de-boxe#primaryimage"},"thumbnailUrl":"https:\/\/static.africa-press.net\/cameroun\/sites\/57\/2022\/07\/img-62d2ef5728f29.jpg","keywords":["Africa Press","Africa Press-Cameroun","Cameroun"],"articleSection":["homepage-french","Sports","Toutes les actualit\u00e9s"],"inLanguage":"fr-FR","potentialAction":[{"@type":"CommentAction","name":"Comment","target":["https:\/\/www.africa-press.net\/cameroun\/sports\/succes-le-camerounais-bertrand-magloire-mendouga-elu-president-de-la-confederation-africaine-de-boxe#respond"]}]},{"@type":"WebPage","@id":"https:\/\/www.africa-press.net\/cameroun\/sports\/succes-le-camerounais-bertrand-magloire-mendouga-elu-president-de-la-confederation-africaine-de-boxe","url":"https:\/\/www.africa-press.net\/cameroun\/sports\/succes-le-camerounais-bertrand-magloire-mendouga-elu-president-de-la-confederation-africaine-de-boxe","name":"Succ\u00e8s : Le Camerounais Bertrand Magloire Mendouga \u00e9lu pr\u00e9sident de la Conf\u00e9d\u00e9ration Africaine de boxe - Cameroun","isPartOf":{"@id":"https:\/\/www.africa-press.net\/cameroun\/#website"},"primaryImageOfPage":{"@id":"https:\/\/www.africa-press.net\/cameroun\/sports\/succes-le-camerounais-bertrand-magloire-mendouga-elu-president-de-la-confederation-africaine-de-boxe#primaryimage"},"image":{"@id":"https:\/\/www.africa-press.net\/cameroun\/sports\/succes-le-camerounais-bertrand-magloire-mendouga-elu-president-de-la-confederation-africaine-de-boxe#primaryimage"},"thumbnailUrl":"https:\/\/static.africa-press.net\/cameroun\/sites\/57\/2022\/07\/img-62d2ef5728f29.jpg","datePublished":"2022-07-16T14:29:27+00:00","dateModified":"2022-07-16T17:03:38+00:00","author":{"@id":"https:\/\/www.africa-press.net\/cameroun\/#\/schema\/person\/2b1cf3cd81a31e3cd26889ca66d677f1"},"description":"Un Camerounais \u00e9lu pr\u00e9sident de la Conf\u00e9d\u00e9ration Africaine de Boxe. Bertrand Magloire Mendouga, l\u2019actuel patron de la f\u00e9 ...","breadcrumb":{"@id":"https:\/\/www.africa-press.net\/cameroun\/sports\/succes-le-camerounais-bertrand-magloire-mendouga-elu-president-de-la-confederation-africaine-de-boxe#breadcrumb"},"inLanguage":"fr-FR","potentialAction":[{"@type":"ReadAction","target":["https:\/\/www.africa-press.net\/cameroun\/sports\/succes-le-camerounais-bertrand-magloire-mendouga-elu-president-de-la-confederation-africaine-de-boxe"]}]},{"@type":"ImageObject","inLanguage":"fr-FR","@id":"https:\/\/www.africa-press.net\/cameroun\/sports\/succes-le-camerounais-bertrand-magloire-mendouga-elu-president-de-la-confederation-africaine-de-boxe#primaryimage","url":"https:\/\/static.africa-press.net\/cameroun\/sites\/57\/2022\/07\/img-62d2ef5728f29.jpg","contentUrl":"https:\/\/static.africa-press.net\/cameroun\/sites\/57\/2022\/07\/img-62d2ef5728f29.jpg","width":800,"height":533,"caption":"Succ\u00e8s : Le Camerounais Bertrand Magloire Mendouga \u00e9lu pr\u00e9sident de la Conf\u00e9d\u00e9ration Africaine de boxe"},{"@type":"BreadcrumbList","@id":"https:\/\/www.africa-press.net\/cameroun\/sports\/succes-le-camerounais-bertrand-magloire-mendouga-elu-president-de-la-confederation-africaine-de-boxe#breadcrumb","itemListElement":[{"@type":"ListItem","position":1,"name":"Accueil","item":"https:\/\/www.africa-press.net\/cameroun\/"},{"@type":"ListItem","position":2,"name":"Succ\u00e8s : Le Camerounais Bertrand Magloire Mendouga \u00e9lu pr\u00e9sident de la Conf\u00e9d\u00e9ration Africaine de boxe"}]},{"@type":"WebSite","@id":"https:\/\/www.africa-press.net\/cameroun\/#website","url":"https:\/\/www.africa-press.net\/cameroun\/","name":"Cameroun","description":"Just another Africa News Agency Sites site","potentialAction":[{"@type":"SearchAction","target":{"@type":"EntryPoint","urlTemplate":"https:\/\/www.africa-press.net\/cameroun\/?s={search_term_string}"},"query-input":{"@type":"PropertyValueSpecification","valueRequired":true,"valueName":"search_term_string"}}],"inLanguage":"fr-FR"},{"@type":"Person","@id":"https:\/\/www.africa-press.net\/cameroun\/#\/schema\/person\/2b1cf3cd81a31e3cd26889ca66d677f1","name":"cfeditorfr"}]}},"_links":{"self":[{"href":"https:\/\/www.africa-press.net\/cameroun\/wp-json\/wp\/v2\/posts\/23651","targetHints":{"allow":["GET"]}}],"collection":[{"href":"https:\/\/www.africa-press.net\/cameroun\/wp-json\/wp\/v2\/posts"}],"about":[{"href":"https:\/\/www.africa-press.net\/cameroun\/wp-json\/wp\/v2\/types\/post"}],"author":[{"embeddable":true,"href":"https:\/\/www.africa-press.net\/cameroun\/wp-json\/wp\/v2\/users\/82"}],"replies":[{"embeddable":true,"href":"https:\/\/www.africa-press.net\/cameroun\/wp-json\/wp\/v2\/comments?post=23651"}],"version-history":[{"count":0,"href":"https:\/\/www.africa-press.net\/cameroun\/wp-json\/wp\/v2\/posts\/23651\/revisions"}],"wp:featuredmedia":[{"embeddable":true,"href":"https:\/\/www.africa-press.net\/cameroun\/wp-json\/wp\/v2\/media\/23650"}],"wp:attachment":[{"href":"https:\/\/www.africa-press.net\/cameroun\/wp-json\/wp\/v2\/media?parent=23651"}],"wp:term":[{"taxonomy":"category","embeddable":true,"href":"https:\/\/www.africa-press.net\/cameroun\/wp-json\/wp\/v2\/categories?post=23651"},{"taxonomy":"post_tag","embeddable":true,"href":"https:\/\/www.africa-press.net\/cameroun\/wp-json\/wp\/v2\/tags?post=23651"}],"curies":[{"name":"wp","href":"https:\/\/api.w.org\/{rel}","templated":true}]}}