{"id":23654,"date":"2022-07-16T14:35:01","date_gmt":"2022-07-16T14:35:01","guid":{"rendered":"https:\/\/www.africa-press.net\/cameroun\/politique\/explosion-du-marche-mokolo-long-nouveaux-droits-de-lhomme-accuse-le-prefet-du-mfoundi-emmanuel-djikdent-davoir-perverti-le-concept-de"},"modified":"2022-07-16T17:04:14","modified_gmt":"2022-07-16T17:04:14","slug":"explosion-du-marche-mokolo-long-nouveaux-droits-de-lhomme-accuse-le-prefet-du-mfoundi-emmanuel-djikdent-davoir-perverti-le-concept-de","status":"publish","type":"post","link":"https:\/\/www.africa-press.net\/cameroun\/toutes-les-actualites\/explosion-du-marche-mokolo-long-nouveaux-droits-de-lhomme-accuse-le-prefet-du-mfoundi-emmanuel-djikdent-davoir-perverti-le-concept-de","title":{"rendered":"Explosion du march\u00e9 Mokolo\u00a0: L\u2019ONG \u00ab\u00a0Nouveaux Droits de l\u2019Homme\u00a0\u00bb accuse le pr\u00e9fet du Mfoundi, Emmanuel Djikdent, d\u2019avoir perverti le concept de \u00ab\u00a0suspect\u00a0\u00bb"},"content":{"rendered":"<p><span style=\"color: #ff6600\"><strong>Africa-Press &#8211; Cameroun. <\/strong><\/span>L\u2019arr\u00eat\u00e9 pr\u00e9fectoral sign\u00e9 le mardi 12 juillet 2022 au lendemain des explosions \u00e0 la bombe artisanale du march\u00e9 de Mokolo \u00e0 Yaound\u00e9 continue de faire des vagues. Dans son document, le Pr\u00e9fet du Mfoundi, Emmanuel Mariel Djikdent, a prescrit les fouilles de tout colis ou sac jug\u00e9 suspect, principalement les emballages dit \u00ab plastiques noirs \u00bb, et a \u00e9galement indiqu\u00e9 que toute personne qui se r\u00e9jouit des difficult\u00e9s de l\u2019Etat ou souhaite voir l\u2019Etat en difficult\u00e9s, est consid\u00e9r\u00e9e comme \u00ab suspect \u00bb.<\/p>\n<p>Une d\u00e9claration diversement interpr\u00e9t\u00e9e au sein de l\u2019opinion, et qui a soulev\u00e9 un toll\u00e9 sur la toile. Plusieurs ex\u00e9g\u00e8tes du pr\u00e9fet ont alors per\u00e7u derri\u00e8re cette d\u00e9claration une volont\u00e9 \u00e0 peine voil\u00e9e de restreindre les libert\u00e9s publiques. Pour sa part, l\u2019ONG \u00ab Nouveaux Droits de l\u2019Homme \u00bb (NDH) a commis un communiqu\u00e9 dans la soir\u00e9e du jeudi 14 juillet 2022 pour d\u00e9noncer cet arr\u00eat\u00e9.<\/p>\n<p><b>\u00ab<\/b><\/p>\n<p>Il s\u2019agit ici d\u2019une perversion du concept de suspect \u00bb et une menace grave sur les libert\u00e9s fondamentales. C\u2019est une assimilation qui pr\u00eate \u00e0 \u00e9quivoque car contraire \u00e0 la loi et qui porte atteinte \u00e0 la libert\u00e9 d\u2019expression des citoyens Camerounais \u00bb, d\u00e9plore la directrice ex\u00e9cutive de cette organisation, Cyrille Rolande Bechon.<\/p>\n<p>Le pr\u00e9fet a donc galvaud\u00e9 le concept de \u00ab suspect \u00bb, qui selon le Code de proc\u00e9dure p\u00e9nale est d\u00e9fini comme \u00e9tant toute personne contre qui il existe des renseignements ou indices susceptibles d&rsquo;\u00e9tablir qu&rsquo;elle a pu commettre une infraction ou participer \u00e0 la commission de celle-ci. NDH arrive \u00e0 la conclusion qu\u2019 \u00ab il n\u2019existe donc aucun fondement l\u00e9gal \u00e0 cette mesure du Pr\u00e9fet du Mfoundi \u00bb, et l\u2019invite \u00e0 annuler son arr\u00eat\u00e9 du 12 juillet 2022.<\/p>\n<p><strong>Pour plus d&rsquo;informations et d&rsquo;analyses sur la <a href=\"https:\/\/www.africa-press.net\/cameroun\">Cameroun<\/a>, suivez <a href=\"https:\/\/www.africa-press.net\/\">Africa-Press<\/a><\/strong><\/p>\n","protected":false},"excerpt":{"rendered":"<p>Africa-Press &#8211; Cameroun. L\u2019arr\u00eat\u00e9 pr\u00e9fectoral sign\u00e9 le mardi 12 juillet 2022 au lendemain des explosions \u00e0 la bombe artisanale du march\u00e9 de Mokolo \u00e0 Yaound\u00e9 continue de faire des vagues. Dans son document, le Pr\u00e9fet du Mfoundi, Emmanuel Mariel Djikdent, a prescrit les fouilles de tout colis ou sac jug\u00e9 suspect, principalement les emballages dit [&hellip;]<\/p>\n","protected":false},"author":82,"featured_media":23653,"comment_status":"open","ping_status":"closed","sticky":false,"template":"","format":"standard","meta":{"footnotes":""},"categories":[21,11,10],"tags":[36,50,49],"class_list":["post-23654","post","type-post","status-publish","format-standard","has-post-thumbnail","hentry","category-communaute","category-homepage-french","category-toutes-les-actualites","tag-africa-press","tag-africa-press-cameroun","tag-cameroun"],"yoast_head":"<!-- This site is optimized with the Yoast SEO Premium plugin v26.1 (Yoast SEO v27.0) - https:\/\/yoast.com\/product\/yoast-seo-premium-wordpress\/ -->\n<title>Explosion du march\u00e9 Mokolo\u00a0: L\u2019ONG \u00ab\u00a0Nouveaux Droits de l\u2019Homme\u00a0\u00bb accuse le pr\u00e9fet du Mfoundi, Emmanuel Djikdent, d\u2019avoir perverti le concept de \u00ab\u00a0suspect\u00a0\u00bb - Cameroun<\/title>\n<meta name=\"description\" content=\"L\u2019arr\u00eat\u00e9 pr\u00e9fectoral sign\u00e9 le mardi 12 juillet 2022 au lendemain des explosions \u00e0 la bombe artisanale du march\u00e9 de Mokol ...\" \/>\n<meta name=\"robots\" content=\"index, follow, max-snippet:-1, max-image-preview:large, max-video-preview:-1\" \/>\n<link rel=\"canonical\" href=\"https:\/\/www.africa-press.net\/cameroun\/toutes-les-actualites\/explosion-du-marche-mokolo-long-nouveaux-droits-de-lhomme-accuse-le-prefet-du-mfoundi-emmanuel-djikdent-davoir-perverti-le-concept-de\" \/>\n<meta property=\"og:locale\" content=\"fr_FR\" \/>\n<meta property=\"og:type\" content=\"article\" \/>\n<meta property=\"og:title\" content=\"Explosion du march\u00e9 Mokolo\u00a0: L\u2019ONG \u00ab\u00a0Nouveaux Droits de l\u2019Homme\u00a0\u00bb accuse le pr\u00e9fet du Mfoundi, Emmanuel Djikdent, d\u2019avoir perverti le concept de \u00ab\u00a0suspect\u00a0\u00bb\" \/>\n<meta property=\"og:description\" content=\"L\u2019arr\u00eat\u00e9 pr\u00e9fectoral sign\u00e9 le mardi 12 juillet 2022 au lendemain des explosions \u00e0 la bombe artisanale du march\u00e9 de Mokol ...\" \/>\n<meta property=\"og:url\" content=\"https:\/\/www.africa-press.net\/cameroun\/toutes-les-actualites\/explosion-du-marche-mokolo-long-nouveaux-droits-de-lhomme-accuse-le-prefet-du-mfoundi-emmanuel-djikdent-davoir-perverti-le-concept-de\" \/>\n<meta property=\"og:site_name\" content=\"Cameroun\" \/>\n<meta property=\"article:published_time\" content=\"2022-07-16T14:35:01+00:00\" \/>\n<meta property=\"article:modified_time\" content=\"2022-07-16T17:04:14+00:00\" \/>\n<meta property=\"og:image\" content=\"https:\/\/static.africa-press.net\/cameroun\/sites\/57\/2022\/07\/img-62d2ef776bfde.jpg\" \/>\n\t<meta property=\"og:image:width\" content=\"800\" \/>\n\t<meta property=\"og:image:height\" content=\"450\" \/>\n\t<meta property=\"og:image:type\" content=\"image\/jpeg\" \/>\n<meta name=\"author\" content=\"cfeditorfr\" \/>\n<meta name=\"twitter:card\" content=\"summary_large_image\" \/>\n<meta name=\"twitter:label1\" content=\"\u00c9crit par\" \/>\n\t<meta name=\"twitter:data1\" content=\"cfeditorfr\" \/>\n\t<meta name=\"twitter:label2\" content=\"Dur\u00e9e de lecture estim\u00e9e\" \/>\n\t<meta name=\"twitter:data2\" content=\"2 minutes\" \/>\n<script type=\"application\/ld+json\" class=\"yoast-schema-graph\">{\"@context\":\"https:\/\/schema.org\",\"@graph\":[{\"@type\":\"Article\",\"@id\":\"https:\/\/www.africa-press.net\/cameroun\/toutes-les-actualites\/explosion-du-marche-mokolo-long-nouveaux-droits-de-lhomme-accuse-le-prefet-du-mfoundi-emmanuel-djikdent-davoir-perverti-le-concept-de#article\",\"isPartOf\":{\"@id\":\"https:\/\/www.africa-press.net\/cameroun\/toutes-les-actualites\/explosion-du-marche-mokolo-long-nouveaux-droits-de-lhomme-accuse-le-prefet-du-mfoundi-emmanuel-djikdent-davoir-perverti-le-concept-de\"},\"author\":{\"name\":\"cfeditorfr\",\"@id\":\"https:\/\/www.africa-press.net\/cameroun\/#\/schema\/person\/2b1cf3cd81a31e3cd26889ca66d677f1\"},\"headline\":\"Explosion du march\u00e9 Mokolo\u00a0: L\u2019ONG \u00ab\u00a0Nouveaux Droits de l\u2019Homme\u00a0\u00bb accuse le pr\u00e9fet du Mfoundi, Emmanuel Djikdent, d\u2019avoir perverti le concept de \u00ab\u00a0suspect\u00a0\u00bb\",\"datePublished\":\"2022-07-16T14:35:01+00:00\",\"dateModified\":\"2022-07-16T17:04:14+00:00\",\"mainEntityOfPage\":{\"@id\":\"https:\/\/www.africa-press.net\/cameroun\/toutes-les-actualites\/explosion-du-marche-mokolo-long-nouveaux-droits-de-lhomme-accuse-le-prefet-du-mfoundi-emmanuel-djikdent-davoir-perverti-le-concept-de\"},\"wordCount\":336,\"commentCount\":0,\"image\":{\"@id\":\"https:\/\/www.africa-press.net\/cameroun\/toutes-les-actualites\/explosion-du-marche-mokolo-long-nouveaux-droits-de-lhomme-accuse-le-prefet-du-mfoundi-emmanuel-djikdent-davoir-perverti-le-concept-de#primaryimage\"},\"thumbnailUrl\":\"https:\/\/static.africa-press.net\/cameroun\/sites\/57\/2022\/07\/img-62d2ef776bfde.jpg\",\"keywords\":[\"Africa Press\",\"Africa Press-Cameroun\",\"Cameroun\"],\"articleSection\":[\"Communaut\u00e9\",\"homepage-french\",\"Toutes les actualit\u00e9s\"],\"inLanguage\":\"fr-FR\",\"potentialAction\":[{\"@type\":\"CommentAction\",\"name\":\"Comment\",\"target\":[\"https:\/\/www.africa-press.net\/cameroun\/toutes-les-actualites\/explosion-du-marche-mokolo-long-nouveaux-droits-de-lhomme-accuse-le-prefet-du-mfoundi-emmanuel-djikdent-davoir-perverti-le-concept-de#respond\"]}]},{\"@type\":\"WebPage\",\"@id\":\"https:\/\/www.africa-press.net\/cameroun\/toutes-les-actualites\/explosion-du-marche-mokolo-long-nouveaux-droits-de-lhomme-accuse-le-prefet-du-mfoundi-emmanuel-djikdent-davoir-perverti-le-concept-de\",\"url\":\"https:\/\/www.africa-press.net\/cameroun\/toutes-les-actualites\/explosion-du-marche-mokolo-long-nouveaux-droits-de-lhomme-accuse-le-prefet-du-mfoundi-emmanuel-djikdent-davoir-perverti-le-concept-de\",\"name\":\"Explosion du march\u00e9 Mokolo\u00a0: L\u2019ONG \u00ab\u00a0Nouveaux Droits de l\u2019Homme\u00a0\u00bb accuse le pr\u00e9fet du Mfoundi, Emmanuel Djikdent, d\u2019avoir perverti le concept de \u00ab\u00a0suspect\u00a0\u00bb - Cameroun\",\"isPartOf\":{\"@id\":\"https:\/\/www.africa-press.net\/cameroun\/#website\"},\"primaryImageOfPage\":{\"@id\":\"https:\/\/www.africa-press.net\/cameroun\/toutes-les-actualites\/explosion-du-marche-mokolo-long-nouveaux-droits-de-lhomme-accuse-le-prefet-du-mfoundi-emmanuel-djikdent-davoir-perverti-le-concept-de#primaryimage\"},\"image\":{\"@id\":\"https:\/\/www.africa-press.net\/cameroun\/toutes-les-actualites\/explosion-du-marche-mokolo-long-nouveaux-droits-de-lhomme-accuse-le-prefet-du-mfoundi-emmanuel-djikdent-davoir-perverti-le-concept-de#primaryimage\"},\"thumbnailUrl\":\"https:\/\/static.africa-press.net\/cameroun\/sites\/57\/2022\/07\/img-62d2ef776bfde.jpg\",\"datePublished\":\"2022-07-16T14:35:01+00:00\",\"dateModified\":\"2022-07-16T17:04:14+00:00\",\"author\":{\"@id\":\"https:\/\/www.africa-press.net\/cameroun\/#\/schema\/person\/2b1cf3cd81a31e3cd26889ca66d677f1\"},\"description\":\"L\u2019arr\u00eat\u00e9 pr\u00e9fectoral sign\u00e9 le mardi 12 juillet 2022 au lendemain des explosions \u00e0 la bombe artisanale du march\u00e9 de Mokol ...\",\"breadcrumb\":{\"@id\":\"https:\/\/www.africa-press.net\/cameroun\/toutes-les-actualites\/explosion-du-marche-mokolo-long-nouveaux-droits-de-lhomme-accuse-le-prefet-du-mfoundi-emmanuel-djikdent-davoir-perverti-le-concept-de#breadcrumb\"},\"inLanguage\":\"fr-FR\",\"potentialAction\":[{\"@type\":\"ReadAction\",\"target\":[\"https:\/\/www.africa-press.net\/cameroun\/toutes-les-actualites\/explosion-du-marche-mokolo-long-nouveaux-droits-de-lhomme-accuse-le-prefet-du-mfoundi-emmanuel-djikdent-davoir-perverti-le-concept-de\"]}]},{\"@type\":\"ImageObject\",\"inLanguage\":\"fr-FR\",\"@id\":\"https:\/\/www.africa-press.net\/cameroun\/toutes-les-actualites\/explosion-du-marche-mokolo-long-nouveaux-droits-de-lhomme-accuse-le-prefet-du-mfoundi-emmanuel-djikdent-davoir-perverti-le-concept-de#primaryimage\",\"url\":\"https:\/\/static.africa-press.net\/cameroun\/sites\/57\/2022\/07\/img-62d2ef776bfde.jpg\",\"contentUrl\":\"https:\/\/static.africa-press.net\/cameroun\/sites\/57\/2022\/07\/img-62d2ef776bfde.jpg\",\"width\":800,\"height\":450,\"caption\":\"Explosion du march\u00e9 Mokolo\u00a0: L\u2019ONG \u00ab\u00a0Nouveaux Droits de l\u2019Homme\u00a0\u00bb accuse le pr\u00e9fet du Mfoundi, Emmanuel Djikdent, d\u2019avoir perverti le concept de \u00ab\u00a0suspect\u00a0\u00bb\"},{\"@type\":\"BreadcrumbList\",\"@id\":\"https:\/\/www.africa-press.net\/cameroun\/toutes-les-actualites\/explosion-du-marche-mokolo-long-nouveaux-droits-de-lhomme-accuse-le-prefet-du-mfoundi-emmanuel-djikdent-davoir-perverti-le-concept-de#breadcrumb\",\"itemListElement\":[{\"@type\":\"ListItem\",\"position\":1,\"name\":\"Accueil\",\"item\":\"https:\/\/www.africa-press.net\/cameroun\/\"},{\"@type\":\"ListItem\",\"position\":2,\"name\":\"Explosion du march\u00e9 Mokolo\u00a0: L\u2019ONG \u00ab\u00a0Nouveaux Droits de l\u2019Homme\u00a0\u00bb accuse le pr\u00e9fet du Mfoundi, Emmanuel Djikdent, d\u2019avoir perverti le concept de \u00ab\u00a0suspect\u00a0\u00bb\"}]},{\"@type\":\"WebSite\",\"@id\":\"https:\/\/www.africa-press.net\/cameroun\/#website\",\"url\":\"https:\/\/www.africa-press.net\/cameroun\/\",\"name\":\"Cameroun\",\"description\":\"Just another Africa News Agency Sites site\",\"potentialAction\":[{\"@type\":\"SearchAction\",\"target\":{\"@type\":\"EntryPoint\",\"urlTemplate\":\"https:\/\/www.africa-press.net\/cameroun\/?s={search_term_string}\"},\"query-input\":{\"@type\":\"PropertyValueSpecification\",\"valueRequired\":true,\"valueName\":\"search_term_string\"}}],\"inLanguage\":\"fr-FR\"},{\"@type\":\"Person\",\"@id\":\"https:\/\/www.africa-press.net\/cameroun\/#\/schema\/person\/2b1cf3cd81a31e3cd26889ca66d677f1\",\"name\":\"cfeditorfr\"}]}<\/script>\n<!-- \/ Yoast SEO Premium plugin. -->","yoast_head_json":{"title":"Explosion du march\u00e9 Mokolo\u00a0: L\u2019ONG \u00ab\u00a0Nouveaux Droits de l\u2019Homme\u00a0\u00bb accuse le pr\u00e9fet du Mfoundi, Emmanuel Djikdent, d\u2019avoir perverti le concept de \u00ab\u00a0suspect\u00a0\u00bb - Cameroun","description":"L\u2019arr\u00eat\u00e9 pr\u00e9fectoral sign\u00e9 le mardi 12 juillet 2022 au lendemain des explosions \u00e0 la bombe artisanale du march\u00e9 de Mokol ...","robots":{"index":"index","follow":"follow","max-snippet":"max-snippet:-1","max-image-preview":"max-image-preview:large","max-video-preview":"max-video-preview:-1"},"canonical":"https:\/\/www.africa-press.net\/cameroun\/toutes-les-actualites\/explosion-du-marche-mokolo-long-nouveaux-droits-de-lhomme-accuse-le-prefet-du-mfoundi-emmanuel-djikdent-davoir-perverti-le-concept-de","og_locale":"fr_FR","og_type":"article","og_title":"Explosion du march\u00e9 Mokolo\u00a0: L\u2019ONG \u00ab\u00a0Nouveaux Droits de l\u2019Homme\u00a0\u00bb accuse le pr\u00e9fet du Mfoundi, Emmanuel Djikdent, d\u2019avoir perverti le concept de \u00ab\u00a0suspect\u00a0\u00bb","og_description":"L\u2019arr\u00eat\u00e9 pr\u00e9fectoral sign\u00e9 le mardi 12 juillet 2022 au lendemain des explosions \u00e0 la bombe artisanale du march\u00e9 de Mokol ...","og_url":"https:\/\/www.africa-press.net\/cameroun\/toutes-les-actualites\/explosion-du-marche-mokolo-long-nouveaux-droits-de-lhomme-accuse-le-prefet-du-mfoundi-emmanuel-djikdent-davoir-perverti-le-concept-de","og_site_name":"Cameroun","article_published_time":"2022-07-16T14:35:01+00:00","article_modified_time":"2022-07-16T17:04:14+00:00","og_image":[{"width":800,"height":450,"url":"https:\/\/static.africa-press.net\/cameroun\/sites\/57\/2022\/07\/img-62d2ef776bfde.jpg","type":"image\/jpeg"}],"author":"cfeditorfr","twitter_card":"summary_large_image","twitter_misc":{"\u00c9crit par":"cfeditorfr","Dur\u00e9e de lecture estim\u00e9e":"2 minutes"},"schema":{"@context":"https:\/\/schema.org","@graph":[{"@type":"Article","@id":"https:\/\/www.africa-press.net\/cameroun\/toutes-les-actualites\/explosion-du-marche-mokolo-long-nouveaux-droits-de-lhomme-accuse-le-prefet-du-mfoundi-emmanuel-djikdent-davoir-perverti-le-concept-de#article","isPartOf":{"@id":"https:\/\/www.africa-press.net\/cameroun\/toutes-les-actualites\/explosion-du-marche-mokolo-long-nouveaux-droits-de-lhomme-accuse-le-prefet-du-mfoundi-emmanuel-djikdent-davoir-perverti-le-concept-de"},"author":{"name":"cfeditorfr","@id":"https:\/\/www.africa-press.net\/cameroun\/#\/schema\/person\/2b1cf3cd81a31e3cd26889ca66d677f1"},"headline":"Explosion du march\u00e9 Mokolo\u00a0: L\u2019ONG \u00ab\u00a0Nouveaux Droits de l\u2019Homme\u00a0\u00bb accuse le pr\u00e9fet du Mfoundi, Emmanuel Djikdent, d\u2019avoir perverti le concept de \u00ab\u00a0suspect\u00a0\u00bb","datePublished":"2022-07-16T14:35:01+00:00","dateModified":"2022-07-16T17:04:14+00:00","mainEntityOfPage":{"@id":"https:\/\/www.africa-press.net\/cameroun\/toutes-les-actualites\/explosion-du-marche-mokolo-long-nouveaux-droits-de-lhomme-accuse-le-prefet-du-mfoundi-emmanuel-djikdent-davoir-perverti-le-concept-de"},"wordCount":336,"commentCount":0,"image":{"@id":"https:\/\/www.africa-press.net\/cameroun\/toutes-les-actualites\/explosion-du-marche-mokolo-long-nouveaux-droits-de-lhomme-accuse-le-prefet-du-mfoundi-emmanuel-djikdent-davoir-perverti-le-concept-de#primaryimage"},"thumbnailUrl":"https:\/\/static.africa-press.net\/cameroun\/sites\/57\/2022\/07\/img-62d2ef776bfde.jpg","keywords":["Africa Press","Africa Press-Cameroun","Cameroun"],"articleSection":["Communaut\u00e9","homepage-french","Toutes les actualit\u00e9s"],"inLanguage":"fr-FR","potentialAction":[{"@type":"CommentAction","name":"Comment","target":["https:\/\/www.africa-press.net\/cameroun\/toutes-les-actualites\/explosion-du-marche-mokolo-long-nouveaux-droits-de-lhomme-accuse-le-prefet-du-mfoundi-emmanuel-djikdent-davoir-perverti-le-concept-de#respond"]}]},{"@type":"WebPage","@id":"https:\/\/www.africa-press.net\/cameroun\/toutes-les-actualites\/explosion-du-marche-mokolo-long-nouveaux-droits-de-lhomme-accuse-le-prefet-du-mfoundi-emmanuel-djikdent-davoir-perverti-le-concept-de","url":"https:\/\/www.africa-press.net\/cameroun\/toutes-les-actualites\/explosion-du-marche-mokolo-long-nouveaux-droits-de-lhomme-accuse-le-prefet-du-mfoundi-emmanuel-djikdent-davoir-perverti-le-concept-de","name":"Explosion du march\u00e9 Mokolo\u00a0: L\u2019ONG \u00ab\u00a0Nouveaux Droits de l\u2019Homme\u00a0\u00bb accuse le pr\u00e9fet du Mfoundi, Emmanuel Djikdent, d\u2019avoir perverti le concept de \u00ab\u00a0suspect\u00a0\u00bb - Cameroun","isPartOf":{"@id":"https:\/\/www.africa-press.net\/cameroun\/#website"},"primaryImageOfPage":{"@id":"https:\/\/www.africa-press.net\/cameroun\/toutes-les-actualites\/explosion-du-marche-mokolo-long-nouveaux-droits-de-lhomme-accuse-le-prefet-du-mfoundi-emmanuel-djikdent-davoir-perverti-le-concept-de#primaryimage"},"image":{"@id":"https:\/\/www.africa-press.net\/cameroun\/toutes-les-actualites\/explosion-du-marche-mokolo-long-nouveaux-droits-de-lhomme-accuse-le-prefet-du-mfoundi-emmanuel-djikdent-davoir-perverti-le-concept-de#primaryimage"},"thumbnailUrl":"https:\/\/static.africa-press.net\/cameroun\/sites\/57\/2022\/07\/img-62d2ef776bfde.jpg","datePublished":"2022-07-16T14:35:01+00:00","dateModified":"2022-07-16T17:04:14+00:00","author":{"@id":"https:\/\/www.africa-press.net\/cameroun\/#\/schema\/person\/2b1cf3cd81a31e3cd26889ca66d677f1"},"description":"L\u2019arr\u00eat\u00e9 pr\u00e9fectoral sign\u00e9 le mardi 12 juillet 2022 au lendemain des explosions \u00e0 la bombe artisanale du march\u00e9 de Mokol ...","breadcrumb":{"@id":"https:\/\/www.africa-press.net\/cameroun\/toutes-les-actualites\/explosion-du-marche-mokolo-long-nouveaux-droits-de-lhomme-accuse-le-prefet-du-mfoundi-emmanuel-djikdent-davoir-perverti-le-concept-de#breadcrumb"},"inLanguage":"fr-FR","potentialAction":[{"@type":"ReadAction","target":["https:\/\/www.africa-press.net\/cameroun\/toutes-les-actualites\/explosion-du-marche-mokolo-long-nouveaux-droits-de-lhomme-accuse-le-prefet-du-mfoundi-emmanuel-djikdent-davoir-perverti-le-concept-de"]}]},{"@type":"ImageObject","inLanguage":"fr-FR","@id":"https:\/\/www.africa-press.net\/cameroun\/toutes-les-actualites\/explosion-du-marche-mokolo-long-nouveaux-droits-de-lhomme-accuse-le-prefet-du-mfoundi-emmanuel-djikdent-davoir-perverti-le-concept-de#primaryimage","url":"https:\/\/static.africa-press.net\/cameroun\/sites\/57\/2022\/07\/img-62d2ef776bfde.jpg","contentUrl":"https:\/\/static.africa-press.net\/cameroun\/sites\/57\/2022\/07\/img-62d2ef776bfde.jpg","width":800,"height":450,"caption":"Explosion du march\u00e9 Mokolo\u00a0: L\u2019ONG \u00ab\u00a0Nouveaux Droits de l\u2019Homme\u00a0\u00bb accuse le pr\u00e9fet du Mfoundi, Emmanuel Djikdent, d\u2019avoir perverti le concept de \u00ab\u00a0suspect\u00a0\u00bb"},{"@type":"BreadcrumbList","@id":"https:\/\/www.africa-press.net\/cameroun\/toutes-les-actualites\/explosion-du-marche-mokolo-long-nouveaux-droits-de-lhomme-accuse-le-prefet-du-mfoundi-emmanuel-djikdent-davoir-perverti-le-concept-de#breadcrumb","itemListElement":[{"@type":"ListItem","position":1,"name":"Accueil","item":"https:\/\/www.africa-press.net\/cameroun\/"},{"@type":"ListItem","position":2,"name":"Explosion du march\u00e9 Mokolo\u00a0: L\u2019ONG \u00ab\u00a0Nouveaux Droits de l\u2019Homme\u00a0\u00bb accuse le pr\u00e9fet du Mfoundi, Emmanuel Djikdent, d\u2019avoir perverti le concept de \u00ab\u00a0suspect\u00a0\u00bb"}]},{"@type":"WebSite","@id":"https:\/\/www.africa-press.net\/cameroun\/#website","url":"https:\/\/www.africa-press.net\/cameroun\/","name":"Cameroun","description":"Just another Africa News Agency Sites site","potentialAction":[{"@type":"SearchAction","target":{"@type":"EntryPoint","urlTemplate":"https:\/\/www.africa-press.net\/cameroun\/?s={search_term_string}"},"query-input":{"@type":"PropertyValueSpecification","valueRequired":true,"valueName":"search_term_string"}}],"inLanguage":"fr-FR"},{"@type":"Person","@id":"https:\/\/www.africa-press.net\/cameroun\/#\/schema\/person\/2b1cf3cd81a31e3cd26889ca66d677f1","name":"cfeditorfr"}]}},"_links":{"self":[{"href":"https:\/\/www.africa-press.net\/cameroun\/wp-json\/wp\/v2\/posts\/23654","targetHints":{"allow":["GET"]}}],"collection":[{"href":"https:\/\/www.africa-press.net\/cameroun\/wp-json\/wp\/v2\/posts"}],"about":[{"href":"https:\/\/www.africa-press.net\/cameroun\/wp-json\/wp\/v2\/types\/post"}],"author":[{"embeddable":true,"href":"https:\/\/www.africa-press.net\/cameroun\/wp-json\/wp\/v2\/users\/82"}],"replies":[{"embeddable":true,"href":"https:\/\/www.africa-press.net\/cameroun\/wp-json\/wp\/v2\/comments?post=23654"}],"version-history":[{"count":0,"href":"https:\/\/www.africa-press.net\/cameroun\/wp-json\/wp\/v2\/posts\/23654\/revisions"}],"wp:featuredmedia":[{"embeddable":true,"href":"https:\/\/www.africa-press.net\/cameroun\/wp-json\/wp\/v2\/media\/23653"}],"wp:attachment":[{"href":"https:\/\/www.africa-press.net\/cameroun\/wp-json\/wp\/v2\/media?parent=23654"}],"wp:term":[{"taxonomy":"category","embeddable":true,"href":"https:\/\/www.africa-press.net\/cameroun\/wp-json\/wp\/v2\/categories?post=23654"},{"taxonomy":"post_tag","embeddable":true,"href":"https:\/\/www.africa-press.net\/cameroun\/wp-json\/wp\/v2\/tags?post=23654"}],"curies":[{"name":"wp","href":"https:\/\/api.w.org\/{rel}","templated":true}]}}