{"id":23660,"date":"2022-07-16T17:10:36","date_gmt":"2022-07-16T17:10:36","guid":{"rendered":"https:\/\/www.africa-press.net\/cameroun\/politique\/biya-pose-un-geste-tres-fort-avant-larrivee-de-macron-a-yaounde"},"modified":"2022-07-16T17:33:05","modified_gmt":"2022-07-16T17:33:05","slug":"biya-pose-un-geste-tres-fort-avant-larrivee-de-macron-a-yaounde","status":"publish","type":"post","link":"https:\/\/www.africa-press.net\/cameroun\/politique\/biya-pose-un-geste-tres-fort-avant-larrivee-de-macron-a-yaounde","title":{"rendered":"Biya pose un geste tr\u00e8s fort avant l&rsquo;arriv\u00e9e de Macron \u00e0 Yaound\u00e9"},"content":{"rendered":"<p><span style=\"color: #ff6600\"><strong>Africa-Press &#8211; Cameroun. <\/strong><\/span>Le pr\u00e9sident fran\u00e7ais Emmanuel Macron est annonc\u00e9 au Cameroun dans les prochains jours. La rumeur de sa tourn\u00e9e africaine n&rsquo;a pas encore \u00e9t\u00e9 confirm\u00e9e ni par les autorit\u00e9s locales ni par l&rsquo;Elys\u00e9e.<\/p>\n<p>En pr\u00e9lude \u00e0 son voyage vers Yaound\u00e9, Emmanuel Macron a pr\u00e9sid\u00e9 ce jeudi 14 juillet 2022, la c\u00e9r\u00e9monie de d\u00e9fil\u00e9 militaire marquant la comm\u00e9moration de la f\u00eate du 14 juillet.<\/p>\n<p>Le Cameroun de Paul Biya ne s&rsquo;est pas montr\u00e9 indiff\u00e9rent. En effet, lors du d\u00e9fil\u00e9 militaire, on a pu apercevoir des stagiaires camerounais qui ont pris part active au d\u00e9fil\u00e9 militaire \u00e0 Paris.<\/p>\n<p>L&rsquo;information a d&rsquo;ailleurs \u00e9t\u00e9 confirm\u00e9e par l&rsquo;ambassade du Cameroun en France.<\/p>\n<p>Il s&rsquo;agit des militaires stagiaires camerounais de toutes les grandes \u00e9coles. Il s&rsquo;agit entre autres de l\u2019\u00c9cole Sp\u00e9ciale Militaire de Saint-Cyr, de l\u2019\u00c9cole des Officiers de Gendarmerie de Melun, de l\u2019\u00c9cole navale de Brest, de l\u2019\u00c9cole de l\u2019air et de l\u2019espace de Salon de Provence et aussi de l\u2019\u00c9cole Militaire Interarmes de Coetquidan.<\/p>\n<p>Des hommes de la garde rapproch\u00e9e de Macron atterrissent \u00e0 l&rsquo;a\u00e9roport de Nsimalen<\/p>\n<p>Emmanuel Macron est annonc\u00e9 au Cameroun au cours de ce mois de juillet. A Yaound\u00e9, il rencontrera son homologue camerounais Paul Biya.<\/p>\n<p>De sources concordantes, le pr\u00e9sident fran\u00e7ais pourrait effectuer une visite officielle \u00e0 Yaound\u00e9 le 26 juillet prochain. Les choses se pr\u00e9cisent d&rsquo;ailleurs.<\/p>\n<p>Un avion fran\u00e7ais vient d&rsquo;atterrir \u00e0 l&rsquo;a\u00e9roport de Nsimalen. Il s&rsquo;agirait selon plusieurs sources, de la pr\u00e9sence des responsables de la s\u00e9curit\u00e9 du pr\u00e9sident fran\u00e7ais qui ont foul\u00e9 le tarmac de l&rsquo;a\u00e9roport de Nsimalen.<\/p>\n<p>\u00ab Rien n\u2019est encore officiellement confirm\u00e9 : sur place, des commissions techniques discutent encore des programmes. Mais si toutes les parties les valident, Emmanuel Macron se rendra, selon nos informations, en visite officielle au Cameroun, le 26 juillet, puis au B\u00e9nin, le 27 \u00bb, \u00e9crit Jeune Afrique.<\/p>\n<p>Plusieurs raisons motivent sans doute cette visite du pr\u00e9sident fran\u00e7ais au Cameroun. Les plus r\u00e9centes restent bien \u00e9videmment le rapprochement du Cameroun avec la Russie. En effet, il y a quelques mois de cela, Paul Biya a scell\u00e9 un important accord militaire avec Poutine. Cet accord n\u2019a pas vraiment enchant\u00e9 Paris qui dans la foul\u00e9e avait d\u00e9p\u00each\u00e9 des \u00e9missaires aupr\u00e8s de Yaound\u00e9. La France voit en la Russie comme une menace sur son pr\u00e9 carr\u00e9 africain.<\/p>\n<p>En plus de cette raison fondamentale, il faut noter la question de la succession de Paul Biya qui fait rage actuellement. Comme d\u2019habitude, Paris souhaiterait avoir son regard dans tout ce qui se trame afin de garder la main. La France a-t-elle d\u00e9j\u00e0 un pion ? Difficile \u00e0 d\u00e9finir pour le moment. la R\u00e9cente interpellation par Wilfried Ekanga \u00e0 Paris d\u2019Emmanuel Macron n\u2019est pas non plus \u00e0 ignorer<\/p>\n<p>Rappelons qu&rsquo;au lendemain de sa visite \u00e0 Yaound\u00e9, Emmanuel Macron se rendra \u00e0 Cotonou. Deux destinations qu\u2019il n\u2019avait pas privil\u00e9gi\u00e9es lors de son premier mandat.<\/p>\n<p><strong>Pour plus d&rsquo;informations et d&rsquo;analyses sur la <a href=\"https:\/\/www.africa-press.net\/cameroun\">Cameroun<\/a>, suivez <a href=\"https:\/\/www.africa-press.net\/\">Africa-Press<\/a><\/strong><\/p>\n","protected":false},"excerpt":{"rendered":"<p>Africa-Press &#8211; Cameroun. Le pr\u00e9sident fran\u00e7ais Emmanuel Macron est annonc\u00e9 au Cameroun dans les prochains jours. La rumeur de sa tourn\u00e9e africaine n&rsquo;a pas encore \u00e9t\u00e9 confirm\u00e9e ni par les autorit\u00e9s locales ni par l&rsquo;Elys\u00e9e. En pr\u00e9lude \u00e0 son voyage vers Yaound\u00e9, Emmanuel Macron a pr\u00e9sid\u00e9 ce jeudi 14 juillet 2022, la c\u00e9r\u00e9monie de d\u00e9fil\u00e9 [&hellip;]<\/p>\n","protected":false},"author":82,"featured_media":23659,"comment_status":"open","ping_status":"closed","sticky":false,"template":"","format":"standard","meta":{"footnotes":""},"categories":[11,2,20,10],"tags":[36,50,49],"class_list":["post-23660","post","type-post","status-publish","format-standard","has-post-thumbnail","hentry","category-homepage-french","category-politique","category-top-nouvelles","category-toutes-les-actualites","tag-africa-press","tag-africa-press-cameroun","tag-cameroun"],"yoast_head":"<!-- This site is optimized with the Yoast SEO Premium plugin v26.1 (Yoast SEO v27.0) - https:\/\/yoast.com\/product\/yoast-seo-premium-wordpress\/ -->\n<title>Biya pose un geste tr\u00e8s fort avant l&#039;arriv\u00e9e de Macron \u00e0 Yaound\u00e9 - Cameroun<\/title>\n<meta name=\"description\" content=\"Le pr\u00e9sident fran\u00e7ais Emmanuel Macron est annonc\u00e9 au Cameroun dans les prochains jours. La rumeur de sa tourn\u00e9e africain ...\" \/>\n<meta name=\"robots\" content=\"index, follow, max-snippet:-1, max-image-preview:large, max-video-preview:-1\" \/>\n<link rel=\"canonical\" href=\"https:\/\/www.africa-press.net\/cameroun\/politique\/biya-pose-un-geste-tres-fort-avant-larrivee-de-macron-a-yaounde\" \/>\n<meta property=\"og:locale\" content=\"fr_FR\" \/>\n<meta property=\"og:type\" content=\"article\" \/>\n<meta property=\"og:title\" content=\"Biya pose un geste tr\u00e8s fort avant l&#039;arriv\u00e9e de Macron \u00e0 Yaound\u00e9\" \/>\n<meta property=\"og:description\" content=\"Le pr\u00e9sident fran\u00e7ais Emmanuel Macron est annonc\u00e9 au Cameroun dans les prochains jours. La rumeur de sa tourn\u00e9e africain ...\" \/>\n<meta property=\"og:url\" content=\"https:\/\/www.africa-press.net\/cameroun\/politique\/biya-pose-un-geste-tres-fort-avant-larrivee-de-macron-a-yaounde\" \/>\n<meta property=\"og:site_name\" content=\"Cameroun\" \/>\n<meta property=\"article:published_time\" content=\"2022-07-16T17:10:36+00:00\" \/>\n<meta property=\"article:modified_time\" content=\"2022-07-16T17:33:05+00:00\" \/>\n<meta property=\"og:image\" content=\"https:\/\/static.africa-press.net\/cameroun\/sites\/57\/2022\/07\/postQueueImg_2-62d2f63c75844.jpg\" \/>\n\t<meta property=\"og:image:width\" content=\"600\" \/>\n\t<meta property=\"og:image:height\" content=\"400\" \/>\n\t<meta property=\"og:image:type\" content=\"image\/jpeg\" \/>\n<meta name=\"author\" content=\"cfeditorfr\" \/>\n<meta name=\"twitter:card\" content=\"summary_large_image\" \/>\n<meta name=\"twitter:label1\" content=\"\u00c9crit par\" \/>\n\t<meta name=\"twitter:data1\" content=\"cfeditorfr\" \/>\n\t<meta name=\"twitter:label2\" content=\"Dur\u00e9e de lecture estim\u00e9e\" \/>\n\t<meta name=\"twitter:data2\" content=\"3 minutes\" \/>\n<script type=\"application\/ld+json\" class=\"yoast-schema-graph\">{\"@context\":\"https:\/\/schema.org\",\"@graph\":[{\"@type\":\"Article\",\"@id\":\"https:\/\/www.africa-press.net\/cameroun\/politique\/biya-pose-un-geste-tres-fort-avant-larrivee-de-macron-a-yaounde#article\",\"isPartOf\":{\"@id\":\"https:\/\/www.africa-press.net\/cameroun\/politique\/biya-pose-un-geste-tres-fort-avant-larrivee-de-macron-a-yaounde\"},\"author\":{\"name\":\"cfeditorfr\",\"@id\":\"https:\/\/www.africa-press.net\/cameroun\/#\/schema\/person\/2b1cf3cd81a31e3cd26889ca66d677f1\"},\"headline\":\"Biya pose un geste tr\u00e8s fort avant l&rsquo;arriv\u00e9e de Macron \u00e0 Yaound\u00e9\",\"datePublished\":\"2022-07-16T17:10:36+00:00\",\"dateModified\":\"2022-07-16T17:33:05+00:00\",\"mainEntityOfPage\":{\"@id\":\"https:\/\/www.africa-press.net\/cameroun\/politique\/biya-pose-un-geste-tres-fort-avant-larrivee-de-macron-a-yaounde\"},\"wordCount\":547,\"commentCount\":0,\"image\":{\"@id\":\"https:\/\/www.africa-press.net\/cameroun\/politique\/biya-pose-un-geste-tres-fort-avant-larrivee-de-macron-a-yaounde#primaryimage\"},\"thumbnailUrl\":\"https:\/\/static.africa-press.net\/cameroun\/sites\/57\/2022\/07\/postQueueImg_2-62d2f63c75844.jpg\",\"keywords\":[\"Africa Press\",\"Africa Press-Cameroun\",\"Cameroun\"],\"articleSection\":[\"homepage-french\",\"Politique\",\"Top Nouvelles\",\"Toutes les actualit\u00e9s\"],\"inLanguage\":\"fr-FR\",\"potentialAction\":[{\"@type\":\"CommentAction\",\"name\":\"Comment\",\"target\":[\"https:\/\/www.africa-press.net\/cameroun\/politique\/biya-pose-un-geste-tres-fort-avant-larrivee-de-macron-a-yaounde#respond\"]}]},{\"@type\":\"WebPage\",\"@id\":\"https:\/\/www.africa-press.net\/cameroun\/politique\/biya-pose-un-geste-tres-fort-avant-larrivee-de-macron-a-yaounde\",\"url\":\"https:\/\/www.africa-press.net\/cameroun\/politique\/biya-pose-un-geste-tres-fort-avant-larrivee-de-macron-a-yaounde\",\"name\":\"Biya pose un geste tr\u00e8s fort avant l'arriv\u00e9e de Macron \u00e0 Yaound\u00e9 - Cameroun\",\"isPartOf\":{\"@id\":\"https:\/\/www.africa-press.net\/cameroun\/#website\"},\"primaryImageOfPage\":{\"@id\":\"https:\/\/www.africa-press.net\/cameroun\/politique\/biya-pose-un-geste-tres-fort-avant-larrivee-de-macron-a-yaounde#primaryimage\"},\"image\":{\"@id\":\"https:\/\/www.africa-press.net\/cameroun\/politique\/biya-pose-un-geste-tres-fort-avant-larrivee-de-macron-a-yaounde#primaryimage\"},\"thumbnailUrl\":\"https:\/\/static.africa-press.net\/cameroun\/sites\/57\/2022\/07\/postQueueImg_2-62d2f63c75844.jpg\",\"datePublished\":\"2022-07-16T17:10:36+00:00\",\"dateModified\":\"2022-07-16T17:33:05+00:00\",\"author\":{\"@id\":\"https:\/\/www.africa-press.net\/cameroun\/#\/schema\/person\/2b1cf3cd81a31e3cd26889ca66d677f1\"},\"description\":\"Le pr\u00e9sident fran\u00e7ais Emmanuel Macron est annonc\u00e9 au Cameroun dans les prochains jours. La rumeur de sa tourn\u00e9e africain ...\",\"breadcrumb\":{\"@id\":\"https:\/\/www.africa-press.net\/cameroun\/politique\/biya-pose-un-geste-tres-fort-avant-larrivee-de-macron-a-yaounde#breadcrumb\"},\"inLanguage\":\"fr-FR\",\"potentialAction\":[{\"@type\":\"ReadAction\",\"target\":[\"https:\/\/www.africa-press.net\/cameroun\/politique\/biya-pose-un-geste-tres-fort-avant-larrivee-de-macron-a-yaounde\"]}]},{\"@type\":\"ImageObject\",\"inLanguage\":\"fr-FR\",\"@id\":\"https:\/\/www.africa-press.net\/cameroun\/politique\/biya-pose-un-geste-tres-fort-avant-larrivee-de-macron-a-yaounde#primaryimage\",\"url\":\"https:\/\/static.africa-press.net\/cameroun\/sites\/57\/2022\/07\/postQueueImg_2-62d2f63c75844.jpg\",\"contentUrl\":\"https:\/\/static.africa-press.net\/cameroun\/sites\/57\/2022\/07\/postQueueImg_2-62d2f63c75844.jpg\",\"width\":600,\"height\":400,\"caption\":\"Biya pose un geste tr\u00e8s fort avant l'arriv\u00e9e de Macron \u00e0 Yaound\u00e9\"},{\"@type\":\"BreadcrumbList\",\"@id\":\"https:\/\/www.africa-press.net\/cameroun\/politique\/biya-pose-un-geste-tres-fort-avant-larrivee-de-macron-a-yaounde#breadcrumb\",\"itemListElement\":[{\"@type\":\"ListItem\",\"position\":1,\"name\":\"Accueil\",\"item\":\"https:\/\/www.africa-press.net\/cameroun\/\"},{\"@type\":\"ListItem\",\"position\":2,\"name\":\"Biya pose un geste tr\u00e8s fort avant l&#8217;arriv\u00e9e de Macron \u00e0 Yaound\u00e9\"}]},{\"@type\":\"WebSite\",\"@id\":\"https:\/\/www.africa-press.net\/cameroun\/#website\",\"url\":\"https:\/\/www.africa-press.net\/cameroun\/\",\"name\":\"Cameroun\",\"description\":\"Just another Africa News Agency Sites site\",\"potentialAction\":[{\"@type\":\"SearchAction\",\"target\":{\"@type\":\"EntryPoint\",\"urlTemplate\":\"https:\/\/www.africa-press.net\/cameroun\/?s={search_term_string}\"},\"query-input\":{\"@type\":\"PropertyValueSpecification\",\"valueRequired\":true,\"valueName\":\"search_term_string\"}}],\"inLanguage\":\"fr-FR\"},{\"@type\":\"Person\",\"@id\":\"https:\/\/www.africa-press.net\/cameroun\/#\/schema\/person\/2b1cf3cd81a31e3cd26889ca66d677f1\",\"name\":\"cfeditorfr\"}]}<\/script>\n<!-- \/ Yoast SEO Premium plugin. -->","yoast_head_json":{"title":"Biya pose un geste tr\u00e8s fort avant l'arriv\u00e9e de Macron \u00e0 Yaound\u00e9 - Cameroun","description":"Le pr\u00e9sident fran\u00e7ais Emmanuel Macron est annonc\u00e9 au Cameroun dans les prochains jours. La rumeur de sa tourn\u00e9e africain ...","robots":{"index":"index","follow":"follow","max-snippet":"max-snippet:-1","max-image-preview":"max-image-preview:large","max-video-preview":"max-video-preview:-1"},"canonical":"https:\/\/www.africa-press.net\/cameroun\/politique\/biya-pose-un-geste-tres-fort-avant-larrivee-de-macron-a-yaounde","og_locale":"fr_FR","og_type":"article","og_title":"Biya pose un geste tr\u00e8s fort avant l'arriv\u00e9e de Macron \u00e0 Yaound\u00e9","og_description":"Le pr\u00e9sident fran\u00e7ais Emmanuel Macron est annonc\u00e9 au Cameroun dans les prochains jours. La rumeur de sa tourn\u00e9e africain ...","og_url":"https:\/\/www.africa-press.net\/cameroun\/politique\/biya-pose-un-geste-tres-fort-avant-larrivee-de-macron-a-yaounde","og_site_name":"Cameroun","article_published_time":"2022-07-16T17:10:36+00:00","article_modified_time":"2022-07-16T17:33:05+00:00","og_image":[{"width":600,"height":400,"url":"https:\/\/static.africa-press.net\/cameroun\/sites\/57\/2022\/07\/postQueueImg_2-62d2f63c75844.jpg","type":"image\/jpeg"}],"author":"cfeditorfr","twitter_card":"summary_large_image","twitter_misc":{"\u00c9crit par":"cfeditorfr","Dur\u00e9e de lecture estim\u00e9e":"3 minutes"},"schema":{"@context":"https:\/\/schema.org","@graph":[{"@type":"Article","@id":"https:\/\/www.africa-press.net\/cameroun\/politique\/biya-pose-un-geste-tres-fort-avant-larrivee-de-macron-a-yaounde#article","isPartOf":{"@id":"https:\/\/www.africa-press.net\/cameroun\/politique\/biya-pose-un-geste-tres-fort-avant-larrivee-de-macron-a-yaounde"},"author":{"name":"cfeditorfr","@id":"https:\/\/www.africa-press.net\/cameroun\/#\/schema\/person\/2b1cf3cd81a31e3cd26889ca66d677f1"},"headline":"Biya pose un geste tr\u00e8s fort avant l&rsquo;arriv\u00e9e de Macron \u00e0 Yaound\u00e9","datePublished":"2022-07-16T17:10:36+00:00","dateModified":"2022-07-16T17:33:05+00:00","mainEntityOfPage":{"@id":"https:\/\/www.africa-press.net\/cameroun\/politique\/biya-pose-un-geste-tres-fort-avant-larrivee-de-macron-a-yaounde"},"wordCount":547,"commentCount":0,"image":{"@id":"https:\/\/www.africa-press.net\/cameroun\/politique\/biya-pose-un-geste-tres-fort-avant-larrivee-de-macron-a-yaounde#primaryimage"},"thumbnailUrl":"https:\/\/static.africa-press.net\/cameroun\/sites\/57\/2022\/07\/postQueueImg_2-62d2f63c75844.jpg","keywords":["Africa Press","Africa Press-Cameroun","Cameroun"],"articleSection":["homepage-french","Politique","Top Nouvelles","Toutes les actualit\u00e9s"],"inLanguage":"fr-FR","potentialAction":[{"@type":"CommentAction","name":"Comment","target":["https:\/\/www.africa-press.net\/cameroun\/politique\/biya-pose-un-geste-tres-fort-avant-larrivee-de-macron-a-yaounde#respond"]}]},{"@type":"WebPage","@id":"https:\/\/www.africa-press.net\/cameroun\/politique\/biya-pose-un-geste-tres-fort-avant-larrivee-de-macron-a-yaounde","url":"https:\/\/www.africa-press.net\/cameroun\/politique\/biya-pose-un-geste-tres-fort-avant-larrivee-de-macron-a-yaounde","name":"Biya pose un geste tr\u00e8s fort avant l'arriv\u00e9e de Macron \u00e0 Yaound\u00e9 - Cameroun","isPartOf":{"@id":"https:\/\/www.africa-press.net\/cameroun\/#website"},"primaryImageOfPage":{"@id":"https:\/\/www.africa-press.net\/cameroun\/politique\/biya-pose-un-geste-tres-fort-avant-larrivee-de-macron-a-yaounde#primaryimage"},"image":{"@id":"https:\/\/www.africa-press.net\/cameroun\/politique\/biya-pose-un-geste-tres-fort-avant-larrivee-de-macron-a-yaounde#primaryimage"},"thumbnailUrl":"https:\/\/static.africa-press.net\/cameroun\/sites\/57\/2022\/07\/postQueueImg_2-62d2f63c75844.jpg","datePublished":"2022-07-16T17:10:36+00:00","dateModified":"2022-07-16T17:33:05+00:00","author":{"@id":"https:\/\/www.africa-press.net\/cameroun\/#\/schema\/person\/2b1cf3cd81a31e3cd26889ca66d677f1"},"description":"Le pr\u00e9sident fran\u00e7ais Emmanuel Macron est annonc\u00e9 au Cameroun dans les prochains jours. La rumeur de sa tourn\u00e9e africain ...","breadcrumb":{"@id":"https:\/\/www.africa-press.net\/cameroun\/politique\/biya-pose-un-geste-tres-fort-avant-larrivee-de-macron-a-yaounde#breadcrumb"},"inLanguage":"fr-FR","potentialAction":[{"@type":"ReadAction","target":["https:\/\/www.africa-press.net\/cameroun\/politique\/biya-pose-un-geste-tres-fort-avant-larrivee-de-macron-a-yaounde"]}]},{"@type":"ImageObject","inLanguage":"fr-FR","@id":"https:\/\/www.africa-press.net\/cameroun\/politique\/biya-pose-un-geste-tres-fort-avant-larrivee-de-macron-a-yaounde#primaryimage","url":"https:\/\/static.africa-press.net\/cameroun\/sites\/57\/2022\/07\/postQueueImg_2-62d2f63c75844.jpg","contentUrl":"https:\/\/static.africa-press.net\/cameroun\/sites\/57\/2022\/07\/postQueueImg_2-62d2f63c75844.jpg","width":600,"height":400,"caption":"Biya pose un geste tr\u00e8s fort avant l'arriv\u00e9e de Macron \u00e0 Yaound\u00e9"},{"@type":"BreadcrumbList","@id":"https:\/\/www.africa-press.net\/cameroun\/politique\/biya-pose-un-geste-tres-fort-avant-larrivee-de-macron-a-yaounde#breadcrumb","itemListElement":[{"@type":"ListItem","position":1,"name":"Accueil","item":"https:\/\/www.africa-press.net\/cameroun\/"},{"@type":"ListItem","position":2,"name":"Biya pose un geste tr\u00e8s fort avant l&#8217;arriv\u00e9e de Macron \u00e0 Yaound\u00e9"}]},{"@type":"WebSite","@id":"https:\/\/www.africa-press.net\/cameroun\/#website","url":"https:\/\/www.africa-press.net\/cameroun\/","name":"Cameroun","description":"Just another Africa News Agency Sites site","potentialAction":[{"@type":"SearchAction","target":{"@type":"EntryPoint","urlTemplate":"https:\/\/www.africa-press.net\/cameroun\/?s={search_term_string}"},"query-input":{"@type":"PropertyValueSpecification","valueRequired":true,"valueName":"search_term_string"}}],"inLanguage":"fr-FR"},{"@type":"Person","@id":"https:\/\/www.africa-press.net\/cameroun\/#\/schema\/person\/2b1cf3cd81a31e3cd26889ca66d677f1","name":"cfeditorfr"}]}},"_links":{"self":[{"href":"https:\/\/www.africa-press.net\/cameroun\/wp-json\/wp\/v2\/posts\/23660","targetHints":{"allow":["GET"]}}],"collection":[{"href":"https:\/\/www.africa-press.net\/cameroun\/wp-json\/wp\/v2\/posts"}],"about":[{"href":"https:\/\/www.africa-press.net\/cameroun\/wp-json\/wp\/v2\/types\/post"}],"author":[{"embeddable":true,"href":"https:\/\/www.africa-press.net\/cameroun\/wp-json\/wp\/v2\/users\/82"}],"replies":[{"embeddable":true,"href":"https:\/\/www.africa-press.net\/cameroun\/wp-json\/wp\/v2\/comments?post=23660"}],"version-history":[{"count":0,"href":"https:\/\/www.africa-press.net\/cameroun\/wp-json\/wp\/v2\/posts\/23660\/revisions"}],"wp:featuredmedia":[{"embeddable":true,"href":"https:\/\/www.africa-press.net\/cameroun\/wp-json\/wp\/v2\/media\/23659"}],"wp:attachment":[{"href":"https:\/\/www.africa-press.net\/cameroun\/wp-json\/wp\/v2\/media?parent=23660"}],"wp:term":[{"taxonomy":"category","embeddable":true,"href":"https:\/\/www.africa-press.net\/cameroun\/wp-json\/wp\/v2\/categories?post=23660"},{"taxonomy":"post_tag","embeddable":true,"href":"https:\/\/www.africa-press.net\/cameroun\/wp-json\/wp\/v2\/tags?post=23660"}],"curies":[{"name":"wp","href":"https:\/\/api.w.org\/{rel}","templated":true}]}}