{"id":2367,"date":"2021-04-23T21:57:06","date_gmt":"2021-04-23T21:57:06","guid":{"rendered":"https:\/\/www.africa-press.net\/cameroun\/?p=2367"},"modified":"2021-04-23T21:54:16","modified_gmt":"2021-04-23T21:54:16","slug":"droits-de-lhomme-au-cameroun-la-societe-civile-du-president","status":"publish","type":"post","link":"https:\/\/www.africa-press.net\/cameroun\/dossiers\/droits-de-lhomme-au-cameroun-la-societe-civile-du-president","title":{"rendered":"Droits de l\u2019Homme au Cameroun :la &lsquo;soci\u00e9t\u00e9 civile&rsquo; du Pr\u00e9sident"},"content":{"rendered":"<p><span style=\"color: #ff6600\"><strong><a href=\"https:\/\/www.africa-press.net\/\">Africa-Press<\/a> &#8211; <a href=\"https:\/\/www.africa-press.net\/cameroun\">Cameroun<\/a>. <\/strong><\/span>Dans son dernier rapport sur la situation des droits de l\u2019homme au Cameroun, l\u2019ONGI Human Rights Watch souligne la restriction des libert\u00e9s d\u2019expression et d\u2019association et \u00ab une intol\u00e9rance croissante \u00bb face \u00e0 certains partis politiques de l\u2019opposition. Pourtant, sur place, des ONG pr\u00e9tendument engag\u00e9es dans la protection des droits humains sont silencieuses.<\/p>\n<p>400. C\u2019est le nombre approximatif des ONG et associations de d\u00e9fense des droits de l\u2019Homme install\u00e9es au Cameroun. Seules quelques-unes contr\u00f4lent l\u2019action du gouvernement sous le prisme des droits humains et en rendent r\u00e9guli\u00e8rement compte.<\/p>\n<p>Le R\u00e9seau Camerounais des Organisations des Droits de l\u2019Homme, l\u2019ONG Nouveaux Droits de l\u2019Homme et la Commission nationale des droits de l\u2019homme et des libert\u00e9s font partie de ces organisations qui sont rest\u00e9es peu bavardes sur la situation des droits de l\u2019Homme au Cameroun.<\/p>\n<p>Des ONG amorphes<br \/>\nLe r\u00e9seau camerounais des organisations des droits de l\u2019homme est constitu\u00e9 d\u2019associations et de collectifs d\u2019associations dont l\u2019objectif est la promotion et la protection des droits de l\u2019homme et de la gouvernance. Il rend compte de ses activit\u00e9s \u00e0 travers des communiqu\u00e9s, d\u00e9clarations et rapports publi\u00e9s sur son site internet.<\/p>\n<p>Sauf que ceux-ci n\u2019ont jamais port\u00e9 ni sur les exactions commises dans des zones de conflits, ni sur les privations des libert\u00e9s d\u2019opposants.<\/p>\n<p>La seule d\u00e9claration accessible sur les plateformes num\u00e9riques de l\u2019Organisation est intitul\u00e9e \u00ab D\u00e9claration de RECOHD sur la disparition de Samuel Abuwe Ajiekia dit Wazizi \u00bb. On peut y d\u00e9couvrir que \u00ab Le RECODH recommande la mise en place d\u2019une Commission d\u2019enqu\u00eate ind\u00e9pendante qui r\u00e9tablira la v\u00e9rit\u00e9 sur les circonstances du d\u00e9c\u00e8s de Samuel Wazizi, l\u2019amendement de la Loi antiterroriste afin de garantir la s\u00e9curit\u00e9 des journalistes, des d\u00e9fenseurs des droits de l\u2019homme et de tout pr\u00e9venu accus\u00e9 d\u2019acte terroriste\u00bb.<\/p>\n<p>Pour Joseph D\u00e9sir\u00e9 ZEBAZE, coordonnateur national du RECOHD, il faut \u00ab une collaboration entre les OSC, les populations et les pouvoirs publics pour renforcer la culture des droits de l\u2019homme au Cameroun. \u00bb<\/p>\n<p>On peut alors imaginer que le R\u00e9seau Camerounais des Organisations des Droits de l\u2019Homme forme \u00e0 la culture des droits de l\u2019homme plus qu\u2019il ne d\u00e9nonce les violations de ces droits.<\/p>\n<p>C\u2019est peut-\u00eatre pour cette raison qu\u2019il n\u2019y a rien \u00e0 se mettre sous la dent dans les sections \u00ab Rapports d\u2019activit\u00e9s \u00bb et \u00ab Rapports sur l\u2019\u00e9tat des droits de l\u2019homme \u00bb sur le site internet du RECODH. Le massacre de Ngarbuh, la d\u00e9tention arbitraire de plusieurs centaines de membres d\u2019un parti politique de l\u2019opposition entre autres ne semblent pas entrer dans le champ d\u2019actions de l\u2019organisation que dirige Joseph D\u00e9sir\u00e9 ZEBAZE.<\/p>\n<p>Des contradictions qui intriguent<br \/>\nPlac\u00e9e sous la direction ex\u00e9cutive de Cyrille Rolande Bechon, Nouveaux Droits de l\u2019Homme est une Organisation Non Gouvernementale qui se pr\u00e9sente comme charg\u00e9e \u00ab de promouvoir, de d\u00e9fendre et d\u2019\u00e9tendre les droits de l\u2019homme partout o\u00f9 ils sont bafou\u00e9s.\u00bb<\/p>\n<p>Globalement, Nouveau Droits de l\u2019Homme poursuit ces objectifs de promotion et de d\u00e9fense des droits de l\u2019Homme. Dans son dernier rapport dont le titre est \u00ab Les populations civiles prises pour cible dans la crise anglophone \u00bb, l\u2019ONG pr\u00e9sente, \u00e0 grand renfort de photographies, les violences que subissent les populations install\u00e9es sur le th\u00e9\u00e2tre de la crise anglophone.<\/p>\n<p>On y recense 13 disparitions, arrestations et incarc\u00e9rations perp\u00e9tr\u00e9es dans le cadre du conflit qui oppose groupes terroristes et forces arm\u00e9es dans les r\u00e9gions du Nord-Ouest et du Sud-Ouest.<\/p>\n<p>Dans une d\u00e9claration du 26 janvier 2019, NDH-Cameroun condamnait l\u2019arrestation et la d\u00e9tention de plusieurs militants du MRC.<\/p>\n<p>\u00ab NDH-Cameroun condamne et d\u00e9nonce avec la plus grande fermet\u00e9 les violations r\u00e9currentes des droits humains dont entre autres l\u2019usage excessif de la force par les forces de l\u2019ordre camerounaises ; les arrestations et d\u00e9tention arbitraires et abusives ; les atteintes \u00e0 l\u2019int\u00e9grit\u00e9 physique de nombreux manifestants par les blessures par balle orchestr\u00e9 par l\u2019arm\u00e9e ; tortures et traitement inhumains sur les personnes en garde \u00e0 vue. \u00bb, lit-on dans la d\u00e9claration.<\/p>\n<p>Pourtant, le 20 septembre 2020, Cyrille Rolande Bechon tenait un discours visiblement aux antipodes de cette d\u00e9claration, sur le plateau de l\u2019\u00e9mission \u00ab Droit de r\u00e9ponse \u00bb.<\/p>\n<p>Au sujet des manifestations projet\u00e9es par le MRC contre les \u00e9lections r\u00e9gionales qui se sont d\u00e9roul\u00e9s en d\u00e9cembre, la Pr\u00e9sidente ex\u00e9cutive de Nouveaux Droits de l\u2019Homme a d\u00e9clar\u00e9 que \u00ab l\u2019\u00c9tat a l\u2019obligation d\u2019assurer le maintien de l\u2019ordre, et l\u2019\u00c9tat aussi a l\u2019obligation, bien entendu, de reconnaitre les libert\u00e9s de manifestation, mais il y a des dispositions d\u2019exception qui pr\u00e9voient que si l\u2019\u00c9tat a des raisons de croire que la manifestation que vous projetez peut nuire, n\u2019est-ce pas, \u00e0 l\u2019ordre public ou alors peut attenter \u00e0 la libert\u00e9 des autres le pouvoir, le R\u00e9gime, l\u2019autorit\u00e9 administrative est dans son r\u00f4le \u00bb.<\/p>\n<p>Cette sortie qui s\u2019inscrivait en droite ligne du discours du gouvernement a sonn\u00e9 comme une tentative de l\u00e9gitimer l\u2019oppression et de b\u00e2illonnement de l\u2019opposition.<\/p>\n<p>NDH a en outre particip\u00e9, \u00e0 un atelier \u00e0 l\u2019effet de pr\u00e9parer la candidature du Cameroun pour son entr\u00e9e au Partenariat pour un Gouvernement Ouvert.<\/p>\n<p>Cette d\u00e9marche qui visait \u00e0 questionner la probl\u00e9matique d\u2019acc\u00e8s \u00e0 l\u2019information, de la transparence budg\u00e9taire et fiscale, de la d\u00e9claration des biens et de la participation citoyenne a intrigu\u00e9 plus d\u2019un.<\/p>\n<p>Comment \u00e9tait-il possible que des d\u00e9fenseurs des droits de l\u2019homme fussent engag\u00e9s dans un processus pareil dans un pays o\u00f9 la transparence et les droits de l\u2019homme ne sont que mirage ?<\/p>\n<p>Une commission nationale inerte<br \/>\nDans son \u00ab Bilan \u00bb de l\u2019ann\u00e9e 2020, la Commission Nationale des Droits de l\u2019Homme et des Libert\u00e9s \u00e9lude clairement la question des violations des libert\u00e9s des opposants et des journalistes. Elle impute les entorses faites aux droits de l\u2019Homme \u00e0 des conjonctures survenues \u00ab en raison des probl\u00e8me s\u00e9curitaires, des catastrophes naturelles et de la pand\u00e9mie du nouveau Coronavirus. \u00bb<\/p>\n<p>Les membres de cette commission ignorent peut-\u00eatre que des dizaines de membres d\u2019un parti d\u2019opposition sont en prison, que des militaires se sont rendus coupables de bavures sur des civiles et que des ex\u00e9cutions extrajudiciaires ont \u00e9t\u00e9 perp\u00e9tr\u00e9es comme le mentionne le rapport de Human Rights Watch.<\/p>\n<p>Dans une lettre conjointement sign\u00e9e par plusieurs acteurs de la soci\u00e9t\u00e9 civile le 7 octobre 2020, l\u2019inertie de la commission nationale des droits de l\u2019homme a \u00e9t\u00e9 mise en lumi\u00e8re.<\/p>\n<p>Des journalistes complices ?<\/p>\n<p>\u00ab La manifestation des militants du MRC devant la cath\u00e9drale de Yaound\u00e9 est un acte de profanation du sacr\u00e9 \u00bb. Le journaliste Jean Jacques Ze commentait ainsi les manifestations pacifiques organis\u00e9es par des militants du Mouvement pour la Renaissance du Cameroun dans le cadre de sa revue de presse du 29 octobre 2018. Il exprimait par cette occasion son opposition \u00e0 la manifestation de la libert\u00e9 d\u2019expression.<\/p>\n<p>Le premier mars dernier, il s\u2019est attir\u00e9 la foudre d\u2019un grand nombre d\u2019internaute en all\u00e9guant dans sa chronique que \u00ab \u00ab Beaucoup utilisent maintenant cette crise dans le Nord-Ouest et Sud-Ouest comme leur fonds de commerce, comme leur podium. \u00bb<\/p>\n<p>Il reprochait alors \u00e0 certains de ses confr\u00e8res de projeter la lumi\u00e8re sur le th\u00e9\u00e2tre de la crise anglophone. Portant, il est du devoir de tout journaliste d\u2019attirer l\u2019attention du pouvoir sur les exactions qui y sont commises en vue d\u2019esp\u00e9rer une ouverture sur la fin du conflit. Il n\u2019a par ailleurs relev\u00e9 la responsabilit\u00e9 du pouvoir de Yaound\u00e9 sur la question.<\/p>\n<p>Le journaliste Denis Kwebo lui a apport\u00e9 son soutien face au lever de bouclier dont il a fait l\u2019objet. Ce dernier ne cache que mal sa sympathie pour le r\u00e9gime.<\/p>\n<p>Parlant de l\u2019assignation \u00e0 r\u00e9sidence du Pr\u00e9sident du Mouvement pour la Renaissance du Cameroun, Denis KWEBO, Pr\u00e9sident du Syndicat National des Journalistes du Cameroun, a d\u00e9clar\u00e9 que \u00ab MAURICE KAMTO est un complice actif de ceux qui l\u2019aurait pris en otage\u2026 \u00bb.<\/p>\n<p>Le nouveau membre de la Commission nationale des Droits de l\u2019Homme et des Libert\u00e9 faisait alors du Professeur KAMTO l\u2019unique responsable de son assignation \u00e0 r\u00e9sidence au moment m\u00eame o\u00f9 la communaut\u00e9 internationale d\u00e9non\u00e7ait cet abus de pouvoir.<\/p>\n<p>Les Droits de l\u2019Homme au Cameroun sont condamn\u00e9s \u00e0 une double peine. Le Pr\u00e9sident Biya et ses \u2018amis\u2019 ext\u00e9rieurs marchent dessus sous le regard complice de quelques ONG et de journalistes. Les efforts de quelques organisations de la soci\u00e9t\u00e9 civile se retrouvent ainsi an\u00e9antis par le jeu trouble de certains hommes et femmes qui se sont accomod\u00e9s de la tyrannie. MN<\/p>\n","protected":false},"excerpt":{"rendered":"<p>Africa-Press &#8211; Cameroun. Dans son dernier rapport sur la situation des droits de l\u2019homme au Cameroun, l\u2019ONGI Human Rights Watch souligne la restriction des libert\u00e9s d\u2019expression et d\u2019association et \u00ab une intol\u00e9rance croissante \u00bb face \u00e0 certains partis politiques de l\u2019opposition. Pourtant, sur place, des ONG pr\u00e9tendument engag\u00e9es dans la protection des droits humains sont [&hellip;]<\/p>\n","protected":false},"author":82,"featured_media":2366,"comment_status":"open","ping_status":"closed","sticky":false,"template":"","format":"standard","meta":{"footnotes":""},"categories":[7,11,20,10],"tags":[36,50,49],"class_list":["post-2367","post","type-post","status-publish","format-standard","has-post-thumbnail","hentry","category-dossiers","category-homepage-french","category-top-nouvelles","category-toutes-les-actualites","tag-africa-press","tag-africa-press-cameroun","tag-cameroun"],"yoast_head":"<!-- This site is optimized with the Yoast SEO Premium plugin v26.1 (Yoast SEO v27.0) - https:\/\/yoast.com\/product\/yoast-seo-premium-wordpress\/ -->\n<title>Droits de l\u2019Homme au Cameroun :la &#039;soci\u00e9t\u00e9 civile&#039; du Pr\u00e9sident - Cameroun<\/title>\n<meta name=\"description\" content=\"Dans son dernier rapport sur la situation des droits de l\u2019homme au Cameroun, l\u2019ONGI Human Rights Watch souligne la restr ...\" \/>\n<meta name=\"robots\" content=\"index, follow, max-snippet:-1, max-image-preview:large, max-video-preview:-1\" \/>\n<link rel=\"canonical\" href=\"https:\/\/www.africa-press.net\/cameroun\/dossiers\/droits-de-lhomme-au-cameroun-la-societe-civile-du-president\" \/>\n<meta property=\"og:locale\" content=\"fr_FR\" \/>\n<meta property=\"og:type\" content=\"article\" \/>\n<meta property=\"og:title\" content=\"Droits de l\u2019Homme au Cameroun :la &#039;soci\u00e9t\u00e9 civile&#039; du Pr\u00e9sident\" \/>\n<meta property=\"og:description\" content=\"Dans son dernier rapport sur la situation des droits de l\u2019homme au Cameroun, l\u2019ONGI Human Rights Watch souligne la restr ...\" \/>\n<meta property=\"og:url\" content=\"https:\/\/www.africa-press.net\/cameroun\/dossiers\/droits-de-lhomme-au-cameroun-la-societe-civile-du-president\" \/>\n<meta property=\"og:site_name\" content=\"Cameroun\" \/>\n<meta property=\"article:published_time\" content=\"2021-04-23T21:57:06+00:00\" \/>\n<meta property=\"og:image\" content=\"https:\/\/static.africa-press.net\/cameroun\/sites\/57\/2021\/04\/img-608341eeae04f.jpg\" \/>\n\t<meta property=\"og:image:width\" content=\"1024\" \/>\n\t<meta property=\"og:image:height\" content=\"575\" \/>\n\t<meta property=\"og:image:type\" content=\"image\/jpeg\" \/>\n<meta name=\"author\" content=\"cfeditorfr\" \/>\n<meta name=\"twitter:card\" content=\"summary_large_image\" \/>\n<meta name=\"twitter:label1\" content=\"\u00c9crit par\" \/>\n\t<meta name=\"twitter:data1\" content=\"cfeditorfr\" \/>\n\t<meta name=\"twitter:label2\" content=\"Dur\u00e9e de lecture estim\u00e9e\" \/>\n\t<meta name=\"twitter:data2\" content=\"8 minutes\" \/>\n<script type=\"application\/ld+json\" class=\"yoast-schema-graph\">{\"@context\":\"https:\/\/schema.org\",\"@graph\":[{\"@type\":\"Article\",\"@id\":\"https:\/\/www.africa-press.net\/cameroun\/dossiers\/droits-de-lhomme-au-cameroun-la-societe-civile-du-president#article\",\"isPartOf\":{\"@id\":\"https:\/\/www.africa-press.net\/cameroun\/dossiers\/droits-de-lhomme-au-cameroun-la-societe-civile-du-president\"},\"author\":{\"name\":\"cfeditorfr\",\"@id\":\"https:\/\/www.africa-press.net\/cameroun\/#\/schema\/person\/2b1cf3cd81a31e3cd26889ca66d677f1\"},\"headline\":\"Droits de l\u2019Homme au Cameroun :la &lsquo;soci\u00e9t\u00e9 civile&rsquo; du Pr\u00e9sident\",\"datePublished\":\"2021-04-23T21:57:06+00:00\",\"mainEntityOfPage\":{\"@id\":\"https:\/\/www.africa-press.net\/cameroun\/dossiers\/droits-de-lhomme-au-cameroun-la-societe-civile-du-president\"},\"wordCount\":1536,\"commentCount\":0,\"image\":{\"@id\":\"https:\/\/www.africa-press.net\/cameroun\/dossiers\/droits-de-lhomme-au-cameroun-la-societe-civile-du-president#primaryimage\"},\"thumbnailUrl\":\"https:\/\/static.africa-press.net\/cameroun\/sites\/57\/2021\/04\/img-608341eeae04f.jpg\",\"keywords\":[\"Africa Press\",\"Africa Press-Cameroun\",\"Cameroun\"],\"articleSection\":[\"Dossiers\",\"homepage-french\",\"Top Nouvelles\",\"Toutes les actualit\u00e9s\"],\"inLanguage\":\"fr-FR\",\"potentialAction\":[{\"@type\":\"CommentAction\",\"name\":\"Comment\",\"target\":[\"https:\/\/www.africa-press.net\/cameroun\/dossiers\/droits-de-lhomme-au-cameroun-la-societe-civile-du-president#respond\"]}]},{\"@type\":\"WebPage\",\"@id\":\"https:\/\/www.africa-press.net\/cameroun\/dossiers\/droits-de-lhomme-au-cameroun-la-societe-civile-du-president\",\"url\":\"https:\/\/www.africa-press.net\/cameroun\/dossiers\/droits-de-lhomme-au-cameroun-la-societe-civile-du-president\",\"name\":\"Droits de l\u2019Homme au Cameroun :la 'soci\u00e9t\u00e9 civile' du Pr\u00e9sident - Cameroun\",\"isPartOf\":{\"@id\":\"https:\/\/www.africa-press.net\/cameroun\/#website\"},\"primaryImageOfPage\":{\"@id\":\"https:\/\/www.africa-press.net\/cameroun\/dossiers\/droits-de-lhomme-au-cameroun-la-societe-civile-du-president#primaryimage\"},\"image\":{\"@id\":\"https:\/\/www.africa-press.net\/cameroun\/dossiers\/droits-de-lhomme-au-cameroun-la-societe-civile-du-president#primaryimage\"},\"thumbnailUrl\":\"https:\/\/static.africa-press.net\/cameroun\/sites\/57\/2021\/04\/img-608341eeae04f.jpg\",\"datePublished\":\"2021-04-23T21:57:06+00:00\",\"author\":{\"@id\":\"https:\/\/www.africa-press.net\/cameroun\/#\/schema\/person\/2b1cf3cd81a31e3cd26889ca66d677f1\"},\"description\":\"Dans son dernier rapport sur la situation des droits de l\u2019homme au Cameroun, l\u2019ONGI Human Rights Watch souligne la restr ...\",\"breadcrumb\":{\"@id\":\"https:\/\/www.africa-press.net\/cameroun\/dossiers\/droits-de-lhomme-au-cameroun-la-societe-civile-du-president#breadcrumb\"},\"inLanguage\":\"fr-FR\",\"potentialAction\":[{\"@type\":\"ReadAction\",\"target\":[\"https:\/\/www.africa-press.net\/cameroun\/dossiers\/droits-de-lhomme-au-cameroun-la-societe-civile-du-president\"]}]},{\"@type\":\"ImageObject\",\"inLanguage\":\"fr-FR\",\"@id\":\"https:\/\/www.africa-press.net\/cameroun\/dossiers\/droits-de-lhomme-au-cameroun-la-societe-civile-du-president#primaryimage\",\"url\":\"https:\/\/static.africa-press.net\/cameroun\/sites\/57\/2021\/04\/img-608341eeae04f.jpg\",\"contentUrl\":\"https:\/\/static.africa-press.net\/cameroun\/sites\/57\/2021\/04\/img-608341eeae04f.jpg\",\"width\":1024,\"height\":575,\"caption\":\"Droits de l\u2019Homme au Cameroun :la 'soci\u00e9t\u00e9 civile' du Pr\u00e9sident\"},{\"@type\":\"BreadcrumbList\",\"@id\":\"https:\/\/www.africa-press.net\/cameroun\/dossiers\/droits-de-lhomme-au-cameroun-la-societe-civile-du-president#breadcrumb\",\"itemListElement\":[{\"@type\":\"ListItem\",\"position\":1,\"name\":\"Accueil\",\"item\":\"https:\/\/www.africa-press.net\/cameroun\/\"},{\"@type\":\"ListItem\",\"position\":2,\"name\":\"Droits de l\u2019Homme au Cameroun :la &#8216;soci\u00e9t\u00e9 civile&#8217; du Pr\u00e9sident\"}]},{\"@type\":\"WebSite\",\"@id\":\"https:\/\/www.africa-press.net\/cameroun\/#website\",\"url\":\"https:\/\/www.africa-press.net\/cameroun\/\",\"name\":\"Cameroun\",\"description\":\"Just another Africa News Agency Sites site\",\"potentialAction\":[{\"@type\":\"SearchAction\",\"target\":{\"@type\":\"EntryPoint\",\"urlTemplate\":\"https:\/\/www.africa-press.net\/cameroun\/?s={search_term_string}\"},\"query-input\":{\"@type\":\"PropertyValueSpecification\",\"valueRequired\":true,\"valueName\":\"search_term_string\"}}],\"inLanguage\":\"fr-FR\"},{\"@type\":\"Person\",\"@id\":\"https:\/\/www.africa-press.net\/cameroun\/#\/schema\/person\/2b1cf3cd81a31e3cd26889ca66d677f1\",\"name\":\"cfeditorfr\"}]}<\/script>\n<!-- \/ Yoast SEO Premium plugin. -->","yoast_head_json":{"title":"Droits de l\u2019Homme au Cameroun :la 'soci\u00e9t\u00e9 civile' du Pr\u00e9sident - Cameroun","description":"Dans son dernier rapport sur la situation des droits de l\u2019homme au Cameroun, l\u2019ONGI Human Rights Watch souligne la restr ...","robots":{"index":"index","follow":"follow","max-snippet":"max-snippet:-1","max-image-preview":"max-image-preview:large","max-video-preview":"max-video-preview:-1"},"canonical":"https:\/\/www.africa-press.net\/cameroun\/dossiers\/droits-de-lhomme-au-cameroun-la-societe-civile-du-president","og_locale":"fr_FR","og_type":"article","og_title":"Droits de l\u2019Homme au Cameroun :la 'soci\u00e9t\u00e9 civile' du Pr\u00e9sident","og_description":"Dans son dernier rapport sur la situation des droits de l\u2019homme au Cameroun, l\u2019ONGI Human Rights Watch souligne la restr ...","og_url":"https:\/\/www.africa-press.net\/cameroun\/dossiers\/droits-de-lhomme-au-cameroun-la-societe-civile-du-president","og_site_name":"Cameroun","article_published_time":"2021-04-23T21:57:06+00:00","og_image":[{"width":1024,"height":575,"url":"https:\/\/static.africa-press.net\/cameroun\/sites\/57\/2021\/04\/img-608341eeae04f.jpg","type":"image\/jpeg"}],"author":"cfeditorfr","twitter_card":"summary_large_image","twitter_misc":{"\u00c9crit par":"cfeditorfr","Dur\u00e9e de lecture estim\u00e9e":"8 minutes"},"schema":{"@context":"https:\/\/schema.org","@graph":[{"@type":"Article","@id":"https:\/\/www.africa-press.net\/cameroun\/dossiers\/droits-de-lhomme-au-cameroun-la-societe-civile-du-president#article","isPartOf":{"@id":"https:\/\/www.africa-press.net\/cameroun\/dossiers\/droits-de-lhomme-au-cameroun-la-societe-civile-du-president"},"author":{"name":"cfeditorfr","@id":"https:\/\/www.africa-press.net\/cameroun\/#\/schema\/person\/2b1cf3cd81a31e3cd26889ca66d677f1"},"headline":"Droits de l\u2019Homme au Cameroun :la &lsquo;soci\u00e9t\u00e9 civile&rsquo; du Pr\u00e9sident","datePublished":"2021-04-23T21:57:06+00:00","mainEntityOfPage":{"@id":"https:\/\/www.africa-press.net\/cameroun\/dossiers\/droits-de-lhomme-au-cameroun-la-societe-civile-du-president"},"wordCount":1536,"commentCount":0,"image":{"@id":"https:\/\/www.africa-press.net\/cameroun\/dossiers\/droits-de-lhomme-au-cameroun-la-societe-civile-du-president#primaryimage"},"thumbnailUrl":"https:\/\/static.africa-press.net\/cameroun\/sites\/57\/2021\/04\/img-608341eeae04f.jpg","keywords":["Africa Press","Africa Press-Cameroun","Cameroun"],"articleSection":["Dossiers","homepage-french","Top Nouvelles","Toutes les actualit\u00e9s"],"inLanguage":"fr-FR","potentialAction":[{"@type":"CommentAction","name":"Comment","target":["https:\/\/www.africa-press.net\/cameroun\/dossiers\/droits-de-lhomme-au-cameroun-la-societe-civile-du-president#respond"]}]},{"@type":"WebPage","@id":"https:\/\/www.africa-press.net\/cameroun\/dossiers\/droits-de-lhomme-au-cameroun-la-societe-civile-du-president","url":"https:\/\/www.africa-press.net\/cameroun\/dossiers\/droits-de-lhomme-au-cameroun-la-societe-civile-du-president","name":"Droits de l\u2019Homme au Cameroun :la 'soci\u00e9t\u00e9 civile' du Pr\u00e9sident - Cameroun","isPartOf":{"@id":"https:\/\/www.africa-press.net\/cameroun\/#website"},"primaryImageOfPage":{"@id":"https:\/\/www.africa-press.net\/cameroun\/dossiers\/droits-de-lhomme-au-cameroun-la-societe-civile-du-president#primaryimage"},"image":{"@id":"https:\/\/www.africa-press.net\/cameroun\/dossiers\/droits-de-lhomme-au-cameroun-la-societe-civile-du-president#primaryimage"},"thumbnailUrl":"https:\/\/static.africa-press.net\/cameroun\/sites\/57\/2021\/04\/img-608341eeae04f.jpg","datePublished":"2021-04-23T21:57:06+00:00","author":{"@id":"https:\/\/www.africa-press.net\/cameroun\/#\/schema\/person\/2b1cf3cd81a31e3cd26889ca66d677f1"},"description":"Dans son dernier rapport sur la situation des droits de l\u2019homme au Cameroun, l\u2019ONGI Human Rights Watch souligne la restr ...","breadcrumb":{"@id":"https:\/\/www.africa-press.net\/cameroun\/dossiers\/droits-de-lhomme-au-cameroun-la-societe-civile-du-president#breadcrumb"},"inLanguage":"fr-FR","potentialAction":[{"@type":"ReadAction","target":["https:\/\/www.africa-press.net\/cameroun\/dossiers\/droits-de-lhomme-au-cameroun-la-societe-civile-du-president"]}]},{"@type":"ImageObject","inLanguage":"fr-FR","@id":"https:\/\/www.africa-press.net\/cameroun\/dossiers\/droits-de-lhomme-au-cameroun-la-societe-civile-du-president#primaryimage","url":"https:\/\/static.africa-press.net\/cameroun\/sites\/57\/2021\/04\/img-608341eeae04f.jpg","contentUrl":"https:\/\/static.africa-press.net\/cameroun\/sites\/57\/2021\/04\/img-608341eeae04f.jpg","width":1024,"height":575,"caption":"Droits de l\u2019Homme au Cameroun :la 'soci\u00e9t\u00e9 civile' du Pr\u00e9sident"},{"@type":"BreadcrumbList","@id":"https:\/\/www.africa-press.net\/cameroun\/dossiers\/droits-de-lhomme-au-cameroun-la-societe-civile-du-president#breadcrumb","itemListElement":[{"@type":"ListItem","position":1,"name":"Accueil","item":"https:\/\/www.africa-press.net\/cameroun\/"},{"@type":"ListItem","position":2,"name":"Droits de l\u2019Homme au Cameroun :la &#8216;soci\u00e9t\u00e9 civile&#8217; du Pr\u00e9sident"}]},{"@type":"WebSite","@id":"https:\/\/www.africa-press.net\/cameroun\/#website","url":"https:\/\/www.africa-press.net\/cameroun\/","name":"Cameroun","description":"Just another Africa News Agency Sites site","potentialAction":[{"@type":"SearchAction","target":{"@type":"EntryPoint","urlTemplate":"https:\/\/www.africa-press.net\/cameroun\/?s={search_term_string}"},"query-input":{"@type":"PropertyValueSpecification","valueRequired":true,"valueName":"search_term_string"}}],"inLanguage":"fr-FR"},{"@type":"Person","@id":"https:\/\/www.africa-press.net\/cameroun\/#\/schema\/person\/2b1cf3cd81a31e3cd26889ca66d677f1","name":"cfeditorfr"}]}},"_links":{"self":[{"href":"https:\/\/www.africa-press.net\/cameroun\/wp-json\/wp\/v2\/posts\/2367","targetHints":{"allow":["GET"]}}],"collection":[{"href":"https:\/\/www.africa-press.net\/cameroun\/wp-json\/wp\/v2\/posts"}],"about":[{"href":"https:\/\/www.africa-press.net\/cameroun\/wp-json\/wp\/v2\/types\/post"}],"author":[{"embeddable":true,"href":"https:\/\/www.africa-press.net\/cameroun\/wp-json\/wp\/v2\/users\/82"}],"replies":[{"embeddable":true,"href":"https:\/\/www.africa-press.net\/cameroun\/wp-json\/wp\/v2\/comments?post=2367"}],"version-history":[{"count":0,"href":"https:\/\/www.africa-press.net\/cameroun\/wp-json\/wp\/v2\/posts\/2367\/revisions"}],"wp:featuredmedia":[{"embeddable":true,"href":"https:\/\/www.africa-press.net\/cameroun\/wp-json\/wp\/v2\/media\/2366"}],"wp:attachment":[{"href":"https:\/\/www.africa-press.net\/cameroun\/wp-json\/wp\/v2\/media?parent=2367"}],"wp:term":[{"taxonomy":"category","embeddable":true,"href":"https:\/\/www.africa-press.net\/cameroun\/wp-json\/wp\/v2\/categories?post=2367"},{"taxonomy":"post_tag","embeddable":true,"href":"https:\/\/www.africa-press.net\/cameroun\/wp-json\/wp\/v2\/tags?post=2367"}],"curies":[{"name":"wp","href":"https:\/\/api.w.org\/{rel}","templated":true}]}}