{"id":23678,"date":"2022-07-17T10:04:18","date_gmt":"2022-07-17T10:04:18","guid":{"rendered":"https:\/\/www.africa-press.net\/cameroun\/politique\/insecurite-des-habitants-des-localites-de-koza-et-moutchikar-extreme-nord-envahissent-la-sous-prefecture-pour-protester-contre-les-tueries-de-boko-haram"},"modified":"2022-07-17T12:53:30","modified_gmt":"2022-07-17T12:53:30","slug":"insecurite-des-habitants-des-localites-de-koza-et-moutchikar-extreme-nord-envahissent-la-sous-prefecture-pour-protester-contre-les-tueries-de-boko-haram","status":"publish","type":"post","link":"https:\/\/www.africa-press.net\/cameroun\/toutes-les-actualites\/insecurite-des-habitants-des-localites-de-koza-et-moutchikar-extreme-nord-envahissent-la-sous-prefecture-pour-protester-contre-les-tueries-de-boko-haram","title":{"rendered":"Ins\u00e9curit\u00e9: Des habitants des localit\u00e9s de Koza et Moutchikar (Extr\u00eame-Nord) envahissent la sous-pr\u00e9fecture pour protester contre les tueries de Boko Haram"},"content":{"rendered":"<p><span style=\"color: #ff6600\"><strong>Africa-Press &#8211; Cameroun. <\/strong><\/span>Les populations de Koza n\u2019en peuvent plus. Confront\u00e9es \u00e0 des attaques r\u00e9p\u00e9t\u00e9es de la secte islamiste Boko Haram, elles ont cri\u00e9 leur ras-le-bol ce samedi dans l\u2019enceinte de la sous-pr\u00e9fecture de leur arrondissement. \u00ab En col\u00e8re, les populations de Moutchikar et celles de Koza ont d\u00e9cid\u00e9 de se d\u00e9porter \u00e0 la sous-pr\u00e9fecture de Koza pour exprimer leur raz-le-bol devant les autorit\u00e9s administratives \u00bb, rapporte l\u2019agence de presse chinoise Xinhua. Qui ajoute que celles-ci \u00ab les ont assur\u00e9s que des mesures seraient prises pour renforcer la s\u00e9curit\u00e9 dans l&rsquo;ensemble de l&rsquo;arrondissement \u00bb.<\/p>\n<p>La grogne des populations de l\u2019arrondissement de Koza a \u00e9t\u00e9 suscit\u00e9e par l\u2019\u00e9pisode tragique de la nuit derni\u00e8re. Xinhua, citant un responsable de comit\u00e9 de vigilance local indique qu\u2019 \u00ab au moins quatre personnes ont \u00e9t\u00e9 tu\u00e9es dans la nuit du vendredi \u00e0 samedi dans la r\u00e9gion camerounaise de l&rsquo;Extr\u00eame-Nord \u00bb. La m\u00eame source indique que cette attaque a \u00e9t\u00e9 perp\u00e9tr\u00e9e par les terroristes de Boko Haram \u00e0 Moutchikar, une localit\u00e9 dans l&rsquo;arrondissement de Koza.<\/p>\n<p><b>\u00ab\u00a0Ils \u00e9taient tr\u00e8s nombreux comme d&rsquo;habitude et ont pris par surprise les populations pendant leur sommeil. Pris de panique, les villageois ont accouru pour se r\u00e9fugier vers la montagne et la brousse. Et c&rsquo;est pendant cette d\u00e9bandade g\u00e9n\u00e9rale que quatre personnes sont tomb\u00e9es sous les coups de feu ennemis. En plus des morts, il y a \u00e9galement eu des bless\u00e9s qui ont \u00e9t\u00e9 pris en charge dans la formation sanitaire locale,&rsquo;<\/b><\/p>\n<p>&lsquo; t\u00e9moigne l\u2019informateur de l\u2019agence Xinhua.<\/p>\n<p>Celle-rappelle que depuis quelques mois, en d\u00e9pit de l&rsquo;intensification des mesures de s\u00e9curit\u00e9 annonc\u00e9es r\u00e9cemment par le ministre d\u00e9l\u00e9gu\u00e9 \u00e0 la pr\u00e9sidence charg\u00e9 de la d\u00e9fense Joseph Beti Assomo alors en visite dans la r\u00e9gion de l&rsquo;Extr\u00eame-Nord. Notre confr\u00e8re constate que \u00ab les attaques lanc\u00e9es par Boko Haram visant les villageois sont toujours r\u00e9currentes \u00bb.<\/p>\n<p><strong>Pour plus d&rsquo;informations et d&rsquo;analyses sur la <a href=\"https:\/\/www.africa-press.net\/cameroun\">Cameroun<\/a>, suivez <a href=\"https:\/\/www.africa-press.net\/\">Africa-Press<\/a><\/strong><\/p>\n","protected":false},"excerpt":{"rendered":"<p>Africa-Press &#8211; Cameroun. Les populations de Koza n\u2019en peuvent plus. Confront\u00e9es \u00e0 des attaques r\u00e9p\u00e9t\u00e9es de la secte islamiste Boko Haram, elles ont cri\u00e9 leur ras-le-bol ce samedi dans l\u2019enceinte de la sous-pr\u00e9fecture de leur arrondissement. \u00ab En col\u00e8re, les populations de Moutchikar et celles de Koza ont d\u00e9cid\u00e9 de se d\u00e9porter \u00e0 la sous-pr\u00e9fecture [&hellip;]<\/p>\n","protected":false},"author":82,"featured_media":23677,"comment_status":"open","ping_status":"closed","sticky":false,"template":"","format":"standard","meta":{"footnotes":""},"categories":[21,11,10],"tags":[36,50,49],"class_list":["post-23678","post","type-post","status-publish","format-standard","has-post-thumbnail","hentry","category-communaute","category-homepage-french","category-toutes-les-actualites","tag-africa-press","tag-africa-press-cameroun","tag-cameroun"],"yoast_head":"<!-- This site is optimized with the Yoast SEO Premium plugin v26.1 (Yoast SEO v27.0) - https:\/\/yoast.com\/product\/yoast-seo-premium-wordpress\/ -->\n<title>Ins\u00e9curit\u00e9: Des habitants des localit\u00e9s de Koza et Moutchikar (Extr\u00eame-Nord) envahissent la sous-pr\u00e9fecture pour protester contre les tueries de Boko Haram - Cameroun<\/title>\n<meta name=\"description\" content=\"Les populations de Koza n\u2019en peuvent plus. Confront\u00e9es \u00e0 des attaques r\u00e9p\u00e9t\u00e9es de la secte islamiste Boko Haram, elles o ...\" \/>\n<meta name=\"robots\" content=\"index, follow, max-snippet:-1, max-image-preview:large, max-video-preview:-1\" \/>\n<link rel=\"canonical\" href=\"https:\/\/www.africa-press.net\/cameroun\/toutes-les-actualites\/insecurite-des-habitants-des-localites-de-koza-et-moutchikar-extreme-nord-envahissent-la-sous-prefecture-pour-protester-contre-les-tueries-de-boko-haram\" \/>\n<meta property=\"og:locale\" content=\"fr_FR\" \/>\n<meta property=\"og:type\" content=\"article\" \/>\n<meta property=\"og:title\" content=\"Ins\u00e9curit\u00e9: Des habitants des localit\u00e9s de Koza et Moutchikar (Extr\u00eame-Nord) envahissent la sous-pr\u00e9fecture pour protester contre les tueries de Boko Haram\" \/>\n<meta property=\"og:description\" content=\"Les populations de Koza n\u2019en peuvent plus. Confront\u00e9es \u00e0 des attaques r\u00e9p\u00e9t\u00e9es de la secte islamiste Boko Haram, elles o ...\" \/>\n<meta property=\"og:url\" content=\"https:\/\/www.africa-press.net\/cameroun\/toutes-les-actualites\/insecurite-des-habitants-des-localites-de-koza-et-moutchikar-extreme-nord-envahissent-la-sous-prefecture-pour-protester-contre-les-tueries-de-boko-haram\" \/>\n<meta property=\"og:site_name\" content=\"Cameroun\" \/>\n<meta property=\"article:published_time\" content=\"2022-07-17T10:04:18+00:00\" \/>\n<meta property=\"article:modified_time\" content=\"2022-07-17T12:53:30+00:00\" \/>\n<meta property=\"og:image\" content=\"https:\/\/static.africa-press.net\/cameroun\/sites\/57\/2022\/07\/img-62d406364469f.jpg\" \/>\n\t<meta property=\"og:image:width\" content=\"800\" \/>\n\t<meta property=\"og:image:height\" content=\"439\" \/>\n\t<meta property=\"og:image:type\" content=\"image\/jpeg\" \/>\n<meta name=\"author\" content=\"cfeditorfr\" \/>\n<meta name=\"twitter:card\" content=\"summary_large_image\" \/>\n<meta name=\"twitter:label1\" content=\"\u00c9crit par\" \/>\n\t<meta name=\"twitter:data1\" content=\"cfeditorfr\" \/>\n\t<meta name=\"twitter:label2\" content=\"Dur\u00e9e de lecture estim\u00e9e\" \/>\n\t<meta name=\"twitter:data2\" content=\"2 minutes\" \/>\n<script type=\"application\/ld+json\" class=\"yoast-schema-graph\">{\"@context\":\"https:\/\/schema.org\",\"@graph\":[{\"@type\":\"Article\",\"@id\":\"https:\/\/www.africa-press.net\/cameroun\/toutes-les-actualites\/insecurite-des-habitants-des-localites-de-koza-et-moutchikar-extreme-nord-envahissent-la-sous-prefecture-pour-protester-contre-les-tueries-de-boko-haram#article\",\"isPartOf\":{\"@id\":\"https:\/\/www.africa-press.net\/cameroun\/toutes-les-actualites\/insecurite-des-habitants-des-localites-de-koza-et-moutchikar-extreme-nord-envahissent-la-sous-prefecture-pour-protester-contre-les-tueries-de-boko-haram\"},\"author\":{\"name\":\"cfeditorfr\",\"@id\":\"https:\/\/www.africa-press.net\/cameroun\/#\/schema\/person\/2b1cf3cd81a31e3cd26889ca66d677f1\"},\"headline\":\"Ins\u00e9curit\u00e9: Des habitants des localit\u00e9s de Koza et Moutchikar (Extr\u00eame-Nord) envahissent la sous-pr\u00e9fecture pour protester contre les tueries de Boko Haram\",\"datePublished\":\"2022-07-17T10:04:18+00:00\",\"dateModified\":\"2022-07-17T12:53:30+00:00\",\"mainEntityOfPage\":{\"@id\":\"https:\/\/www.africa-press.net\/cameroun\/toutes-les-actualites\/insecurite-des-habitants-des-localites-de-koza-et-moutchikar-extreme-nord-envahissent-la-sous-prefecture-pour-protester-contre-les-tueries-de-boko-haram\"},\"wordCount\":380,\"commentCount\":0,\"image\":{\"@id\":\"https:\/\/www.africa-press.net\/cameroun\/toutes-les-actualites\/insecurite-des-habitants-des-localites-de-koza-et-moutchikar-extreme-nord-envahissent-la-sous-prefecture-pour-protester-contre-les-tueries-de-boko-haram#primaryimage\"},\"thumbnailUrl\":\"https:\/\/static.africa-press.net\/cameroun\/sites\/57\/2022\/07\/img-62d406364469f.jpg\",\"keywords\":[\"Africa Press\",\"Africa Press-Cameroun\",\"Cameroun\"],\"articleSection\":[\"Communaut\u00e9\",\"homepage-french\",\"Toutes les actualit\u00e9s\"],\"inLanguage\":\"fr-FR\",\"potentialAction\":[{\"@type\":\"CommentAction\",\"name\":\"Comment\",\"target\":[\"https:\/\/www.africa-press.net\/cameroun\/toutes-les-actualites\/insecurite-des-habitants-des-localites-de-koza-et-moutchikar-extreme-nord-envahissent-la-sous-prefecture-pour-protester-contre-les-tueries-de-boko-haram#respond\"]}]},{\"@type\":\"WebPage\",\"@id\":\"https:\/\/www.africa-press.net\/cameroun\/toutes-les-actualites\/insecurite-des-habitants-des-localites-de-koza-et-moutchikar-extreme-nord-envahissent-la-sous-prefecture-pour-protester-contre-les-tueries-de-boko-haram\",\"url\":\"https:\/\/www.africa-press.net\/cameroun\/toutes-les-actualites\/insecurite-des-habitants-des-localites-de-koza-et-moutchikar-extreme-nord-envahissent-la-sous-prefecture-pour-protester-contre-les-tueries-de-boko-haram\",\"name\":\"Ins\u00e9curit\u00e9: Des habitants des localit\u00e9s de Koza et Moutchikar (Extr\u00eame-Nord) envahissent la sous-pr\u00e9fecture pour protester contre les tueries de Boko Haram - Cameroun\",\"isPartOf\":{\"@id\":\"https:\/\/www.africa-press.net\/cameroun\/#website\"},\"primaryImageOfPage\":{\"@id\":\"https:\/\/www.africa-press.net\/cameroun\/toutes-les-actualites\/insecurite-des-habitants-des-localites-de-koza-et-moutchikar-extreme-nord-envahissent-la-sous-prefecture-pour-protester-contre-les-tueries-de-boko-haram#primaryimage\"},\"image\":{\"@id\":\"https:\/\/www.africa-press.net\/cameroun\/toutes-les-actualites\/insecurite-des-habitants-des-localites-de-koza-et-moutchikar-extreme-nord-envahissent-la-sous-prefecture-pour-protester-contre-les-tueries-de-boko-haram#primaryimage\"},\"thumbnailUrl\":\"https:\/\/static.africa-press.net\/cameroun\/sites\/57\/2022\/07\/img-62d406364469f.jpg\",\"datePublished\":\"2022-07-17T10:04:18+00:00\",\"dateModified\":\"2022-07-17T12:53:30+00:00\",\"author\":{\"@id\":\"https:\/\/www.africa-press.net\/cameroun\/#\/schema\/person\/2b1cf3cd81a31e3cd26889ca66d677f1\"},\"description\":\"Les populations de Koza n\u2019en peuvent plus. Confront\u00e9es \u00e0 des attaques r\u00e9p\u00e9t\u00e9es de la secte islamiste Boko Haram, elles o ...\",\"breadcrumb\":{\"@id\":\"https:\/\/www.africa-press.net\/cameroun\/toutes-les-actualites\/insecurite-des-habitants-des-localites-de-koza-et-moutchikar-extreme-nord-envahissent-la-sous-prefecture-pour-protester-contre-les-tueries-de-boko-haram#breadcrumb\"},\"inLanguage\":\"fr-FR\",\"potentialAction\":[{\"@type\":\"ReadAction\",\"target\":[\"https:\/\/www.africa-press.net\/cameroun\/toutes-les-actualites\/insecurite-des-habitants-des-localites-de-koza-et-moutchikar-extreme-nord-envahissent-la-sous-prefecture-pour-protester-contre-les-tueries-de-boko-haram\"]}]},{\"@type\":\"ImageObject\",\"inLanguage\":\"fr-FR\",\"@id\":\"https:\/\/www.africa-press.net\/cameroun\/toutes-les-actualites\/insecurite-des-habitants-des-localites-de-koza-et-moutchikar-extreme-nord-envahissent-la-sous-prefecture-pour-protester-contre-les-tueries-de-boko-haram#primaryimage\",\"url\":\"https:\/\/static.africa-press.net\/cameroun\/sites\/57\/2022\/07\/img-62d406364469f.jpg\",\"contentUrl\":\"https:\/\/static.africa-press.net\/cameroun\/sites\/57\/2022\/07\/img-62d406364469f.jpg\",\"width\":800,\"height\":439,\"caption\":\"Ins\u00e9curit\u00e9: Des habitants des localit\u00e9s de Koza et Moutchikar (Extr\u00eame-Nord) envahissent la sous-pr\u00e9fecture pour protester contre les tueries de Boko Haram\"},{\"@type\":\"BreadcrumbList\",\"@id\":\"https:\/\/www.africa-press.net\/cameroun\/toutes-les-actualites\/insecurite-des-habitants-des-localites-de-koza-et-moutchikar-extreme-nord-envahissent-la-sous-prefecture-pour-protester-contre-les-tueries-de-boko-haram#breadcrumb\",\"itemListElement\":[{\"@type\":\"ListItem\",\"position\":1,\"name\":\"Accueil\",\"item\":\"https:\/\/www.africa-press.net\/cameroun\/\"},{\"@type\":\"ListItem\",\"position\":2,\"name\":\"Ins\u00e9curit\u00e9: Des habitants des localit\u00e9s de Koza et Moutchikar (Extr\u00eame-Nord) envahissent la sous-pr\u00e9fecture pour protester contre les tueries de Boko Haram\"}]},{\"@type\":\"WebSite\",\"@id\":\"https:\/\/www.africa-press.net\/cameroun\/#website\",\"url\":\"https:\/\/www.africa-press.net\/cameroun\/\",\"name\":\"Cameroun\",\"description\":\"Just another Africa News Agency Sites site\",\"potentialAction\":[{\"@type\":\"SearchAction\",\"target\":{\"@type\":\"EntryPoint\",\"urlTemplate\":\"https:\/\/www.africa-press.net\/cameroun\/?s={search_term_string}\"},\"query-input\":{\"@type\":\"PropertyValueSpecification\",\"valueRequired\":true,\"valueName\":\"search_term_string\"}}],\"inLanguage\":\"fr-FR\"},{\"@type\":\"Person\",\"@id\":\"https:\/\/www.africa-press.net\/cameroun\/#\/schema\/person\/2b1cf3cd81a31e3cd26889ca66d677f1\",\"name\":\"cfeditorfr\"}]}<\/script>\n<!-- \/ Yoast SEO Premium plugin. -->","yoast_head_json":{"title":"Ins\u00e9curit\u00e9: Des habitants des localit\u00e9s de Koza et Moutchikar (Extr\u00eame-Nord) envahissent la sous-pr\u00e9fecture pour protester contre les tueries de Boko Haram - Cameroun","description":"Les populations de Koza n\u2019en peuvent plus. Confront\u00e9es \u00e0 des attaques r\u00e9p\u00e9t\u00e9es de la secte islamiste Boko Haram, elles o ...","robots":{"index":"index","follow":"follow","max-snippet":"max-snippet:-1","max-image-preview":"max-image-preview:large","max-video-preview":"max-video-preview:-1"},"canonical":"https:\/\/www.africa-press.net\/cameroun\/toutes-les-actualites\/insecurite-des-habitants-des-localites-de-koza-et-moutchikar-extreme-nord-envahissent-la-sous-prefecture-pour-protester-contre-les-tueries-de-boko-haram","og_locale":"fr_FR","og_type":"article","og_title":"Ins\u00e9curit\u00e9: Des habitants des localit\u00e9s de Koza et Moutchikar (Extr\u00eame-Nord) envahissent la sous-pr\u00e9fecture pour protester contre les tueries de Boko Haram","og_description":"Les populations de Koza n\u2019en peuvent plus. Confront\u00e9es \u00e0 des attaques r\u00e9p\u00e9t\u00e9es de la secte islamiste Boko Haram, elles o ...","og_url":"https:\/\/www.africa-press.net\/cameroun\/toutes-les-actualites\/insecurite-des-habitants-des-localites-de-koza-et-moutchikar-extreme-nord-envahissent-la-sous-prefecture-pour-protester-contre-les-tueries-de-boko-haram","og_site_name":"Cameroun","article_published_time":"2022-07-17T10:04:18+00:00","article_modified_time":"2022-07-17T12:53:30+00:00","og_image":[{"width":800,"height":439,"url":"https:\/\/static.africa-press.net\/cameroun\/sites\/57\/2022\/07\/img-62d406364469f.jpg","type":"image\/jpeg"}],"author":"cfeditorfr","twitter_card":"summary_large_image","twitter_misc":{"\u00c9crit par":"cfeditorfr","Dur\u00e9e de lecture estim\u00e9e":"2 minutes"},"schema":{"@context":"https:\/\/schema.org","@graph":[{"@type":"Article","@id":"https:\/\/www.africa-press.net\/cameroun\/toutes-les-actualites\/insecurite-des-habitants-des-localites-de-koza-et-moutchikar-extreme-nord-envahissent-la-sous-prefecture-pour-protester-contre-les-tueries-de-boko-haram#article","isPartOf":{"@id":"https:\/\/www.africa-press.net\/cameroun\/toutes-les-actualites\/insecurite-des-habitants-des-localites-de-koza-et-moutchikar-extreme-nord-envahissent-la-sous-prefecture-pour-protester-contre-les-tueries-de-boko-haram"},"author":{"name":"cfeditorfr","@id":"https:\/\/www.africa-press.net\/cameroun\/#\/schema\/person\/2b1cf3cd81a31e3cd26889ca66d677f1"},"headline":"Ins\u00e9curit\u00e9: Des habitants des localit\u00e9s de Koza et Moutchikar (Extr\u00eame-Nord) envahissent la sous-pr\u00e9fecture pour protester contre les tueries de Boko Haram","datePublished":"2022-07-17T10:04:18+00:00","dateModified":"2022-07-17T12:53:30+00:00","mainEntityOfPage":{"@id":"https:\/\/www.africa-press.net\/cameroun\/toutes-les-actualites\/insecurite-des-habitants-des-localites-de-koza-et-moutchikar-extreme-nord-envahissent-la-sous-prefecture-pour-protester-contre-les-tueries-de-boko-haram"},"wordCount":380,"commentCount":0,"image":{"@id":"https:\/\/www.africa-press.net\/cameroun\/toutes-les-actualites\/insecurite-des-habitants-des-localites-de-koza-et-moutchikar-extreme-nord-envahissent-la-sous-prefecture-pour-protester-contre-les-tueries-de-boko-haram#primaryimage"},"thumbnailUrl":"https:\/\/static.africa-press.net\/cameroun\/sites\/57\/2022\/07\/img-62d406364469f.jpg","keywords":["Africa Press","Africa Press-Cameroun","Cameroun"],"articleSection":["Communaut\u00e9","homepage-french","Toutes les actualit\u00e9s"],"inLanguage":"fr-FR","potentialAction":[{"@type":"CommentAction","name":"Comment","target":["https:\/\/www.africa-press.net\/cameroun\/toutes-les-actualites\/insecurite-des-habitants-des-localites-de-koza-et-moutchikar-extreme-nord-envahissent-la-sous-prefecture-pour-protester-contre-les-tueries-de-boko-haram#respond"]}]},{"@type":"WebPage","@id":"https:\/\/www.africa-press.net\/cameroun\/toutes-les-actualites\/insecurite-des-habitants-des-localites-de-koza-et-moutchikar-extreme-nord-envahissent-la-sous-prefecture-pour-protester-contre-les-tueries-de-boko-haram","url":"https:\/\/www.africa-press.net\/cameroun\/toutes-les-actualites\/insecurite-des-habitants-des-localites-de-koza-et-moutchikar-extreme-nord-envahissent-la-sous-prefecture-pour-protester-contre-les-tueries-de-boko-haram","name":"Ins\u00e9curit\u00e9: Des habitants des localit\u00e9s de Koza et Moutchikar (Extr\u00eame-Nord) envahissent la sous-pr\u00e9fecture pour protester contre les tueries de Boko Haram - Cameroun","isPartOf":{"@id":"https:\/\/www.africa-press.net\/cameroun\/#website"},"primaryImageOfPage":{"@id":"https:\/\/www.africa-press.net\/cameroun\/toutes-les-actualites\/insecurite-des-habitants-des-localites-de-koza-et-moutchikar-extreme-nord-envahissent-la-sous-prefecture-pour-protester-contre-les-tueries-de-boko-haram#primaryimage"},"image":{"@id":"https:\/\/www.africa-press.net\/cameroun\/toutes-les-actualites\/insecurite-des-habitants-des-localites-de-koza-et-moutchikar-extreme-nord-envahissent-la-sous-prefecture-pour-protester-contre-les-tueries-de-boko-haram#primaryimage"},"thumbnailUrl":"https:\/\/static.africa-press.net\/cameroun\/sites\/57\/2022\/07\/img-62d406364469f.jpg","datePublished":"2022-07-17T10:04:18+00:00","dateModified":"2022-07-17T12:53:30+00:00","author":{"@id":"https:\/\/www.africa-press.net\/cameroun\/#\/schema\/person\/2b1cf3cd81a31e3cd26889ca66d677f1"},"description":"Les populations de Koza n\u2019en peuvent plus. Confront\u00e9es \u00e0 des attaques r\u00e9p\u00e9t\u00e9es de la secte islamiste Boko Haram, elles o ...","breadcrumb":{"@id":"https:\/\/www.africa-press.net\/cameroun\/toutes-les-actualites\/insecurite-des-habitants-des-localites-de-koza-et-moutchikar-extreme-nord-envahissent-la-sous-prefecture-pour-protester-contre-les-tueries-de-boko-haram#breadcrumb"},"inLanguage":"fr-FR","potentialAction":[{"@type":"ReadAction","target":["https:\/\/www.africa-press.net\/cameroun\/toutes-les-actualites\/insecurite-des-habitants-des-localites-de-koza-et-moutchikar-extreme-nord-envahissent-la-sous-prefecture-pour-protester-contre-les-tueries-de-boko-haram"]}]},{"@type":"ImageObject","inLanguage":"fr-FR","@id":"https:\/\/www.africa-press.net\/cameroun\/toutes-les-actualites\/insecurite-des-habitants-des-localites-de-koza-et-moutchikar-extreme-nord-envahissent-la-sous-prefecture-pour-protester-contre-les-tueries-de-boko-haram#primaryimage","url":"https:\/\/static.africa-press.net\/cameroun\/sites\/57\/2022\/07\/img-62d406364469f.jpg","contentUrl":"https:\/\/static.africa-press.net\/cameroun\/sites\/57\/2022\/07\/img-62d406364469f.jpg","width":800,"height":439,"caption":"Ins\u00e9curit\u00e9: Des habitants des localit\u00e9s de Koza et Moutchikar (Extr\u00eame-Nord) envahissent la sous-pr\u00e9fecture pour protester contre les tueries de Boko Haram"},{"@type":"BreadcrumbList","@id":"https:\/\/www.africa-press.net\/cameroun\/toutes-les-actualites\/insecurite-des-habitants-des-localites-de-koza-et-moutchikar-extreme-nord-envahissent-la-sous-prefecture-pour-protester-contre-les-tueries-de-boko-haram#breadcrumb","itemListElement":[{"@type":"ListItem","position":1,"name":"Accueil","item":"https:\/\/www.africa-press.net\/cameroun\/"},{"@type":"ListItem","position":2,"name":"Ins\u00e9curit\u00e9: Des habitants des localit\u00e9s de Koza et Moutchikar (Extr\u00eame-Nord) envahissent la sous-pr\u00e9fecture pour protester contre les tueries de Boko Haram"}]},{"@type":"WebSite","@id":"https:\/\/www.africa-press.net\/cameroun\/#website","url":"https:\/\/www.africa-press.net\/cameroun\/","name":"Cameroun","description":"Just another Africa News Agency Sites site","potentialAction":[{"@type":"SearchAction","target":{"@type":"EntryPoint","urlTemplate":"https:\/\/www.africa-press.net\/cameroun\/?s={search_term_string}"},"query-input":{"@type":"PropertyValueSpecification","valueRequired":true,"valueName":"search_term_string"}}],"inLanguage":"fr-FR"},{"@type":"Person","@id":"https:\/\/www.africa-press.net\/cameroun\/#\/schema\/person\/2b1cf3cd81a31e3cd26889ca66d677f1","name":"cfeditorfr"}]}},"_links":{"self":[{"href":"https:\/\/www.africa-press.net\/cameroun\/wp-json\/wp\/v2\/posts\/23678","targetHints":{"allow":["GET"]}}],"collection":[{"href":"https:\/\/www.africa-press.net\/cameroun\/wp-json\/wp\/v2\/posts"}],"about":[{"href":"https:\/\/www.africa-press.net\/cameroun\/wp-json\/wp\/v2\/types\/post"}],"author":[{"embeddable":true,"href":"https:\/\/www.africa-press.net\/cameroun\/wp-json\/wp\/v2\/users\/82"}],"replies":[{"embeddable":true,"href":"https:\/\/www.africa-press.net\/cameroun\/wp-json\/wp\/v2\/comments?post=23678"}],"version-history":[{"count":0,"href":"https:\/\/www.africa-press.net\/cameroun\/wp-json\/wp\/v2\/posts\/23678\/revisions"}],"wp:featuredmedia":[{"embeddable":true,"href":"https:\/\/www.africa-press.net\/cameroun\/wp-json\/wp\/v2\/media\/23677"}],"wp:attachment":[{"href":"https:\/\/www.africa-press.net\/cameroun\/wp-json\/wp\/v2\/media?parent=23678"}],"wp:term":[{"taxonomy":"category","embeddable":true,"href":"https:\/\/www.africa-press.net\/cameroun\/wp-json\/wp\/v2\/categories?post=23678"},{"taxonomy":"post_tag","embeddable":true,"href":"https:\/\/www.africa-press.net\/cameroun\/wp-json\/wp\/v2\/tags?post=23678"}],"curies":[{"name":"wp","href":"https:\/\/api.w.org\/{rel}","templated":true}]}}