{"id":23681,"date":"2022-07-17T10:12:49","date_gmt":"2022-07-17T10:12:49","guid":{"rendered":"https:\/\/www.africa-press.net\/cameroun\/politique\/lettre-ouverte-calixthe-beyala-a-emmanuel-macron-que-venez-vous-faire-au-cameroun-en-ces-temps-troubles-de-notre-histoire"},"modified":"2022-07-17T13:26:45","modified_gmt":"2022-07-17T13:26:45","slug":"lettre-ouverte-calixthe-beyala-a-emmanuel-macron-que-venez-vous-faire-au-cameroun-en-ces-temps-troubles-de-notre-histoire","status":"publish","type":"post","link":"https:\/\/www.africa-press.net\/cameroun\/dossiers\/lettre-ouverte-calixthe-beyala-a-emmanuel-macron-que-venez-vous-faire-au-cameroun-en-ces-temps-troubles-de-notre-histoire","title":{"rendered":"Lettre ouverte\/Calixthe Beyala \u00e0 Emmanuel Macron: \u00abQue venez-vous faire au Cameroun en ces temps troubles de notre histoire\u00a0?\u00bb"},"content":{"rendered":"<p><span style=\"color: #ff6600\"><strong>Africa-Press &#8211; Cameroun. <\/strong><\/span>Jusqu\u2019\u00e0 pr\u00e9sent sur le site de l\u2019Elys\u00e9e, la visite officielle d\u2019Emmanuel Macron au Cameroun n\u2019est pas encore confirm\u00e9e, apr\u00e8s l\u2019annonce de cette nouvelle par le journal panafricain Jeune Afrique. Elle n\u2019est pas non plus d\u00e9mentie. M\u00eame si l\u2019expectative demeure, le journal Ouest France pour sa part semble d\u00e9j\u00e0 connaitre les visages de la d\u00e9l\u00e9gation pr\u00e9sidentielle. Il s\u2019agit de : Catherine Colonna, ministre des Affaires europ\u00e9ennes et \u00e9trang\u00e8res, Alexis Kohler, secr\u00e9taire g\u00e9n\u00e9ral de l\u2019\u00c9lys\u00e9e, Franck Paris, conseiller Afrique du pr\u00e9sident de la R\u00e9publique et Christophe Bigot, directeur Afrique du minist\u00e8re des Affaires europ\u00e9ennes et \u00e9trang\u00e8res.<\/p>\n<p>Cette visite du pr\u00e9sident fran\u00e7ais n\u2019est pas favorablement accueillie par l\u2019\u00e9lite intellectuelle camerounaise, dont la c\u00e9l\u00e8bre \u00e9crivaine Calixthe Beyala. Dans une lettre ouverte \u00e0 Emmanuel Macron, publi\u00e9e sur son compte Facebook dans la soir\u00e9e du samedi 16 juillet 2022, elle subodore, sur fond de questionnements empreints d\u2019amertume, sur les sujets qui pourraient constituer l\u2019essentiel de l\u2019agenda du pr\u00e9sident fran\u00e7ais au Cameroun.<\/p>\n<p><b>\u00ab<\/b>Vous venez d\u00e9fendre les int\u00e9r\u00eats de la France et c\u2019est bien, tr\u00e8s bien. Mais allez-vous demander pardon au peuple camerounais martyris\u00e9 ? Venez-vous press\u00e9 par le d\u00e9sir de reconna\u00eetre les crimes de la France et pr\u00e9senter des excuses \u00e0 ce peuple meurtri ? Venez-vous \u00e9tablir des relations de respect mutuel ? Venez-vous pour adouber un homme pour la transition au Cameroun, cette transition dont on parle et qui n\u2019est pas si lointaine ? \u00bb, lance-t-elle.<\/p>\n<p>La romanci\u00e8re est d\u2019ailleurs tr\u00e8s convaincue que c\u2019est davantage pour la question successorale \u00e0 la t\u00eate de l\u2019Etat que Macron s\u2019am\u00e8ne au Cameroun, sans doute pour cr\u00e9diter l\u2019hypoth\u00e8se de la succession par filiation tant \u00e9voqu\u00e9e au sein de l\u2019opinion camerounaise ces derniers temps, et qui apparait comme une tradition en Afrique centrale. \u00ab Sachez donc Monsieur le Pr\u00e9sident que le Cameroun n\u2019est pas la C\u00f4te d\u2019Ivoire ! Que le Cameroun n\u2019est pas le Tchad ! Que le Cameroun n\u2019est pas le Gabon ! \u00bb, pr\u00e9vient Calixthe Beyala.<\/p>\n<p><b>Lettre ouverte de Calixte Beyala \u00e0 Emmanuel Macron :<\/b><\/p>\n<p>A Monsieur le Pr\u00e9sident Emmanuel Macron<\/p>\n<p>Cher pr\u00e9sident, je suis heureuse que vous veniez dans mon pays d\u2019origine : le Cameroun<\/p>\n<p>Je connais votre fougue, votre intelligence et cette impertinence qui vous fait croire que vous n\u2019\u00eates pas d\u00e9biteur de l\u2019histoire, qu&rsquo;on se doit de tourner la page,, ou du moins, que vous n\u2019\u00eates pas responsable des crimes fran\u00e7ais commis en Afrique, car vous \u00eates n\u00e9 bien apr\u00e8s ces affreux \u00e9v\u00e9nements<\/p>\n<p>Pour nous, cette histoire est pr\u00e9gnante ! Elle habite nos c\u0153urs bless\u00e9s et nos \u00e2mes meurtries ! Elle habite chaque cellule de nos corps et peuple chacune de nos respirations. Elle se d\u00e9cline en de centaines de milliers de camerounais morts : Elle a le visage de Um Nyobe ou de Wandjie, d\u2019Affana et d\u2019illustres anonymes morts parce qu\u2019ils voulaient pr\u00e9sider \u00e0 leur destin\u00e9e ! Le souvenir de Khadaffi nous hante et ces bombes jet\u00e9es aveuglement, tuant des centaines de milliers d\u2019innocents !<\/p>\n<p>Vous venez d\u00e9fendre les int\u00e9r\u00eats de la France et c\u2019est bien, tr\u00e8s bien. Mais allez-vous demander pardon au peuple camerounais martyris\u00e9 ? Venez-vous press\u00e9 par le d\u00e9sir de reconna\u00eetre les crimes de la France et pr\u00e9senter des excuses \u00e0 ce peuple meurtri ? Venez-vous \u00e9tablir des relations de respect mutuel ? Venez-vous pour adouber un homme pour la transition au Cameroun, cette transition dont on parle et qui n\u2019est pas si lointaine ?<\/p>\n<p>Sachez donc Monsieur le Pr\u00e9sident que le Cameroun n\u2019est pas la C\u00f4te d\u2019Ivoire ! Que le Cameroun n\u2019est pas le Tchad ! Que le Cameroun n\u2019est pas le Gabon !<\/p>\n<p>Que venez-vous donc faire par ici en ces temps troubles de notre histoire ? Garantir \u00e0 certains l\u2019accession \u00e0 la magistrature supr\u00eame en contrepartie de nos richesses ? Venez-vous tout simplement nous dire combien vous nous aimez ? J\u2019aime mieux cette derni\u00e8re hypoth\u00e8se !<\/p>\n<p>Mais je ne suis pas na\u00efve ! Je sais d\u00e9j\u00e0 que vous apporterez dans vos bagages les fran\u00e7africains patent\u00e9s, les Achille Mbemb\u00e9 et bien d\u2019autres pour vous faciliter la t\u00e2che, comme ils ont tent\u00e9 de le faire lors du simulacre de Montpellier. Votre chemin sera balis\u00e9, le c\u0153ur du Cameroun en porte d\u00e9j\u00e0 la lourdeur !<\/p>\n<p>Pour l\u2019ensemble des camerounais vous \u00eates le mal venu ! Ils savent que vous ne leur voulez aucun bien, pourquoi, selon vous ?<\/p>\n<p>Je vous souhaite un agr\u00e9able s\u00e9jour sur ma terre d\u2019origine en esp\u00e9rant qu\u2019un jour la paix r\u00e9elle existera d\u2019avec ma terre d\u2019adoption, la France.<\/p>\n<p>Bon s\u00e9jour !<\/p>\n<p><b>Calixthe Beyala<\/b><\/p>\n<p><strong>Pour plus d&rsquo;informations et d&rsquo;analyses sur la <a href=\"https:\/\/www.africa-press.net\/cameroun\">Cameroun<\/a>, suivez <a href=\"https:\/\/www.africa-press.net\/\">Africa-Press<\/a><\/strong><\/p>\n","protected":false},"excerpt":{"rendered":"<p>Africa-Press &#8211; Cameroun. Jusqu\u2019\u00e0 pr\u00e9sent sur le site de l\u2019Elys\u00e9e, la visite officielle d\u2019Emmanuel Macron au Cameroun n\u2019est pas encore confirm\u00e9e, apr\u00e8s l\u2019annonce de cette nouvelle par le journal panafricain Jeune Afrique. Elle n\u2019est pas non plus d\u00e9mentie. M\u00eame si l\u2019expectative demeure, le journal Ouest France pour sa part semble d\u00e9j\u00e0 connaitre les visages de [&hellip;]<\/p>\n","protected":false},"author":82,"featured_media":23680,"comment_status":"open","ping_status":"closed","sticky":false,"template":"","format":"standard","meta":{"footnotes":""},"categories":[7,11,10],"tags":[36,50,49],"class_list":["post-23681","post","type-post","status-publish","format-standard","has-post-thumbnail","hentry","category-dossiers","category-homepage-french","category-toutes-les-actualites","tag-africa-press","tag-africa-press-cameroun","tag-cameroun"],"yoast_head":"<!-- This site is optimized with the Yoast SEO Premium plugin v26.1 (Yoast SEO v27.0) - https:\/\/yoast.com\/product\/yoast-seo-premium-wordpress\/ -->\n<title>Lettre ouverte\/Calixthe Beyala \u00e0 Emmanuel Macron: \u00abQue venez-vous faire au Cameroun en ces temps troubles de notre histoire\u00a0?\u00bb - Cameroun<\/title>\n<meta name=\"description\" content=\"Jusqu\u2019\u00e0 pr\u00e9sent sur le site de l\u2019Elys\u00e9e, la visite officielle d\u2019Emmanuel Macron au Cameroun n\u2019est pas encore confirm\u00e9e, ...\" \/>\n<meta name=\"robots\" content=\"index, follow, max-snippet:-1, max-image-preview:large, max-video-preview:-1\" \/>\n<link rel=\"canonical\" href=\"https:\/\/www.africa-press.net\/cameroun\/dossiers\/lettre-ouverte-calixthe-beyala-a-emmanuel-macron-que-venez-vous-faire-au-cameroun-en-ces-temps-troubles-de-notre-histoire\" \/>\n<meta property=\"og:locale\" content=\"fr_FR\" \/>\n<meta property=\"og:type\" content=\"article\" \/>\n<meta property=\"og:title\" content=\"Lettre ouverte\/Calixthe Beyala \u00e0 Emmanuel Macron: \u00abQue venez-vous faire au Cameroun en ces temps troubles de notre histoire\u00a0?\u00bb\" \/>\n<meta property=\"og:description\" content=\"Jusqu\u2019\u00e0 pr\u00e9sent sur le site de l\u2019Elys\u00e9e, la visite officielle d\u2019Emmanuel Macron au Cameroun n\u2019est pas encore confirm\u00e9e, ...\" \/>\n<meta property=\"og:url\" content=\"https:\/\/www.africa-press.net\/cameroun\/dossiers\/lettre-ouverte-calixthe-beyala-a-emmanuel-macron-que-venez-vous-faire-au-cameroun-en-ces-temps-troubles-de-notre-histoire\" \/>\n<meta property=\"og:site_name\" content=\"Cameroun\" \/>\n<meta property=\"article:published_time\" content=\"2022-07-17T10:12:49+00:00\" \/>\n<meta property=\"article:modified_time\" content=\"2022-07-17T13:26:45+00:00\" \/>\n<meta property=\"og:image\" content=\"https:\/\/static.africa-press.net\/cameroun\/sites\/57\/2022\/07\/img-62d406555c93c.jpg\" \/>\n\t<meta property=\"og:image:width\" content=\"800\" \/>\n\t<meta property=\"og:image:height\" content=\"615\" \/>\n\t<meta property=\"og:image:type\" content=\"image\/jpeg\" \/>\n<meta name=\"author\" content=\"cfeditorfr\" \/>\n<meta name=\"twitter:card\" content=\"summary_large_image\" \/>\n<meta name=\"twitter:label1\" content=\"\u00c9crit par\" \/>\n\t<meta name=\"twitter:data1\" content=\"cfeditorfr\" \/>\n\t<meta name=\"twitter:label2\" content=\"Dur\u00e9e de lecture estim\u00e9e\" \/>\n\t<meta name=\"twitter:data2\" content=\"4 minutes\" \/>\n<script type=\"application\/ld+json\" class=\"yoast-schema-graph\">{\"@context\":\"https:\/\/schema.org\",\"@graph\":[{\"@type\":\"Article\",\"@id\":\"https:\/\/www.africa-press.net\/cameroun\/dossiers\/lettre-ouverte-calixthe-beyala-a-emmanuel-macron-que-venez-vous-faire-au-cameroun-en-ces-temps-troubles-de-notre-histoire#article\",\"isPartOf\":{\"@id\":\"https:\/\/www.africa-press.net\/cameroun\/dossiers\/lettre-ouverte-calixthe-beyala-a-emmanuel-macron-que-venez-vous-faire-au-cameroun-en-ces-temps-troubles-de-notre-histoire\"},\"author\":{\"name\":\"cfeditorfr\",\"@id\":\"https:\/\/www.africa-press.net\/cameroun\/#\/schema\/person\/2b1cf3cd81a31e3cd26889ca66d677f1\"},\"headline\":\"Lettre ouverte\/Calixthe Beyala \u00e0 Emmanuel Macron: \u00abQue venez-vous faire au Cameroun en ces temps troubles de notre histoire\u00a0?\u00bb\",\"datePublished\":\"2022-07-17T10:12:49+00:00\",\"dateModified\":\"2022-07-17T13:26:45+00:00\",\"mainEntityOfPage\":{\"@id\":\"https:\/\/www.africa-press.net\/cameroun\/dossiers\/lettre-ouverte-calixthe-beyala-a-emmanuel-macron-que-venez-vous-faire-au-cameroun-en-ces-temps-troubles-de-notre-histoire\"},\"wordCount\":855,\"commentCount\":0,\"image\":{\"@id\":\"https:\/\/www.africa-press.net\/cameroun\/dossiers\/lettre-ouverte-calixthe-beyala-a-emmanuel-macron-que-venez-vous-faire-au-cameroun-en-ces-temps-troubles-de-notre-histoire#primaryimage\"},\"thumbnailUrl\":\"https:\/\/static.africa-press.net\/cameroun\/sites\/57\/2022\/07\/img-62d406555c93c.jpg\",\"keywords\":[\"Africa Press\",\"Africa Press-Cameroun\",\"Cameroun\"],\"articleSection\":[\"Dossiers\",\"homepage-french\",\"Toutes les actualit\u00e9s\"],\"inLanguage\":\"fr-FR\",\"potentialAction\":[{\"@type\":\"CommentAction\",\"name\":\"Comment\",\"target\":[\"https:\/\/www.africa-press.net\/cameroun\/dossiers\/lettre-ouverte-calixthe-beyala-a-emmanuel-macron-que-venez-vous-faire-au-cameroun-en-ces-temps-troubles-de-notre-histoire#respond\"]}]},{\"@type\":\"WebPage\",\"@id\":\"https:\/\/www.africa-press.net\/cameroun\/dossiers\/lettre-ouverte-calixthe-beyala-a-emmanuel-macron-que-venez-vous-faire-au-cameroun-en-ces-temps-troubles-de-notre-histoire\",\"url\":\"https:\/\/www.africa-press.net\/cameroun\/dossiers\/lettre-ouverte-calixthe-beyala-a-emmanuel-macron-que-venez-vous-faire-au-cameroun-en-ces-temps-troubles-de-notre-histoire\",\"name\":\"Lettre ouverte\/Calixthe Beyala \u00e0 Emmanuel Macron: \u00abQue venez-vous faire au Cameroun en ces temps troubles de notre histoire\u00a0?\u00bb - Cameroun\",\"isPartOf\":{\"@id\":\"https:\/\/www.africa-press.net\/cameroun\/#website\"},\"primaryImageOfPage\":{\"@id\":\"https:\/\/www.africa-press.net\/cameroun\/dossiers\/lettre-ouverte-calixthe-beyala-a-emmanuel-macron-que-venez-vous-faire-au-cameroun-en-ces-temps-troubles-de-notre-histoire#primaryimage\"},\"image\":{\"@id\":\"https:\/\/www.africa-press.net\/cameroun\/dossiers\/lettre-ouverte-calixthe-beyala-a-emmanuel-macron-que-venez-vous-faire-au-cameroun-en-ces-temps-troubles-de-notre-histoire#primaryimage\"},\"thumbnailUrl\":\"https:\/\/static.africa-press.net\/cameroun\/sites\/57\/2022\/07\/img-62d406555c93c.jpg\",\"datePublished\":\"2022-07-17T10:12:49+00:00\",\"dateModified\":\"2022-07-17T13:26:45+00:00\",\"author\":{\"@id\":\"https:\/\/www.africa-press.net\/cameroun\/#\/schema\/person\/2b1cf3cd81a31e3cd26889ca66d677f1\"},\"description\":\"Jusqu\u2019\u00e0 pr\u00e9sent sur le site de l\u2019Elys\u00e9e, la visite officielle d\u2019Emmanuel Macron au Cameroun n\u2019est pas encore confirm\u00e9e, ...\",\"breadcrumb\":{\"@id\":\"https:\/\/www.africa-press.net\/cameroun\/dossiers\/lettre-ouverte-calixthe-beyala-a-emmanuel-macron-que-venez-vous-faire-au-cameroun-en-ces-temps-troubles-de-notre-histoire#breadcrumb\"},\"inLanguage\":\"fr-FR\",\"potentialAction\":[{\"@type\":\"ReadAction\",\"target\":[\"https:\/\/www.africa-press.net\/cameroun\/dossiers\/lettre-ouverte-calixthe-beyala-a-emmanuel-macron-que-venez-vous-faire-au-cameroun-en-ces-temps-troubles-de-notre-histoire\"]}]},{\"@type\":\"ImageObject\",\"inLanguage\":\"fr-FR\",\"@id\":\"https:\/\/www.africa-press.net\/cameroun\/dossiers\/lettre-ouverte-calixthe-beyala-a-emmanuel-macron-que-venez-vous-faire-au-cameroun-en-ces-temps-troubles-de-notre-histoire#primaryimage\",\"url\":\"https:\/\/static.africa-press.net\/cameroun\/sites\/57\/2022\/07\/img-62d406555c93c.jpg\",\"contentUrl\":\"https:\/\/static.africa-press.net\/cameroun\/sites\/57\/2022\/07\/img-62d406555c93c.jpg\",\"width\":800,\"height\":615,\"caption\":\"Lettre ouverte\/Calixthe Beyala \u00e0 Emmanuel Macron: \u00abQue venez-vous faire au Cameroun en ces temps troubles de notre histoire\u00a0?\u00bb\"},{\"@type\":\"BreadcrumbList\",\"@id\":\"https:\/\/www.africa-press.net\/cameroun\/dossiers\/lettre-ouverte-calixthe-beyala-a-emmanuel-macron-que-venez-vous-faire-au-cameroun-en-ces-temps-troubles-de-notre-histoire#breadcrumb\",\"itemListElement\":[{\"@type\":\"ListItem\",\"position\":1,\"name\":\"Accueil\",\"item\":\"https:\/\/www.africa-press.net\/cameroun\/\"},{\"@type\":\"ListItem\",\"position\":2,\"name\":\"Lettre ouverte\/Calixthe Beyala \u00e0 Emmanuel Macron: \u00abQue venez-vous faire au Cameroun en ces temps troubles de notre histoire\u00a0?\u00bb\"}]},{\"@type\":\"WebSite\",\"@id\":\"https:\/\/www.africa-press.net\/cameroun\/#website\",\"url\":\"https:\/\/www.africa-press.net\/cameroun\/\",\"name\":\"Cameroun\",\"description\":\"Just another Africa News Agency Sites site\",\"potentialAction\":[{\"@type\":\"SearchAction\",\"target\":{\"@type\":\"EntryPoint\",\"urlTemplate\":\"https:\/\/www.africa-press.net\/cameroun\/?s={search_term_string}\"},\"query-input\":{\"@type\":\"PropertyValueSpecification\",\"valueRequired\":true,\"valueName\":\"search_term_string\"}}],\"inLanguage\":\"fr-FR\"},{\"@type\":\"Person\",\"@id\":\"https:\/\/www.africa-press.net\/cameroun\/#\/schema\/person\/2b1cf3cd81a31e3cd26889ca66d677f1\",\"name\":\"cfeditorfr\"}]}<\/script>\n<!-- \/ Yoast SEO Premium plugin. -->","yoast_head_json":{"title":"Lettre ouverte\/Calixthe Beyala \u00e0 Emmanuel Macron: \u00abQue venez-vous faire au Cameroun en ces temps troubles de notre histoire\u00a0?\u00bb - Cameroun","description":"Jusqu\u2019\u00e0 pr\u00e9sent sur le site de l\u2019Elys\u00e9e, la visite officielle d\u2019Emmanuel Macron au Cameroun n\u2019est pas encore confirm\u00e9e, ...","robots":{"index":"index","follow":"follow","max-snippet":"max-snippet:-1","max-image-preview":"max-image-preview:large","max-video-preview":"max-video-preview:-1"},"canonical":"https:\/\/www.africa-press.net\/cameroun\/dossiers\/lettre-ouverte-calixthe-beyala-a-emmanuel-macron-que-venez-vous-faire-au-cameroun-en-ces-temps-troubles-de-notre-histoire","og_locale":"fr_FR","og_type":"article","og_title":"Lettre ouverte\/Calixthe Beyala \u00e0 Emmanuel Macron: \u00abQue venez-vous faire au Cameroun en ces temps troubles de notre histoire\u00a0?\u00bb","og_description":"Jusqu\u2019\u00e0 pr\u00e9sent sur le site de l\u2019Elys\u00e9e, la visite officielle d\u2019Emmanuel Macron au Cameroun n\u2019est pas encore confirm\u00e9e, ...","og_url":"https:\/\/www.africa-press.net\/cameroun\/dossiers\/lettre-ouverte-calixthe-beyala-a-emmanuel-macron-que-venez-vous-faire-au-cameroun-en-ces-temps-troubles-de-notre-histoire","og_site_name":"Cameroun","article_published_time":"2022-07-17T10:12:49+00:00","article_modified_time":"2022-07-17T13:26:45+00:00","og_image":[{"width":800,"height":615,"url":"https:\/\/static.africa-press.net\/cameroun\/sites\/57\/2022\/07\/img-62d406555c93c.jpg","type":"image\/jpeg"}],"author":"cfeditorfr","twitter_card":"summary_large_image","twitter_misc":{"\u00c9crit par":"cfeditorfr","Dur\u00e9e de lecture estim\u00e9e":"4 minutes"},"schema":{"@context":"https:\/\/schema.org","@graph":[{"@type":"Article","@id":"https:\/\/www.africa-press.net\/cameroun\/dossiers\/lettre-ouverte-calixthe-beyala-a-emmanuel-macron-que-venez-vous-faire-au-cameroun-en-ces-temps-troubles-de-notre-histoire#article","isPartOf":{"@id":"https:\/\/www.africa-press.net\/cameroun\/dossiers\/lettre-ouverte-calixthe-beyala-a-emmanuel-macron-que-venez-vous-faire-au-cameroun-en-ces-temps-troubles-de-notre-histoire"},"author":{"name":"cfeditorfr","@id":"https:\/\/www.africa-press.net\/cameroun\/#\/schema\/person\/2b1cf3cd81a31e3cd26889ca66d677f1"},"headline":"Lettre ouverte\/Calixthe Beyala \u00e0 Emmanuel Macron: \u00abQue venez-vous faire au Cameroun en ces temps troubles de notre histoire\u00a0?\u00bb","datePublished":"2022-07-17T10:12:49+00:00","dateModified":"2022-07-17T13:26:45+00:00","mainEntityOfPage":{"@id":"https:\/\/www.africa-press.net\/cameroun\/dossiers\/lettre-ouverte-calixthe-beyala-a-emmanuel-macron-que-venez-vous-faire-au-cameroun-en-ces-temps-troubles-de-notre-histoire"},"wordCount":855,"commentCount":0,"image":{"@id":"https:\/\/www.africa-press.net\/cameroun\/dossiers\/lettre-ouverte-calixthe-beyala-a-emmanuel-macron-que-venez-vous-faire-au-cameroun-en-ces-temps-troubles-de-notre-histoire#primaryimage"},"thumbnailUrl":"https:\/\/static.africa-press.net\/cameroun\/sites\/57\/2022\/07\/img-62d406555c93c.jpg","keywords":["Africa Press","Africa Press-Cameroun","Cameroun"],"articleSection":["Dossiers","homepage-french","Toutes les actualit\u00e9s"],"inLanguage":"fr-FR","potentialAction":[{"@type":"CommentAction","name":"Comment","target":["https:\/\/www.africa-press.net\/cameroun\/dossiers\/lettre-ouverte-calixthe-beyala-a-emmanuel-macron-que-venez-vous-faire-au-cameroun-en-ces-temps-troubles-de-notre-histoire#respond"]}]},{"@type":"WebPage","@id":"https:\/\/www.africa-press.net\/cameroun\/dossiers\/lettre-ouverte-calixthe-beyala-a-emmanuel-macron-que-venez-vous-faire-au-cameroun-en-ces-temps-troubles-de-notre-histoire","url":"https:\/\/www.africa-press.net\/cameroun\/dossiers\/lettre-ouverte-calixthe-beyala-a-emmanuel-macron-que-venez-vous-faire-au-cameroun-en-ces-temps-troubles-de-notre-histoire","name":"Lettre ouverte\/Calixthe Beyala \u00e0 Emmanuel Macron: \u00abQue venez-vous faire au Cameroun en ces temps troubles de notre histoire\u00a0?\u00bb - Cameroun","isPartOf":{"@id":"https:\/\/www.africa-press.net\/cameroun\/#website"},"primaryImageOfPage":{"@id":"https:\/\/www.africa-press.net\/cameroun\/dossiers\/lettre-ouverte-calixthe-beyala-a-emmanuel-macron-que-venez-vous-faire-au-cameroun-en-ces-temps-troubles-de-notre-histoire#primaryimage"},"image":{"@id":"https:\/\/www.africa-press.net\/cameroun\/dossiers\/lettre-ouverte-calixthe-beyala-a-emmanuel-macron-que-venez-vous-faire-au-cameroun-en-ces-temps-troubles-de-notre-histoire#primaryimage"},"thumbnailUrl":"https:\/\/static.africa-press.net\/cameroun\/sites\/57\/2022\/07\/img-62d406555c93c.jpg","datePublished":"2022-07-17T10:12:49+00:00","dateModified":"2022-07-17T13:26:45+00:00","author":{"@id":"https:\/\/www.africa-press.net\/cameroun\/#\/schema\/person\/2b1cf3cd81a31e3cd26889ca66d677f1"},"description":"Jusqu\u2019\u00e0 pr\u00e9sent sur le site de l\u2019Elys\u00e9e, la visite officielle d\u2019Emmanuel Macron au Cameroun n\u2019est pas encore confirm\u00e9e, ...","breadcrumb":{"@id":"https:\/\/www.africa-press.net\/cameroun\/dossiers\/lettre-ouverte-calixthe-beyala-a-emmanuel-macron-que-venez-vous-faire-au-cameroun-en-ces-temps-troubles-de-notre-histoire#breadcrumb"},"inLanguage":"fr-FR","potentialAction":[{"@type":"ReadAction","target":["https:\/\/www.africa-press.net\/cameroun\/dossiers\/lettre-ouverte-calixthe-beyala-a-emmanuel-macron-que-venez-vous-faire-au-cameroun-en-ces-temps-troubles-de-notre-histoire"]}]},{"@type":"ImageObject","inLanguage":"fr-FR","@id":"https:\/\/www.africa-press.net\/cameroun\/dossiers\/lettre-ouverte-calixthe-beyala-a-emmanuel-macron-que-venez-vous-faire-au-cameroun-en-ces-temps-troubles-de-notre-histoire#primaryimage","url":"https:\/\/static.africa-press.net\/cameroun\/sites\/57\/2022\/07\/img-62d406555c93c.jpg","contentUrl":"https:\/\/static.africa-press.net\/cameroun\/sites\/57\/2022\/07\/img-62d406555c93c.jpg","width":800,"height":615,"caption":"Lettre ouverte\/Calixthe Beyala \u00e0 Emmanuel Macron: \u00abQue venez-vous faire au Cameroun en ces temps troubles de notre histoire\u00a0?\u00bb"},{"@type":"BreadcrumbList","@id":"https:\/\/www.africa-press.net\/cameroun\/dossiers\/lettre-ouverte-calixthe-beyala-a-emmanuel-macron-que-venez-vous-faire-au-cameroun-en-ces-temps-troubles-de-notre-histoire#breadcrumb","itemListElement":[{"@type":"ListItem","position":1,"name":"Accueil","item":"https:\/\/www.africa-press.net\/cameroun\/"},{"@type":"ListItem","position":2,"name":"Lettre ouverte\/Calixthe Beyala \u00e0 Emmanuel Macron: \u00abQue venez-vous faire au Cameroun en ces temps troubles de notre histoire\u00a0?\u00bb"}]},{"@type":"WebSite","@id":"https:\/\/www.africa-press.net\/cameroun\/#website","url":"https:\/\/www.africa-press.net\/cameroun\/","name":"Cameroun","description":"Just another Africa News Agency Sites site","potentialAction":[{"@type":"SearchAction","target":{"@type":"EntryPoint","urlTemplate":"https:\/\/www.africa-press.net\/cameroun\/?s={search_term_string}"},"query-input":{"@type":"PropertyValueSpecification","valueRequired":true,"valueName":"search_term_string"}}],"inLanguage":"fr-FR"},{"@type":"Person","@id":"https:\/\/www.africa-press.net\/cameroun\/#\/schema\/person\/2b1cf3cd81a31e3cd26889ca66d677f1","name":"cfeditorfr"}]}},"_links":{"self":[{"href":"https:\/\/www.africa-press.net\/cameroun\/wp-json\/wp\/v2\/posts\/23681","targetHints":{"allow":["GET"]}}],"collection":[{"href":"https:\/\/www.africa-press.net\/cameroun\/wp-json\/wp\/v2\/posts"}],"about":[{"href":"https:\/\/www.africa-press.net\/cameroun\/wp-json\/wp\/v2\/types\/post"}],"author":[{"embeddable":true,"href":"https:\/\/www.africa-press.net\/cameroun\/wp-json\/wp\/v2\/users\/82"}],"replies":[{"embeddable":true,"href":"https:\/\/www.africa-press.net\/cameroun\/wp-json\/wp\/v2\/comments?post=23681"}],"version-history":[{"count":0,"href":"https:\/\/www.africa-press.net\/cameroun\/wp-json\/wp\/v2\/posts\/23681\/revisions"}],"wp:featuredmedia":[{"embeddable":true,"href":"https:\/\/www.africa-press.net\/cameroun\/wp-json\/wp\/v2\/media\/23680"}],"wp:attachment":[{"href":"https:\/\/www.africa-press.net\/cameroun\/wp-json\/wp\/v2\/media?parent=23681"}],"wp:term":[{"taxonomy":"category","embeddable":true,"href":"https:\/\/www.africa-press.net\/cameroun\/wp-json\/wp\/v2\/categories?post=23681"},{"taxonomy":"post_tag","embeddable":true,"href":"https:\/\/www.africa-press.net\/cameroun\/wp-json\/wp\/v2\/tags?post=23681"}],"curies":[{"name":"wp","href":"https:\/\/api.w.org\/{rel}","templated":true}]}}