{"id":23687,"date":"2022-07-17T12:53:09","date_gmt":"2022-07-17T12:53:09","guid":{"rendered":"https:\/\/www.africa-press.net\/cameroun\/politique\/succession-il-imite-paul-biya-et-se-fait-limoge-avant-le-remaniement-ministeriel"},"modified":"2022-07-17T13:22:20","modified_gmt":"2022-07-17T13:22:20","slug":"succession-il-imite-paul-biya-et-se-fait-limoge-avant-le-remaniement-ministeriel","status":"publish","type":"post","link":"https:\/\/www.africa-press.net\/cameroun\/politique\/succession-il-imite-paul-biya-et-se-fait-limoge-avant-le-remaniement-ministeriel","title":{"rendered":"Succession : il imite Paul Biya et se fait limog\u00e9 avant le remaniement minist\u00e9riel"},"content":{"rendered":"<p><span style=\"color: #ff6600\"><strong>Africa-Press &#8211; Cameroun. <\/strong><\/span>Les camerounais sont impatients de conna\u00eetre le prochain gouvernement qui devra conduire le destin des populations. Concernant le remaniement, un r\u00e9ajustement devrait bient\u00f4t avoir lieu selon La M\u00e9t\u00e9o du 21-06-2022 qui cite des sources tr\u00e8s introduites. Selon le journal, le Chef de l\u2019\u00c9tat a boucl\u00e9 le tour de la question. L\u2019avenir du premier ministre Joseph Dion Ngute en pointill\u00e9s et ce dernier est en sursis au gouvernement.<\/p>\n<p>Notre confr\u00e8re qui se refuse de d\u00e9voiler la liste des ministres de ce nouveau gouvernement, affirme tout de m\u00eame que le Secr\u00e9taire g\u00e9n\u00e9rale de la pr\u00e9sidence de la R\u00e9publique ne sera pas vir\u00e9 comme certains sites et plateformes sociales populaires l&rsquo;ont annonc\u00e9 ces derniers mois.<\/p>\n<p>Aux derni\u00e8res nouvelles, un projet de loi ayant trait \u00e0 la r\u00e9vision de la Constitution serait en examen \u00e0 la Commission des Lois Constitutionnelles depuis le 2 juillet 2022.<\/p>\n<p>Lors de la session parlementaire de mars dernier, la presse a \u00e9bruit\u00e9 le projet d\u2019instauration d\u2019un poste de vice-pr\u00e9sident de la R\u00e9publique. De toute \u00e9vidence, ce projet a \u00e9t\u00e9 remis au go\u00fbt du jour lors de la session en cours. Le projet de loi n\u00b02025\/Pj\/An, re\u00e7u \u00e0 la commission des lois constitutionnelles, et qui fera l\u2019objet d\u2019une discussion g\u00e9n\u00e9rale lors d\u2019une s\u00e9ance pl\u00e9ni\u00e8re le 4 juillet, avant un autre examen en pl\u00e9ni\u00e8re le mercredi 6 juillet, fait d\u00e9j\u00e0 des gorges chaudes.<\/p>\n<p>Sans \u00eatre dans les secrets des dieux, on annonce outre l\u2019instauration d\u2019un poste de vice-pr\u00e9sident de la R\u00e9publique, un amendement sur la limitation de l\u2019\u00e2ge des candidats \u00e0-la pr\u00e9sidentielle. Ces deux amendements surviendraient dans un contexte marqu\u00e9 par des jeux et des enjeux de succession aliment\u00e9s par le grand \u00e2ge du chef de l\u2019Etat et son magist\u00e8re jug\u00e9 interminable.<\/p>\n<p>D&rsquo;apr\u00e8s notre confr\u00e8re 237online, le Sous-Pr\u00e9fet de Soa, qui s\u2019\u00e9tait offert une revue en voiture lors du 20 Mai dernier, tel Le PR\u00c9SIDENT DE LA R\u00c9PUBLIQUE, CHEF DE L\u2019\u00c9TAT n\u2019est plus Sous-pr\u00e9fet de l\u2019Arrondissement de Soa depuis hier soir.<\/p>\n<p>M. NNA MVAEBEME Claude Bernard apprend \u00e0 ses d\u00e9pends qu\u2019on ne singe pas un Chef d\u2019\u00c9tat, surtout pas Paul Biya. Il en ressortira beaucoup grandi de ce limogeage.<\/p>\n<p><strong>Pour plus d&rsquo;informations et d&rsquo;analyses sur la <a href=\"https:\/\/www.africa-press.net\/cameroun\">Cameroun<\/a>, suivez <a href=\"https:\/\/www.africa-press.net\/\">Africa-Press<\/a><\/strong><\/p>\n","protected":false},"excerpt":{"rendered":"<p>Africa-Press &#8211; Cameroun. Les camerounais sont impatients de conna\u00eetre le prochain gouvernement qui devra conduire le destin des populations. Concernant le remaniement, un r\u00e9ajustement devrait bient\u00f4t avoir lieu selon La M\u00e9t\u00e9o du 21-06-2022 qui cite des sources tr\u00e8s introduites. Selon le journal, le Chef de l\u2019\u00c9tat a boucl\u00e9 le tour de la question. L\u2019avenir du [&hellip;]<\/p>\n","protected":false},"author":82,"featured_media":23686,"comment_status":"open","ping_status":"closed","sticky":false,"template":"","format":"standard","meta":{"footnotes":""},"categories":[11,2,10],"tags":[36,50,49],"class_list":["post-23687","post","type-post","status-publish","format-standard","has-post-thumbnail","hentry","category-homepage-french","category-politique","category-toutes-les-actualites","tag-africa-press","tag-africa-press-cameroun","tag-cameroun"],"yoast_head":"<!-- This site is optimized with the Yoast SEO Premium plugin v26.1 (Yoast SEO v27.0) - https:\/\/yoast.com\/product\/yoast-seo-premium-wordpress\/ -->\n<title>Succession : il imite Paul Biya et se fait limog\u00e9 avant le remaniement minist\u00e9riel - Cameroun<\/title>\n<meta name=\"description\" content=\"Les camerounais sont impatients de conna\u00eetre le prochain gouvernement qui devra conduire le destin des populations. Conc ...\" \/>\n<meta name=\"robots\" content=\"index, follow, max-snippet:-1, max-image-preview:large, max-video-preview:-1\" \/>\n<link rel=\"canonical\" href=\"https:\/\/www.africa-press.net\/cameroun\/politique\/succession-il-imite-paul-biya-et-se-fait-limoge-avant-le-remaniement-ministeriel\" \/>\n<meta property=\"og:locale\" content=\"fr_FR\" \/>\n<meta property=\"og:type\" content=\"article\" \/>\n<meta property=\"og:title\" content=\"Succession : il imite Paul Biya et se fait limog\u00e9 avant le remaniement minist\u00e9riel\" \/>\n<meta property=\"og:description\" content=\"Les camerounais sont impatients de conna\u00eetre le prochain gouvernement qui devra conduire le destin des populations. Conc ...\" \/>\n<meta property=\"og:url\" content=\"https:\/\/www.africa-press.net\/cameroun\/politique\/succession-il-imite-paul-biya-et-se-fait-limoge-avant-le-remaniement-ministeriel\" \/>\n<meta property=\"og:site_name\" content=\"Cameroun\" \/>\n<meta property=\"article:published_time\" content=\"2022-07-17T12:53:09+00:00\" \/>\n<meta property=\"article:modified_time\" content=\"2022-07-17T13:22:20+00:00\" \/>\n<meta property=\"og:image\" content=\"https:\/\/static.africa-press.net\/cameroun\/sites\/57\/2022\/07\/postQueueImg_2-62d40cf796a5f.jpg\" \/>\n\t<meta property=\"og:image:width\" content=\"600\" \/>\n\t<meta property=\"og:image:height\" content=\"400\" \/>\n\t<meta property=\"og:image:type\" content=\"image\/jpeg\" \/>\n<meta name=\"author\" content=\"cfeditorfr\" \/>\n<meta name=\"twitter:card\" content=\"summary_large_image\" \/>\n<meta name=\"twitter:label1\" content=\"\u00c9crit par\" \/>\n\t<meta name=\"twitter:data1\" content=\"cfeditorfr\" \/>\n\t<meta name=\"twitter:label2\" content=\"Dur\u00e9e de lecture estim\u00e9e\" \/>\n\t<meta name=\"twitter:data2\" content=\"2 minutes\" \/>\n<script type=\"application\/ld+json\" class=\"yoast-schema-graph\">{\"@context\":\"https:\/\/schema.org\",\"@graph\":[{\"@type\":\"Article\",\"@id\":\"https:\/\/www.africa-press.net\/cameroun\/politique\/succession-il-imite-paul-biya-et-se-fait-limoge-avant-le-remaniement-ministeriel#article\",\"isPartOf\":{\"@id\":\"https:\/\/www.africa-press.net\/cameroun\/politique\/succession-il-imite-paul-biya-et-se-fait-limoge-avant-le-remaniement-ministeriel\"},\"author\":{\"name\":\"cfeditorfr\",\"@id\":\"https:\/\/www.africa-press.net\/cameroun\/#\/schema\/person\/2b1cf3cd81a31e3cd26889ca66d677f1\"},\"headline\":\"Succession : il imite Paul Biya et se fait limog\u00e9 avant le remaniement minist\u00e9riel\",\"datePublished\":\"2022-07-17T12:53:09+00:00\",\"dateModified\":\"2022-07-17T13:22:20+00:00\",\"mainEntityOfPage\":{\"@id\":\"https:\/\/www.africa-press.net\/cameroun\/politique\/succession-il-imite-paul-biya-et-se-fait-limoge-avant-le-remaniement-ministeriel\"},\"wordCount\":431,\"commentCount\":0,\"image\":{\"@id\":\"https:\/\/www.africa-press.net\/cameroun\/politique\/succession-il-imite-paul-biya-et-se-fait-limoge-avant-le-remaniement-ministeriel#primaryimage\"},\"thumbnailUrl\":\"https:\/\/static.africa-press.net\/cameroun\/sites\/57\/2022\/07\/postQueueImg_2-62d40cf796a5f.jpg\",\"keywords\":[\"Africa Press\",\"Africa Press-Cameroun\",\"Cameroun\"],\"articleSection\":[\"homepage-french\",\"Politique\",\"Toutes les actualit\u00e9s\"],\"inLanguage\":\"fr-FR\",\"potentialAction\":[{\"@type\":\"CommentAction\",\"name\":\"Comment\",\"target\":[\"https:\/\/www.africa-press.net\/cameroun\/politique\/succession-il-imite-paul-biya-et-se-fait-limoge-avant-le-remaniement-ministeriel#respond\"]}]},{\"@type\":\"WebPage\",\"@id\":\"https:\/\/www.africa-press.net\/cameroun\/politique\/succession-il-imite-paul-biya-et-se-fait-limoge-avant-le-remaniement-ministeriel\",\"url\":\"https:\/\/www.africa-press.net\/cameroun\/politique\/succession-il-imite-paul-biya-et-se-fait-limoge-avant-le-remaniement-ministeriel\",\"name\":\"Succession : il imite Paul Biya et se fait limog\u00e9 avant le remaniement minist\u00e9riel - Cameroun\",\"isPartOf\":{\"@id\":\"https:\/\/www.africa-press.net\/cameroun\/#website\"},\"primaryImageOfPage\":{\"@id\":\"https:\/\/www.africa-press.net\/cameroun\/politique\/succession-il-imite-paul-biya-et-se-fait-limoge-avant-le-remaniement-ministeriel#primaryimage\"},\"image\":{\"@id\":\"https:\/\/www.africa-press.net\/cameroun\/politique\/succession-il-imite-paul-biya-et-se-fait-limoge-avant-le-remaniement-ministeriel#primaryimage\"},\"thumbnailUrl\":\"https:\/\/static.africa-press.net\/cameroun\/sites\/57\/2022\/07\/postQueueImg_2-62d40cf796a5f.jpg\",\"datePublished\":\"2022-07-17T12:53:09+00:00\",\"dateModified\":\"2022-07-17T13:22:20+00:00\",\"author\":{\"@id\":\"https:\/\/www.africa-press.net\/cameroun\/#\/schema\/person\/2b1cf3cd81a31e3cd26889ca66d677f1\"},\"description\":\"Les camerounais sont impatients de conna\u00eetre le prochain gouvernement qui devra conduire le destin des populations. Conc ...\",\"breadcrumb\":{\"@id\":\"https:\/\/www.africa-press.net\/cameroun\/politique\/succession-il-imite-paul-biya-et-se-fait-limoge-avant-le-remaniement-ministeriel#breadcrumb\"},\"inLanguage\":\"fr-FR\",\"potentialAction\":[{\"@type\":\"ReadAction\",\"target\":[\"https:\/\/www.africa-press.net\/cameroun\/politique\/succession-il-imite-paul-biya-et-se-fait-limoge-avant-le-remaniement-ministeriel\"]}]},{\"@type\":\"ImageObject\",\"inLanguage\":\"fr-FR\",\"@id\":\"https:\/\/www.africa-press.net\/cameroun\/politique\/succession-il-imite-paul-biya-et-se-fait-limoge-avant-le-remaniement-ministeriel#primaryimage\",\"url\":\"https:\/\/static.africa-press.net\/cameroun\/sites\/57\/2022\/07\/postQueueImg_2-62d40cf796a5f.jpg\",\"contentUrl\":\"https:\/\/static.africa-press.net\/cameroun\/sites\/57\/2022\/07\/postQueueImg_2-62d40cf796a5f.jpg\",\"width\":600,\"height\":400,\"caption\":\"Succession : il imite Paul Biya et se fait limog\u00e9 avant le remaniement minist\u00e9riel\"},{\"@type\":\"BreadcrumbList\",\"@id\":\"https:\/\/www.africa-press.net\/cameroun\/politique\/succession-il-imite-paul-biya-et-se-fait-limoge-avant-le-remaniement-ministeriel#breadcrumb\",\"itemListElement\":[{\"@type\":\"ListItem\",\"position\":1,\"name\":\"Accueil\",\"item\":\"https:\/\/www.africa-press.net\/cameroun\/\"},{\"@type\":\"ListItem\",\"position\":2,\"name\":\"Succession : il imite Paul Biya et se fait limog\u00e9 avant le remaniement minist\u00e9riel\"}]},{\"@type\":\"WebSite\",\"@id\":\"https:\/\/www.africa-press.net\/cameroun\/#website\",\"url\":\"https:\/\/www.africa-press.net\/cameroun\/\",\"name\":\"Cameroun\",\"description\":\"Just another Africa News Agency Sites site\",\"potentialAction\":[{\"@type\":\"SearchAction\",\"target\":{\"@type\":\"EntryPoint\",\"urlTemplate\":\"https:\/\/www.africa-press.net\/cameroun\/?s={search_term_string}\"},\"query-input\":{\"@type\":\"PropertyValueSpecification\",\"valueRequired\":true,\"valueName\":\"search_term_string\"}}],\"inLanguage\":\"fr-FR\"},{\"@type\":\"Person\",\"@id\":\"https:\/\/www.africa-press.net\/cameroun\/#\/schema\/person\/2b1cf3cd81a31e3cd26889ca66d677f1\",\"name\":\"cfeditorfr\"}]}<\/script>\n<!-- \/ Yoast SEO Premium plugin. -->","yoast_head_json":{"title":"Succession : il imite Paul Biya et se fait limog\u00e9 avant le remaniement minist\u00e9riel - Cameroun","description":"Les camerounais sont impatients de conna\u00eetre le prochain gouvernement qui devra conduire le destin des populations. Conc ...","robots":{"index":"index","follow":"follow","max-snippet":"max-snippet:-1","max-image-preview":"max-image-preview:large","max-video-preview":"max-video-preview:-1"},"canonical":"https:\/\/www.africa-press.net\/cameroun\/politique\/succession-il-imite-paul-biya-et-se-fait-limoge-avant-le-remaniement-ministeriel","og_locale":"fr_FR","og_type":"article","og_title":"Succession : il imite Paul Biya et se fait limog\u00e9 avant le remaniement minist\u00e9riel","og_description":"Les camerounais sont impatients de conna\u00eetre le prochain gouvernement qui devra conduire le destin des populations. Conc ...","og_url":"https:\/\/www.africa-press.net\/cameroun\/politique\/succession-il-imite-paul-biya-et-se-fait-limoge-avant-le-remaniement-ministeriel","og_site_name":"Cameroun","article_published_time":"2022-07-17T12:53:09+00:00","article_modified_time":"2022-07-17T13:22:20+00:00","og_image":[{"width":600,"height":400,"url":"https:\/\/static.africa-press.net\/cameroun\/sites\/57\/2022\/07\/postQueueImg_2-62d40cf796a5f.jpg","type":"image\/jpeg"}],"author":"cfeditorfr","twitter_card":"summary_large_image","twitter_misc":{"\u00c9crit par":"cfeditorfr","Dur\u00e9e de lecture estim\u00e9e":"2 minutes"},"schema":{"@context":"https:\/\/schema.org","@graph":[{"@type":"Article","@id":"https:\/\/www.africa-press.net\/cameroun\/politique\/succession-il-imite-paul-biya-et-se-fait-limoge-avant-le-remaniement-ministeriel#article","isPartOf":{"@id":"https:\/\/www.africa-press.net\/cameroun\/politique\/succession-il-imite-paul-biya-et-se-fait-limoge-avant-le-remaniement-ministeriel"},"author":{"name":"cfeditorfr","@id":"https:\/\/www.africa-press.net\/cameroun\/#\/schema\/person\/2b1cf3cd81a31e3cd26889ca66d677f1"},"headline":"Succession : il imite Paul Biya et se fait limog\u00e9 avant le remaniement minist\u00e9riel","datePublished":"2022-07-17T12:53:09+00:00","dateModified":"2022-07-17T13:22:20+00:00","mainEntityOfPage":{"@id":"https:\/\/www.africa-press.net\/cameroun\/politique\/succession-il-imite-paul-biya-et-se-fait-limoge-avant-le-remaniement-ministeriel"},"wordCount":431,"commentCount":0,"image":{"@id":"https:\/\/www.africa-press.net\/cameroun\/politique\/succession-il-imite-paul-biya-et-se-fait-limoge-avant-le-remaniement-ministeriel#primaryimage"},"thumbnailUrl":"https:\/\/static.africa-press.net\/cameroun\/sites\/57\/2022\/07\/postQueueImg_2-62d40cf796a5f.jpg","keywords":["Africa Press","Africa Press-Cameroun","Cameroun"],"articleSection":["homepage-french","Politique","Toutes les actualit\u00e9s"],"inLanguage":"fr-FR","potentialAction":[{"@type":"CommentAction","name":"Comment","target":["https:\/\/www.africa-press.net\/cameroun\/politique\/succession-il-imite-paul-biya-et-se-fait-limoge-avant-le-remaniement-ministeriel#respond"]}]},{"@type":"WebPage","@id":"https:\/\/www.africa-press.net\/cameroun\/politique\/succession-il-imite-paul-biya-et-se-fait-limoge-avant-le-remaniement-ministeriel","url":"https:\/\/www.africa-press.net\/cameroun\/politique\/succession-il-imite-paul-biya-et-se-fait-limoge-avant-le-remaniement-ministeriel","name":"Succession : il imite Paul Biya et se fait limog\u00e9 avant le remaniement minist\u00e9riel - Cameroun","isPartOf":{"@id":"https:\/\/www.africa-press.net\/cameroun\/#website"},"primaryImageOfPage":{"@id":"https:\/\/www.africa-press.net\/cameroun\/politique\/succession-il-imite-paul-biya-et-se-fait-limoge-avant-le-remaniement-ministeriel#primaryimage"},"image":{"@id":"https:\/\/www.africa-press.net\/cameroun\/politique\/succession-il-imite-paul-biya-et-se-fait-limoge-avant-le-remaniement-ministeriel#primaryimage"},"thumbnailUrl":"https:\/\/static.africa-press.net\/cameroun\/sites\/57\/2022\/07\/postQueueImg_2-62d40cf796a5f.jpg","datePublished":"2022-07-17T12:53:09+00:00","dateModified":"2022-07-17T13:22:20+00:00","author":{"@id":"https:\/\/www.africa-press.net\/cameroun\/#\/schema\/person\/2b1cf3cd81a31e3cd26889ca66d677f1"},"description":"Les camerounais sont impatients de conna\u00eetre le prochain gouvernement qui devra conduire le destin des populations. Conc ...","breadcrumb":{"@id":"https:\/\/www.africa-press.net\/cameroun\/politique\/succession-il-imite-paul-biya-et-se-fait-limoge-avant-le-remaniement-ministeriel#breadcrumb"},"inLanguage":"fr-FR","potentialAction":[{"@type":"ReadAction","target":["https:\/\/www.africa-press.net\/cameroun\/politique\/succession-il-imite-paul-biya-et-se-fait-limoge-avant-le-remaniement-ministeriel"]}]},{"@type":"ImageObject","inLanguage":"fr-FR","@id":"https:\/\/www.africa-press.net\/cameroun\/politique\/succession-il-imite-paul-biya-et-se-fait-limoge-avant-le-remaniement-ministeriel#primaryimage","url":"https:\/\/static.africa-press.net\/cameroun\/sites\/57\/2022\/07\/postQueueImg_2-62d40cf796a5f.jpg","contentUrl":"https:\/\/static.africa-press.net\/cameroun\/sites\/57\/2022\/07\/postQueueImg_2-62d40cf796a5f.jpg","width":600,"height":400,"caption":"Succession : il imite Paul Biya et se fait limog\u00e9 avant le remaniement minist\u00e9riel"},{"@type":"BreadcrumbList","@id":"https:\/\/www.africa-press.net\/cameroun\/politique\/succession-il-imite-paul-biya-et-se-fait-limoge-avant-le-remaniement-ministeriel#breadcrumb","itemListElement":[{"@type":"ListItem","position":1,"name":"Accueil","item":"https:\/\/www.africa-press.net\/cameroun\/"},{"@type":"ListItem","position":2,"name":"Succession : il imite Paul Biya et se fait limog\u00e9 avant le remaniement minist\u00e9riel"}]},{"@type":"WebSite","@id":"https:\/\/www.africa-press.net\/cameroun\/#website","url":"https:\/\/www.africa-press.net\/cameroun\/","name":"Cameroun","description":"Just another Africa News Agency Sites site","potentialAction":[{"@type":"SearchAction","target":{"@type":"EntryPoint","urlTemplate":"https:\/\/www.africa-press.net\/cameroun\/?s={search_term_string}"},"query-input":{"@type":"PropertyValueSpecification","valueRequired":true,"valueName":"search_term_string"}}],"inLanguage":"fr-FR"},{"@type":"Person","@id":"https:\/\/www.africa-press.net\/cameroun\/#\/schema\/person\/2b1cf3cd81a31e3cd26889ca66d677f1","name":"cfeditorfr"}]}},"_links":{"self":[{"href":"https:\/\/www.africa-press.net\/cameroun\/wp-json\/wp\/v2\/posts\/23687","targetHints":{"allow":["GET"]}}],"collection":[{"href":"https:\/\/www.africa-press.net\/cameroun\/wp-json\/wp\/v2\/posts"}],"about":[{"href":"https:\/\/www.africa-press.net\/cameroun\/wp-json\/wp\/v2\/types\/post"}],"author":[{"embeddable":true,"href":"https:\/\/www.africa-press.net\/cameroun\/wp-json\/wp\/v2\/users\/82"}],"replies":[{"embeddable":true,"href":"https:\/\/www.africa-press.net\/cameroun\/wp-json\/wp\/v2\/comments?post=23687"}],"version-history":[{"count":0,"href":"https:\/\/www.africa-press.net\/cameroun\/wp-json\/wp\/v2\/posts\/23687\/revisions"}],"wp:featuredmedia":[{"embeddable":true,"href":"https:\/\/www.africa-press.net\/cameroun\/wp-json\/wp\/v2\/media\/23686"}],"wp:attachment":[{"href":"https:\/\/www.africa-press.net\/cameroun\/wp-json\/wp\/v2\/media?parent=23687"}],"wp:term":[{"taxonomy":"category","embeddable":true,"href":"https:\/\/www.africa-press.net\/cameroun\/wp-json\/wp\/v2\/categories?post=23687"},{"taxonomy":"post_tag","embeddable":true,"href":"https:\/\/www.africa-press.net\/cameroun\/wp-json\/wp\/v2\/tags?post=23687"}],"curies":[{"name":"wp","href":"https:\/\/api.w.org\/{rel}","templated":true}]}}