{"id":23690,"date":"2022-07-17T13:00:39","date_gmt":"2022-07-17T13:00:39","guid":{"rendered":"https:\/\/www.africa-press.net\/cameroun\/politique\/derniere-minute-maurice-kamto-officiellement-humilie-par-emmanuel-macron-le-clan-biya-se-rejouit"},"modified":"2022-07-17T13:22:44","modified_gmt":"2022-07-17T13:22:44","slug":"derniere-minute-maurice-kamto-officiellement-humilie-par-emmanuel-macron-le-clan-biya-se-rejouit","status":"publish","type":"post","link":"https:\/\/www.africa-press.net\/cameroun\/politique\/derniere-minute-maurice-kamto-officiellement-humilie-par-emmanuel-macron-le-clan-biya-se-rejouit","title":{"rendered":"Derni\u00e8re minute : Maurice Kamto Officiellement &lsquo;humili\u00e9&rsquo; par Emmanuel Macron, le clan Biya se r\u00e9jouit"},"content":{"rendered":"<p><span style=\"color: #ff6600\"><strong>Africa-Press &#8211; Cameroun. <\/strong><\/span>La visite d&rsquo;Emmanuel Macron, le pr\u00e9sident fran\u00e7ais au Cameroun faisait encore des doutes au sein de la politique camerounaise. Ce samedi, les m\u00e9dias fran\u00e7ais ont lev\u00e9 un coin du voile sur le sujet.<\/p>\n<p>\u00ab Le Pr\u00e9sident Emmanuel Macron doit se rendre au Cameroun le 26 juillet 2022. Accompagn\u00e9 de Catherine Colonna, ministre des Affaires europ\u00e9ennes et \u00e9trang\u00e8res, Alexis Kohler, secr\u00e9taire g\u00e9n\u00e9ral de l\u2019\u00c9lys\u00e9e, Franck Paris, conseiller Afrique du pr\u00e9sident de la R\u00e9publique et Christophe Bigot, directeur Afrique du minist\u00e8re des Affaires europ\u00e9ennes et \u00e9trang\u00e8res \u00bb, \u00e9crit le m\u00e9dia fran\u00e7ais Ouest-France.<\/p>\n<p>L&rsquo;opinion avait alors d\u00e9duit et souhait\u00e9e que le pr\u00e9sident fran\u00e7ais \u00e0 son arriv\u00e9 fasse un tour chez l&rsquo;opposition camerounaise. Dr Jean Cr\u00e9pin Nyamsi avait alors douch\u00e9 les espoirs de Maurice Kamto et de l&rsquo;opposition en annon\u00e7ant qu&rsquo;Emmanuel Macron ne rencontrera pas l&rsquo;opposition en cas de visite au Cameroun.<\/p>\n<p>\u00ab Selon le Dr Jean Cr\u00e9pin Nyamsi, il ne serait pas possible pour le pr\u00e9sident fran\u00e7ais de rencontrer les opposants camerounais. \u00ab Macron \u00e0 moins de 24h au Cameroun, il n\u2019aura pas le temps n\u00e9cessaire pour rencontrer individuellement chaque opposant et il ne peut pas se permettre de discuter avec un opposant et pas avec les autres (&#8230;) Pour le moment, le seul opposant qui veut rencontrer Macron est Kamto. Malheureusement, il s\u2019y prend mal et n\u2019aura aucune rencontre avec Macron. Sa strat\u00e9gie est tr\u00e8s mauvaise. En clair, une opposition d\u00e9sordonn\u00e9e n\u2019aura jamais le respect des autres. \u00bb lit-on chez le confr\u00e8re Actu Cameroun. D&rsquo;ailleurs parlant de Maurice Kamto, il s&rsquo;\u00e9tait d\u00e9j\u00e0 prononc\u00e9 sur la probable venue du pr\u00e9sident fran\u00e7ais \u00e0 Yaound\u00e9.<\/p>\n<p>\u00ab Si cette visite se confirme, il serait bienvenu, dans la situation actuelle du Cameroun qui est confront\u00e9 \u00e0 des crises multiformes, que le Chef de l\u2019Etat fran\u00e7ais, dont le pays a une pr\u00e9sence importante dans notre pays, rencontre \u00e9galement l\u2019opposition camerounaise en dehors des rencontres officielles avec les dirigeants en place pour avoir leurs vues sur la situation actuelle et les perspectives d\u2019avenir de notre pays. La m\u00eame ouverture d\u2019esprit serait du reste de mise en cas de visite de tout autre Chef d\u2019Etat d\u2019un pays partenaire historique ou int\u00e9ress\u00e9 par la r\u00e9solution des graves difficult\u00e9s pouvant compromettre une alternance\/transition politique pacifique dans notre pays. \u00bb avait-il indiqu\u00e9.<\/p>\n<p>Au menu des \u00e9changes entre les deux pr\u00e9sidents, on \u00e9voque des questions politiques et des enjeux s\u00e9curitaires dont la crise anglophone et la menace de Boko Haram dans le nord du Cameroun. Lema question de la s\u00e9curit\u00e9 alimentaire s&rsquo;invite \u00e9galement au menu des discussions.<\/p>\n<p>Aussi, l&rsquo;affaire Michel-Thierry Atangana peut \u00eatre \u00e9voqu\u00e9e, informe le m\u00e9dia fran\u00e7ais. \u00ab Un retournement de situation que l\u2019ing\u00e9nieur, citoyen d\u2019honneur de Saint-Pol-de-L\u00e9on (Finist\u00e8re), n\u2019esp\u00e9rait plus. Il esp\u00e8re \u00eatre reconnu comme victime par le pays camerounais \u00bb, a-t-il ajout\u00e9.<\/p>\n<p>Il faut rappeler que c&rsquo;est la premi\u00e8re visite d&rsquo;Emmanuel Macron en Afrique apr\u00e8s sa r\u00e9\u00e9lection \u00e0 la t\u00eate de la magistrature supr\u00eame de la France. Apr\u00e8s Yaound\u00e9, le pr\u00e9sident fran\u00e7ais mettra le cap sur le B\u00e9nin.<\/p>\n<p><strong>Pour plus d&rsquo;informations et d&rsquo;analyses sur la <a href=\"https:\/\/www.africa-press.net\/cameroun\">Cameroun<\/a>, suivez <a href=\"https:\/\/www.africa-press.net\/\">Africa-Press<\/a><\/strong><\/p>\n","protected":false},"excerpt":{"rendered":"<p>Africa-Press &#8211; Cameroun. La visite d&rsquo;Emmanuel Macron, le pr\u00e9sident fran\u00e7ais au Cameroun faisait encore des doutes au sein de la politique camerounaise. Ce samedi, les m\u00e9dias fran\u00e7ais ont lev\u00e9 un coin du voile sur le sujet. \u00ab Le Pr\u00e9sident Emmanuel Macron doit se rendre au Cameroun le 26 juillet 2022. Accompagn\u00e9 de Catherine Colonna, ministre [&hellip;]<\/p>\n","protected":false},"author":82,"featured_media":23689,"comment_status":"open","ping_status":"closed","sticky":false,"template":"","format":"standard","meta":{"footnotes":""},"categories":[11,2,10],"tags":[36,50,49],"class_list":["post-23690","post","type-post","status-publish","format-standard","has-post-thumbnail","hentry","category-homepage-french","category-politique","category-toutes-les-actualites","tag-africa-press","tag-africa-press-cameroun","tag-cameroun"],"yoast_head":"<!-- This site is optimized with the Yoast SEO Premium plugin v26.1 (Yoast SEO v27.0) - https:\/\/yoast.com\/product\/yoast-seo-premium-wordpress\/ -->\n<title>Derni\u00e8re minute : Maurice Kamto Officiellement &#039;humili\u00e9&#039; par Emmanuel Macron, le clan Biya se r\u00e9jouit - Cameroun<\/title>\n<meta name=\"description\" content=\"La visite d&#039;Emmanuel Macron, le pr\u00e9sident fran\u00e7ais au Cameroun faisait encore des doutes au sein de la politique camerou ...\" \/>\n<meta name=\"robots\" content=\"index, follow, max-snippet:-1, max-image-preview:large, max-video-preview:-1\" \/>\n<link rel=\"canonical\" href=\"https:\/\/www.africa-press.net\/cameroun\/politique\/derniere-minute-maurice-kamto-officiellement-humilie-par-emmanuel-macron-le-clan-biya-se-rejouit\" \/>\n<meta property=\"og:locale\" content=\"fr_FR\" \/>\n<meta property=\"og:type\" content=\"article\" \/>\n<meta property=\"og:title\" content=\"Derni\u00e8re minute : Maurice Kamto Officiellement &#039;humili\u00e9&#039; par Emmanuel Macron, le clan Biya se r\u00e9jouit\" \/>\n<meta property=\"og:description\" content=\"La visite d&#039;Emmanuel Macron, le pr\u00e9sident fran\u00e7ais au Cameroun faisait encore des doutes au sein de la politique camerou ...\" \/>\n<meta property=\"og:url\" content=\"https:\/\/www.africa-press.net\/cameroun\/politique\/derniere-minute-maurice-kamto-officiellement-humilie-par-emmanuel-macron-le-clan-biya-se-rejouit\" \/>\n<meta property=\"og:site_name\" content=\"Cameroun\" \/>\n<meta property=\"article:published_time\" content=\"2022-07-17T13:00:39+00:00\" \/>\n<meta property=\"article:modified_time\" content=\"2022-07-17T13:22:44+00:00\" \/>\n<meta property=\"og:image\" content=\"https:\/\/static.africa-press.net\/cameroun\/sites\/57\/2022\/07\/postQueueImg_3-62d40d11d12e3.jpg\" \/>\n\t<meta property=\"og:image:width\" content=\"600\" \/>\n\t<meta property=\"og:image:height\" content=\"413\" \/>\n\t<meta property=\"og:image:type\" content=\"image\/jpeg\" \/>\n<meta name=\"author\" content=\"cfeditorfr\" \/>\n<meta name=\"twitter:card\" content=\"summary_large_image\" \/>\n<meta name=\"twitter:label1\" content=\"\u00c9crit par\" \/>\n\t<meta name=\"twitter:data1\" content=\"cfeditorfr\" \/>\n\t<meta name=\"twitter:label2\" content=\"Dur\u00e9e de lecture estim\u00e9e\" \/>\n\t<meta name=\"twitter:data2\" content=\"3 minutes\" \/>\n<script type=\"application\/ld+json\" class=\"yoast-schema-graph\">{\"@context\":\"https:\/\/schema.org\",\"@graph\":[{\"@type\":\"Article\",\"@id\":\"https:\/\/www.africa-press.net\/cameroun\/politique\/derniere-minute-maurice-kamto-officiellement-humilie-par-emmanuel-macron-le-clan-biya-se-rejouit#article\",\"isPartOf\":{\"@id\":\"https:\/\/www.africa-press.net\/cameroun\/politique\/derniere-minute-maurice-kamto-officiellement-humilie-par-emmanuel-macron-le-clan-biya-se-rejouit\"},\"author\":{\"name\":\"cfeditorfr\",\"@id\":\"https:\/\/www.africa-press.net\/cameroun\/#\/schema\/person\/2b1cf3cd81a31e3cd26889ca66d677f1\"},\"headline\":\"Derni\u00e8re minute : Maurice Kamto Officiellement &lsquo;humili\u00e9&rsquo; par Emmanuel Macron, le clan Biya se r\u00e9jouit\",\"datePublished\":\"2022-07-17T13:00:39+00:00\",\"dateModified\":\"2022-07-17T13:22:44+00:00\",\"mainEntityOfPage\":{\"@id\":\"https:\/\/www.africa-press.net\/cameroun\/politique\/derniere-minute-maurice-kamto-officiellement-humilie-par-emmanuel-macron-le-clan-biya-se-rejouit\"},\"wordCount\":590,\"commentCount\":0,\"image\":{\"@id\":\"https:\/\/www.africa-press.net\/cameroun\/politique\/derniere-minute-maurice-kamto-officiellement-humilie-par-emmanuel-macron-le-clan-biya-se-rejouit#primaryimage\"},\"thumbnailUrl\":\"https:\/\/static.africa-press.net\/cameroun\/sites\/57\/2022\/07\/postQueueImg_3-62d40d11d12e3.jpg\",\"keywords\":[\"Africa Press\",\"Africa Press-Cameroun\",\"Cameroun\"],\"articleSection\":[\"homepage-french\",\"Politique\",\"Toutes les actualit\u00e9s\"],\"inLanguage\":\"fr-FR\",\"potentialAction\":[{\"@type\":\"CommentAction\",\"name\":\"Comment\",\"target\":[\"https:\/\/www.africa-press.net\/cameroun\/politique\/derniere-minute-maurice-kamto-officiellement-humilie-par-emmanuel-macron-le-clan-biya-se-rejouit#respond\"]}]},{\"@type\":\"WebPage\",\"@id\":\"https:\/\/www.africa-press.net\/cameroun\/politique\/derniere-minute-maurice-kamto-officiellement-humilie-par-emmanuel-macron-le-clan-biya-se-rejouit\",\"url\":\"https:\/\/www.africa-press.net\/cameroun\/politique\/derniere-minute-maurice-kamto-officiellement-humilie-par-emmanuel-macron-le-clan-biya-se-rejouit\",\"name\":\"Derni\u00e8re minute : Maurice Kamto Officiellement 'humili\u00e9' par Emmanuel Macron, le clan Biya se r\u00e9jouit - Cameroun\",\"isPartOf\":{\"@id\":\"https:\/\/www.africa-press.net\/cameroun\/#website\"},\"primaryImageOfPage\":{\"@id\":\"https:\/\/www.africa-press.net\/cameroun\/politique\/derniere-minute-maurice-kamto-officiellement-humilie-par-emmanuel-macron-le-clan-biya-se-rejouit#primaryimage\"},\"image\":{\"@id\":\"https:\/\/www.africa-press.net\/cameroun\/politique\/derniere-minute-maurice-kamto-officiellement-humilie-par-emmanuel-macron-le-clan-biya-se-rejouit#primaryimage\"},\"thumbnailUrl\":\"https:\/\/static.africa-press.net\/cameroun\/sites\/57\/2022\/07\/postQueueImg_3-62d40d11d12e3.jpg\",\"datePublished\":\"2022-07-17T13:00:39+00:00\",\"dateModified\":\"2022-07-17T13:22:44+00:00\",\"author\":{\"@id\":\"https:\/\/www.africa-press.net\/cameroun\/#\/schema\/person\/2b1cf3cd81a31e3cd26889ca66d677f1\"},\"description\":\"La visite d'Emmanuel Macron, le pr\u00e9sident fran\u00e7ais au Cameroun faisait encore des doutes au sein de la politique camerou ...\",\"breadcrumb\":{\"@id\":\"https:\/\/www.africa-press.net\/cameroun\/politique\/derniere-minute-maurice-kamto-officiellement-humilie-par-emmanuel-macron-le-clan-biya-se-rejouit#breadcrumb\"},\"inLanguage\":\"fr-FR\",\"potentialAction\":[{\"@type\":\"ReadAction\",\"target\":[\"https:\/\/www.africa-press.net\/cameroun\/politique\/derniere-minute-maurice-kamto-officiellement-humilie-par-emmanuel-macron-le-clan-biya-se-rejouit\"]}]},{\"@type\":\"ImageObject\",\"inLanguage\":\"fr-FR\",\"@id\":\"https:\/\/www.africa-press.net\/cameroun\/politique\/derniere-minute-maurice-kamto-officiellement-humilie-par-emmanuel-macron-le-clan-biya-se-rejouit#primaryimage\",\"url\":\"https:\/\/static.africa-press.net\/cameroun\/sites\/57\/2022\/07\/postQueueImg_3-62d40d11d12e3.jpg\",\"contentUrl\":\"https:\/\/static.africa-press.net\/cameroun\/sites\/57\/2022\/07\/postQueueImg_3-62d40d11d12e3.jpg\",\"width\":600,\"height\":413,\"caption\":\"Derni\u00e8re minute : Maurice Kamto Officiellement 'humili\u00e9' par Emmanuel Macron, le clan Biya se r\u00e9jouit\"},{\"@type\":\"BreadcrumbList\",\"@id\":\"https:\/\/www.africa-press.net\/cameroun\/politique\/derniere-minute-maurice-kamto-officiellement-humilie-par-emmanuel-macron-le-clan-biya-se-rejouit#breadcrumb\",\"itemListElement\":[{\"@type\":\"ListItem\",\"position\":1,\"name\":\"Accueil\",\"item\":\"https:\/\/www.africa-press.net\/cameroun\/\"},{\"@type\":\"ListItem\",\"position\":2,\"name\":\"Derni\u00e8re minute : Maurice Kamto Officiellement &#8216;humili\u00e9&#8217; par Emmanuel Macron, le clan Biya se r\u00e9jouit\"}]},{\"@type\":\"WebSite\",\"@id\":\"https:\/\/www.africa-press.net\/cameroun\/#website\",\"url\":\"https:\/\/www.africa-press.net\/cameroun\/\",\"name\":\"Cameroun\",\"description\":\"Just another Africa News Agency Sites site\",\"potentialAction\":[{\"@type\":\"SearchAction\",\"target\":{\"@type\":\"EntryPoint\",\"urlTemplate\":\"https:\/\/www.africa-press.net\/cameroun\/?s={search_term_string}\"},\"query-input\":{\"@type\":\"PropertyValueSpecification\",\"valueRequired\":true,\"valueName\":\"search_term_string\"}}],\"inLanguage\":\"fr-FR\"},{\"@type\":\"Person\",\"@id\":\"https:\/\/www.africa-press.net\/cameroun\/#\/schema\/person\/2b1cf3cd81a31e3cd26889ca66d677f1\",\"name\":\"cfeditorfr\"}]}<\/script>\n<!-- \/ Yoast SEO Premium plugin. -->","yoast_head_json":{"title":"Derni\u00e8re minute : Maurice Kamto Officiellement 'humili\u00e9' par Emmanuel Macron, le clan Biya se r\u00e9jouit - Cameroun","description":"La visite d'Emmanuel Macron, le pr\u00e9sident fran\u00e7ais au Cameroun faisait encore des doutes au sein de la politique camerou ...","robots":{"index":"index","follow":"follow","max-snippet":"max-snippet:-1","max-image-preview":"max-image-preview:large","max-video-preview":"max-video-preview:-1"},"canonical":"https:\/\/www.africa-press.net\/cameroun\/politique\/derniere-minute-maurice-kamto-officiellement-humilie-par-emmanuel-macron-le-clan-biya-se-rejouit","og_locale":"fr_FR","og_type":"article","og_title":"Derni\u00e8re minute : Maurice Kamto Officiellement 'humili\u00e9' par Emmanuel Macron, le clan Biya se r\u00e9jouit","og_description":"La visite d'Emmanuel Macron, le pr\u00e9sident fran\u00e7ais au Cameroun faisait encore des doutes au sein de la politique camerou ...","og_url":"https:\/\/www.africa-press.net\/cameroun\/politique\/derniere-minute-maurice-kamto-officiellement-humilie-par-emmanuel-macron-le-clan-biya-se-rejouit","og_site_name":"Cameroun","article_published_time":"2022-07-17T13:00:39+00:00","article_modified_time":"2022-07-17T13:22:44+00:00","og_image":[{"width":600,"height":413,"url":"https:\/\/static.africa-press.net\/cameroun\/sites\/57\/2022\/07\/postQueueImg_3-62d40d11d12e3.jpg","type":"image\/jpeg"}],"author":"cfeditorfr","twitter_card":"summary_large_image","twitter_misc":{"\u00c9crit par":"cfeditorfr","Dur\u00e9e de lecture estim\u00e9e":"3 minutes"},"schema":{"@context":"https:\/\/schema.org","@graph":[{"@type":"Article","@id":"https:\/\/www.africa-press.net\/cameroun\/politique\/derniere-minute-maurice-kamto-officiellement-humilie-par-emmanuel-macron-le-clan-biya-se-rejouit#article","isPartOf":{"@id":"https:\/\/www.africa-press.net\/cameroun\/politique\/derniere-minute-maurice-kamto-officiellement-humilie-par-emmanuel-macron-le-clan-biya-se-rejouit"},"author":{"name":"cfeditorfr","@id":"https:\/\/www.africa-press.net\/cameroun\/#\/schema\/person\/2b1cf3cd81a31e3cd26889ca66d677f1"},"headline":"Derni\u00e8re minute : Maurice Kamto Officiellement &lsquo;humili\u00e9&rsquo; par Emmanuel Macron, le clan Biya se r\u00e9jouit","datePublished":"2022-07-17T13:00:39+00:00","dateModified":"2022-07-17T13:22:44+00:00","mainEntityOfPage":{"@id":"https:\/\/www.africa-press.net\/cameroun\/politique\/derniere-minute-maurice-kamto-officiellement-humilie-par-emmanuel-macron-le-clan-biya-se-rejouit"},"wordCount":590,"commentCount":0,"image":{"@id":"https:\/\/www.africa-press.net\/cameroun\/politique\/derniere-minute-maurice-kamto-officiellement-humilie-par-emmanuel-macron-le-clan-biya-se-rejouit#primaryimage"},"thumbnailUrl":"https:\/\/static.africa-press.net\/cameroun\/sites\/57\/2022\/07\/postQueueImg_3-62d40d11d12e3.jpg","keywords":["Africa Press","Africa Press-Cameroun","Cameroun"],"articleSection":["homepage-french","Politique","Toutes les actualit\u00e9s"],"inLanguage":"fr-FR","potentialAction":[{"@type":"CommentAction","name":"Comment","target":["https:\/\/www.africa-press.net\/cameroun\/politique\/derniere-minute-maurice-kamto-officiellement-humilie-par-emmanuel-macron-le-clan-biya-se-rejouit#respond"]}]},{"@type":"WebPage","@id":"https:\/\/www.africa-press.net\/cameroun\/politique\/derniere-minute-maurice-kamto-officiellement-humilie-par-emmanuel-macron-le-clan-biya-se-rejouit","url":"https:\/\/www.africa-press.net\/cameroun\/politique\/derniere-minute-maurice-kamto-officiellement-humilie-par-emmanuel-macron-le-clan-biya-se-rejouit","name":"Derni\u00e8re minute : Maurice Kamto Officiellement 'humili\u00e9' par Emmanuel Macron, le clan Biya se r\u00e9jouit - Cameroun","isPartOf":{"@id":"https:\/\/www.africa-press.net\/cameroun\/#website"},"primaryImageOfPage":{"@id":"https:\/\/www.africa-press.net\/cameroun\/politique\/derniere-minute-maurice-kamto-officiellement-humilie-par-emmanuel-macron-le-clan-biya-se-rejouit#primaryimage"},"image":{"@id":"https:\/\/www.africa-press.net\/cameroun\/politique\/derniere-minute-maurice-kamto-officiellement-humilie-par-emmanuel-macron-le-clan-biya-se-rejouit#primaryimage"},"thumbnailUrl":"https:\/\/static.africa-press.net\/cameroun\/sites\/57\/2022\/07\/postQueueImg_3-62d40d11d12e3.jpg","datePublished":"2022-07-17T13:00:39+00:00","dateModified":"2022-07-17T13:22:44+00:00","author":{"@id":"https:\/\/www.africa-press.net\/cameroun\/#\/schema\/person\/2b1cf3cd81a31e3cd26889ca66d677f1"},"description":"La visite d'Emmanuel Macron, le pr\u00e9sident fran\u00e7ais au Cameroun faisait encore des doutes au sein de la politique camerou ...","breadcrumb":{"@id":"https:\/\/www.africa-press.net\/cameroun\/politique\/derniere-minute-maurice-kamto-officiellement-humilie-par-emmanuel-macron-le-clan-biya-se-rejouit#breadcrumb"},"inLanguage":"fr-FR","potentialAction":[{"@type":"ReadAction","target":["https:\/\/www.africa-press.net\/cameroun\/politique\/derniere-minute-maurice-kamto-officiellement-humilie-par-emmanuel-macron-le-clan-biya-se-rejouit"]}]},{"@type":"ImageObject","inLanguage":"fr-FR","@id":"https:\/\/www.africa-press.net\/cameroun\/politique\/derniere-minute-maurice-kamto-officiellement-humilie-par-emmanuel-macron-le-clan-biya-se-rejouit#primaryimage","url":"https:\/\/static.africa-press.net\/cameroun\/sites\/57\/2022\/07\/postQueueImg_3-62d40d11d12e3.jpg","contentUrl":"https:\/\/static.africa-press.net\/cameroun\/sites\/57\/2022\/07\/postQueueImg_3-62d40d11d12e3.jpg","width":600,"height":413,"caption":"Derni\u00e8re minute : Maurice Kamto Officiellement 'humili\u00e9' par Emmanuel Macron, le clan Biya se r\u00e9jouit"},{"@type":"BreadcrumbList","@id":"https:\/\/www.africa-press.net\/cameroun\/politique\/derniere-minute-maurice-kamto-officiellement-humilie-par-emmanuel-macron-le-clan-biya-se-rejouit#breadcrumb","itemListElement":[{"@type":"ListItem","position":1,"name":"Accueil","item":"https:\/\/www.africa-press.net\/cameroun\/"},{"@type":"ListItem","position":2,"name":"Derni\u00e8re minute : Maurice Kamto Officiellement &#8216;humili\u00e9&#8217; par Emmanuel Macron, le clan Biya se r\u00e9jouit"}]},{"@type":"WebSite","@id":"https:\/\/www.africa-press.net\/cameroun\/#website","url":"https:\/\/www.africa-press.net\/cameroun\/","name":"Cameroun","description":"Just another Africa News Agency Sites site","potentialAction":[{"@type":"SearchAction","target":{"@type":"EntryPoint","urlTemplate":"https:\/\/www.africa-press.net\/cameroun\/?s={search_term_string}"},"query-input":{"@type":"PropertyValueSpecification","valueRequired":true,"valueName":"search_term_string"}}],"inLanguage":"fr-FR"},{"@type":"Person","@id":"https:\/\/www.africa-press.net\/cameroun\/#\/schema\/person\/2b1cf3cd81a31e3cd26889ca66d677f1","name":"cfeditorfr"}]}},"_links":{"self":[{"href":"https:\/\/www.africa-press.net\/cameroun\/wp-json\/wp\/v2\/posts\/23690","targetHints":{"allow":["GET"]}}],"collection":[{"href":"https:\/\/www.africa-press.net\/cameroun\/wp-json\/wp\/v2\/posts"}],"about":[{"href":"https:\/\/www.africa-press.net\/cameroun\/wp-json\/wp\/v2\/types\/post"}],"author":[{"embeddable":true,"href":"https:\/\/www.africa-press.net\/cameroun\/wp-json\/wp\/v2\/users\/82"}],"replies":[{"embeddable":true,"href":"https:\/\/www.africa-press.net\/cameroun\/wp-json\/wp\/v2\/comments?post=23690"}],"version-history":[{"count":0,"href":"https:\/\/www.africa-press.net\/cameroun\/wp-json\/wp\/v2\/posts\/23690\/revisions"}],"wp:featuredmedia":[{"embeddable":true,"href":"https:\/\/www.africa-press.net\/cameroun\/wp-json\/wp\/v2\/media\/23689"}],"wp:attachment":[{"href":"https:\/\/www.africa-press.net\/cameroun\/wp-json\/wp\/v2\/media?parent=23690"}],"wp:term":[{"taxonomy":"category","embeddable":true,"href":"https:\/\/www.africa-press.net\/cameroun\/wp-json\/wp\/v2\/categories?post=23690"},{"taxonomy":"post_tag","embeddable":true,"href":"https:\/\/www.africa-press.net\/cameroun\/wp-json\/wp\/v2\/tags?post=23690"}],"curies":[{"name":"wp","href":"https:\/\/api.w.org\/{rel}","templated":true}]}}