{"id":23693,"date":"2022-07-17T13:01:13","date_gmt":"2022-07-17T13:01:13","guid":{"rendered":"https:\/\/www.africa-press.net\/cameroun\/politique\/crise-anglophone-en-grand-stratege-paul-biya-lance-lassaut-final-contre-les-ambazoniens"},"modified":"2022-07-17T13:23:09","modified_gmt":"2022-07-17T13:23:09","slug":"crise-anglophone-en-grand-stratege-paul-biya-lance-lassaut-final-contre-les-ambazoniens","status":"publish","type":"post","link":"https:\/\/www.africa-press.net\/cameroun\/dossiers\/crise-anglophone-en-grand-stratege-paul-biya-lance-lassaut-final-contre-les-ambazoniens","title":{"rendered":"Crise anglophone : en grand strat\u00e8ge, Paul Biya lance l\u2019assaut final contre les ambazoniens"},"content":{"rendered":"<p><span style=\"color: #ff6600\"><strong>Africa-Press &#8211; Cameroun. <\/strong><\/span>Au plus fort de la crise, les s\u00e9cessionnistes ont dit l\u2019avoir captur\u00e9. Tremblez, il arrive\u2026 Il ne fait donc aucun doute que le Chef de l\u2019Etat, Chef des Forces Arm\u00e9es vient d\u2019envoyer un signal fort \u00e0 ces bandes arm\u00e9es qui s\u00e8ment la terreur dans le Noso. La strat\u00e9gie va changer, \u00e7a va aller tr\u00e8s vite.<\/p>\n<p>Ce n&rsquo;est un secret de polichinelle pour personne, le Chef de l&rsquo;Etat a envoy\u00e9 le redoutable Colonel Bamkoui \u00e0 la retraite. Ce que l&rsquo;on ne savait pas, c&rsquo;est que Paul Biya avait tout pr\u00e9vu. Son rempla\u00e7ant est d&rsquo;ores et d\u00e9j\u00e0 connu et est sur le front.<\/p>\n<p>Figure de la lutte contre Boko Haram depuis 2015, cet officier g\u00e9n\u00e9ral prend le commandement de la 5e r\u00e9gion militaire interarm\u00e9es dans un contexte de regain des attaques dans le Nord-Ouest et l\u2019Ouest.<\/p>\n<p>Le g\u00e9n\u00e9ral BOUBA DOBEKREO, puisque c&rsquo;est de lui qu&rsquo;il s&rsquo;agit est un pure BIROIS. Il d\u2019ailleurs \u00e9t\u00e9 son coordonnateur g\u00e9n\u00e9ral avant d\u2019\u00eatre d\u00e9ploy\u00e9 sur le front nord. Le nouveau commandant de la 5 EME r\u00e9gion militaire conna\u00eet bien le terrain du NOSO. Il y\u2019a quelques ann\u00e9es, les s\u00e9cessionnistes en mal d\u2019inspiration avaient diffus\u00e9 la photo d\u2019un macchab\u00e9e, en faisant croire qu\u2019il s\u2019agit du g\u00e9n\u00e9ral BOUBA DOBEKREO captur\u00e9 et tu\u00e9. En le nommant sur le terrain dans le NOSO, Paul Biya fait montre l\u00e0 d\u2019une fermet\u00e9 absolue contre ses criminels indique 237online.<\/p>\n<p>Il y d\u00e9barque dans un contexte tr\u00e8s particulier, marqu\u00e9 par un regain des attaques des groupes arm\u00e9s s\u00e9paratistes anglophones dans le Nord-Ouest et des incursions \u00e0 r\u00e9p\u00e9tition de ces derniers dans la r\u00e9gion voisine de l\u2019Ouest.<\/p>\n<p>L\u2019officier g\u00e9n\u00e9ral est, pour ainsi dire, en mission commando pour r\u00e9duire la capacit\u00e9 de nuisance des combattants s\u00e9cessionnistes dans son ressort de commandement, voire les an\u00e9antir. Bouba Dob\u00e9br\u00e9o poss\u00e8de en effet une riche exp\u00e9rience dans la guerre pour avoir \u00e9t\u00e9, au cours des sept derni\u00e8res ann\u00e9es, une figure de la lutte contre la secte terroriste Boko Haram dans la r\u00e9gion de l\u2019Extr\u00eame-Nord.<\/p>\n<p><strong>Pour plus d&rsquo;informations et d&rsquo;analyses sur la <a href=\"https:\/\/www.africa-press.net\/cameroun\">Cameroun<\/a>, suivez <a href=\"https:\/\/www.africa-press.net\/\">Africa-Press<\/a><\/strong><\/p>\n","protected":false},"excerpt":{"rendered":"<p>Africa-Press &#8211; Cameroun. Au plus fort de la crise, les s\u00e9cessionnistes ont dit l\u2019avoir captur\u00e9. Tremblez, il arrive\u2026 Il ne fait donc aucun doute que le Chef de l\u2019Etat, Chef des Forces Arm\u00e9es vient d\u2019envoyer un signal fort \u00e0 ces bandes arm\u00e9es qui s\u00e8ment la terreur dans le Noso. La strat\u00e9gie va changer, \u00e7a va [&hellip;]<\/p>\n","protected":false},"author":82,"featured_media":23692,"comment_status":"open","ping_status":"closed","sticky":false,"template":"","format":"standard","meta":{"footnotes":""},"categories":[7,11,10],"tags":[36,50,49],"class_list":["post-23693","post","type-post","status-publish","format-standard","has-post-thumbnail","hentry","category-dossiers","category-homepage-french","category-toutes-les-actualites","tag-africa-press","tag-africa-press-cameroun","tag-cameroun"],"yoast_head":"<!-- This site is optimized with the Yoast SEO Premium plugin v26.1 (Yoast SEO v27.0) - https:\/\/yoast.com\/product\/yoast-seo-premium-wordpress\/ -->\n<title>Crise anglophone : en grand strat\u00e8ge, Paul Biya lance l\u2019assaut final contre les ambazoniens - Cameroun<\/title>\n<meta name=\"description\" content=\"Au plus fort de la crise, les s\u00e9cessionnistes ont dit l\u2019avoir captur\u00e9. Tremblez, il arrive\u2026 Il ne fait donc aucun doute ...\" \/>\n<meta name=\"robots\" content=\"index, follow, max-snippet:-1, max-image-preview:large, max-video-preview:-1\" \/>\n<link rel=\"canonical\" href=\"https:\/\/www.africa-press.net\/cameroun\/dossiers\/crise-anglophone-en-grand-stratege-paul-biya-lance-lassaut-final-contre-les-ambazoniens\" \/>\n<meta property=\"og:locale\" content=\"fr_FR\" \/>\n<meta property=\"og:type\" content=\"article\" \/>\n<meta property=\"og:title\" content=\"Crise anglophone : en grand strat\u00e8ge, Paul Biya lance l\u2019assaut final contre les ambazoniens\" \/>\n<meta property=\"og:description\" content=\"Au plus fort de la crise, les s\u00e9cessionnistes ont dit l\u2019avoir captur\u00e9. Tremblez, il arrive\u2026 Il ne fait donc aucun doute ...\" \/>\n<meta property=\"og:url\" content=\"https:\/\/www.africa-press.net\/cameroun\/dossiers\/crise-anglophone-en-grand-stratege-paul-biya-lance-lassaut-final-contre-les-ambazoniens\" \/>\n<meta property=\"og:site_name\" content=\"Cameroun\" \/>\n<meta property=\"article:published_time\" content=\"2022-07-17T13:01:13+00:00\" \/>\n<meta property=\"article:modified_time\" content=\"2022-07-17T13:23:09+00:00\" \/>\n<meta property=\"og:image\" content=\"https:\/\/static.africa-press.net\/cameroun\/sites\/57\/2022\/07\/postQueueImg_4-62d40d2a5697b.jpg\" \/>\n\t<meta property=\"og:image:width\" content=\"600\" \/>\n\t<meta property=\"og:image:height\" content=\"379\" \/>\n\t<meta property=\"og:image:type\" content=\"image\/jpeg\" \/>\n<meta name=\"author\" content=\"cfeditorfr\" \/>\n<meta name=\"twitter:card\" content=\"summary_large_image\" \/>\n<meta name=\"twitter:label1\" content=\"\u00c9crit par\" \/>\n\t<meta name=\"twitter:data1\" content=\"cfeditorfr\" \/>\n\t<meta name=\"twitter:label2\" content=\"Dur\u00e9e de lecture estim\u00e9e\" \/>\n\t<meta name=\"twitter:data2\" content=\"2 minutes\" \/>\n<script type=\"application\/ld+json\" class=\"yoast-schema-graph\">{\"@context\":\"https:\/\/schema.org\",\"@graph\":[{\"@type\":\"Article\",\"@id\":\"https:\/\/www.africa-press.net\/cameroun\/dossiers\/crise-anglophone-en-grand-stratege-paul-biya-lance-lassaut-final-contre-les-ambazoniens#article\",\"isPartOf\":{\"@id\":\"https:\/\/www.africa-press.net\/cameroun\/dossiers\/crise-anglophone-en-grand-stratege-paul-biya-lance-lassaut-final-contre-les-ambazoniens\"},\"author\":{\"name\":\"cfeditorfr\",\"@id\":\"https:\/\/www.africa-press.net\/cameroun\/#\/schema\/person\/2b1cf3cd81a31e3cd26889ca66d677f1\"},\"headline\":\"Crise anglophone : en grand strat\u00e8ge, Paul Biya lance l\u2019assaut final contre les ambazoniens\",\"datePublished\":\"2022-07-17T13:01:13+00:00\",\"dateModified\":\"2022-07-17T13:23:09+00:00\",\"mainEntityOfPage\":{\"@id\":\"https:\/\/www.africa-press.net\/cameroun\/dossiers\/crise-anglophone-en-grand-stratege-paul-biya-lance-lassaut-final-contre-les-ambazoniens\"},\"wordCount\":416,\"commentCount\":0,\"image\":{\"@id\":\"https:\/\/www.africa-press.net\/cameroun\/dossiers\/crise-anglophone-en-grand-stratege-paul-biya-lance-lassaut-final-contre-les-ambazoniens#primaryimage\"},\"thumbnailUrl\":\"https:\/\/static.africa-press.net\/cameroun\/sites\/57\/2022\/07\/postQueueImg_4-62d40d2a5697b.jpg\",\"keywords\":[\"Africa Press\",\"Africa Press-Cameroun\",\"Cameroun\"],\"articleSection\":[\"Dossiers\",\"homepage-french\",\"Toutes les actualit\u00e9s\"],\"inLanguage\":\"fr-FR\",\"potentialAction\":[{\"@type\":\"CommentAction\",\"name\":\"Comment\",\"target\":[\"https:\/\/www.africa-press.net\/cameroun\/dossiers\/crise-anglophone-en-grand-stratege-paul-biya-lance-lassaut-final-contre-les-ambazoniens#respond\"]}]},{\"@type\":\"WebPage\",\"@id\":\"https:\/\/www.africa-press.net\/cameroun\/dossiers\/crise-anglophone-en-grand-stratege-paul-biya-lance-lassaut-final-contre-les-ambazoniens\",\"url\":\"https:\/\/www.africa-press.net\/cameroun\/dossiers\/crise-anglophone-en-grand-stratege-paul-biya-lance-lassaut-final-contre-les-ambazoniens\",\"name\":\"Crise anglophone : en grand strat\u00e8ge, Paul Biya lance l\u2019assaut final contre les ambazoniens - Cameroun\",\"isPartOf\":{\"@id\":\"https:\/\/www.africa-press.net\/cameroun\/#website\"},\"primaryImageOfPage\":{\"@id\":\"https:\/\/www.africa-press.net\/cameroun\/dossiers\/crise-anglophone-en-grand-stratege-paul-biya-lance-lassaut-final-contre-les-ambazoniens#primaryimage\"},\"image\":{\"@id\":\"https:\/\/www.africa-press.net\/cameroun\/dossiers\/crise-anglophone-en-grand-stratege-paul-biya-lance-lassaut-final-contre-les-ambazoniens#primaryimage\"},\"thumbnailUrl\":\"https:\/\/static.africa-press.net\/cameroun\/sites\/57\/2022\/07\/postQueueImg_4-62d40d2a5697b.jpg\",\"datePublished\":\"2022-07-17T13:01:13+00:00\",\"dateModified\":\"2022-07-17T13:23:09+00:00\",\"author\":{\"@id\":\"https:\/\/www.africa-press.net\/cameroun\/#\/schema\/person\/2b1cf3cd81a31e3cd26889ca66d677f1\"},\"description\":\"Au plus fort de la crise, les s\u00e9cessionnistes ont dit l\u2019avoir captur\u00e9. Tremblez, il arrive\u2026 Il ne fait donc aucun doute ...\",\"breadcrumb\":{\"@id\":\"https:\/\/www.africa-press.net\/cameroun\/dossiers\/crise-anglophone-en-grand-stratege-paul-biya-lance-lassaut-final-contre-les-ambazoniens#breadcrumb\"},\"inLanguage\":\"fr-FR\",\"potentialAction\":[{\"@type\":\"ReadAction\",\"target\":[\"https:\/\/www.africa-press.net\/cameroun\/dossiers\/crise-anglophone-en-grand-stratege-paul-biya-lance-lassaut-final-contre-les-ambazoniens\"]}]},{\"@type\":\"ImageObject\",\"inLanguage\":\"fr-FR\",\"@id\":\"https:\/\/www.africa-press.net\/cameroun\/dossiers\/crise-anglophone-en-grand-stratege-paul-biya-lance-lassaut-final-contre-les-ambazoniens#primaryimage\",\"url\":\"https:\/\/static.africa-press.net\/cameroun\/sites\/57\/2022\/07\/postQueueImg_4-62d40d2a5697b.jpg\",\"contentUrl\":\"https:\/\/static.africa-press.net\/cameroun\/sites\/57\/2022\/07\/postQueueImg_4-62d40d2a5697b.jpg\",\"width\":600,\"height\":379,\"caption\":\"Crise anglophone : en grand strat\u00e8ge, Paul Biya lance l\u2019assaut final contre les ambazoniens\"},{\"@type\":\"BreadcrumbList\",\"@id\":\"https:\/\/www.africa-press.net\/cameroun\/dossiers\/crise-anglophone-en-grand-stratege-paul-biya-lance-lassaut-final-contre-les-ambazoniens#breadcrumb\",\"itemListElement\":[{\"@type\":\"ListItem\",\"position\":1,\"name\":\"Accueil\",\"item\":\"https:\/\/www.africa-press.net\/cameroun\/\"},{\"@type\":\"ListItem\",\"position\":2,\"name\":\"Crise anglophone : en grand strat\u00e8ge, Paul Biya lance l\u2019assaut final contre les ambazoniens\"}]},{\"@type\":\"WebSite\",\"@id\":\"https:\/\/www.africa-press.net\/cameroun\/#website\",\"url\":\"https:\/\/www.africa-press.net\/cameroun\/\",\"name\":\"Cameroun\",\"description\":\"Just another Africa News Agency Sites site\",\"potentialAction\":[{\"@type\":\"SearchAction\",\"target\":{\"@type\":\"EntryPoint\",\"urlTemplate\":\"https:\/\/www.africa-press.net\/cameroun\/?s={search_term_string}\"},\"query-input\":{\"@type\":\"PropertyValueSpecification\",\"valueRequired\":true,\"valueName\":\"search_term_string\"}}],\"inLanguage\":\"fr-FR\"},{\"@type\":\"Person\",\"@id\":\"https:\/\/www.africa-press.net\/cameroun\/#\/schema\/person\/2b1cf3cd81a31e3cd26889ca66d677f1\",\"name\":\"cfeditorfr\"}]}<\/script>\n<!-- \/ Yoast SEO Premium plugin. -->","yoast_head_json":{"title":"Crise anglophone : en grand strat\u00e8ge, Paul Biya lance l\u2019assaut final contre les ambazoniens - Cameroun","description":"Au plus fort de la crise, les s\u00e9cessionnistes ont dit l\u2019avoir captur\u00e9. Tremblez, il arrive\u2026 Il ne fait donc aucun doute ...","robots":{"index":"index","follow":"follow","max-snippet":"max-snippet:-1","max-image-preview":"max-image-preview:large","max-video-preview":"max-video-preview:-1"},"canonical":"https:\/\/www.africa-press.net\/cameroun\/dossiers\/crise-anglophone-en-grand-stratege-paul-biya-lance-lassaut-final-contre-les-ambazoniens","og_locale":"fr_FR","og_type":"article","og_title":"Crise anglophone : en grand strat\u00e8ge, Paul Biya lance l\u2019assaut final contre les ambazoniens","og_description":"Au plus fort de la crise, les s\u00e9cessionnistes ont dit l\u2019avoir captur\u00e9. Tremblez, il arrive\u2026 Il ne fait donc aucun doute ...","og_url":"https:\/\/www.africa-press.net\/cameroun\/dossiers\/crise-anglophone-en-grand-stratege-paul-biya-lance-lassaut-final-contre-les-ambazoniens","og_site_name":"Cameroun","article_published_time":"2022-07-17T13:01:13+00:00","article_modified_time":"2022-07-17T13:23:09+00:00","og_image":[{"width":600,"height":379,"url":"https:\/\/static.africa-press.net\/cameroun\/sites\/57\/2022\/07\/postQueueImg_4-62d40d2a5697b.jpg","type":"image\/jpeg"}],"author":"cfeditorfr","twitter_card":"summary_large_image","twitter_misc":{"\u00c9crit par":"cfeditorfr","Dur\u00e9e de lecture estim\u00e9e":"2 minutes"},"schema":{"@context":"https:\/\/schema.org","@graph":[{"@type":"Article","@id":"https:\/\/www.africa-press.net\/cameroun\/dossiers\/crise-anglophone-en-grand-stratege-paul-biya-lance-lassaut-final-contre-les-ambazoniens#article","isPartOf":{"@id":"https:\/\/www.africa-press.net\/cameroun\/dossiers\/crise-anglophone-en-grand-stratege-paul-biya-lance-lassaut-final-contre-les-ambazoniens"},"author":{"name":"cfeditorfr","@id":"https:\/\/www.africa-press.net\/cameroun\/#\/schema\/person\/2b1cf3cd81a31e3cd26889ca66d677f1"},"headline":"Crise anglophone : en grand strat\u00e8ge, Paul Biya lance l\u2019assaut final contre les ambazoniens","datePublished":"2022-07-17T13:01:13+00:00","dateModified":"2022-07-17T13:23:09+00:00","mainEntityOfPage":{"@id":"https:\/\/www.africa-press.net\/cameroun\/dossiers\/crise-anglophone-en-grand-stratege-paul-biya-lance-lassaut-final-contre-les-ambazoniens"},"wordCount":416,"commentCount":0,"image":{"@id":"https:\/\/www.africa-press.net\/cameroun\/dossiers\/crise-anglophone-en-grand-stratege-paul-biya-lance-lassaut-final-contre-les-ambazoniens#primaryimage"},"thumbnailUrl":"https:\/\/static.africa-press.net\/cameroun\/sites\/57\/2022\/07\/postQueueImg_4-62d40d2a5697b.jpg","keywords":["Africa Press","Africa Press-Cameroun","Cameroun"],"articleSection":["Dossiers","homepage-french","Toutes les actualit\u00e9s"],"inLanguage":"fr-FR","potentialAction":[{"@type":"CommentAction","name":"Comment","target":["https:\/\/www.africa-press.net\/cameroun\/dossiers\/crise-anglophone-en-grand-stratege-paul-biya-lance-lassaut-final-contre-les-ambazoniens#respond"]}]},{"@type":"WebPage","@id":"https:\/\/www.africa-press.net\/cameroun\/dossiers\/crise-anglophone-en-grand-stratege-paul-biya-lance-lassaut-final-contre-les-ambazoniens","url":"https:\/\/www.africa-press.net\/cameroun\/dossiers\/crise-anglophone-en-grand-stratege-paul-biya-lance-lassaut-final-contre-les-ambazoniens","name":"Crise anglophone : en grand strat\u00e8ge, Paul Biya lance l\u2019assaut final contre les ambazoniens - Cameroun","isPartOf":{"@id":"https:\/\/www.africa-press.net\/cameroun\/#website"},"primaryImageOfPage":{"@id":"https:\/\/www.africa-press.net\/cameroun\/dossiers\/crise-anglophone-en-grand-stratege-paul-biya-lance-lassaut-final-contre-les-ambazoniens#primaryimage"},"image":{"@id":"https:\/\/www.africa-press.net\/cameroun\/dossiers\/crise-anglophone-en-grand-stratege-paul-biya-lance-lassaut-final-contre-les-ambazoniens#primaryimage"},"thumbnailUrl":"https:\/\/static.africa-press.net\/cameroun\/sites\/57\/2022\/07\/postQueueImg_4-62d40d2a5697b.jpg","datePublished":"2022-07-17T13:01:13+00:00","dateModified":"2022-07-17T13:23:09+00:00","author":{"@id":"https:\/\/www.africa-press.net\/cameroun\/#\/schema\/person\/2b1cf3cd81a31e3cd26889ca66d677f1"},"description":"Au plus fort de la crise, les s\u00e9cessionnistes ont dit l\u2019avoir captur\u00e9. Tremblez, il arrive\u2026 Il ne fait donc aucun doute ...","breadcrumb":{"@id":"https:\/\/www.africa-press.net\/cameroun\/dossiers\/crise-anglophone-en-grand-stratege-paul-biya-lance-lassaut-final-contre-les-ambazoniens#breadcrumb"},"inLanguage":"fr-FR","potentialAction":[{"@type":"ReadAction","target":["https:\/\/www.africa-press.net\/cameroun\/dossiers\/crise-anglophone-en-grand-stratege-paul-biya-lance-lassaut-final-contre-les-ambazoniens"]}]},{"@type":"ImageObject","inLanguage":"fr-FR","@id":"https:\/\/www.africa-press.net\/cameroun\/dossiers\/crise-anglophone-en-grand-stratege-paul-biya-lance-lassaut-final-contre-les-ambazoniens#primaryimage","url":"https:\/\/static.africa-press.net\/cameroun\/sites\/57\/2022\/07\/postQueueImg_4-62d40d2a5697b.jpg","contentUrl":"https:\/\/static.africa-press.net\/cameroun\/sites\/57\/2022\/07\/postQueueImg_4-62d40d2a5697b.jpg","width":600,"height":379,"caption":"Crise anglophone : en grand strat\u00e8ge, Paul Biya lance l\u2019assaut final contre les ambazoniens"},{"@type":"BreadcrumbList","@id":"https:\/\/www.africa-press.net\/cameroun\/dossiers\/crise-anglophone-en-grand-stratege-paul-biya-lance-lassaut-final-contre-les-ambazoniens#breadcrumb","itemListElement":[{"@type":"ListItem","position":1,"name":"Accueil","item":"https:\/\/www.africa-press.net\/cameroun\/"},{"@type":"ListItem","position":2,"name":"Crise anglophone : en grand strat\u00e8ge, Paul Biya lance l\u2019assaut final contre les ambazoniens"}]},{"@type":"WebSite","@id":"https:\/\/www.africa-press.net\/cameroun\/#website","url":"https:\/\/www.africa-press.net\/cameroun\/","name":"Cameroun","description":"Just another Africa News Agency Sites site","potentialAction":[{"@type":"SearchAction","target":{"@type":"EntryPoint","urlTemplate":"https:\/\/www.africa-press.net\/cameroun\/?s={search_term_string}"},"query-input":{"@type":"PropertyValueSpecification","valueRequired":true,"valueName":"search_term_string"}}],"inLanguage":"fr-FR"},{"@type":"Person","@id":"https:\/\/www.africa-press.net\/cameroun\/#\/schema\/person\/2b1cf3cd81a31e3cd26889ca66d677f1","name":"cfeditorfr"}]}},"_links":{"self":[{"href":"https:\/\/www.africa-press.net\/cameroun\/wp-json\/wp\/v2\/posts\/23693","targetHints":{"allow":["GET"]}}],"collection":[{"href":"https:\/\/www.africa-press.net\/cameroun\/wp-json\/wp\/v2\/posts"}],"about":[{"href":"https:\/\/www.africa-press.net\/cameroun\/wp-json\/wp\/v2\/types\/post"}],"author":[{"embeddable":true,"href":"https:\/\/www.africa-press.net\/cameroun\/wp-json\/wp\/v2\/users\/82"}],"replies":[{"embeddable":true,"href":"https:\/\/www.africa-press.net\/cameroun\/wp-json\/wp\/v2\/comments?post=23693"}],"version-history":[{"count":0,"href":"https:\/\/www.africa-press.net\/cameroun\/wp-json\/wp\/v2\/posts\/23693\/revisions"}],"wp:featuredmedia":[{"embeddable":true,"href":"https:\/\/www.africa-press.net\/cameroun\/wp-json\/wp\/v2\/media\/23692"}],"wp:attachment":[{"href":"https:\/\/www.africa-press.net\/cameroun\/wp-json\/wp\/v2\/media?parent=23693"}],"wp:term":[{"taxonomy":"category","embeddable":true,"href":"https:\/\/www.africa-press.net\/cameroun\/wp-json\/wp\/v2\/categories?post=23693"},{"taxonomy":"post_tag","embeddable":true,"href":"https:\/\/www.africa-press.net\/cameroun\/wp-json\/wp\/v2\/tags?post=23693"}],"curies":[{"name":"wp","href":"https:\/\/api.w.org\/{rel}","templated":true}]}}