{"id":23696,"date":"2022-07-17T13:01:44","date_gmt":"2022-07-17T13:01:44","guid":{"rendered":"https:\/\/www.africa-press.net\/cameroun\/politique\/eglise-catholique-fuite-dun-accord-entre-biya-et-le-vatican"},"modified":"2022-07-17T13:23:36","modified_gmt":"2022-07-17T13:23:36","slug":"eglise-catholique-fuite-dun-accord-entre-biya-et-le-vatican","status":"publish","type":"post","link":"https:\/\/www.africa-press.net\/cameroun\/politique\/eglise-catholique-fuite-dun-accord-entre-biya-et-le-vatican","title":{"rendered":"Eglise catholique : fuite d&rsquo;un accord entre Biya et le Vatican"},"content":{"rendered":"<p><span style=\"color: #ff6600\"><strong>Africa-Press &#8211; Cameroun. <\/strong><\/span>L&rsquo;\u00e9glise Catholique au Cameroun est accus\u00e9 de soutenir Maximilienne Ngo Mbe, activiste engag\u00e9e dans la d\u00e9fense des droits des homosexuels.<\/p>\n<p>Apr\u00e8s avoir re\u00e7u le Prix Robert Kennedy d&rsquo;une valeur de 30.000 dollars le 7 juin dernier, on apprend que Maximilienne Ngo Mbe aurait utilis\u00e9 une partie de cet argent pour organiser une messe d&rsquo;action de gr\u00e2ce pour plus de b\u00e9n\u00e9dictions dans ses activit\u00e9s et ses actions. Elle \u00e9tait \u00e0 la paroisse de l&rsquo;\u00e9glise catholique de Nyalla.<\/p>\n<p>C&rsquo;est apr\u00e8s sa demande de messe qu&rsquo;un Accord-cadre sign\u00e9 entre le Cameroun et L&rsquo;\u00c9tat du Vatican a fuit\u00e9. Il s&rsquo;agit principalement d&rsquo;un accord relatif au statut juridique de l&rsquo;\u00e9glise catholique au Cameroun.<\/p>\n<p><b>Article 1<\/b><\/p>\n<p>La R\u00e9publique du Cameroun et le Saint-Si\u00e8ge r\u00e9affirment que l&rsquo;Etat et l&rsquo;Eglise catholique sont, chacun dans son ordre, souverains, ind\u00e9pendants et autonomes, et s&rsquo;engagent \u00e0 \u0153uvrer ensemble pour le bien-\u00eatre moral, spirituel et mat\u00e9riel de la personne humaine, ainsi que pour la promotion du bien commun.<\/p>\n<p><b>Article 2<\/b><\/p>\n<p>1. La R\u00e9publique du Cameroun reconna\u00eet la personnalit\u00e9 morale que l&rsquo;Eglise catholique et le Saint-Si\u00e8ge poss\u00e8dent par nature.<\/p>\n<p>2. Elle reconna\u00eet \u00e9galement la personnalit\u00e9 juridique de toutes les personnes juridiques qui jouissent de cette qualit\u00e9 en droit canonique au moment de l&rsquo;entr\u00e9e en vigueur du pr\u00e9sent Accord-cadre ou qui l&rsquo;acqu\u00e9raient ult\u00e9rieurement.<\/p>\n<p>3. La reconnaissance vis\u00e9e au paragraphe deux du pr\u00e9sent Article est acquise \u00e0 la date de la d\u00e9claration \u00e9crite faite par la Nonciature Apostolique et communiqu\u00e9e, par voie diplomatique, \u00e0 la R\u00e9publique du Cameroun.<\/p>\n<p><b>Article 3<\/b><\/p>\n<p>1. La R\u00e9publique du Cameroun reconna\u00eet la comp\u00e9tence exclusive du Saint Si\u00e8ge d&rsquo;\u00e9riger, de modifier ou de supprimer toutes les institutions, les circonscriptions et autres structures relevant de sa comp\u00e9tence; de nommer, de transf\u00e9rer, de destituer et d&rsquo;accepter la d\u00e9mission des Ev\u00eaques et de ceux qui leur sont canoniquement assimil\u00e9s; de nommer et d&rsquo;attribuer des charges eccl\u00e9siastiques, en conformit\u00e9 avec les normes du droit canonique.<\/p>\n<p>2. Lorsque le Saint-Si\u00e8ge \u00e9rige, modifie ou supprime une circonscription eccl\u00e9siastique, et avant la publication de la nomination d&rsquo;un Ev\u00eaque dioc\u00e9sain ou de celui qui lui est canoniquement assimil\u00e9, il en informe les autorit\u00e9s camerounaises.<\/p>\n<p>3. En cas de suppression ou de extinction d&rsquo;une institution eccl\u00e9siastique, l&rsquo;autorit\u00e9 comp\u00e9tente de l&rsquo;Eglise catholique d\u00e9cide de l&rsquo;attribution des \u00e9l\u00e9ments de patrimoine de l&rsquo;institution concem\u00e9e.<\/p>\n<p><b>Article 4<\/b><\/p>\n<p>1. La R\u00e9publique du Cameroun reconna\u00eet \u00e0 l&rsquo;Eglise catholique le droit de s&rsquo;engager au service du d\u00e9veloppement humain, social, culturel, moral, spirituel et mat\u00e9riel, pour le bien de tous, et de cr\u00e9er, \u00e0 cet effet, des institutions ad\u00e9quates ayant la personnalit\u00e9 juridique droit camerounais.<\/p>\n<p>2. Les institutions eccl\u00e9siastiques au Cameroun, compte tenu de leurs services au d\u00e9veloppement social, peuvent \u00eatre reconnues d&rsquo;utilit\u00e9 publique conform\u00e9ment \u00e0 la l\u00e9gislation en vigueur.<\/p>\n<p><b>Article 5<\/b><\/p>\n<p>1. La R\u00e9publique du Cameroun reconna\u00eet et prot\u00e8ge les droits des fid\u00e8les. catholiques de s&rsquo;associer selon les normes du droit canonique pour des activit\u00e9s sp\u00e9cifiques de la mission de l&rsquo;Eglise.<\/p>\n<p>2. Elle reconna\u00eet, \u00e0 cette fin, \u00e0 de telles associations, la personnalit\u00e9 juridique.<\/p>\n<p><b>Article 6<\/b><\/p>\n<p>1. Les personnes juridiques eccl\u00e9siastiques peuvent acqu\u00e9rir, poss\u00e9der, disposer et ali\u00e9ner des biens mobiliers et immobiliers, dans le respect des l\u00e9gislations canonique et camerounaise.<\/p>\n<p>2. L&rsquo;administration des biens appartenant aux institutions eccl\u00e9siastiques est soumise aux r\u00e8gles pr\u00e9vues par le droit canonique et par la l\u00e9gislation camerounaise, chacun dans son domaine de comp\u00e9tence.<\/p>\n<p>3. La R\u00e9publique du Cameroun s&rsquo;engage \u00e0 examiner les contributions ou facilit\u00e9s<\/p>\n<p>qu&rsquo;elle pourra, dans la mesure de ses moyens, accorder aux institutions et<\/p>\n<p>\u0153uvres sociales de l&rsquo;Eglise.<\/p>\n<p>4. Les personnes juridiques eccl\u00e9siastiques peuvent cr\u00e9er des fondations dont les activit\u00e9s, quant \u00e0 leurs effets civils, seront r\u00e9gies par les lois et r\u00e8glements en vigueur au Cameroun.<\/p>\n<p><b>Article 7<\/b><\/p>\n<p>La R\u00e9publique du Cameroun et le Saint-Si\u00e8ge concluent, en tant que de besoin, des Accords, protocoles et arrangements particuliers en vue de l&rsquo;application du pr\u00e9sent Accord-cadre.<\/p>\n<p><b>Article 8<\/b><\/p>\n<p>La R\u00e9publique du Cameroun et le Saint-Si\u00e8ge s&rsquo;accordent pour r\u00e9gler, par voie diplomatique, toutes les difficult\u00e9s qui pourraient surgir de l&rsquo;interpr\u00e9tation ou de l&rsquo;application du pr\u00e9sent Accord-cadre.<\/p>\n<p><b>Article 9<\/b><\/p>\n<p>1. Le pr\u00e9sent Accord-cadre entre en vigueur \u00e0 la date de sa signature conform\u00e9ment aux dispositions de l&rsquo;Article 12 (1) (a) de la Convention de Vienne sur le droit des trait\u00e9s, du 23 mai 1969.<\/p>\n<p>2. Il peut \u00eatre modifi\u00e9 de commun accord \u00e0 la demande de l&rsquo;une des Hautes Parties Contractantes, et les modifications entrent en vigueur \u00e0 la date de leur signature.<\/p>\n<p>Il faut rappeler que cet accord cadre a \u00e9t\u00e9 paraph\u00e9 \u00e0 Yaound\u00e9 le 13 Janvier 2014 en deux (2) exemplaires originaux en langue fran\u00e7aise, anglaise et italienne, toutes les versions faisant \u00e9galement foi.<\/p>\n<p>Pour la R\u00e9publique du Cameroun, c&rsquo;est Pierre MOUKOKO MBONJO, Ministre des Relations Ext\u00e9rieures qui repr\u00e9sentait Paul Biya et pour le Saint-Si\u00e8ge, c&rsquo;est Mgr Piero PIOPPO, Nonce Apostolique qui repr\u00e9sentait le pape.<\/p>\n<p><strong>Pour plus d&rsquo;informations et d&rsquo;analyses sur la <a href=\"https:\/\/www.africa-press.net\/cameroun\">Cameroun<\/a>, suivez <a href=\"https:\/\/www.africa-press.net\/\">Africa-Press<\/a><\/strong><\/p>\n","protected":false},"excerpt":{"rendered":"<p>Africa-Press &#8211; Cameroun. L&rsquo;\u00e9glise Catholique au Cameroun est accus\u00e9 de soutenir Maximilienne Ngo Mbe, activiste engag\u00e9e dans la d\u00e9fense des droits des homosexuels. Apr\u00e8s avoir re\u00e7u le Prix Robert Kennedy d&rsquo;une valeur de 30.000 dollars le 7 juin dernier, on apprend que Maximilienne Ngo Mbe aurait utilis\u00e9 une partie de cet argent pour organiser une [&hellip;]<\/p>\n","protected":false},"author":82,"featured_media":23695,"comment_status":"open","ping_status":"closed","sticky":false,"template":"","format":"standard","meta":{"footnotes":""},"categories":[7,11,2,20,10],"tags":[36,50,49],"class_list":["post-23696","post","type-post","status-publish","format-standard","has-post-thumbnail","hentry","category-dossiers","category-homepage-french","category-politique","category-top-nouvelles","category-toutes-les-actualites","tag-africa-press","tag-africa-press-cameroun","tag-cameroun"],"yoast_head":"<!-- This site is optimized with the Yoast SEO Premium plugin v26.1 (Yoast SEO v27.0) - https:\/\/yoast.com\/product\/yoast-seo-premium-wordpress\/ -->\n<title>Eglise catholique : fuite d&#039;un accord entre Biya et le Vatican - Cameroun<\/title>\n<meta name=\"description\" content=\"L&#039;\u00e9glise Catholique au Cameroun est accus\u00e9 de soutenir Maximilienne Ngo Mbe, activiste engag\u00e9e dans la d\u00e9fense des droit ...\" \/>\n<meta name=\"robots\" content=\"index, follow, max-snippet:-1, max-image-preview:large, max-video-preview:-1\" \/>\n<link rel=\"canonical\" href=\"https:\/\/www.africa-press.net\/cameroun\/politique\/eglise-catholique-fuite-dun-accord-entre-biya-et-le-vatican\" \/>\n<meta property=\"og:locale\" content=\"fr_FR\" \/>\n<meta property=\"og:type\" content=\"article\" \/>\n<meta property=\"og:title\" content=\"Eglise catholique : fuite d&#039;un accord entre Biya et le Vatican\" \/>\n<meta property=\"og:description\" content=\"L&#039;\u00e9glise Catholique au Cameroun est accus\u00e9 de soutenir Maximilienne Ngo Mbe, activiste engag\u00e9e dans la d\u00e9fense des droit ...\" \/>\n<meta property=\"og:url\" content=\"https:\/\/www.africa-press.net\/cameroun\/politique\/eglise-catholique-fuite-dun-accord-entre-biya-et-le-vatican\" \/>\n<meta property=\"og:site_name\" content=\"Cameroun\" \/>\n<meta property=\"article:published_time\" content=\"2022-07-17T13:01:44+00:00\" \/>\n<meta property=\"article:modified_time\" content=\"2022-07-17T13:23:36+00:00\" \/>\n<meta property=\"og:image\" content=\"https:\/\/static.africa-press.net\/cameroun\/sites\/57\/2022\/07\/postQueueImg_5-62d40d42ed0e6.jpg\" \/>\n\t<meta property=\"og:image:width\" content=\"600\" \/>\n\t<meta property=\"og:image:height\" content=\"301\" \/>\n\t<meta property=\"og:image:type\" content=\"image\/jpeg\" \/>\n<meta name=\"author\" content=\"cfeditorfr\" \/>\n<meta name=\"twitter:card\" content=\"summary_large_image\" \/>\n<meta name=\"twitter:label1\" content=\"\u00c9crit par\" \/>\n\t<meta name=\"twitter:data1\" content=\"cfeditorfr\" \/>\n\t<meta name=\"twitter:label2\" content=\"Dur\u00e9e de lecture estim\u00e9e\" \/>\n\t<meta name=\"twitter:data2\" content=\"4 minutes\" \/>\n<script type=\"application\/ld+json\" class=\"yoast-schema-graph\">{\"@context\":\"https:\/\/schema.org\",\"@graph\":[{\"@type\":\"Article\",\"@id\":\"https:\/\/www.africa-press.net\/cameroun\/politique\/eglise-catholique-fuite-dun-accord-entre-biya-et-le-vatican#article\",\"isPartOf\":{\"@id\":\"https:\/\/www.africa-press.net\/cameroun\/politique\/eglise-catholique-fuite-dun-accord-entre-biya-et-le-vatican\"},\"author\":{\"name\":\"cfeditorfr\",\"@id\":\"https:\/\/www.africa-press.net\/cameroun\/#\/schema\/person\/2b1cf3cd81a31e3cd26889ca66d677f1\"},\"headline\":\"Eglise catholique : fuite d&rsquo;un accord entre Biya et le Vatican\",\"datePublished\":\"2022-07-17T13:01:44+00:00\",\"dateModified\":\"2022-07-17T13:23:36+00:00\",\"mainEntityOfPage\":{\"@id\":\"https:\/\/www.africa-press.net\/cameroun\/politique\/eglise-catholique-fuite-dun-accord-entre-biya-et-le-vatican\"},\"wordCount\":904,\"commentCount\":0,\"image\":{\"@id\":\"https:\/\/www.africa-press.net\/cameroun\/politique\/eglise-catholique-fuite-dun-accord-entre-biya-et-le-vatican#primaryimage\"},\"thumbnailUrl\":\"https:\/\/static.africa-press.net\/cameroun\/sites\/57\/2022\/07\/postQueueImg_5-62d40d42ed0e6.jpg\",\"keywords\":[\"Africa Press\",\"Africa Press-Cameroun\",\"Cameroun\"],\"articleSection\":[\"Dossiers\",\"homepage-french\",\"Politique\",\"Top Nouvelles\",\"Toutes les actualit\u00e9s\"],\"inLanguage\":\"fr-FR\",\"potentialAction\":[{\"@type\":\"CommentAction\",\"name\":\"Comment\",\"target\":[\"https:\/\/www.africa-press.net\/cameroun\/politique\/eglise-catholique-fuite-dun-accord-entre-biya-et-le-vatican#respond\"]}]},{\"@type\":\"WebPage\",\"@id\":\"https:\/\/www.africa-press.net\/cameroun\/politique\/eglise-catholique-fuite-dun-accord-entre-biya-et-le-vatican\",\"url\":\"https:\/\/www.africa-press.net\/cameroun\/politique\/eglise-catholique-fuite-dun-accord-entre-biya-et-le-vatican\",\"name\":\"Eglise catholique : fuite d'un accord entre Biya et le Vatican - Cameroun\",\"isPartOf\":{\"@id\":\"https:\/\/www.africa-press.net\/cameroun\/#website\"},\"primaryImageOfPage\":{\"@id\":\"https:\/\/www.africa-press.net\/cameroun\/politique\/eglise-catholique-fuite-dun-accord-entre-biya-et-le-vatican#primaryimage\"},\"image\":{\"@id\":\"https:\/\/www.africa-press.net\/cameroun\/politique\/eglise-catholique-fuite-dun-accord-entre-biya-et-le-vatican#primaryimage\"},\"thumbnailUrl\":\"https:\/\/static.africa-press.net\/cameroun\/sites\/57\/2022\/07\/postQueueImg_5-62d40d42ed0e6.jpg\",\"datePublished\":\"2022-07-17T13:01:44+00:00\",\"dateModified\":\"2022-07-17T13:23:36+00:00\",\"author\":{\"@id\":\"https:\/\/www.africa-press.net\/cameroun\/#\/schema\/person\/2b1cf3cd81a31e3cd26889ca66d677f1\"},\"description\":\"L'\u00e9glise Catholique au Cameroun est accus\u00e9 de soutenir Maximilienne Ngo Mbe, activiste engag\u00e9e dans la d\u00e9fense des droit ...\",\"breadcrumb\":{\"@id\":\"https:\/\/www.africa-press.net\/cameroun\/politique\/eglise-catholique-fuite-dun-accord-entre-biya-et-le-vatican#breadcrumb\"},\"inLanguage\":\"fr-FR\",\"potentialAction\":[{\"@type\":\"ReadAction\",\"target\":[\"https:\/\/www.africa-press.net\/cameroun\/politique\/eglise-catholique-fuite-dun-accord-entre-biya-et-le-vatican\"]}]},{\"@type\":\"ImageObject\",\"inLanguage\":\"fr-FR\",\"@id\":\"https:\/\/www.africa-press.net\/cameroun\/politique\/eglise-catholique-fuite-dun-accord-entre-biya-et-le-vatican#primaryimage\",\"url\":\"https:\/\/static.africa-press.net\/cameroun\/sites\/57\/2022\/07\/postQueueImg_5-62d40d42ed0e6.jpg\",\"contentUrl\":\"https:\/\/static.africa-press.net\/cameroun\/sites\/57\/2022\/07\/postQueueImg_5-62d40d42ed0e6.jpg\",\"width\":600,\"height\":301,\"caption\":\"Eglise catholique : fuite d'un accord entre Biya et le Vatican\"},{\"@type\":\"BreadcrumbList\",\"@id\":\"https:\/\/www.africa-press.net\/cameroun\/politique\/eglise-catholique-fuite-dun-accord-entre-biya-et-le-vatican#breadcrumb\",\"itemListElement\":[{\"@type\":\"ListItem\",\"position\":1,\"name\":\"Accueil\",\"item\":\"https:\/\/www.africa-press.net\/cameroun\/\"},{\"@type\":\"ListItem\",\"position\":2,\"name\":\"Eglise catholique : fuite d&#8217;un accord entre Biya et le Vatican\"}]},{\"@type\":\"WebSite\",\"@id\":\"https:\/\/www.africa-press.net\/cameroun\/#website\",\"url\":\"https:\/\/www.africa-press.net\/cameroun\/\",\"name\":\"Cameroun\",\"description\":\"Just another Africa News Agency Sites site\",\"potentialAction\":[{\"@type\":\"SearchAction\",\"target\":{\"@type\":\"EntryPoint\",\"urlTemplate\":\"https:\/\/www.africa-press.net\/cameroun\/?s={search_term_string}\"},\"query-input\":{\"@type\":\"PropertyValueSpecification\",\"valueRequired\":true,\"valueName\":\"search_term_string\"}}],\"inLanguage\":\"fr-FR\"},{\"@type\":\"Person\",\"@id\":\"https:\/\/www.africa-press.net\/cameroun\/#\/schema\/person\/2b1cf3cd81a31e3cd26889ca66d677f1\",\"name\":\"cfeditorfr\"}]}<\/script>\n<!-- \/ Yoast SEO Premium plugin. -->","yoast_head_json":{"title":"Eglise catholique : fuite d'un accord entre Biya et le Vatican - Cameroun","description":"L'\u00e9glise Catholique au Cameroun est accus\u00e9 de soutenir Maximilienne Ngo Mbe, activiste engag\u00e9e dans la d\u00e9fense des droit ...","robots":{"index":"index","follow":"follow","max-snippet":"max-snippet:-1","max-image-preview":"max-image-preview:large","max-video-preview":"max-video-preview:-1"},"canonical":"https:\/\/www.africa-press.net\/cameroun\/politique\/eglise-catholique-fuite-dun-accord-entre-biya-et-le-vatican","og_locale":"fr_FR","og_type":"article","og_title":"Eglise catholique : fuite d'un accord entre Biya et le Vatican","og_description":"L'\u00e9glise Catholique au Cameroun est accus\u00e9 de soutenir Maximilienne Ngo Mbe, activiste engag\u00e9e dans la d\u00e9fense des droit ...","og_url":"https:\/\/www.africa-press.net\/cameroun\/politique\/eglise-catholique-fuite-dun-accord-entre-biya-et-le-vatican","og_site_name":"Cameroun","article_published_time":"2022-07-17T13:01:44+00:00","article_modified_time":"2022-07-17T13:23:36+00:00","og_image":[{"width":600,"height":301,"url":"https:\/\/static.africa-press.net\/cameroun\/sites\/57\/2022\/07\/postQueueImg_5-62d40d42ed0e6.jpg","type":"image\/jpeg"}],"author":"cfeditorfr","twitter_card":"summary_large_image","twitter_misc":{"\u00c9crit par":"cfeditorfr","Dur\u00e9e de lecture estim\u00e9e":"4 minutes"},"schema":{"@context":"https:\/\/schema.org","@graph":[{"@type":"Article","@id":"https:\/\/www.africa-press.net\/cameroun\/politique\/eglise-catholique-fuite-dun-accord-entre-biya-et-le-vatican#article","isPartOf":{"@id":"https:\/\/www.africa-press.net\/cameroun\/politique\/eglise-catholique-fuite-dun-accord-entre-biya-et-le-vatican"},"author":{"name":"cfeditorfr","@id":"https:\/\/www.africa-press.net\/cameroun\/#\/schema\/person\/2b1cf3cd81a31e3cd26889ca66d677f1"},"headline":"Eglise catholique : fuite d&rsquo;un accord entre Biya et le Vatican","datePublished":"2022-07-17T13:01:44+00:00","dateModified":"2022-07-17T13:23:36+00:00","mainEntityOfPage":{"@id":"https:\/\/www.africa-press.net\/cameroun\/politique\/eglise-catholique-fuite-dun-accord-entre-biya-et-le-vatican"},"wordCount":904,"commentCount":0,"image":{"@id":"https:\/\/www.africa-press.net\/cameroun\/politique\/eglise-catholique-fuite-dun-accord-entre-biya-et-le-vatican#primaryimage"},"thumbnailUrl":"https:\/\/static.africa-press.net\/cameroun\/sites\/57\/2022\/07\/postQueueImg_5-62d40d42ed0e6.jpg","keywords":["Africa Press","Africa Press-Cameroun","Cameroun"],"articleSection":["Dossiers","homepage-french","Politique","Top Nouvelles","Toutes les actualit\u00e9s"],"inLanguage":"fr-FR","potentialAction":[{"@type":"CommentAction","name":"Comment","target":["https:\/\/www.africa-press.net\/cameroun\/politique\/eglise-catholique-fuite-dun-accord-entre-biya-et-le-vatican#respond"]}]},{"@type":"WebPage","@id":"https:\/\/www.africa-press.net\/cameroun\/politique\/eglise-catholique-fuite-dun-accord-entre-biya-et-le-vatican","url":"https:\/\/www.africa-press.net\/cameroun\/politique\/eglise-catholique-fuite-dun-accord-entre-biya-et-le-vatican","name":"Eglise catholique : fuite d'un accord entre Biya et le Vatican - Cameroun","isPartOf":{"@id":"https:\/\/www.africa-press.net\/cameroun\/#website"},"primaryImageOfPage":{"@id":"https:\/\/www.africa-press.net\/cameroun\/politique\/eglise-catholique-fuite-dun-accord-entre-biya-et-le-vatican#primaryimage"},"image":{"@id":"https:\/\/www.africa-press.net\/cameroun\/politique\/eglise-catholique-fuite-dun-accord-entre-biya-et-le-vatican#primaryimage"},"thumbnailUrl":"https:\/\/static.africa-press.net\/cameroun\/sites\/57\/2022\/07\/postQueueImg_5-62d40d42ed0e6.jpg","datePublished":"2022-07-17T13:01:44+00:00","dateModified":"2022-07-17T13:23:36+00:00","author":{"@id":"https:\/\/www.africa-press.net\/cameroun\/#\/schema\/person\/2b1cf3cd81a31e3cd26889ca66d677f1"},"description":"L'\u00e9glise Catholique au Cameroun est accus\u00e9 de soutenir Maximilienne Ngo Mbe, activiste engag\u00e9e dans la d\u00e9fense des droit ...","breadcrumb":{"@id":"https:\/\/www.africa-press.net\/cameroun\/politique\/eglise-catholique-fuite-dun-accord-entre-biya-et-le-vatican#breadcrumb"},"inLanguage":"fr-FR","potentialAction":[{"@type":"ReadAction","target":["https:\/\/www.africa-press.net\/cameroun\/politique\/eglise-catholique-fuite-dun-accord-entre-biya-et-le-vatican"]}]},{"@type":"ImageObject","inLanguage":"fr-FR","@id":"https:\/\/www.africa-press.net\/cameroun\/politique\/eglise-catholique-fuite-dun-accord-entre-biya-et-le-vatican#primaryimage","url":"https:\/\/static.africa-press.net\/cameroun\/sites\/57\/2022\/07\/postQueueImg_5-62d40d42ed0e6.jpg","contentUrl":"https:\/\/static.africa-press.net\/cameroun\/sites\/57\/2022\/07\/postQueueImg_5-62d40d42ed0e6.jpg","width":600,"height":301,"caption":"Eglise catholique : fuite d'un accord entre Biya et le Vatican"},{"@type":"BreadcrumbList","@id":"https:\/\/www.africa-press.net\/cameroun\/politique\/eglise-catholique-fuite-dun-accord-entre-biya-et-le-vatican#breadcrumb","itemListElement":[{"@type":"ListItem","position":1,"name":"Accueil","item":"https:\/\/www.africa-press.net\/cameroun\/"},{"@type":"ListItem","position":2,"name":"Eglise catholique : fuite d&#8217;un accord entre Biya et le Vatican"}]},{"@type":"WebSite","@id":"https:\/\/www.africa-press.net\/cameroun\/#website","url":"https:\/\/www.africa-press.net\/cameroun\/","name":"Cameroun","description":"Just another Africa News Agency Sites site","potentialAction":[{"@type":"SearchAction","target":{"@type":"EntryPoint","urlTemplate":"https:\/\/www.africa-press.net\/cameroun\/?s={search_term_string}"},"query-input":{"@type":"PropertyValueSpecification","valueRequired":true,"valueName":"search_term_string"}}],"inLanguage":"fr-FR"},{"@type":"Person","@id":"https:\/\/www.africa-press.net\/cameroun\/#\/schema\/person\/2b1cf3cd81a31e3cd26889ca66d677f1","name":"cfeditorfr"}]}},"_links":{"self":[{"href":"https:\/\/www.africa-press.net\/cameroun\/wp-json\/wp\/v2\/posts\/23696","targetHints":{"allow":["GET"]}}],"collection":[{"href":"https:\/\/www.africa-press.net\/cameroun\/wp-json\/wp\/v2\/posts"}],"about":[{"href":"https:\/\/www.africa-press.net\/cameroun\/wp-json\/wp\/v2\/types\/post"}],"author":[{"embeddable":true,"href":"https:\/\/www.africa-press.net\/cameroun\/wp-json\/wp\/v2\/users\/82"}],"replies":[{"embeddable":true,"href":"https:\/\/www.africa-press.net\/cameroun\/wp-json\/wp\/v2\/comments?post=23696"}],"version-history":[{"count":0,"href":"https:\/\/www.africa-press.net\/cameroun\/wp-json\/wp\/v2\/posts\/23696\/revisions"}],"wp:featuredmedia":[{"embeddable":true,"href":"https:\/\/www.africa-press.net\/cameroun\/wp-json\/wp\/v2\/media\/23695"}],"wp:attachment":[{"href":"https:\/\/www.africa-press.net\/cameroun\/wp-json\/wp\/v2\/media?parent=23696"}],"wp:term":[{"taxonomy":"category","embeddable":true,"href":"https:\/\/www.africa-press.net\/cameroun\/wp-json\/wp\/v2\/categories?post=23696"},{"taxonomy":"post_tag","embeddable":true,"href":"https:\/\/www.africa-press.net\/cameroun\/wp-json\/wp\/v2\/tags?post=23696"}],"curies":[{"name":"wp","href":"https:\/\/api.w.org\/{rel}","templated":true}]}}