{"id":23705,"date":"2022-07-17T13:04:18","date_gmt":"2022-07-17T13:04:18","guid":{"rendered":"https:\/\/www.africa-press.net\/cameroun\/politique\/monsieur-macron-vous-netes-pas-la-bienvenue-au-cameroun-lettre-ouverte-au-president-francais"},"modified":"2022-07-17T13:25:42","modified_gmt":"2022-07-17T13:25:42","slug":"monsieur-macron-vous-netes-pas-la-bienvenue-au-cameroun-lettre-ouverte-au-president-francais","status":"publish","type":"post","link":"https:\/\/www.africa-press.net\/cameroun\/politique\/monsieur-macron-vous-netes-pas-la-bienvenue-au-cameroun-lettre-ouverte-au-president-francais","title":{"rendered":"&lsquo;Monsieur Macron vous n&rsquo;\u00eates pas la bienvenue au Cameroun&rsquo; &#8211; Lettre ouverte au pr\u00e9sident fran\u00e7ais"},"content":{"rendered":"<p><span style=\"color: #ff6600\"><strong>Africa-Press &#8211; Cameroun. <\/strong><\/span>A Monsieur le Pr\u00e9sident Emmanuel Macron,<\/p>\n<p>Cher pr\u00e9sident, je suis heureuse que vous veniez dans mon pays d\u2019origine : le Cameroun.<\/p>\n<p>Je connais votre fougue, votre intelligence et cette impertinence qui vous fait croire que vous n\u2019\u00eates pas d\u00e9biteur de l\u2019histoire, qu&rsquo;on se doit de tourner la page,, ou du moins, que vous n\u2019\u00eates pas responsable des crimes fran\u00e7ais commis en Afrique, car vous \u00eates n\u00e9 bien apr\u00e8s ces affreux \u00e9v\u00e9nements.<\/p>\n<p>Pour nous, cette histoire est pr\u00e9gnante ! Elle habite nos c\u0153urs bless\u00e9s et nos \u00e2mes meurtries ! Elle habite chaque cellule de nos corps et peuple chacune de nos respirations. Elle se d\u00e9cline en de centaines de milliers de camerounais morts : Elle a le visage de Um Nyobe ou de Wandjie, d\u2019Affana et d\u2019illustres anonymes morts parce qu\u2019ils voulaient pr\u00e9sider \u00e0 leur destin\u00e9e ! Le souvenir de Khadaffi nous hante et ces bombes jet\u00e9es aveuglement, tuant des centaines de milliers d\u2019innocents !<\/p>\n<p>Vous venez d\u00e9fendre les int\u00e9r\u00eats de la France et c\u2019est bien, tr\u00e8s bien. Mais allez-vous demander pardon au peuple camerounais martyris\u00e9 ? Venez-vous press\u00e9 par le d\u00e9sir de reconna\u00eetre les crimes de la France et pr\u00e9senter des excuses \u00e0 ce peuple meurtri ? Venez-vous \u00e9tablir des relations de respect mutuel ? Venez-vous pour adouber un homme pour la transition au Cameroun, cette transition dont on parle et qui n\u2019est pas si lointaine ?<\/p>\n<p>Sachez donc Monsieur le Pr\u00e9sident que le Cameroun n\u2019est pas la C\u00f4te d\u2019Ivoire ! Que le Cameroun n\u2019est pas le Tchad ! Que le Cameroun n\u2019est pas le Gabon !<\/p>\n<p>Que venez vous donc faire par ici en ces temps troubles de notre histoire ? Garantir \u00e0 certains l\u2019accession \u00e0 la magistrature supr\u00eame en contrepartie de nos richesses ? Venez vous tout simplement nous dire combien vous nous aimez ? J\u2019aime mieux cette derni\u00e8re hypoth\u00e8se !<\/p>\n<p>Mais je ne suis pas na\u00efve ! Je sais d\u00e9j\u00e0 que vous apporterez dans vos bagages les fran\u00e7africains patent\u00e9s, les Achille Mbemb\u00e9 et bien d\u2019autres pour vous faciliter la t\u00e2che, comme ils ont tent\u00e9 de le faire lors du simulacre de Montpellier. Votre chemin sera balis\u00e9, le c\u0153ur du Cameroun en porte d\u00e9j\u00e0 la lourdeur !<\/p>\n<p>Pour l\u2019ensemble des camerounais vous \u00eates le mal venu ! Ils savent que vous ne leur voulez aucun bien, pourquoi, selon vous ?<\/p>\n<p>Je vous souhaite un agr\u00e9able s\u00e9jour sur ma terre d\u2019origine en esp\u00e9rant qu\u2019un jour la paix r\u00e9elle existera d\u2019avec ma terre d\u2019adoption, la France.<\/p>\n<p><strong>Pour plus d&rsquo;informations et d&rsquo;analyses sur la <a href=\"https:\/\/www.africa-press.net\/cameroun\">Cameroun<\/a>, suivez <a href=\"https:\/\/www.africa-press.net\/\">Africa-Press<\/a><\/strong><\/p>\n","protected":false},"excerpt":{"rendered":"<p>Africa-Press &#8211; Cameroun. A Monsieur le Pr\u00e9sident Emmanuel Macron, Cher pr\u00e9sident, je suis heureuse que vous veniez dans mon pays d\u2019origine : le Cameroun. Je connais votre fougue, votre intelligence et cette impertinence qui vous fait croire que vous n\u2019\u00eates pas d\u00e9biteur de l\u2019histoire, qu&rsquo;on se doit de tourner la page,, ou du moins, que [&hellip;]<\/p>\n","protected":false},"author":82,"featured_media":23704,"comment_status":"open","ping_status":"closed","sticky":false,"template":"","format":"standard","meta":{"footnotes":""},"categories":[11,2,10],"tags":[36,50,49],"class_list":["post-23705","post","type-post","status-publish","format-standard","has-post-thumbnail","hentry","category-homepage-french","category-politique","category-toutes-les-actualites","tag-africa-press","tag-africa-press-cameroun","tag-cameroun"],"yoast_head":"<!-- This site is optimized with the Yoast SEO Premium plugin v26.1 (Yoast SEO v27.0) - https:\/\/yoast.com\/product\/yoast-seo-premium-wordpress\/ -->\n<title>&#039;Monsieur Macron vous n&#039;\u00eates pas la bienvenue au Cameroun&#039; - Lettre ouverte au pr\u00e9sident fran\u00e7ais - Cameroun<\/title>\n<meta name=\"description\" content=\"A Monsieur le Pr\u00e9sident Emmanuel Macron, Cher pr\u00e9sident, je suis heureuse que vous veniez dans mon pays d\u2019origine : le ...\" \/>\n<meta name=\"robots\" content=\"index, follow, max-snippet:-1, max-image-preview:large, max-video-preview:-1\" \/>\n<link rel=\"canonical\" href=\"https:\/\/www.africa-press.net\/cameroun\/politique\/monsieur-macron-vous-netes-pas-la-bienvenue-au-cameroun-lettre-ouverte-au-president-francais\" \/>\n<meta property=\"og:locale\" content=\"fr_FR\" \/>\n<meta property=\"og:type\" content=\"article\" \/>\n<meta property=\"og:title\" content=\"&#039;Monsieur Macron vous n&#039;\u00eates pas la bienvenue au Cameroun&#039; - Lettre ouverte au pr\u00e9sident fran\u00e7ais\" \/>\n<meta property=\"og:description\" content=\"A Monsieur le Pr\u00e9sident Emmanuel Macron, Cher pr\u00e9sident, je suis heureuse que vous veniez dans mon pays d\u2019origine : le ...\" \/>\n<meta property=\"og:url\" content=\"https:\/\/www.africa-press.net\/cameroun\/politique\/monsieur-macron-vous-netes-pas-la-bienvenue-au-cameroun-lettre-ouverte-au-president-francais\" \/>\n<meta property=\"og:site_name\" content=\"Cameroun\" \/>\n<meta property=\"article:published_time\" content=\"2022-07-17T13:04:18+00:00\" \/>\n<meta property=\"article:modified_time\" content=\"2022-07-17T13:25:42+00:00\" \/>\n<meta property=\"og:image\" content=\"https:\/\/static.africa-press.net\/cameroun\/sites\/57\/2022\/07\/postQueueImg_8-62d40da644375.jpg\" \/>\n\t<meta property=\"og:image:width\" content=\"600\" \/>\n\t<meta property=\"og:image:height\" content=\"402\" \/>\n\t<meta property=\"og:image:type\" content=\"image\/jpeg\" \/>\n<meta name=\"author\" content=\"cfeditorfr\" \/>\n<meta name=\"twitter:card\" content=\"summary_large_image\" \/>\n<meta name=\"twitter:label1\" content=\"\u00c9crit par\" \/>\n\t<meta name=\"twitter:data1\" content=\"cfeditorfr\" \/>\n\t<meta name=\"twitter:label2\" content=\"Dur\u00e9e de lecture estim\u00e9e\" \/>\n\t<meta name=\"twitter:data2\" content=\"2 minutes\" \/>\n<script type=\"application\/ld+json\" class=\"yoast-schema-graph\">{\"@context\":\"https:\/\/schema.org\",\"@graph\":[{\"@type\":\"Article\",\"@id\":\"https:\/\/www.africa-press.net\/cameroun\/politique\/monsieur-macron-vous-netes-pas-la-bienvenue-au-cameroun-lettre-ouverte-au-president-francais#article\",\"isPartOf\":{\"@id\":\"https:\/\/www.africa-press.net\/cameroun\/politique\/monsieur-macron-vous-netes-pas-la-bienvenue-au-cameroun-lettre-ouverte-au-president-francais\"},\"author\":{\"name\":\"cfeditorfr\",\"@id\":\"https:\/\/www.africa-press.net\/cameroun\/#\/schema\/person\/2b1cf3cd81a31e3cd26889ca66d677f1\"},\"headline\":\"&lsquo;Monsieur Macron vous n&rsquo;\u00eates pas la bienvenue au Cameroun&rsquo; &#8211; Lettre ouverte au pr\u00e9sident fran\u00e7ais\",\"datePublished\":\"2022-07-17T13:04:18+00:00\",\"dateModified\":\"2022-07-17T13:25:42+00:00\",\"mainEntityOfPage\":{\"@id\":\"https:\/\/www.africa-press.net\/cameroun\/politique\/monsieur-macron-vous-netes-pas-la-bienvenue-au-cameroun-lettre-ouverte-au-president-francais\"},\"wordCount\":473,\"commentCount\":0,\"image\":{\"@id\":\"https:\/\/www.africa-press.net\/cameroun\/politique\/monsieur-macron-vous-netes-pas-la-bienvenue-au-cameroun-lettre-ouverte-au-president-francais#primaryimage\"},\"thumbnailUrl\":\"https:\/\/static.africa-press.net\/cameroun\/sites\/57\/2022\/07\/postQueueImg_8-62d40da644375.jpg\",\"keywords\":[\"Africa Press\",\"Africa Press-Cameroun\",\"Cameroun\"],\"articleSection\":[\"homepage-french\",\"Politique\",\"Toutes les actualit\u00e9s\"],\"inLanguage\":\"fr-FR\",\"potentialAction\":[{\"@type\":\"CommentAction\",\"name\":\"Comment\",\"target\":[\"https:\/\/www.africa-press.net\/cameroun\/politique\/monsieur-macron-vous-netes-pas-la-bienvenue-au-cameroun-lettre-ouverte-au-president-francais#respond\"]}]},{\"@type\":\"WebPage\",\"@id\":\"https:\/\/www.africa-press.net\/cameroun\/politique\/monsieur-macron-vous-netes-pas-la-bienvenue-au-cameroun-lettre-ouverte-au-president-francais\",\"url\":\"https:\/\/www.africa-press.net\/cameroun\/politique\/monsieur-macron-vous-netes-pas-la-bienvenue-au-cameroun-lettre-ouverte-au-president-francais\",\"name\":\"'Monsieur Macron vous n'\u00eates pas la bienvenue au Cameroun' - Lettre ouverte au pr\u00e9sident fran\u00e7ais - Cameroun\",\"isPartOf\":{\"@id\":\"https:\/\/www.africa-press.net\/cameroun\/#website\"},\"primaryImageOfPage\":{\"@id\":\"https:\/\/www.africa-press.net\/cameroun\/politique\/monsieur-macron-vous-netes-pas-la-bienvenue-au-cameroun-lettre-ouverte-au-president-francais#primaryimage\"},\"image\":{\"@id\":\"https:\/\/www.africa-press.net\/cameroun\/politique\/monsieur-macron-vous-netes-pas-la-bienvenue-au-cameroun-lettre-ouverte-au-president-francais#primaryimage\"},\"thumbnailUrl\":\"https:\/\/static.africa-press.net\/cameroun\/sites\/57\/2022\/07\/postQueueImg_8-62d40da644375.jpg\",\"datePublished\":\"2022-07-17T13:04:18+00:00\",\"dateModified\":\"2022-07-17T13:25:42+00:00\",\"author\":{\"@id\":\"https:\/\/www.africa-press.net\/cameroun\/#\/schema\/person\/2b1cf3cd81a31e3cd26889ca66d677f1\"},\"description\":\"A Monsieur le Pr\u00e9sident Emmanuel Macron, Cher pr\u00e9sident, je suis heureuse que vous veniez dans mon pays d\u2019origine : le ...\",\"breadcrumb\":{\"@id\":\"https:\/\/www.africa-press.net\/cameroun\/politique\/monsieur-macron-vous-netes-pas-la-bienvenue-au-cameroun-lettre-ouverte-au-president-francais#breadcrumb\"},\"inLanguage\":\"fr-FR\",\"potentialAction\":[{\"@type\":\"ReadAction\",\"target\":[\"https:\/\/www.africa-press.net\/cameroun\/politique\/monsieur-macron-vous-netes-pas-la-bienvenue-au-cameroun-lettre-ouverte-au-president-francais\"]}]},{\"@type\":\"ImageObject\",\"inLanguage\":\"fr-FR\",\"@id\":\"https:\/\/www.africa-press.net\/cameroun\/politique\/monsieur-macron-vous-netes-pas-la-bienvenue-au-cameroun-lettre-ouverte-au-president-francais#primaryimage\",\"url\":\"https:\/\/static.africa-press.net\/cameroun\/sites\/57\/2022\/07\/postQueueImg_8-62d40da644375.jpg\",\"contentUrl\":\"https:\/\/static.africa-press.net\/cameroun\/sites\/57\/2022\/07\/postQueueImg_8-62d40da644375.jpg\",\"width\":600,\"height\":402,\"caption\":\"'Monsieur Macron vous n'\u00eates pas la bienvenue au Cameroun' - Lettre ouverte au pr\u00e9sident fran\u00e7ais\"},{\"@type\":\"BreadcrumbList\",\"@id\":\"https:\/\/www.africa-press.net\/cameroun\/politique\/monsieur-macron-vous-netes-pas-la-bienvenue-au-cameroun-lettre-ouverte-au-president-francais#breadcrumb\",\"itemListElement\":[{\"@type\":\"ListItem\",\"position\":1,\"name\":\"Accueil\",\"item\":\"https:\/\/www.africa-press.net\/cameroun\/\"},{\"@type\":\"ListItem\",\"position\":2,\"name\":\"&#8216;Monsieur Macron vous n&#8217;\u00eates pas la bienvenue au Cameroun&#8217; &#8211; Lettre ouverte au pr\u00e9sident fran\u00e7ais\"}]},{\"@type\":\"WebSite\",\"@id\":\"https:\/\/www.africa-press.net\/cameroun\/#website\",\"url\":\"https:\/\/www.africa-press.net\/cameroun\/\",\"name\":\"Cameroun\",\"description\":\"Just another Africa News Agency Sites site\",\"potentialAction\":[{\"@type\":\"SearchAction\",\"target\":{\"@type\":\"EntryPoint\",\"urlTemplate\":\"https:\/\/www.africa-press.net\/cameroun\/?s={search_term_string}\"},\"query-input\":{\"@type\":\"PropertyValueSpecification\",\"valueRequired\":true,\"valueName\":\"search_term_string\"}}],\"inLanguage\":\"fr-FR\"},{\"@type\":\"Person\",\"@id\":\"https:\/\/www.africa-press.net\/cameroun\/#\/schema\/person\/2b1cf3cd81a31e3cd26889ca66d677f1\",\"name\":\"cfeditorfr\"}]}<\/script>\n<!-- \/ Yoast SEO Premium plugin. -->","yoast_head_json":{"title":"'Monsieur Macron vous n'\u00eates pas la bienvenue au Cameroun' - Lettre ouverte au pr\u00e9sident fran\u00e7ais - Cameroun","description":"A Monsieur le Pr\u00e9sident Emmanuel Macron, Cher pr\u00e9sident, je suis heureuse que vous veniez dans mon pays d\u2019origine : le ...","robots":{"index":"index","follow":"follow","max-snippet":"max-snippet:-1","max-image-preview":"max-image-preview:large","max-video-preview":"max-video-preview:-1"},"canonical":"https:\/\/www.africa-press.net\/cameroun\/politique\/monsieur-macron-vous-netes-pas-la-bienvenue-au-cameroun-lettre-ouverte-au-president-francais","og_locale":"fr_FR","og_type":"article","og_title":"'Monsieur Macron vous n'\u00eates pas la bienvenue au Cameroun' - Lettre ouverte au pr\u00e9sident fran\u00e7ais","og_description":"A Monsieur le Pr\u00e9sident Emmanuel Macron, Cher pr\u00e9sident, je suis heureuse que vous veniez dans mon pays d\u2019origine : le ...","og_url":"https:\/\/www.africa-press.net\/cameroun\/politique\/monsieur-macron-vous-netes-pas-la-bienvenue-au-cameroun-lettre-ouverte-au-president-francais","og_site_name":"Cameroun","article_published_time":"2022-07-17T13:04:18+00:00","article_modified_time":"2022-07-17T13:25:42+00:00","og_image":[{"width":600,"height":402,"url":"https:\/\/static.africa-press.net\/cameroun\/sites\/57\/2022\/07\/postQueueImg_8-62d40da644375.jpg","type":"image\/jpeg"}],"author":"cfeditorfr","twitter_card":"summary_large_image","twitter_misc":{"\u00c9crit par":"cfeditorfr","Dur\u00e9e de lecture estim\u00e9e":"2 minutes"},"schema":{"@context":"https:\/\/schema.org","@graph":[{"@type":"Article","@id":"https:\/\/www.africa-press.net\/cameroun\/politique\/monsieur-macron-vous-netes-pas-la-bienvenue-au-cameroun-lettre-ouverte-au-president-francais#article","isPartOf":{"@id":"https:\/\/www.africa-press.net\/cameroun\/politique\/monsieur-macron-vous-netes-pas-la-bienvenue-au-cameroun-lettre-ouverte-au-president-francais"},"author":{"name":"cfeditorfr","@id":"https:\/\/www.africa-press.net\/cameroun\/#\/schema\/person\/2b1cf3cd81a31e3cd26889ca66d677f1"},"headline":"&lsquo;Monsieur Macron vous n&rsquo;\u00eates pas la bienvenue au Cameroun&rsquo; &#8211; Lettre ouverte au pr\u00e9sident fran\u00e7ais","datePublished":"2022-07-17T13:04:18+00:00","dateModified":"2022-07-17T13:25:42+00:00","mainEntityOfPage":{"@id":"https:\/\/www.africa-press.net\/cameroun\/politique\/monsieur-macron-vous-netes-pas-la-bienvenue-au-cameroun-lettre-ouverte-au-president-francais"},"wordCount":473,"commentCount":0,"image":{"@id":"https:\/\/www.africa-press.net\/cameroun\/politique\/monsieur-macron-vous-netes-pas-la-bienvenue-au-cameroun-lettre-ouverte-au-president-francais#primaryimage"},"thumbnailUrl":"https:\/\/static.africa-press.net\/cameroun\/sites\/57\/2022\/07\/postQueueImg_8-62d40da644375.jpg","keywords":["Africa Press","Africa Press-Cameroun","Cameroun"],"articleSection":["homepage-french","Politique","Toutes les actualit\u00e9s"],"inLanguage":"fr-FR","potentialAction":[{"@type":"CommentAction","name":"Comment","target":["https:\/\/www.africa-press.net\/cameroun\/politique\/monsieur-macron-vous-netes-pas-la-bienvenue-au-cameroun-lettre-ouverte-au-president-francais#respond"]}]},{"@type":"WebPage","@id":"https:\/\/www.africa-press.net\/cameroun\/politique\/monsieur-macron-vous-netes-pas-la-bienvenue-au-cameroun-lettre-ouverte-au-president-francais","url":"https:\/\/www.africa-press.net\/cameroun\/politique\/monsieur-macron-vous-netes-pas-la-bienvenue-au-cameroun-lettre-ouverte-au-president-francais","name":"'Monsieur Macron vous n'\u00eates pas la bienvenue au Cameroun' - Lettre ouverte au pr\u00e9sident fran\u00e7ais - Cameroun","isPartOf":{"@id":"https:\/\/www.africa-press.net\/cameroun\/#website"},"primaryImageOfPage":{"@id":"https:\/\/www.africa-press.net\/cameroun\/politique\/monsieur-macron-vous-netes-pas-la-bienvenue-au-cameroun-lettre-ouverte-au-president-francais#primaryimage"},"image":{"@id":"https:\/\/www.africa-press.net\/cameroun\/politique\/monsieur-macron-vous-netes-pas-la-bienvenue-au-cameroun-lettre-ouverte-au-president-francais#primaryimage"},"thumbnailUrl":"https:\/\/static.africa-press.net\/cameroun\/sites\/57\/2022\/07\/postQueueImg_8-62d40da644375.jpg","datePublished":"2022-07-17T13:04:18+00:00","dateModified":"2022-07-17T13:25:42+00:00","author":{"@id":"https:\/\/www.africa-press.net\/cameroun\/#\/schema\/person\/2b1cf3cd81a31e3cd26889ca66d677f1"},"description":"A Monsieur le Pr\u00e9sident Emmanuel Macron, Cher pr\u00e9sident, je suis heureuse que vous veniez dans mon pays d\u2019origine : le ...","breadcrumb":{"@id":"https:\/\/www.africa-press.net\/cameroun\/politique\/monsieur-macron-vous-netes-pas-la-bienvenue-au-cameroun-lettre-ouverte-au-president-francais#breadcrumb"},"inLanguage":"fr-FR","potentialAction":[{"@type":"ReadAction","target":["https:\/\/www.africa-press.net\/cameroun\/politique\/monsieur-macron-vous-netes-pas-la-bienvenue-au-cameroun-lettre-ouverte-au-president-francais"]}]},{"@type":"ImageObject","inLanguage":"fr-FR","@id":"https:\/\/www.africa-press.net\/cameroun\/politique\/monsieur-macron-vous-netes-pas-la-bienvenue-au-cameroun-lettre-ouverte-au-president-francais#primaryimage","url":"https:\/\/static.africa-press.net\/cameroun\/sites\/57\/2022\/07\/postQueueImg_8-62d40da644375.jpg","contentUrl":"https:\/\/static.africa-press.net\/cameroun\/sites\/57\/2022\/07\/postQueueImg_8-62d40da644375.jpg","width":600,"height":402,"caption":"'Monsieur Macron vous n'\u00eates pas la bienvenue au Cameroun' - Lettre ouverte au pr\u00e9sident fran\u00e7ais"},{"@type":"BreadcrumbList","@id":"https:\/\/www.africa-press.net\/cameroun\/politique\/monsieur-macron-vous-netes-pas-la-bienvenue-au-cameroun-lettre-ouverte-au-president-francais#breadcrumb","itemListElement":[{"@type":"ListItem","position":1,"name":"Accueil","item":"https:\/\/www.africa-press.net\/cameroun\/"},{"@type":"ListItem","position":2,"name":"&#8216;Monsieur Macron vous n&#8217;\u00eates pas la bienvenue au Cameroun&#8217; &#8211; Lettre ouverte au pr\u00e9sident fran\u00e7ais"}]},{"@type":"WebSite","@id":"https:\/\/www.africa-press.net\/cameroun\/#website","url":"https:\/\/www.africa-press.net\/cameroun\/","name":"Cameroun","description":"Just another Africa News Agency Sites site","potentialAction":[{"@type":"SearchAction","target":{"@type":"EntryPoint","urlTemplate":"https:\/\/www.africa-press.net\/cameroun\/?s={search_term_string}"},"query-input":{"@type":"PropertyValueSpecification","valueRequired":true,"valueName":"search_term_string"}}],"inLanguage":"fr-FR"},{"@type":"Person","@id":"https:\/\/www.africa-press.net\/cameroun\/#\/schema\/person\/2b1cf3cd81a31e3cd26889ca66d677f1","name":"cfeditorfr"}]}},"_links":{"self":[{"href":"https:\/\/www.africa-press.net\/cameroun\/wp-json\/wp\/v2\/posts\/23705","targetHints":{"allow":["GET"]}}],"collection":[{"href":"https:\/\/www.africa-press.net\/cameroun\/wp-json\/wp\/v2\/posts"}],"about":[{"href":"https:\/\/www.africa-press.net\/cameroun\/wp-json\/wp\/v2\/types\/post"}],"author":[{"embeddable":true,"href":"https:\/\/www.africa-press.net\/cameroun\/wp-json\/wp\/v2\/users\/82"}],"replies":[{"embeddable":true,"href":"https:\/\/www.africa-press.net\/cameroun\/wp-json\/wp\/v2\/comments?post=23705"}],"version-history":[{"count":0,"href":"https:\/\/www.africa-press.net\/cameroun\/wp-json\/wp\/v2\/posts\/23705\/revisions"}],"wp:featuredmedia":[{"embeddable":true,"href":"https:\/\/www.africa-press.net\/cameroun\/wp-json\/wp\/v2\/media\/23704"}],"wp:attachment":[{"href":"https:\/\/www.africa-press.net\/cameroun\/wp-json\/wp\/v2\/media?parent=23705"}],"wp:term":[{"taxonomy":"category","embeddable":true,"href":"https:\/\/www.africa-press.net\/cameroun\/wp-json\/wp\/v2\/categories?post=23705"},{"taxonomy":"post_tag","embeddable":true,"href":"https:\/\/www.africa-press.net\/cameroun\/wp-json\/wp\/v2\/tags?post=23705"}],"curies":[{"name":"wp","href":"https:\/\/api.w.org\/{rel}","templated":true}]}}