{"id":23708,"date":"2022-07-17T13:05:01","date_gmt":"2022-07-17T13:05:01","guid":{"rendered":"https:\/\/www.africa-press.net\/cameroun\/politique\/la-saison-des-deceptions-se-poursuivra-t-elle-au-mondial-qatari"},"modified":"2022-07-17T13:26:20","modified_gmt":"2022-07-17T13:26:20","slug":"la-saison-des-deceptions-se-poursuivra-t-elle-au-mondial-qatari","status":"publish","type":"post","link":"https:\/\/www.africa-press.net\/cameroun\/sports\/la-saison-des-deceptions-se-poursuivra-t-elle-au-mondial-qatari","title":{"rendered":"La saison des d\u00e9ceptions se poursuivra t-elle au mondial qatari ?"},"content":{"rendered":"<p><span style=\"color: #ff6600\"><strong>Africa-Press &#8211; Cameroun. <\/strong><\/span>Apr\u00e8s les \u00e9checs des CAN masculine et f\u00e9minine, nous sommes inquiets. Une inqui\u00e9tude qui se renforce \u00e0 l&rsquo;absence d&rsquo;une organisation et d&rsquo;une pr\u00e9paration s\u00e9rieuse pour le niveau d&rsquo;adversit\u00e9 qui nous attend au Qatar !<\/p>\n<p>Une \u00e9quipe qui ambitionne Gagner la Coupe du Monde [ Samuel Eto&rsquo;o ] se donne les moyens de sa politique.<\/p>\n<p>\u00c0 l\u2019heure actuelle , personne ne peut nous dire, m\u00eame pas le s\u00e9lectionneur-pr\u00e9sident de la FECAFOOT, quel est le programme de pr\u00e9paration des lions indomptables , allons nous avoir au moins 1ou 2matchs amicaux s\u00e9rieux contre des \u00e9quipes aux profils semblables a nos futur adversaires ?<\/p>\n<p>Comment donc esp\u00e9rer faire de la magie au QATAR dans quelques mois , la th\u00e9orie du danger du coach Rigobert song , sera t\u2019elle encore a jour? Certainement pas , parce que en coupe du monde on essaye pas , on ne propose pas, on ne teste pas les th\u00e9ories, on ne fait pas la sorcellerie.<\/p>\n<p>En juin, pendant que la Suisse affrontait l\u2019Espagne, le Portugal, le Br\u00e9sil lui jouait l\u2019Argentine , les lions eux n\u2019ont eu que le Burundi et les lions locaux comme adversaires en pr\u00e9paration , iront nous en coupe du monde avec des joueurs qui auparavant n\u2019ont jamais rien d\u00e9montr\u00e9 de leur r\u00e9elle niveau dans un vrai match en s\u00e9lection ? Oui, impossible n\u2019est pas camerounais mais le vaudou aussi n&rsquo;est pas camerounais.<\/p>\n<p>Ne perdons pas de vue que dans 3 mois que quelques jours nous allons jouer contre la Suisse qui a emp\u00each\u00e9 l&rsquo;Italie de se qualifier, contre la Serbie qui a dompt\u00e9 le Portugal en aller-retour et contre le Br\u00e9sil qu&rsquo;on ne pr\u00e9sente plus \u00e0 cette comp\u00e9tition.<\/p>\n<p>Toutes les \u00e9quipes connaissent d\u00e9j\u00e0 le programme de matchs amicaux qui va les conduire au Qatar sauf les lions indomptables. Mettons \u00e0 contribution notre carnet d&rsquo;adresses et notre long bras pour tenter de sauver la pr\u00e9paration car \u00e7a urge et le danger est d\u00e9j\u00e0 l\u00e0 et on semble tr\u00e8s confiant ! \u00bb<\/p>\n<p><b>Anicet Mani<\/b><\/p>\n<p><strong>Pour plus d&rsquo;informations et d&rsquo;analyses sur la <a href=\"https:\/\/www.africa-press.net\/cameroun\">Cameroun<\/a>, suivez <a href=\"https:\/\/www.africa-press.net\/\">Africa-Press<\/a><\/strong><\/p>\n","protected":false},"excerpt":{"rendered":"<p>Africa-Press &#8211; Cameroun. Apr\u00e8s les \u00e9checs des CAN masculine et f\u00e9minine, nous sommes inquiets. Une inqui\u00e9tude qui se renforce \u00e0 l&rsquo;absence d&rsquo;une organisation et d&rsquo;une pr\u00e9paration s\u00e9rieuse pour le niveau d&rsquo;adversit\u00e9 qui nous attend au Qatar ! Une \u00e9quipe qui ambitionne Gagner la Coupe du Monde [ Samuel Eto&rsquo;o ] se donne les moyens de [&hellip;]<\/p>\n","protected":false},"author":82,"featured_media":23707,"comment_status":"open","ping_status":"closed","sticky":false,"template":"","format":"standard","meta":{"footnotes":""},"categories":[11,6,10],"tags":[36,50,49],"class_list":["post-23708","post","type-post","status-publish","format-standard","has-post-thumbnail","hentry","category-homepage-french","category-sports","category-toutes-les-actualites","tag-africa-press","tag-africa-press-cameroun","tag-cameroun"],"yoast_head":"<!-- This site is optimized with the Yoast SEO Premium plugin v26.1 (Yoast SEO v27.0) - https:\/\/yoast.com\/product\/yoast-seo-premium-wordpress\/ -->\n<title>La saison des d\u00e9ceptions se poursuivra t-elle au mondial qatari ? - Cameroun<\/title>\n<meta name=\"description\" content=\"Apr\u00e8s les \u00e9checs des CAN masculine et f\u00e9minine, nous sommes inquiets. Une inqui\u00e9tude qui se renforce \u00e0 l&#039;absence d&#039;une o ...\" \/>\n<meta name=\"robots\" content=\"index, follow, max-snippet:-1, max-image-preview:large, max-video-preview:-1\" \/>\n<link rel=\"canonical\" href=\"https:\/\/www.africa-press.net\/cameroun\/sports\/la-saison-des-deceptions-se-poursuivra-t-elle-au-mondial-qatari\" \/>\n<meta property=\"og:locale\" content=\"fr_FR\" \/>\n<meta property=\"og:type\" content=\"article\" \/>\n<meta property=\"og:title\" content=\"La saison des d\u00e9ceptions se poursuivra t-elle au mondial qatari ?\" \/>\n<meta property=\"og:description\" content=\"Apr\u00e8s les \u00e9checs des CAN masculine et f\u00e9minine, nous sommes inquiets. Une inqui\u00e9tude qui se renforce \u00e0 l&#039;absence d&#039;une o ...\" \/>\n<meta property=\"og:url\" content=\"https:\/\/www.africa-press.net\/cameroun\/sports\/la-saison-des-deceptions-se-poursuivra-t-elle-au-mondial-qatari\" \/>\n<meta property=\"og:site_name\" content=\"Cameroun\" \/>\n<meta property=\"article:published_time\" content=\"2022-07-17T13:05:01+00:00\" \/>\n<meta property=\"article:modified_time\" content=\"2022-07-17T13:26:20+00:00\" \/>\n<meta property=\"og:image\" content=\"https:\/\/static.africa-press.net\/cameroun\/sites\/57\/2022\/07\/postQueueImg_9-62d40ddc96c6f.jpg\" \/>\n\t<meta property=\"og:image:width\" content=\"600\" \/>\n\t<meta property=\"og:image:height\" content=\"320\" \/>\n\t<meta property=\"og:image:type\" content=\"image\/jpeg\" \/>\n<meta name=\"author\" content=\"cfeditorfr\" \/>\n<meta name=\"twitter:card\" content=\"summary_large_image\" \/>\n<meta name=\"twitter:label1\" content=\"\u00c9crit par\" \/>\n\t<meta name=\"twitter:data1\" content=\"cfeditorfr\" \/>\n\t<meta name=\"twitter:label2\" content=\"Dur\u00e9e de lecture estim\u00e9e\" \/>\n\t<meta name=\"twitter:data2\" content=\"2 minutes\" \/>\n<script type=\"application\/ld+json\" class=\"yoast-schema-graph\">{\"@context\":\"https:\/\/schema.org\",\"@graph\":[{\"@type\":\"Article\",\"@id\":\"https:\/\/www.africa-press.net\/cameroun\/sports\/la-saison-des-deceptions-se-poursuivra-t-elle-au-mondial-qatari#article\",\"isPartOf\":{\"@id\":\"https:\/\/www.africa-press.net\/cameroun\/sports\/la-saison-des-deceptions-se-poursuivra-t-elle-au-mondial-qatari\"},\"author\":{\"name\":\"cfeditorfr\",\"@id\":\"https:\/\/www.africa-press.net\/cameroun\/#\/schema\/person\/2b1cf3cd81a31e3cd26889ca66d677f1\"},\"headline\":\"La saison des d\u00e9ceptions se poursuivra t-elle au mondial qatari ?\",\"datePublished\":\"2022-07-17T13:05:01+00:00\",\"dateModified\":\"2022-07-17T13:26:20+00:00\",\"mainEntityOfPage\":{\"@id\":\"https:\/\/www.africa-press.net\/cameroun\/sports\/la-saison-des-deceptions-se-poursuivra-t-elle-au-mondial-qatari\"},\"wordCount\":375,\"commentCount\":0,\"image\":{\"@id\":\"https:\/\/www.africa-press.net\/cameroun\/sports\/la-saison-des-deceptions-se-poursuivra-t-elle-au-mondial-qatari#primaryimage\"},\"thumbnailUrl\":\"https:\/\/static.africa-press.net\/cameroun\/sites\/57\/2022\/07\/postQueueImg_9-62d40ddc96c6f.jpg\",\"keywords\":[\"Africa Press\",\"Africa Press-Cameroun\",\"Cameroun\"],\"articleSection\":[\"homepage-french\",\"Sports\",\"Toutes les actualit\u00e9s\"],\"inLanguage\":\"fr-FR\",\"potentialAction\":[{\"@type\":\"CommentAction\",\"name\":\"Comment\",\"target\":[\"https:\/\/www.africa-press.net\/cameroun\/sports\/la-saison-des-deceptions-se-poursuivra-t-elle-au-mondial-qatari#respond\"]}]},{\"@type\":\"WebPage\",\"@id\":\"https:\/\/www.africa-press.net\/cameroun\/sports\/la-saison-des-deceptions-se-poursuivra-t-elle-au-mondial-qatari\",\"url\":\"https:\/\/www.africa-press.net\/cameroun\/sports\/la-saison-des-deceptions-se-poursuivra-t-elle-au-mondial-qatari\",\"name\":\"La saison des d\u00e9ceptions se poursuivra t-elle au mondial qatari ? - Cameroun\",\"isPartOf\":{\"@id\":\"https:\/\/www.africa-press.net\/cameroun\/#website\"},\"primaryImageOfPage\":{\"@id\":\"https:\/\/www.africa-press.net\/cameroun\/sports\/la-saison-des-deceptions-se-poursuivra-t-elle-au-mondial-qatari#primaryimage\"},\"image\":{\"@id\":\"https:\/\/www.africa-press.net\/cameroun\/sports\/la-saison-des-deceptions-se-poursuivra-t-elle-au-mondial-qatari#primaryimage\"},\"thumbnailUrl\":\"https:\/\/static.africa-press.net\/cameroun\/sites\/57\/2022\/07\/postQueueImg_9-62d40ddc96c6f.jpg\",\"datePublished\":\"2022-07-17T13:05:01+00:00\",\"dateModified\":\"2022-07-17T13:26:20+00:00\",\"author\":{\"@id\":\"https:\/\/www.africa-press.net\/cameroun\/#\/schema\/person\/2b1cf3cd81a31e3cd26889ca66d677f1\"},\"description\":\"Apr\u00e8s les \u00e9checs des CAN masculine et f\u00e9minine, nous sommes inquiets. Une inqui\u00e9tude qui se renforce \u00e0 l'absence d'une o ...\",\"breadcrumb\":{\"@id\":\"https:\/\/www.africa-press.net\/cameroun\/sports\/la-saison-des-deceptions-se-poursuivra-t-elle-au-mondial-qatari#breadcrumb\"},\"inLanguage\":\"fr-FR\",\"potentialAction\":[{\"@type\":\"ReadAction\",\"target\":[\"https:\/\/www.africa-press.net\/cameroun\/sports\/la-saison-des-deceptions-se-poursuivra-t-elle-au-mondial-qatari\"]}]},{\"@type\":\"ImageObject\",\"inLanguage\":\"fr-FR\",\"@id\":\"https:\/\/www.africa-press.net\/cameroun\/sports\/la-saison-des-deceptions-se-poursuivra-t-elle-au-mondial-qatari#primaryimage\",\"url\":\"https:\/\/static.africa-press.net\/cameroun\/sites\/57\/2022\/07\/postQueueImg_9-62d40ddc96c6f.jpg\",\"contentUrl\":\"https:\/\/static.africa-press.net\/cameroun\/sites\/57\/2022\/07\/postQueueImg_9-62d40ddc96c6f.jpg\",\"width\":600,\"height\":320,\"caption\":\"La saison des d\u00e9ceptions se poursuivra t-elle au mondial qatari ?\"},{\"@type\":\"BreadcrumbList\",\"@id\":\"https:\/\/www.africa-press.net\/cameroun\/sports\/la-saison-des-deceptions-se-poursuivra-t-elle-au-mondial-qatari#breadcrumb\",\"itemListElement\":[{\"@type\":\"ListItem\",\"position\":1,\"name\":\"Accueil\",\"item\":\"https:\/\/www.africa-press.net\/cameroun\/\"},{\"@type\":\"ListItem\",\"position\":2,\"name\":\"La saison des d\u00e9ceptions se poursuivra t-elle au mondial qatari ?\"}]},{\"@type\":\"WebSite\",\"@id\":\"https:\/\/www.africa-press.net\/cameroun\/#website\",\"url\":\"https:\/\/www.africa-press.net\/cameroun\/\",\"name\":\"Cameroun\",\"description\":\"Just another Africa News Agency Sites site\",\"potentialAction\":[{\"@type\":\"SearchAction\",\"target\":{\"@type\":\"EntryPoint\",\"urlTemplate\":\"https:\/\/www.africa-press.net\/cameroun\/?s={search_term_string}\"},\"query-input\":{\"@type\":\"PropertyValueSpecification\",\"valueRequired\":true,\"valueName\":\"search_term_string\"}}],\"inLanguage\":\"fr-FR\"},{\"@type\":\"Person\",\"@id\":\"https:\/\/www.africa-press.net\/cameroun\/#\/schema\/person\/2b1cf3cd81a31e3cd26889ca66d677f1\",\"name\":\"cfeditorfr\"}]}<\/script>\n<!-- \/ Yoast SEO Premium plugin. -->","yoast_head_json":{"title":"La saison des d\u00e9ceptions se poursuivra t-elle au mondial qatari ? - Cameroun","description":"Apr\u00e8s les \u00e9checs des CAN masculine et f\u00e9minine, nous sommes inquiets. Une inqui\u00e9tude qui se renforce \u00e0 l'absence d'une o ...","robots":{"index":"index","follow":"follow","max-snippet":"max-snippet:-1","max-image-preview":"max-image-preview:large","max-video-preview":"max-video-preview:-1"},"canonical":"https:\/\/www.africa-press.net\/cameroun\/sports\/la-saison-des-deceptions-se-poursuivra-t-elle-au-mondial-qatari","og_locale":"fr_FR","og_type":"article","og_title":"La saison des d\u00e9ceptions se poursuivra t-elle au mondial qatari ?","og_description":"Apr\u00e8s les \u00e9checs des CAN masculine et f\u00e9minine, nous sommes inquiets. Une inqui\u00e9tude qui se renforce \u00e0 l'absence d'une o ...","og_url":"https:\/\/www.africa-press.net\/cameroun\/sports\/la-saison-des-deceptions-se-poursuivra-t-elle-au-mondial-qatari","og_site_name":"Cameroun","article_published_time":"2022-07-17T13:05:01+00:00","article_modified_time":"2022-07-17T13:26:20+00:00","og_image":[{"width":600,"height":320,"url":"https:\/\/static.africa-press.net\/cameroun\/sites\/57\/2022\/07\/postQueueImg_9-62d40ddc96c6f.jpg","type":"image\/jpeg"}],"author":"cfeditorfr","twitter_card":"summary_large_image","twitter_misc":{"\u00c9crit par":"cfeditorfr","Dur\u00e9e de lecture estim\u00e9e":"2 minutes"},"schema":{"@context":"https:\/\/schema.org","@graph":[{"@type":"Article","@id":"https:\/\/www.africa-press.net\/cameroun\/sports\/la-saison-des-deceptions-se-poursuivra-t-elle-au-mondial-qatari#article","isPartOf":{"@id":"https:\/\/www.africa-press.net\/cameroun\/sports\/la-saison-des-deceptions-se-poursuivra-t-elle-au-mondial-qatari"},"author":{"name":"cfeditorfr","@id":"https:\/\/www.africa-press.net\/cameroun\/#\/schema\/person\/2b1cf3cd81a31e3cd26889ca66d677f1"},"headline":"La saison des d\u00e9ceptions se poursuivra t-elle au mondial qatari ?","datePublished":"2022-07-17T13:05:01+00:00","dateModified":"2022-07-17T13:26:20+00:00","mainEntityOfPage":{"@id":"https:\/\/www.africa-press.net\/cameroun\/sports\/la-saison-des-deceptions-se-poursuivra-t-elle-au-mondial-qatari"},"wordCount":375,"commentCount":0,"image":{"@id":"https:\/\/www.africa-press.net\/cameroun\/sports\/la-saison-des-deceptions-se-poursuivra-t-elle-au-mondial-qatari#primaryimage"},"thumbnailUrl":"https:\/\/static.africa-press.net\/cameroun\/sites\/57\/2022\/07\/postQueueImg_9-62d40ddc96c6f.jpg","keywords":["Africa Press","Africa Press-Cameroun","Cameroun"],"articleSection":["homepage-french","Sports","Toutes les actualit\u00e9s"],"inLanguage":"fr-FR","potentialAction":[{"@type":"CommentAction","name":"Comment","target":["https:\/\/www.africa-press.net\/cameroun\/sports\/la-saison-des-deceptions-se-poursuivra-t-elle-au-mondial-qatari#respond"]}]},{"@type":"WebPage","@id":"https:\/\/www.africa-press.net\/cameroun\/sports\/la-saison-des-deceptions-se-poursuivra-t-elle-au-mondial-qatari","url":"https:\/\/www.africa-press.net\/cameroun\/sports\/la-saison-des-deceptions-se-poursuivra-t-elle-au-mondial-qatari","name":"La saison des d\u00e9ceptions se poursuivra t-elle au mondial qatari ? - Cameroun","isPartOf":{"@id":"https:\/\/www.africa-press.net\/cameroun\/#website"},"primaryImageOfPage":{"@id":"https:\/\/www.africa-press.net\/cameroun\/sports\/la-saison-des-deceptions-se-poursuivra-t-elle-au-mondial-qatari#primaryimage"},"image":{"@id":"https:\/\/www.africa-press.net\/cameroun\/sports\/la-saison-des-deceptions-se-poursuivra-t-elle-au-mondial-qatari#primaryimage"},"thumbnailUrl":"https:\/\/static.africa-press.net\/cameroun\/sites\/57\/2022\/07\/postQueueImg_9-62d40ddc96c6f.jpg","datePublished":"2022-07-17T13:05:01+00:00","dateModified":"2022-07-17T13:26:20+00:00","author":{"@id":"https:\/\/www.africa-press.net\/cameroun\/#\/schema\/person\/2b1cf3cd81a31e3cd26889ca66d677f1"},"description":"Apr\u00e8s les \u00e9checs des CAN masculine et f\u00e9minine, nous sommes inquiets. Une inqui\u00e9tude qui se renforce \u00e0 l'absence d'une o ...","breadcrumb":{"@id":"https:\/\/www.africa-press.net\/cameroun\/sports\/la-saison-des-deceptions-se-poursuivra-t-elle-au-mondial-qatari#breadcrumb"},"inLanguage":"fr-FR","potentialAction":[{"@type":"ReadAction","target":["https:\/\/www.africa-press.net\/cameroun\/sports\/la-saison-des-deceptions-se-poursuivra-t-elle-au-mondial-qatari"]}]},{"@type":"ImageObject","inLanguage":"fr-FR","@id":"https:\/\/www.africa-press.net\/cameroun\/sports\/la-saison-des-deceptions-se-poursuivra-t-elle-au-mondial-qatari#primaryimage","url":"https:\/\/static.africa-press.net\/cameroun\/sites\/57\/2022\/07\/postQueueImg_9-62d40ddc96c6f.jpg","contentUrl":"https:\/\/static.africa-press.net\/cameroun\/sites\/57\/2022\/07\/postQueueImg_9-62d40ddc96c6f.jpg","width":600,"height":320,"caption":"La saison des d\u00e9ceptions se poursuivra t-elle au mondial qatari ?"},{"@type":"BreadcrumbList","@id":"https:\/\/www.africa-press.net\/cameroun\/sports\/la-saison-des-deceptions-se-poursuivra-t-elle-au-mondial-qatari#breadcrumb","itemListElement":[{"@type":"ListItem","position":1,"name":"Accueil","item":"https:\/\/www.africa-press.net\/cameroun\/"},{"@type":"ListItem","position":2,"name":"La saison des d\u00e9ceptions se poursuivra t-elle au mondial qatari ?"}]},{"@type":"WebSite","@id":"https:\/\/www.africa-press.net\/cameroun\/#website","url":"https:\/\/www.africa-press.net\/cameroun\/","name":"Cameroun","description":"Just another Africa News Agency Sites site","potentialAction":[{"@type":"SearchAction","target":{"@type":"EntryPoint","urlTemplate":"https:\/\/www.africa-press.net\/cameroun\/?s={search_term_string}"},"query-input":{"@type":"PropertyValueSpecification","valueRequired":true,"valueName":"search_term_string"}}],"inLanguage":"fr-FR"},{"@type":"Person","@id":"https:\/\/www.africa-press.net\/cameroun\/#\/schema\/person\/2b1cf3cd81a31e3cd26889ca66d677f1","name":"cfeditorfr"}]}},"_links":{"self":[{"href":"https:\/\/www.africa-press.net\/cameroun\/wp-json\/wp\/v2\/posts\/23708","targetHints":{"allow":["GET"]}}],"collection":[{"href":"https:\/\/www.africa-press.net\/cameroun\/wp-json\/wp\/v2\/posts"}],"about":[{"href":"https:\/\/www.africa-press.net\/cameroun\/wp-json\/wp\/v2\/types\/post"}],"author":[{"embeddable":true,"href":"https:\/\/www.africa-press.net\/cameroun\/wp-json\/wp\/v2\/users\/82"}],"replies":[{"embeddable":true,"href":"https:\/\/www.africa-press.net\/cameroun\/wp-json\/wp\/v2\/comments?post=23708"}],"version-history":[{"count":0,"href":"https:\/\/www.africa-press.net\/cameroun\/wp-json\/wp\/v2\/posts\/23708\/revisions"}],"wp:featuredmedia":[{"embeddable":true,"href":"https:\/\/www.africa-press.net\/cameroun\/wp-json\/wp\/v2\/media\/23707"}],"wp:attachment":[{"href":"https:\/\/www.africa-press.net\/cameroun\/wp-json\/wp\/v2\/media?parent=23708"}],"wp:term":[{"taxonomy":"category","embeddable":true,"href":"https:\/\/www.africa-press.net\/cameroun\/wp-json\/wp\/v2\/categories?post=23708"},{"taxonomy":"post_tag","embeddable":true,"href":"https:\/\/www.africa-press.net\/cameroun\/wp-json\/wp\/v2\/tags?post=23708"}],"curies":[{"name":"wp","href":"https:\/\/api.w.org\/{rel}","templated":true}]}}