{"id":23718,"date":"2022-07-18T12:22:37","date_gmt":"2022-07-18T12:22:37","guid":{"rendered":"https:\/\/www.africa-press.net\/cameroun\/politique\/visite-detat-voici-le-programme-du-sejour-du-president-emmanuel-macron-a-yaounde"},"modified":"2022-07-18T15:06:59","modified_gmt":"2022-07-18T15:06:59","slug":"visite-detat-voici-le-programme-du-sejour-du-president-emmanuel-macron-a-yaounde","status":"publish","type":"post","link":"https:\/\/www.africa-press.net\/cameroun\/politique\/visite-detat-voici-le-programme-du-sejour-du-president-emmanuel-macron-a-yaounde","title":{"rendered":"Visite d\u2019Etat: Voici le programme du s\u00e9jour du pr\u00e9sident Emmanuel Macron \u00e0 Yaound\u00e9"},"content":{"rendered":"<p><span style=\"color: #ff6600\"><strong>Africa-Press &#8211; Cameroun. <\/strong><\/span>Sur le site de l\u2019Elys\u00e9e, l\u2019agenda r\u00e9guli\u00e8rement actualis\u00e9 du pr\u00e9sident fran\u00e7ais ne va pas au-del\u00e0 de ce lundi 18 juillet, en annon\u00e7ant la visite d\u2019Etat ce jour en France du Pr\u00e9sident des Emirats arabes unis, Cheikh Mohammed Bin Zayed AL NAHYAN.<\/p>\n<p>Motus et bouche cousue \u00e9galement \u00e0 Yaound\u00e9 sur la visite annonc\u00e9e du pr\u00e9sident Emmanuel Macron au Cameroun.<\/p>\n<p>Mais le journal Fran\u00e7ais \u00ab Ouest-France \u00bb confirme cette visite. Il va plus loin en r\u00e9v\u00e9lant la composition de la d\u00e9l\u00e9gation que conduira le Chef de l\u2019Etat fran\u00e7ais.<\/p>\n<p>\u00abLe Pr\u00e9sident Emmanuel Macron doit se rendre au Cameroun le 26 juillet 2022. Accompagn\u00e9 de Catherine Colonna, ministre des Affaires europ\u00e9ennes et \u00e9trang\u00e8res, Alexis Kohler, secr\u00e9taire g\u00e9n\u00e9ral de l\u2019\u00c9lys\u00e9e, Franck Paris, conseiller Afrique du pr\u00e9sident de la R\u00e9publique et Christophe Bigot, directeur Afrique du minist\u00e8re des Affaires europ\u00e9ennes et \u00e9trang\u00e8res \u00bb a \u00e9crit le premier quotidien fran\u00e7ais.<\/p>\n<p>Dans le programme qui a fuit\u00e9 sur la toile, l\u2019on apprend qu\u2019Emmanuel Macron sera log\u00e9 au Hilton h\u00f4tel d\u00e8s son arriv\u00e9e dans la nuit du lundi 25 juillet 2022. Le lendemain, l\u2019h\u00f4te du Cameroun aura une journ\u00e9e tr\u00e8s charg\u00e9e avec notamment une audience au palais de l\u2019Unit\u00e9 avec le pr\u00e9sident Paul Biya, rencontres avec quelques opposants au r\u00e9gime de Yaound\u00e9, rencontre avec les Fran\u00e7ais r\u00e9sidents au Cameroun, un point de presse, etc.<\/p>\n<p><b>Ci-dessous, le programme d\u00e9taill\u00e9 de la visite d\u2019Emmanuel Macron \u00e0 Yaound\u00e9.<\/b><\/p>\n<p><b>Lundi 25\/07\/22<\/b><\/p>\n<p>&#8211; Arriv\u00e9e en soir\u00e9e \u00e0 20h.<\/p>\n<p>&#8211; Installation au Hilton.<\/p>\n<p><b>Mardi 26\/07<\/b><\/p>\n<p>&#8211; Audience au Palais avec HP.<\/p>\n<p>&#8211; Point de Presse.<\/p>\n<p>&#8211; D\u00e9jeuner offert<\/p>\n<p>&#8211; Retour au Hilton.<\/p>\n<p>&#8211; Ambassade de France:<\/p>\n<p>&#8211; Audiences avec KAMTO, NI JOHN, CABRAL&#8230;.<\/p>\n<p>&#8211; S\u00e9ance de travail avec le Personnel de l&rsquo;ambassade.<\/p>\n<p>&#8211; D\u00e9part pour le Club NOAH (Rencontre avec tous les Fran\u00e7ais r\u00e9sidents au Cameroun).<\/p>\n<p>&#8211; Retour au Hilton.<\/p>\n<p><b>Mercredi 27\/07<\/b><\/p>\n<p>&#8211; 7h30: D\u00e9part pour l&rsquo;a\u00e9roport.<\/p>\n<p>&#8211; 8h00: D\u00e9collage.<\/p>\n<p>Fin de la visite.<\/p>\n<p><strong>Pour plus d&rsquo;informations et d&rsquo;analyses sur la <a href=\"https:\/\/www.africa-press.net\/cameroun\">Cameroun<\/a>, suivez <a href=\"https:\/\/www.africa-press.net\/\">Africa-Press<\/a><\/strong><\/p>\n","protected":false},"excerpt":{"rendered":"<p>Africa-Press &#8211; Cameroun. Sur le site de l\u2019Elys\u00e9e, l\u2019agenda r\u00e9guli\u00e8rement actualis\u00e9 du pr\u00e9sident fran\u00e7ais ne va pas au-del\u00e0 de ce lundi 18 juillet, en annon\u00e7ant la visite d\u2019Etat ce jour en France du Pr\u00e9sident des Emirats arabes unis, Cheikh Mohammed Bin Zayed AL NAHYAN. Motus et bouche cousue \u00e9galement \u00e0 Yaound\u00e9 sur la visite annonc\u00e9e [&hellip;]<\/p>\n","protected":false},"author":82,"featured_media":23717,"comment_status":"open","ping_status":"closed","sticky":false,"template":"","format":"standard","meta":{"footnotes":""},"categories":[11,2,20,10],"tags":[36,50,49],"class_list":["post-23718","post","type-post","status-publish","format-standard","has-post-thumbnail","hentry","category-homepage-french","category-politique","category-top-nouvelles","category-toutes-les-actualites","tag-africa-press","tag-africa-press-cameroun","tag-cameroun"],"yoast_head":"<!-- This site is optimized with the Yoast SEO Premium plugin v26.1 (Yoast SEO v27.0) - https:\/\/yoast.com\/product\/yoast-seo-premium-wordpress\/ -->\n<title>Visite d\u2019Etat: Voici le programme du s\u00e9jour du pr\u00e9sident Emmanuel Macron \u00e0 Yaound\u00e9 - Cameroun<\/title>\n<meta name=\"description\" content=\"Sur le site de l\u2019Elys\u00e9e, l\u2019agenda r\u00e9guli\u00e8rement actualis\u00e9 du pr\u00e9sident fran\u00e7ais ne va pas au-del\u00e0 de ce lundi 18 juillet ...\" \/>\n<meta name=\"robots\" content=\"index, follow, max-snippet:-1, max-image-preview:large, max-video-preview:-1\" \/>\n<link rel=\"canonical\" href=\"https:\/\/www.africa-press.net\/cameroun\/politique\/visite-detat-voici-le-programme-du-sejour-du-president-emmanuel-macron-a-yaounde\" \/>\n<meta property=\"og:locale\" content=\"fr_FR\" \/>\n<meta property=\"og:type\" content=\"article\" \/>\n<meta property=\"og:title\" content=\"Visite d\u2019Etat: Voici le programme du s\u00e9jour du pr\u00e9sident Emmanuel Macron \u00e0 Yaound\u00e9\" \/>\n<meta property=\"og:description\" content=\"Sur le site de l\u2019Elys\u00e9e, l\u2019agenda r\u00e9guli\u00e8rement actualis\u00e9 du pr\u00e9sident fran\u00e7ais ne va pas au-del\u00e0 de ce lundi 18 juillet ...\" \/>\n<meta property=\"og:url\" content=\"https:\/\/www.africa-press.net\/cameroun\/politique\/visite-detat-voici-le-programme-du-sejour-du-president-emmanuel-macron-a-yaounde\" \/>\n<meta property=\"og:site_name\" content=\"Cameroun\" \/>\n<meta property=\"article:published_time\" content=\"2022-07-18T12:22:37+00:00\" \/>\n<meta property=\"article:modified_time\" content=\"2022-07-18T15:06:59+00:00\" \/>\n<meta property=\"og:image\" content=\"https:\/\/static.africa-press.net\/cameroun\/sites\/57\/2022\/07\/img-62d576f23c19c.jpg\" \/>\n\t<meta property=\"og:image:width\" content=\"800\" \/>\n\t<meta property=\"og:image:height\" content=\"400\" \/>\n\t<meta property=\"og:image:type\" content=\"image\/jpeg\" \/>\n<meta name=\"author\" content=\"cfeditorfr\" \/>\n<meta name=\"twitter:card\" content=\"summary_large_image\" \/>\n<meta name=\"twitter:label1\" content=\"\u00c9crit par\" \/>\n\t<meta name=\"twitter:data1\" content=\"cfeditorfr\" \/>\n\t<meta name=\"twitter:label2\" content=\"Dur\u00e9e de lecture estim\u00e9e\" \/>\n\t<meta name=\"twitter:data2\" content=\"2 minutes\" \/>\n<script type=\"application\/ld+json\" class=\"yoast-schema-graph\">{\"@context\":\"https:\/\/schema.org\",\"@graph\":[{\"@type\":\"Article\",\"@id\":\"https:\/\/www.africa-press.net\/cameroun\/politique\/visite-detat-voici-le-programme-du-sejour-du-president-emmanuel-macron-a-yaounde#article\",\"isPartOf\":{\"@id\":\"https:\/\/www.africa-press.net\/cameroun\/politique\/visite-detat-voici-le-programme-du-sejour-du-president-emmanuel-macron-a-yaounde\"},\"author\":{\"name\":\"cfeditorfr\",\"@id\":\"https:\/\/www.africa-press.net\/cameroun\/#\/schema\/person\/2b1cf3cd81a31e3cd26889ca66d677f1\"},\"headline\":\"Visite d\u2019Etat: Voici le programme du s\u00e9jour du pr\u00e9sident Emmanuel Macron \u00e0 Yaound\u00e9\",\"datePublished\":\"2022-07-18T12:22:37+00:00\",\"dateModified\":\"2022-07-18T15:06:59+00:00\",\"mainEntityOfPage\":{\"@id\":\"https:\/\/www.africa-press.net\/cameroun\/politique\/visite-detat-voici-le-programme-du-sejour-du-president-emmanuel-macron-a-yaounde\"},\"wordCount\":387,\"commentCount\":0,\"image\":{\"@id\":\"https:\/\/www.africa-press.net\/cameroun\/politique\/visite-detat-voici-le-programme-du-sejour-du-president-emmanuel-macron-a-yaounde#primaryimage\"},\"thumbnailUrl\":\"https:\/\/static.africa-press.net\/cameroun\/sites\/57\/2022\/07\/img-62d576f23c19c.jpg\",\"keywords\":[\"Africa Press\",\"Africa Press-Cameroun\",\"Cameroun\"],\"articleSection\":[\"homepage-french\",\"Politique\",\"Top Nouvelles\",\"Toutes les actualit\u00e9s\"],\"inLanguage\":\"fr-FR\",\"potentialAction\":[{\"@type\":\"CommentAction\",\"name\":\"Comment\",\"target\":[\"https:\/\/www.africa-press.net\/cameroun\/politique\/visite-detat-voici-le-programme-du-sejour-du-president-emmanuel-macron-a-yaounde#respond\"]}]},{\"@type\":\"WebPage\",\"@id\":\"https:\/\/www.africa-press.net\/cameroun\/politique\/visite-detat-voici-le-programme-du-sejour-du-president-emmanuel-macron-a-yaounde\",\"url\":\"https:\/\/www.africa-press.net\/cameroun\/politique\/visite-detat-voici-le-programme-du-sejour-du-president-emmanuel-macron-a-yaounde\",\"name\":\"Visite d\u2019Etat: Voici le programme du s\u00e9jour du pr\u00e9sident Emmanuel Macron \u00e0 Yaound\u00e9 - Cameroun\",\"isPartOf\":{\"@id\":\"https:\/\/www.africa-press.net\/cameroun\/#website\"},\"primaryImageOfPage\":{\"@id\":\"https:\/\/www.africa-press.net\/cameroun\/politique\/visite-detat-voici-le-programme-du-sejour-du-president-emmanuel-macron-a-yaounde#primaryimage\"},\"image\":{\"@id\":\"https:\/\/www.africa-press.net\/cameroun\/politique\/visite-detat-voici-le-programme-du-sejour-du-president-emmanuel-macron-a-yaounde#primaryimage\"},\"thumbnailUrl\":\"https:\/\/static.africa-press.net\/cameroun\/sites\/57\/2022\/07\/img-62d576f23c19c.jpg\",\"datePublished\":\"2022-07-18T12:22:37+00:00\",\"dateModified\":\"2022-07-18T15:06:59+00:00\",\"author\":{\"@id\":\"https:\/\/www.africa-press.net\/cameroun\/#\/schema\/person\/2b1cf3cd81a31e3cd26889ca66d677f1\"},\"description\":\"Sur le site de l\u2019Elys\u00e9e, l\u2019agenda r\u00e9guli\u00e8rement actualis\u00e9 du pr\u00e9sident fran\u00e7ais ne va pas au-del\u00e0 de ce lundi 18 juillet ...\",\"breadcrumb\":{\"@id\":\"https:\/\/www.africa-press.net\/cameroun\/politique\/visite-detat-voici-le-programme-du-sejour-du-president-emmanuel-macron-a-yaounde#breadcrumb\"},\"inLanguage\":\"fr-FR\",\"potentialAction\":[{\"@type\":\"ReadAction\",\"target\":[\"https:\/\/www.africa-press.net\/cameroun\/politique\/visite-detat-voici-le-programme-du-sejour-du-president-emmanuel-macron-a-yaounde\"]}]},{\"@type\":\"ImageObject\",\"inLanguage\":\"fr-FR\",\"@id\":\"https:\/\/www.africa-press.net\/cameroun\/politique\/visite-detat-voici-le-programme-du-sejour-du-president-emmanuel-macron-a-yaounde#primaryimage\",\"url\":\"https:\/\/static.africa-press.net\/cameroun\/sites\/57\/2022\/07\/img-62d576f23c19c.jpg\",\"contentUrl\":\"https:\/\/static.africa-press.net\/cameroun\/sites\/57\/2022\/07\/img-62d576f23c19c.jpg\",\"width\":800,\"height\":400,\"caption\":\"Visite d\u2019Etat: Voici le programme du s\u00e9jour du pr\u00e9sident Emmanuel Macron \u00e0 Yaound\u00e9\"},{\"@type\":\"BreadcrumbList\",\"@id\":\"https:\/\/www.africa-press.net\/cameroun\/politique\/visite-detat-voici-le-programme-du-sejour-du-president-emmanuel-macron-a-yaounde#breadcrumb\",\"itemListElement\":[{\"@type\":\"ListItem\",\"position\":1,\"name\":\"Accueil\",\"item\":\"https:\/\/www.africa-press.net\/cameroun\/\"},{\"@type\":\"ListItem\",\"position\":2,\"name\":\"Visite d\u2019Etat: Voici le programme du s\u00e9jour du pr\u00e9sident Emmanuel Macron \u00e0 Yaound\u00e9\"}]},{\"@type\":\"WebSite\",\"@id\":\"https:\/\/www.africa-press.net\/cameroun\/#website\",\"url\":\"https:\/\/www.africa-press.net\/cameroun\/\",\"name\":\"Cameroun\",\"description\":\"Just another Africa News Agency Sites site\",\"potentialAction\":[{\"@type\":\"SearchAction\",\"target\":{\"@type\":\"EntryPoint\",\"urlTemplate\":\"https:\/\/www.africa-press.net\/cameroun\/?s={search_term_string}\"},\"query-input\":{\"@type\":\"PropertyValueSpecification\",\"valueRequired\":true,\"valueName\":\"search_term_string\"}}],\"inLanguage\":\"fr-FR\"},{\"@type\":\"Person\",\"@id\":\"https:\/\/www.africa-press.net\/cameroun\/#\/schema\/person\/2b1cf3cd81a31e3cd26889ca66d677f1\",\"name\":\"cfeditorfr\"}]}<\/script>\n<!-- \/ Yoast SEO Premium plugin. -->","yoast_head_json":{"title":"Visite d\u2019Etat: Voici le programme du s\u00e9jour du pr\u00e9sident Emmanuel Macron \u00e0 Yaound\u00e9 - Cameroun","description":"Sur le site de l\u2019Elys\u00e9e, l\u2019agenda r\u00e9guli\u00e8rement actualis\u00e9 du pr\u00e9sident fran\u00e7ais ne va pas au-del\u00e0 de ce lundi 18 juillet ...","robots":{"index":"index","follow":"follow","max-snippet":"max-snippet:-1","max-image-preview":"max-image-preview:large","max-video-preview":"max-video-preview:-1"},"canonical":"https:\/\/www.africa-press.net\/cameroun\/politique\/visite-detat-voici-le-programme-du-sejour-du-president-emmanuel-macron-a-yaounde","og_locale":"fr_FR","og_type":"article","og_title":"Visite d\u2019Etat: Voici le programme du s\u00e9jour du pr\u00e9sident Emmanuel Macron \u00e0 Yaound\u00e9","og_description":"Sur le site de l\u2019Elys\u00e9e, l\u2019agenda r\u00e9guli\u00e8rement actualis\u00e9 du pr\u00e9sident fran\u00e7ais ne va pas au-del\u00e0 de ce lundi 18 juillet ...","og_url":"https:\/\/www.africa-press.net\/cameroun\/politique\/visite-detat-voici-le-programme-du-sejour-du-president-emmanuel-macron-a-yaounde","og_site_name":"Cameroun","article_published_time":"2022-07-18T12:22:37+00:00","article_modified_time":"2022-07-18T15:06:59+00:00","og_image":[{"width":800,"height":400,"url":"https:\/\/static.africa-press.net\/cameroun\/sites\/57\/2022\/07\/img-62d576f23c19c.jpg","type":"image\/jpeg"}],"author":"cfeditorfr","twitter_card":"summary_large_image","twitter_misc":{"\u00c9crit par":"cfeditorfr","Dur\u00e9e de lecture estim\u00e9e":"2 minutes"},"schema":{"@context":"https:\/\/schema.org","@graph":[{"@type":"Article","@id":"https:\/\/www.africa-press.net\/cameroun\/politique\/visite-detat-voici-le-programme-du-sejour-du-president-emmanuel-macron-a-yaounde#article","isPartOf":{"@id":"https:\/\/www.africa-press.net\/cameroun\/politique\/visite-detat-voici-le-programme-du-sejour-du-president-emmanuel-macron-a-yaounde"},"author":{"name":"cfeditorfr","@id":"https:\/\/www.africa-press.net\/cameroun\/#\/schema\/person\/2b1cf3cd81a31e3cd26889ca66d677f1"},"headline":"Visite d\u2019Etat: Voici le programme du s\u00e9jour du pr\u00e9sident Emmanuel Macron \u00e0 Yaound\u00e9","datePublished":"2022-07-18T12:22:37+00:00","dateModified":"2022-07-18T15:06:59+00:00","mainEntityOfPage":{"@id":"https:\/\/www.africa-press.net\/cameroun\/politique\/visite-detat-voici-le-programme-du-sejour-du-president-emmanuel-macron-a-yaounde"},"wordCount":387,"commentCount":0,"image":{"@id":"https:\/\/www.africa-press.net\/cameroun\/politique\/visite-detat-voici-le-programme-du-sejour-du-president-emmanuel-macron-a-yaounde#primaryimage"},"thumbnailUrl":"https:\/\/static.africa-press.net\/cameroun\/sites\/57\/2022\/07\/img-62d576f23c19c.jpg","keywords":["Africa Press","Africa Press-Cameroun","Cameroun"],"articleSection":["homepage-french","Politique","Top Nouvelles","Toutes les actualit\u00e9s"],"inLanguage":"fr-FR","potentialAction":[{"@type":"CommentAction","name":"Comment","target":["https:\/\/www.africa-press.net\/cameroun\/politique\/visite-detat-voici-le-programme-du-sejour-du-president-emmanuel-macron-a-yaounde#respond"]}]},{"@type":"WebPage","@id":"https:\/\/www.africa-press.net\/cameroun\/politique\/visite-detat-voici-le-programme-du-sejour-du-president-emmanuel-macron-a-yaounde","url":"https:\/\/www.africa-press.net\/cameroun\/politique\/visite-detat-voici-le-programme-du-sejour-du-president-emmanuel-macron-a-yaounde","name":"Visite d\u2019Etat: Voici le programme du s\u00e9jour du pr\u00e9sident Emmanuel Macron \u00e0 Yaound\u00e9 - Cameroun","isPartOf":{"@id":"https:\/\/www.africa-press.net\/cameroun\/#website"},"primaryImageOfPage":{"@id":"https:\/\/www.africa-press.net\/cameroun\/politique\/visite-detat-voici-le-programme-du-sejour-du-president-emmanuel-macron-a-yaounde#primaryimage"},"image":{"@id":"https:\/\/www.africa-press.net\/cameroun\/politique\/visite-detat-voici-le-programme-du-sejour-du-president-emmanuel-macron-a-yaounde#primaryimage"},"thumbnailUrl":"https:\/\/static.africa-press.net\/cameroun\/sites\/57\/2022\/07\/img-62d576f23c19c.jpg","datePublished":"2022-07-18T12:22:37+00:00","dateModified":"2022-07-18T15:06:59+00:00","author":{"@id":"https:\/\/www.africa-press.net\/cameroun\/#\/schema\/person\/2b1cf3cd81a31e3cd26889ca66d677f1"},"description":"Sur le site de l\u2019Elys\u00e9e, l\u2019agenda r\u00e9guli\u00e8rement actualis\u00e9 du pr\u00e9sident fran\u00e7ais ne va pas au-del\u00e0 de ce lundi 18 juillet ...","breadcrumb":{"@id":"https:\/\/www.africa-press.net\/cameroun\/politique\/visite-detat-voici-le-programme-du-sejour-du-president-emmanuel-macron-a-yaounde#breadcrumb"},"inLanguage":"fr-FR","potentialAction":[{"@type":"ReadAction","target":["https:\/\/www.africa-press.net\/cameroun\/politique\/visite-detat-voici-le-programme-du-sejour-du-president-emmanuel-macron-a-yaounde"]}]},{"@type":"ImageObject","inLanguage":"fr-FR","@id":"https:\/\/www.africa-press.net\/cameroun\/politique\/visite-detat-voici-le-programme-du-sejour-du-president-emmanuel-macron-a-yaounde#primaryimage","url":"https:\/\/static.africa-press.net\/cameroun\/sites\/57\/2022\/07\/img-62d576f23c19c.jpg","contentUrl":"https:\/\/static.africa-press.net\/cameroun\/sites\/57\/2022\/07\/img-62d576f23c19c.jpg","width":800,"height":400,"caption":"Visite d\u2019Etat: Voici le programme du s\u00e9jour du pr\u00e9sident Emmanuel Macron \u00e0 Yaound\u00e9"},{"@type":"BreadcrumbList","@id":"https:\/\/www.africa-press.net\/cameroun\/politique\/visite-detat-voici-le-programme-du-sejour-du-president-emmanuel-macron-a-yaounde#breadcrumb","itemListElement":[{"@type":"ListItem","position":1,"name":"Accueil","item":"https:\/\/www.africa-press.net\/cameroun\/"},{"@type":"ListItem","position":2,"name":"Visite d\u2019Etat: Voici le programme du s\u00e9jour du pr\u00e9sident Emmanuel Macron \u00e0 Yaound\u00e9"}]},{"@type":"WebSite","@id":"https:\/\/www.africa-press.net\/cameroun\/#website","url":"https:\/\/www.africa-press.net\/cameroun\/","name":"Cameroun","description":"Just another Africa News Agency Sites site","potentialAction":[{"@type":"SearchAction","target":{"@type":"EntryPoint","urlTemplate":"https:\/\/www.africa-press.net\/cameroun\/?s={search_term_string}"},"query-input":{"@type":"PropertyValueSpecification","valueRequired":true,"valueName":"search_term_string"}}],"inLanguage":"fr-FR"},{"@type":"Person","@id":"https:\/\/www.africa-press.net\/cameroun\/#\/schema\/person\/2b1cf3cd81a31e3cd26889ca66d677f1","name":"cfeditorfr"}]}},"_links":{"self":[{"href":"https:\/\/www.africa-press.net\/cameroun\/wp-json\/wp\/v2\/posts\/23718","targetHints":{"allow":["GET"]}}],"collection":[{"href":"https:\/\/www.africa-press.net\/cameroun\/wp-json\/wp\/v2\/posts"}],"about":[{"href":"https:\/\/www.africa-press.net\/cameroun\/wp-json\/wp\/v2\/types\/post"}],"author":[{"embeddable":true,"href":"https:\/\/www.africa-press.net\/cameroun\/wp-json\/wp\/v2\/users\/82"}],"replies":[{"embeddable":true,"href":"https:\/\/www.africa-press.net\/cameroun\/wp-json\/wp\/v2\/comments?post=23718"}],"version-history":[{"count":0,"href":"https:\/\/www.africa-press.net\/cameroun\/wp-json\/wp\/v2\/posts\/23718\/revisions"}],"wp:featuredmedia":[{"embeddable":true,"href":"https:\/\/www.africa-press.net\/cameroun\/wp-json\/wp\/v2\/media\/23717"}],"wp:attachment":[{"href":"https:\/\/www.africa-press.net\/cameroun\/wp-json\/wp\/v2\/media?parent=23718"}],"wp:term":[{"taxonomy":"category","embeddable":true,"href":"https:\/\/www.africa-press.net\/cameroun\/wp-json\/wp\/v2\/categories?post=23718"},{"taxonomy":"post_tag","embeddable":true,"href":"https:\/\/www.africa-press.net\/cameroun\/wp-json\/wp\/v2\/tags?post=23718"}],"curies":[{"name":"wp","href":"https:\/\/api.w.org\/{rel}","templated":true}]}}