{"id":23724,"date":"2022-07-18T12:40:04","date_gmt":"2022-07-18T12:40:04","guid":{"rendered":"https:\/\/www.africa-press.net\/cameroun\/politique\/patrimoine-de-letat-controverse-autour-des-voitures-de-la-can-2021-portees-disparues"},"modified":"2022-07-18T15:08:29","modified_gmt":"2022-07-18T15:08:29","slug":"patrimoine-de-letat-controverse-autour-des-voitures-de-la-can-2021-portees-disparues","status":"publish","type":"post","link":"https:\/\/www.africa-press.net\/cameroun\/toutes-les-actualites\/patrimoine-de-letat-controverse-autour-des-voitures-de-la-can-2021-portees-disparues","title":{"rendered":"Patrimoine de l\u2019Etat: Controverse autour des voitures de la CAN 2021, port\u00e9es disparues"},"content":{"rendered":"<p><span style=\"color: #ff6600\"><strong>Africa-Press &#8211; Cameroun. <\/strong><\/span>Cinq mois apr\u00e8s l\u2019organisation de la Coupe d\u2019Afrique des Nations (CAN) de football seniors messieurs par le Cameroun, dans le chapitre des scandales qui ont \u00e9maill\u00e9 cette organisation pourtant r\u00e9ussie, il y a celui des v\u00e9hicules allou\u00e9s par l\u2019Etat au comit\u00e9 local d\u2019organisation. D\u2019impressionnantes cylindr\u00e9es avaient \u00e9t\u00e9 acquises \u00e0 coups de milliards et mises \u00e0 disposition pour le transport des officiels pendant la comp\u00e9tition, mais depuis la fin du tournoi, ces v\u00e9hicules sont introuvables.<\/p>\n<p>C\u2019est du moins ce que laisse transparaitre le ministre des Domaines, du Cadastre et des Affaires fonci\u00e8res, Henri Eyebe Ayissi, dans une correspondance envoy\u00e9e le 25 avril 2022 au secr\u00e9taire g\u00e9n\u00e9ral des services du premier ministre, S\u00e9raphin Magloire Fouda. \u00ab Des informations persistantes font \u00e9tat de la disparition et des tentatives d\u2019exfiltration vers des pays voisins de certains v\u00e9hicules acquis sur fonds publics pour l\u2019organisation de la CAN Total Energies 2021 \u00bb, rapporte-t-il, non sans s\u2019offusquer d\u2019avoir \u00e9t\u00e9 exclu dans la gestion de cet important patrimoine de l\u2019Etat qui rel\u00e8ve de la comp\u00e9tence de son maroquin. \u00ab Mon d\u00e9partement minist\u00e9riel ne peut se prononcer sur leur statut administratif encore moins sur leur localisation physique, n\u2019ayant pas \u00e9t\u00e9 associ\u00e9, pour l\u2019essentiel, aux proc\u00e9dures d\u2019acquisition et de mise en circulation \u00bb, rench\u00e9rit-il.<\/p>\n<p>Le membre du gouvernement \u00e9voque au-del\u00e0 de la probl\u00e9matique li\u00e9e \u00e0 la tra\u00e7abilit\u00e9 de ces biens publics, celle li\u00e9e \u00e0 leur immatriculation. En effet, leur mise en circulation \u00e9tait conditionn\u00e9e par leur immatriculation. Elle devrait \u00eatre faite par le Garage Administratif sous le sigle \u00ab CA \u00bb (corps administratif) conform\u00e9ment \u00e0 la lettre circulaire n\u00b000000456\/C\/MINFI du 30 d\u00e9cembre 2021 portant instructions relatives \u00e0 l\u2019ex\u00e9cution des lois de finances, au suivi et au contr\u00f4le de l\u2019ex\u00e9cution du budget de l\u2019Etat et des autres entit\u00e9s publiques pour l\u2019exercice 2022. Ce qui n\u2019a pas sembl\u00e9 \u00eatre le cas. Henri Eyebe Ayissi sugg\u00e8re par ailleurs au premier ministre Joseph Dion Ngute, de prescrire aux administrations utilisatrices de ces v\u00e9hicules de se conformer \u00e0 la r\u00e9glementation en vigueur. Il convient de rappeler que la plupart de ces v\u00e9hicules portaient des plaques d\u2019immatriculation marqu\u00e9es du sceau \u00ab CAN\u2026 \u00bb.<\/p>\n<p><strong>Pour plus d&rsquo;informations et d&rsquo;analyses sur la <a href=\"https:\/\/www.africa-press.net\/cameroun\">Cameroun<\/a>, suivez <a href=\"https:\/\/www.africa-press.net\/\">Africa-Press<\/a><\/strong><\/p>\n","protected":false},"excerpt":{"rendered":"<p>Africa-Press &#8211; Cameroun. Cinq mois apr\u00e8s l\u2019organisation de la Coupe d\u2019Afrique des Nations (CAN) de football seniors messieurs par le Cameroun, dans le chapitre des scandales qui ont \u00e9maill\u00e9 cette organisation pourtant r\u00e9ussie, il y a celui des v\u00e9hicules allou\u00e9s par l\u2019Etat au comit\u00e9 local d\u2019organisation. D\u2019impressionnantes cylindr\u00e9es avaient \u00e9t\u00e9 acquises \u00e0 coups de milliards [&hellip;]<\/p>\n","protected":false},"author":82,"featured_media":23723,"comment_status":"open","ping_status":"closed","sticky":false,"template":"","format":"standard","meta":{"footnotes":""},"categories":[21,11,10],"tags":[36,50,49],"class_list":["post-23724","post","type-post","status-publish","format-standard","has-post-thumbnail","hentry","category-communaute","category-homepage-french","category-toutes-les-actualites","tag-africa-press","tag-africa-press-cameroun","tag-cameroun"],"yoast_head":"<!-- This site is optimized with the Yoast SEO Premium plugin v26.1 (Yoast SEO v27.0) - https:\/\/yoast.com\/product\/yoast-seo-premium-wordpress\/ -->\n<title>Patrimoine de l\u2019Etat: Controverse autour des voitures de la CAN 2021, port\u00e9es disparues - Cameroun<\/title>\n<meta name=\"description\" content=\"Cinq mois apr\u00e8s l\u2019organisation de la Coupe d\u2019Afrique des Nations (CAN) de football seniors messieurs par le Cameroun, da ...\" \/>\n<meta name=\"robots\" content=\"index, follow, max-snippet:-1, max-image-preview:large, max-video-preview:-1\" \/>\n<link rel=\"canonical\" href=\"https:\/\/www.africa-press.net\/cameroun\/toutes-les-actualites\/patrimoine-de-letat-controverse-autour-des-voitures-de-la-can-2021-portees-disparues\" \/>\n<meta property=\"og:locale\" content=\"fr_FR\" \/>\n<meta property=\"og:type\" content=\"article\" \/>\n<meta property=\"og:title\" content=\"Patrimoine de l\u2019Etat: Controverse autour des voitures de la CAN 2021, port\u00e9es disparues\" \/>\n<meta property=\"og:description\" content=\"Cinq mois apr\u00e8s l\u2019organisation de la Coupe d\u2019Afrique des Nations (CAN) de football seniors messieurs par le Cameroun, da ...\" \/>\n<meta property=\"og:url\" content=\"https:\/\/www.africa-press.net\/cameroun\/toutes-les-actualites\/patrimoine-de-letat-controverse-autour-des-voitures-de-la-can-2021-portees-disparues\" \/>\n<meta property=\"og:site_name\" content=\"Cameroun\" \/>\n<meta property=\"article:published_time\" content=\"2022-07-18T12:40:04+00:00\" \/>\n<meta property=\"article:modified_time\" content=\"2022-07-18T15:08:29+00:00\" \/>\n<meta property=\"og:image\" content=\"https:\/\/static.africa-press.net\/cameroun\/sites\/57\/2022\/07\/img-62d5774696865.jpg\" \/>\n\t<meta property=\"og:image:width\" content=\"800\" \/>\n\t<meta property=\"og:image:height\" content=\"444\" \/>\n\t<meta property=\"og:image:type\" content=\"image\/jpeg\" \/>\n<meta name=\"author\" content=\"cfeditorfr\" \/>\n<meta name=\"twitter:card\" content=\"summary_large_image\" \/>\n<meta name=\"twitter:label1\" content=\"\u00c9crit par\" \/>\n\t<meta name=\"twitter:data1\" content=\"cfeditorfr\" \/>\n\t<meta name=\"twitter:label2\" content=\"Dur\u00e9e de lecture estim\u00e9e\" \/>\n\t<meta name=\"twitter:data2\" content=\"2 minutes\" \/>\n<script type=\"application\/ld+json\" class=\"yoast-schema-graph\">{\"@context\":\"https:\/\/schema.org\",\"@graph\":[{\"@type\":\"Article\",\"@id\":\"https:\/\/www.africa-press.net\/cameroun\/toutes-les-actualites\/patrimoine-de-letat-controverse-autour-des-voitures-de-la-can-2021-portees-disparues#article\",\"isPartOf\":{\"@id\":\"https:\/\/www.africa-press.net\/cameroun\/toutes-les-actualites\/patrimoine-de-letat-controverse-autour-des-voitures-de-la-can-2021-portees-disparues\"},\"author\":{\"name\":\"cfeditorfr\",\"@id\":\"https:\/\/www.africa-press.net\/cameroun\/#\/schema\/person\/2b1cf3cd81a31e3cd26889ca66d677f1\"},\"headline\":\"Patrimoine de l\u2019Etat: Controverse autour des voitures de la CAN 2021, port\u00e9es disparues\",\"datePublished\":\"2022-07-18T12:40:04+00:00\",\"dateModified\":\"2022-07-18T15:08:29+00:00\",\"mainEntityOfPage\":{\"@id\":\"https:\/\/www.africa-press.net\/cameroun\/toutes-les-actualites\/patrimoine-de-letat-controverse-autour-des-voitures-de-la-can-2021-portees-disparues\"},\"wordCount\":413,\"commentCount\":0,\"image\":{\"@id\":\"https:\/\/www.africa-press.net\/cameroun\/toutes-les-actualites\/patrimoine-de-letat-controverse-autour-des-voitures-de-la-can-2021-portees-disparues#primaryimage\"},\"thumbnailUrl\":\"https:\/\/static.africa-press.net\/cameroun\/sites\/57\/2022\/07\/img-62d5774696865.jpg\",\"keywords\":[\"Africa Press\",\"Africa Press-Cameroun\",\"Cameroun\"],\"articleSection\":[\"Communaut\u00e9\",\"homepage-french\",\"Toutes les actualit\u00e9s\"],\"inLanguage\":\"fr-FR\",\"potentialAction\":[{\"@type\":\"CommentAction\",\"name\":\"Comment\",\"target\":[\"https:\/\/www.africa-press.net\/cameroun\/toutes-les-actualites\/patrimoine-de-letat-controverse-autour-des-voitures-de-la-can-2021-portees-disparues#respond\"]}]},{\"@type\":\"WebPage\",\"@id\":\"https:\/\/www.africa-press.net\/cameroun\/toutes-les-actualites\/patrimoine-de-letat-controverse-autour-des-voitures-de-la-can-2021-portees-disparues\",\"url\":\"https:\/\/www.africa-press.net\/cameroun\/toutes-les-actualites\/patrimoine-de-letat-controverse-autour-des-voitures-de-la-can-2021-portees-disparues\",\"name\":\"Patrimoine de l\u2019Etat: Controverse autour des voitures de la CAN 2021, port\u00e9es disparues - Cameroun\",\"isPartOf\":{\"@id\":\"https:\/\/www.africa-press.net\/cameroun\/#website\"},\"primaryImageOfPage\":{\"@id\":\"https:\/\/www.africa-press.net\/cameroun\/toutes-les-actualites\/patrimoine-de-letat-controverse-autour-des-voitures-de-la-can-2021-portees-disparues#primaryimage\"},\"image\":{\"@id\":\"https:\/\/www.africa-press.net\/cameroun\/toutes-les-actualites\/patrimoine-de-letat-controverse-autour-des-voitures-de-la-can-2021-portees-disparues#primaryimage\"},\"thumbnailUrl\":\"https:\/\/static.africa-press.net\/cameroun\/sites\/57\/2022\/07\/img-62d5774696865.jpg\",\"datePublished\":\"2022-07-18T12:40:04+00:00\",\"dateModified\":\"2022-07-18T15:08:29+00:00\",\"author\":{\"@id\":\"https:\/\/www.africa-press.net\/cameroun\/#\/schema\/person\/2b1cf3cd81a31e3cd26889ca66d677f1\"},\"description\":\"Cinq mois apr\u00e8s l\u2019organisation de la Coupe d\u2019Afrique des Nations (CAN) de football seniors messieurs par le Cameroun, da ...\",\"breadcrumb\":{\"@id\":\"https:\/\/www.africa-press.net\/cameroun\/toutes-les-actualites\/patrimoine-de-letat-controverse-autour-des-voitures-de-la-can-2021-portees-disparues#breadcrumb\"},\"inLanguage\":\"fr-FR\",\"potentialAction\":[{\"@type\":\"ReadAction\",\"target\":[\"https:\/\/www.africa-press.net\/cameroun\/toutes-les-actualites\/patrimoine-de-letat-controverse-autour-des-voitures-de-la-can-2021-portees-disparues\"]}]},{\"@type\":\"ImageObject\",\"inLanguage\":\"fr-FR\",\"@id\":\"https:\/\/www.africa-press.net\/cameroun\/toutes-les-actualites\/patrimoine-de-letat-controverse-autour-des-voitures-de-la-can-2021-portees-disparues#primaryimage\",\"url\":\"https:\/\/static.africa-press.net\/cameroun\/sites\/57\/2022\/07\/img-62d5774696865.jpg\",\"contentUrl\":\"https:\/\/static.africa-press.net\/cameroun\/sites\/57\/2022\/07\/img-62d5774696865.jpg\",\"width\":800,\"height\":444,\"caption\":\"Patrimoine de l\u2019Etat: Controverse autour des voitures de la CAN 2021, port\u00e9es disparues\"},{\"@type\":\"BreadcrumbList\",\"@id\":\"https:\/\/www.africa-press.net\/cameroun\/toutes-les-actualites\/patrimoine-de-letat-controverse-autour-des-voitures-de-la-can-2021-portees-disparues#breadcrumb\",\"itemListElement\":[{\"@type\":\"ListItem\",\"position\":1,\"name\":\"Accueil\",\"item\":\"https:\/\/www.africa-press.net\/cameroun\/\"},{\"@type\":\"ListItem\",\"position\":2,\"name\":\"Patrimoine de l\u2019Etat: Controverse autour des voitures de la CAN 2021, port\u00e9es disparues\"}]},{\"@type\":\"WebSite\",\"@id\":\"https:\/\/www.africa-press.net\/cameroun\/#website\",\"url\":\"https:\/\/www.africa-press.net\/cameroun\/\",\"name\":\"Cameroun\",\"description\":\"Just another Africa News Agency Sites site\",\"potentialAction\":[{\"@type\":\"SearchAction\",\"target\":{\"@type\":\"EntryPoint\",\"urlTemplate\":\"https:\/\/www.africa-press.net\/cameroun\/?s={search_term_string}\"},\"query-input\":{\"@type\":\"PropertyValueSpecification\",\"valueRequired\":true,\"valueName\":\"search_term_string\"}}],\"inLanguage\":\"fr-FR\"},{\"@type\":\"Person\",\"@id\":\"https:\/\/www.africa-press.net\/cameroun\/#\/schema\/person\/2b1cf3cd81a31e3cd26889ca66d677f1\",\"name\":\"cfeditorfr\"}]}<\/script>\n<!-- \/ Yoast SEO Premium plugin. -->","yoast_head_json":{"title":"Patrimoine de l\u2019Etat: Controverse autour des voitures de la CAN 2021, port\u00e9es disparues - Cameroun","description":"Cinq mois apr\u00e8s l\u2019organisation de la Coupe d\u2019Afrique des Nations (CAN) de football seniors messieurs par le Cameroun, da ...","robots":{"index":"index","follow":"follow","max-snippet":"max-snippet:-1","max-image-preview":"max-image-preview:large","max-video-preview":"max-video-preview:-1"},"canonical":"https:\/\/www.africa-press.net\/cameroun\/toutes-les-actualites\/patrimoine-de-letat-controverse-autour-des-voitures-de-la-can-2021-portees-disparues","og_locale":"fr_FR","og_type":"article","og_title":"Patrimoine de l\u2019Etat: Controverse autour des voitures de la CAN 2021, port\u00e9es disparues","og_description":"Cinq mois apr\u00e8s l\u2019organisation de la Coupe d\u2019Afrique des Nations (CAN) de football seniors messieurs par le Cameroun, da ...","og_url":"https:\/\/www.africa-press.net\/cameroun\/toutes-les-actualites\/patrimoine-de-letat-controverse-autour-des-voitures-de-la-can-2021-portees-disparues","og_site_name":"Cameroun","article_published_time":"2022-07-18T12:40:04+00:00","article_modified_time":"2022-07-18T15:08:29+00:00","og_image":[{"width":800,"height":444,"url":"https:\/\/static.africa-press.net\/cameroun\/sites\/57\/2022\/07\/img-62d5774696865.jpg","type":"image\/jpeg"}],"author":"cfeditorfr","twitter_card":"summary_large_image","twitter_misc":{"\u00c9crit par":"cfeditorfr","Dur\u00e9e de lecture estim\u00e9e":"2 minutes"},"schema":{"@context":"https:\/\/schema.org","@graph":[{"@type":"Article","@id":"https:\/\/www.africa-press.net\/cameroun\/toutes-les-actualites\/patrimoine-de-letat-controverse-autour-des-voitures-de-la-can-2021-portees-disparues#article","isPartOf":{"@id":"https:\/\/www.africa-press.net\/cameroun\/toutes-les-actualites\/patrimoine-de-letat-controverse-autour-des-voitures-de-la-can-2021-portees-disparues"},"author":{"name":"cfeditorfr","@id":"https:\/\/www.africa-press.net\/cameroun\/#\/schema\/person\/2b1cf3cd81a31e3cd26889ca66d677f1"},"headline":"Patrimoine de l\u2019Etat: Controverse autour des voitures de la CAN 2021, port\u00e9es disparues","datePublished":"2022-07-18T12:40:04+00:00","dateModified":"2022-07-18T15:08:29+00:00","mainEntityOfPage":{"@id":"https:\/\/www.africa-press.net\/cameroun\/toutes-les-actualites\/patrimoine-de-letat-controverse-autour-des-voitures-de-la-can-2021-portees-disparues"},"wordCount":413,"commentCount":0,"image":{"@id":"https:\/\/www.africa-press.net\/cameroun\/toutes-les-actualites\/patrimoine-de-letat-controverse-autour-des-voitures-de-la-can-2021-portees-disparues#primaryimage"},"thumbnailUrl":"https:\/\/static.africa-press.net\/cameroun\/sites\/57\/2022\/07\/img-62d5774696865.jpg","keywords":["Africa Press","Africa Press-Cameroun","Cameroun"],"articleSection":["Communaut\u00e9","homepage-french","Toutes les actualit\u00e9s"],"inLanguage":"fr-FR","potentialAction":[{"@type":"CommentAction","name":"Comment","target":["https:\/\/www.africa-press.net\/cameroun\/toutes-les-actualites\/patrimoine-de-letat-controverse-autour-des-voitures-de-la-can-2021-portees-disparues#respond"]}]},{"@type":"WebPage","@id":"https:\/\/www.africa-press.net\/cameroun\/toutes-les-actualites\/patrimoine-de-letat-controverse-autour-des-voitures-de-la-can-2021-portees-disparues","url":"https:\/\/www.africa-press.net\/cameroun\/toutes-les-actualites\/patrimoine-de-letat-controverse-autour-des-voitures-de-la-can-2021-portees-disparues","name":"Patrimoine de l\u2019Etat: Controverse autour des voitures de la CAN 2021, port\u00e9es disparues - Cameroun","isPartOf":{"@id":"https:\/\/www.africa-press.net\/cameroun\/#website"},"primaryImageOfPage":{"@id":"https:\/\/www.africa-press.net\/cameroun\/toutes-les-actualites\/patrimoine-de-letat-controverse-autour-des-voitures-de-la-can-2021-portees-disparues#primaryimage"},"image":{"@id":"https:\/\/www.africa-press.net\/cameroun\/toutes-les-actualites\/patrimoine-de-letat-controverse-autour-des-voitures-de-la-can-2021-portees-disparues#primaryimage"},"thumbnailUrl":"https:\/\/static.africa-press.net\/cameroun\/sites\/57\/2022\/07\/img-62d5774696865.jpg","datePublished":"2022-07-18T12:40:04+00:00","dateModified":"2022-07-18T15:08:29+00:00","author":{"@id":"https:\/\/www.africa-press.net\/cameroun\/#\/schema\/person\/2b1cf3cd81a31e3cd26889ca66d677f1"},"description":"Cinq mois apr\u00e8s l\u2019organisation de la Coupe d\u2019Afrique des Nations (CAN) de football seniors messieurs par le Cameroun, da ...","breadcrumb":{"@id":"https:\/\/www.africa-press.net\/cameroun\/toutes-les-actualites\/patrimoine-de-letat-controverse-autour-des-voitures-de-la-can-2021-portees-disparues#breadcrumb"},"inLanguage":"fr-FR","potentialAction":[{"@type":"ReadAction","target":["https:\/\/www.africa-press.net\/cameroun\/toutes-les-actualites\/patrimoine-de-letat-controverse-autour-des-voitures-de-la-can-2021-portees-disparues"]}]},{"@type":"ImageObject","inLanguage":"fr-FR","@id":"https:\/\/www.africa-press.net\/cameroun\/toutes-les-actualites\/patrimoine-de-letat-controverse-autour-des-voitures-de-la-can-2021-portees-disparues#primaryimage","url":"https:\/\/static.africa-press.net\/cameroun\/sites\/57\/2022\/07\/img-62d5774696865.jpg","contentUrl":"https:\/\/static.africa-press.net\/cameroun\/sites\/57\/2022\/07\/img-62d5774696865.jpg","width":800,"height":444,"caption":"Patrimoine de l\u2019Etat: Controverse autour des voitures de la CAN 2021, port\u00e9es disparues"},{"@type":"BreadcrumbList","@id":"https:\/\/www.africa-press.net\/cameroun\/toutes-les-actualites\/patrimoine-de-letat-controverse-autour-des-voitures-de-la-can-2021-portees-disparues#breadcrumb","itemListElement":[{"@type":"ListItem","position":1,"name":"Accueil","item":"https:\/\/www.africa-press.net\/cameroun\/"},{"@type":"ListItem","position":2,"name":"Patrimoine de l\u2019Etat: Controverse autour des voitures de la CAN 2021, port\u00e9es disparues"}]},{"@type":"WebSite","@id":"https:\/\/www.africa-press.net\/cameroun\/#website","url":"https:\/\/www.africa-press.net\/cameroun\/","name":"Cameroun","description":"Just another Africa News Agency Sites site","potentialAction":[{"@type":"SearchAction","target":{"@type":"EntryPoint","urlTemplate":"https:\/\/www.africa-press.net\/cameroun\/?s={search_term_string}"},"query-input":{"@type":"PropertyValueSpecification","valueRequired":true,"valueName":"search_term_string"}}],"inLanguage":"fr-FR"},{"@type":"Person","@id":"https:\/\/www.africa-press.net\/cameroun\/#\/schema\/person\/2b1cf3cd81a31e3cd26889ca66d677f1","name":"cfeditorfr"}]}},"_links":{"self":[{"href":"https:\/\/www.africa-press.net\/cameroun\/wp-json\/wp\/v2\/posts\/23724","targetHints":{"allow":["GET"]}}],"collection":[{"href":"https:\/\/www.africa-press.net\/cameroun\/wp-json\/wp\/v2\/posts"}],"about":[{"href":"https:\/\/www.africa-press.net\/cameroun\/wp-json\/wp\/v2\/types\/post"}],"author":[{"embeddable":true,"href":"https:\/\/www.africa-press.net\/cameroun\/wp-json\/wp\/v2\/users\/82"}],"replies":[{"embeddable":true,"href":"https:\/\/www.africa-press.net\/cameroun\/wp-json\/wp\/v2\/comments?post=23724"}],"version-history":[{"count":0,"href":"https:\/\/www.africa-press.net\/cameroun\/wp-json\/wp\/v2\/posts\/23724\/revisions"}],"wp:featuredmedia":[{"embeddable":true,"href":"https:\/\/www.africa-press.net\/cameroun\/wp-json\/wp\/v2\/media\/23723"}],"wp:attachment":[{"href":"https:\/\/www.africa-press.net\/cameroun\/wp-json\/wp\/v2\/media?parent=23724"}],"wp:term":[{"taxonomy":"category","embeddable":true,"href":"https:\/\/www.africa-press.net\/cameroun\/wp-json\/wp\/v2\/categories?post=23724"},{"taxonomy":"post_tag","embeddable":true,"href":"https:\/\/www.africa-press.net\/cameroun\/wp-json\/wp\/v2\/tags?post=23724"}],"curies":[{"name":"wp","href":"https:\/\/api.w.org\/{rel}","templated":true}]}}