{"id":23727,"date":"2022-07-18T12:48:00","date_gmt":"2022-07-18T12:48:00","guid":{"rendered":"https:\/\/www.africa-press.net\/cameroun\/politique\/endemie-le-paludisme-a-cause-171-deces-dans-la-region-du-nord-en-six-mois"},"modified":"2022-07-18T15:09:30","modified_gmt":"2022-07-18T15:09:30","slug":"endemie-le-paludisme-a-cause-171-deces-dans-la-region-du-nord-en-six-mois","status":"publish","type":"post","link":"https:\/\/www.africa-press.net\/cameroun\/toutes-les-actualites\/endemie-le-paludisme-a-cause-171-deces-dans-la-region-du-nord-en-six-mois","title":{"rendered":"End\u00e9mie: Le paludisme a caus\u00e9 171 d\u00e9c\u00e8s dans la r\u00e9gion du Nord en six mois"},"content":{"rendered":"<p><span style=\"color: #ff6600\"><strong>Africa-Press &#8211; Cameroun. <\/strong><\/span>Les d\u00e9c\u00e8s li\u00e9s \u00e0 la pr\u00e9valence du paludisme sont en baisse dans la r\u00e9gion du Nord. Au cours des six premiers mois de l\u2019ann\u00e9e, c\u2019est-\u00e0-dire du 1er janvier au 30 juin 2022, l\u2019on a recens\u00e9 171 d\u00e9c\u00e8s, sur 127 799 cas r\u00e9pertori\u00e9s dans les formations sanitaires de la r\u00e9gion. Ces statistiques sont du Groupe Technique R\u00e9gional (GTRPalu) Nord, relay\u00e9es dans le trihebdomadaire \u00ab L\u2019\u0153il du Sahel \u00bb de ce lundi 18 juillet 2022.<\/p>\n<p>Elles sont consid\u00e9rablement en baisse, en comparaison aux chiffres de 2021 \u00e0 la m\u00eame p\u00e9riode. En effet, entre janvier et juin 2021, 157 894 cas de paludisme avaient \u00e9t\u00e9 recens\u00e9s, et 375 en sont d\u00e9c\u00e9d\u00e9s. En 2020, 377 personnes sont mortes de paludisme sur les 134 414 cas enregistr\u00e9s au premier semestre. A l\u2019observation, on peut conclure que la mortalit\u00e9 li\u00e9e au paludisme dans la r\u00e9gion est en baisse.<\/p>\n<p>Il faut rappeler que sur les 171 d\u00e9c\u00e8s enregistr\u00e9s depuis le d\u00e9but de l\u2019ann\u00e9e, 142 sont des enfants \u00e2g\u00e9s de moins de 5 ans, et repr\u00e9sentent un taux de mortalit\u00e9 de 83 % pour le compte du premier semestre 2022. \u00ab Il s\u2019agit des cas qui ont \u00e9t\u00e9 notifi\u00e9s aupr\u00e8s de nos formation sanitaires (Fosa). Toutefois, il faut souligner que jusqu\u2019\u00e0 ce jour, il existe encore des personnes qui ne se rapprochent pas des h\u00f4pitaux pour se faire soigner lorsqu\u2019elles sont atteintes du paludisme. On ne saurait clairement dire pourquoi m\u00eame si la raison la plus \u00e9vidente semble \u00eatre la pauvret\u00e9 \u00bb, explique Armel Bakop Kamdem, chef suivi \u00e9valuation du GTR de lutte contre le paludisme au Nord, dans des propos relay\u00e9s par le journal Guiba\u00ef Gatama.<\/p>\n<p><strong>Pour plus d&rsquo;informations et d&rsquo;analyses sur la <a href=\"https:\/\/www.africa-press.net\/cameroun\">Cameroun<\/a>, suivez <a href=\"https:\/\/www.africa-press.net\/\">Africa-Press<\/a><\/strong><\/p>\n","protected":false},"excerpt":{"rendered":"<p>Africa-Press &#8211; Cameroun. Les d\u00e9c\u00e8s li\u00e9s \u00e0 la pr\u00e9valence du paludisme sont en baisse dans la r\u00e9gion du Nord. Au cours des six premiers mois de l\u2019ann\u00e9e, c\u2019est-\u00e0-dire du 1er janvier au 30 juin 2022, l\u2019on a recens\u00e9 171 d\u00e9c\u00e8s, sur 127 799 cas r\u00e9pertori\u00e9s dans les formations sanitaires de la r\u00e9gion. Ces statistiques sont [&hellip;]<\/p>\n","protected":false},"author":82,"featured_media":23726,"comment_status":"open","ping_status":"closed","sticky":false,"template":"","format":"standard","meta":{"footnotes":""},"categories":[21,11,10],"tags":[36,50,49],"class_list":["post-23727","post","type-post","status-publish","format-standard","has-post-thumbnail","hentry","category-communaute","category-homepage-french","category-toutes-les-actualites","tag-africa-press","tag-africa-press-cameroun","tag-cameroun"],"yoast_head":"<!-- This site is optimized with the Yoast SEO Premium plugin v26.1 (Yoast SEO v27.0) - https:\/\/yoast.com\/product\/yoast-seo-premium-wordpress\/ -->\n<title>End\u00e9mie: Le paludisme a caus\u00e9 171 d\u00e9c\u00e8s dans la r\u00e9gion du Nord en six mois - Cameroun<\/title>\n<meta name=\"description\" content=\"Les d\u00e9c\u00e8s li\u00e9s \u00e0 la pr\u00e9valence du paludisme sont en baisse dans la r\u00e9gion du Nord. Au cours des six premiers mois de l\u2019a ...\" \/>\n<meta name=\"robots\" content=\"index, follow, max-snippet:-1, max-image-preview:large, max-video-preview:-1\" \/>\n<link rel=\"canonical\" href=\"https:\/\/www.africa-press.net\/cameroun\/toutes-les-actualites\/endemie-le-paludisme-a-cause-171-deces-dans-la-region-du-nord-en-six-mois\" \/>\n<meta property=\"og:locale\" content=\"fr_FR\" \/>\n<meta property=\"og:type\" content=\"article\" \/>\n<meta property=\"og:title\" content=\"End\u00e9mie: Le paludisme a caus\u00e9 171 d\u00e9c\u00e8s dans la r\u00e9gion du Nord en six mois\" \/>\n<meta property=\"og:description\" content=\"Les d\u00e9c\u00e8s li\u00e9s \u00e0 la pr\u00e9valence du paludisme sont en baisse dans la r\u00e9gion du Nord. Au cours des six premiers mois de l\u2019a ...\" \/>\n<meta property=\"og:url\" content=\"https:\/\/www.africa-press.net\/cameroun\/toutes-les-actualites\/endemie-le-paludisme-a-cause-171-deces-dans-la-region-du-nord-en-six-mois\" \/>\n<meta property=\"og:site_name\" content=\"Cameroun\" \/>\n<meta property=\"article:published_time\" content=\"2022-07-18T12:48:00+00:00\" \/>\n<meta property=\"article:modified_time\" content=\"2022-07-18T15:09:30+00:00\" \/>\n<meta property=\"og:image\" content=\"https:\/\/static.africa-press.net\/cameroun\/sites\/57\/2022\/07\/img-62d5777db99c7.jpg\" \/>\n\t<meta property=\"og:image:width\" content=\"800\" \/>\n\t<meta property=\"og:image:height\" content=\"449\" \/>\n\t<meta property=\"og:image:type\" content=\"image\/jpeg\" \/>\n<meta name=\"author\" content=\"cfeditorfr\" \/>\n<meta name=\"twitter:card\" content=\"summary_large_image\" \/>\n<meta name=\"twitter:label1\" content=\"\u00c9crit par\" \/>\n\t<meta name=\"twitter:data1\" content=\"cfeditorfr\" \/>\n\t<meta name=\"twitter:label2\" content=\"Dur\u00e9e de lecture estim\u00e9e\" \/>\n\t<meta name=\"twitter:data2\" content=\"1 minute\" \/>\n<script type=\"application\/ld+json\" class=\"yoast-schema-graph\">{\"@context\":\"https:\/\/schema.org\",\"@graph\":[{\"@type\":\"Article\",\"@id\":\"https:\/\/www.africa-press.net\/cameroun\/toutes-les-actualites\/endemie-le-paludisme-a-cause-171-deces-dans-la-region-du-nord-en-six-mois#article\",\"isPartOf\":{\"@id\":\"https:\/\/www.africa-press.net\/cameroun\/toutes-les-actualites\/endemie-le-paludisme-a-cause-171-deces-dans-la-region-du-nord-en-six-mois\"},\"author\":{\"name\":\"cfeditorfr\",\"@id\":\"https:\/\/www.africa-press.net\/cameroun\/#\/schema\/person\/2b1cf3cd81a31e3cd26889ca66d677f1\"},\"headline\":\"End\u00e9mie: Le paludisme a caus\u00e9 171 d\u00e9c\u00e8s dans la r\u00e9gion du Nord en six mois\",\"datePublished\":\"2022-07-18T12:48:00+00:00\",\"dateModified\":\"2022-07-18T15:09:30+00:00\",\"mainEntityOfPage\":{\"@id\":\"https:\/\/www.africa-press.net\/cameroun\/toutes-les-actualites\/endemie-le-paludisme-a-cause-171-deces-dans-la-region-du-nord-en-six-mois\"},\"wordCount\":318,\"commentCount\":0,\"image\":{\"@id\":\"https:\/\/www.africa-press.net\/cameroun\/toutes-les-actualites\/endemie-le-paludisme-a-cause-171-deces-dans-la-region-du-nord-en-six-mois#primaryimage\"},\"thumbnailUrl\":\"https:\/\/static.africa-press.net\/cameroun\/sites\/57\/2022\/07\/img-62d5777db99c7.jpg\",\"keywords\":[\"Africa Press\",\"Africa Press-Cameroun\",\"Cameroun\"],\"articleSection\":[\"Communaut\u00e9\",\"homepage-french\",\"Toutes les actualit\u00e9s\"],\"inLanguage\":\"fr-FR\",\"potentialAction\":[{\"@type\":\"CommentAction\",\"name\":\"Comment\",\"target\":[\"https:\/\/www.africa-press.net\/cameroun\/toutes-les-actualites\/endemie-le-paludisme-a-cause-171-deces-dans-la-region-du-nord-en-six-mois#respond\"]}]},{\"@type\":\"WebPage\",\"@id\":\"https:\/\/www.africa-press.net\/cameroun\/toutes-les-actualites\/endemie-le-paludisme-a-cause-171-deces-dans-la-region-du-nord-en-six-mois\",\"url\":\"https:\/\/www.africa-press.net\/cameroun\/toutes-les-actualites\/endemie-le-paludisme-a-cause-171-deces-dans-la-region-du-nord-en-six-mois\",\"name\":\"End\u00e9mie: Le paludisme a caus\u00e9 171 d\u00e9c\u00e8s dans la r\u00e9gion du Nord en six mois - Cameroun\",\"isPartOf\":{\"@id\":\"https:\/\/www.africa-press.net\/cameroun\/#website\"},\"primaryImageOfPage\":{\"@id\":\"https:\/\/www.africa-press.net\/cameroun\/toutes-les-actualites\/endemie-le-paludisme-a-cause-171-deces-dans-la-region-du-nord-en-six-mois#primaryimage\"},\"image\":{\"@id\":\"https:\/\/www.africa-press.net\/cameroun\/toutes-les-actualites\/endemie-le-paludisme-a-cause-171-deces-dans-la-region-du-nord-en-six-mois#primaryimage\"},\"thumbnailUrl\":\"https:\/\/static.africa-press.net\/cameroun\/sites\/57\/2022\/07\/img-62d5777db99c7.jpg\",\"datePublished\":\"2022-07-18T12:48:00+00:00\",\"dateModified\":\"2022-07-18T15:09:30+00:00\",\"author\":{\"@id\":\"https:\/\/www.africa-press.net\/cameroun\/#\/schema\/person\/2b1cf3cd81a31e3cd26889ca66d677f1\"},\"description\":\"Les d\u00e9c\u00e8s li\u00e9s \u00e0 la pr\u00e9valence du paludisme sont en baisse dans la r\u00e9gion du Nord. Au cours des six premiers mois de l\u2019a ...\",\"breadcrumb\":{\"@id\":\"https:\/\/www.africa-press.net\/cameroun\/toutes-les-actualites\/endemie-le-paludisme-a-cause-171-deces-dans-la-region-du-nord-en-six-mois#breadcrumb\"},\"inLanguage\":\"fr-FR\",\"potentialAction\":[{\"@type\":\"ReadAction\",\"target\":[\"https:\/\/www.africa-press.net\/cameroun\/toutes-les-actualites\/endemie-le-paludisme-a-cause-171-deces-dans-la-region-du-nord-en-six-mois\"]}]},{\"@type\":\"ImageObject\",\"inLanguage\":\"fr-FR\",\"@id\":\"https:\/\/www.africa-press.net\/cameroun\/toutes-les-actualites\/endemie-le-paludisme-a-cause-171-deces-dans-la-region-du-nord-en-six-mois#primaryimage\",\"url\":\"https:\/\/static.africa-press.net\/cameroun\/sites\/57\/2022\/07\/img-62d5777db99c7.jpg\",\"contentUrl\":\"https:\/\/static.africa-press.net\/cameroun\/sites\/57\/2022\/07\/img-62d5777db99c7.jpg\",\"width\":800,\"height\":449,\"caption\":\"End\u00e9mie: Le paludisme a caus\u00e9 171 d\u00e9c\u00e8s dans la r\u00e9gion du Nord en six mois\"},{\"@type\":\"BreadcrumbList\",\"@id\":\"https:\/\/www.africa-press.net\/cameroun\/toutes-les-actualites\/endemie-le-paludisme-a-cause-171-deces-dans-la-region-du-nord-en-six-mois#breadcrumb\",\"itemListElement\":[{\"@type\":\"ListItem\",\"position\":1,\"name\":\"Accueil\",\"item\":\"https:\/\/www.africa-press.net\/cameroun\/\"},{\"@type\":\"ListItem\",\"position\":2,\"name\":\"End\u00e9mie: Le paludisme a caus\u00e9 171 d\u00e9c\u00e8s dans la r\u00e9gion du Nord en six mois\"}]},{\"@type\":\"WebSite\",\"@id\":\"https:\/\/www.africa-press.net\/cameroun\/#website\",\"url\":\"https:\/\/www.africa-press.net\/cameroun\/\",\"name\":\"Cameroun\",\"description\":\"Just another Africa News Agency Sites site\",\"potentialAction\":[{\"@type\":\"SearchAction\",\"target\":{\"@type\":\"EntryPoint\",\"urlTemplate\":\"https:\/\/www.africa-press.net\/cameroun\/?s={search_term_string}\"},\"query-input\":{\"@type\":\"PropertyValueSpecification\",\"valueRequired\":true,\"valueName\":\"search_term_string\"}}],\"inLanguage\":\"fr-FR\"},{\"@type\":\"Person\",\"@id\":\"https:\/\/www.africa-press.net\/cameroun\/#\/schema\/person\/2b1cf3cd81a31e3cd26889ca66d677f1\",\"name\":\"cfeditorfr\"}]}<\/script>\n<!-- \/ Yoast SEO Premium plugin. -->","yoast_head_json":{"title":"End\u00e9mie: Le paludisme a caus\u00e9 171 d\u00e9c\u00e8s dans la r\u00e9gion du Nord en six mois - Cameroun","description":"Les d\u00e9c\u00e8s li\u00e9s \u00e0 la pr\u00e9valence du paludisme sont en baisse dans la r\u00e9gion du Nord. Au cours des six premiers mois de l\u2019a ...","robots":{"index":"index","follow":"follow","max-snippet":"max-snippet:-1","max-image-preview":"max-image-preview:large","max-video-preview":"max-video-preview:-1"},"canonical":"https:\/\/www.africa-press.net\/cameroun\/toutes-les-actualites\/endemie-le-paludisme-a-cause-171-deces-dans-la-region-du-nord-en-six-mois","og_locale":"fr_FR","og_type":"article","og_title":"End\u00e9mie: Le paludisme a caus\u00e9 171 d\u00e9c\u00e8s dans la r\u00e9gion du Nord en six mois","og_description":"Les d\u00e9c\u00e8s li\u00e9s \u00e0 la pr\u00e9valence du paludisme sont en baisse dans la r\u00e9gion du Nord. Au cours des six premiers mois de l\u2019a ...","og_url":"https:\/\/www.africa-press.net\/cameroun\/toutes-les-actualites\/endemie-le-paludisme-a-cause-171-deces-dans-la-region-du-nord-en-six-mois","og_site_name":"Cameroun","article_published_time":"2022-07-18T12:48:00+00:00","article_modified_time":"2022-07-18T15:09:30+00:00","og_image":[{"width":800,"height":449,"url":"https:\/\/static.africa-press.net\/cameroun\/sites\/57\/2022\/07\/img-62d5777db99c7.jpg","type":"image\/jpeg"}],"author":"cfeditorfr","twitter_card":"summary_large_image","twitter_misc":{"\u00c9crit par":"cfeditorfr","Dur\u00e9e de lecture estim\u00e9e":"1 minute"},"schema":{"@context":"https:\/\/schema.org","@graph":[{"@type":"Article","@id":"https:\/\/www.africa-press.net\/cameroun\/toutes-les-actualites\/endemie-le-paludisme-a-cause-171-deces-dans-la-region-du-nord-en-six-mois#article","isPartOf":{"@id":"https:\/\/www.africa-press.net\/cameroun\/toutes-les-actualites\/endemie-le-paludisme-a-cause-171-deces-dans-la-region-du-nord-en-six-mois"},"author":{"name":"cfeditorfr","@id":"https:\/\/www.africa-press.net\/cameroun\/#\/schema\/person\/2b1cf3cd81a31e3cd26889ca66d677f1"},"headline":"End\u00e9mie: Le paludisme a caus\u00e9 171 d\u00e9c\u00e8s dans la r\u00e9gion du Nord en six mois","datePublished":"2022-07-18T12:48:00+00:00","dateModified":"2022-07-18T15:09:30+00:00","mainEntityOfPage":{"@id":"https:\/\/www.africa-press.net\/cameroun\/toutes-les-actualites\/endemie-le-paludisme-a-cause-171-deces-dans-la-region-du-nord-en-six-mois"},"wordCount":318,"commentCount":0,"image":{"@id":"https:\/\/www.africa-press.net\/cameroun\/toutes-les-actualites\/endemie-le-paludisme-a-cause-171-deces-dans-la-region-du-nord-en-six-mois#primaryimage"},"thumbnailUrl":"https:\/\/static.africa-press.net\/cameroun\/sites\/57\/2022\/07\/img-62d5777db99c7.jpg","keywords":["Africa Press","Africa Press-Cameroun","Cameroun"],"articleSection":["Communaut\u00e9","homepage-french","Toutes les actualit\u00e9s"],"inLanguage":"fr-FR","potentialAction":[{"@type":"CommentAction","name":"Comment","target":["https:\/\/www.africa-press.net\/cameroun\/toutes-les-actualites\/endemie-le-paludisme-a-cause-171-deces-dans-la-region-du-nord-en-six-mois#respond"]}]},{"@type":"WebPage","@id":"https:\/\/www.africa-press.net\/cameroun\/toutes-les-actualites\/endemie-le-paludisme-a-cause-171-deces-dans-la-region-du-nord-en-six-mois","url":"https:\/\/www.africa-press.net\/cameroun\/toutes-les-actualites\/endemie-le-paludisme-a-cause-171-deces-dans-la-region-du-nord-en-six-mois","name":"End\u00e9mie: Le paludisme a caus\u00e9 171 d\u00e9c\u00e8s dans la r\u00e9gion du Nord en six mois - Cameroun","isPartOf":{"@id":"https:\/\/www.africa-press.net\/cameroun\/#website"},"primaryImageOfPage":{"@id":"https:\/\/www.africa-press.net\/cameroun\/toutes-les-actualites\/endemie-le-paludisme-a-cause-171-deces-dans-la-region-du-nord-en-six-mois#primaryimage"},"image":{"@id":"https:\/\/www.africa-press.net\/cameroun\/toutes-les-actualites\/endemie-le-paludisme-a-cause-171-deces-dans-la-region-du-nord-en-six-mois#primaryimage"},"thumbnailUrl":"https:\/\/static.africa-press.net\/cameroun\/sites\/57\/2022\/07\/img-62d5777db99c7.jpg","datePublished":"2022-07-18T12:48:00+00:00","dateModified":"2022-07-18T15:09:30+00:00","author":{"@id":"https:\/\/www.africa-press.net\/cameroun\/#\/schema\/person\/2b1cf3cd81a31e3cd26889ca66d677f1"},"description":"Les d\u00e9c\u00e8s li\u00e9s \u00e0 la pr\u00e9valence du paludisme sont en baisse dans la r\u00e9gion du Nord. Au cours des six premiers mois de l\u2019a ...","breadcrumb":{"@id":"https:\/\/www.africa-press.net\/cameroun\/toutes-les-actualites\/endemie-le-paludisme-a-cause-171-deces-dans-la-region-du-nord-en-six-mois#breadcrumb"},"inLanguage":"fr-FR","potentialAction":[{"@type":"ReadAction","target":["https:\/\/www.africa-press.net\/cameroun\/toutes-les-actualites\/endemie-le-paludisme-a-cause-171-deces-dans-la-region-du-nord-en-six-mois"]}]},{"@type":"ImageObject","inLanguage":"fr-FR","@id":"https:\/\/www.africa-press.net\/cameroun\/toutes-les-actualites\/endemie-le-paludisme-a-cause-171-deces-dans-la-region-du-nord-en-six-mois#primaryimage","url":"https:\/\/static.africa-press.net\/cameroun\/sites\/57\/2022\/07\/img-62d5777db99c7.jpg","contentUrl":"https:\/\/static.africa-press.net\/cameroun\/sites\/57\/2022\/07\/img-62d5777db99c7.jpg","width":800,"height":449,"caption":"End\u00e9mie: Le paludisme a caus\u00e9 171 d\u00e9c\u00e8s dans la r\u00e9gion du Nord en six mois"},{"@type":"BreadcrumbList","@id":"https:\/\/www.africa-press.net\/cameroun\/toutes-les-actualites\/endemie-le-paludisme-a-cause-171-deces-dans-la-region-du-nord-en-six-mois#breadcrumb","itemListElement":[{"@type":"ListItem","position":1,"name":"Accueil","item":"https:\/\/www.africa-press.net\/cameroun\/"},{"@type":"ListItem","position":2,"name":"End\u00e9mie: Le paludisme a caus\u00e9 171 d\u00e9c\u00e8s dans la r\u00e9gion du Nord en six mois"}]},{"@type":"WebSite","@id":"https:\/\/www.africa-press.net\/cameroun\/#website","url":"https:\/\/www.africa-press.net\/cameroun\/","name":"Cameroun","description":"Just another Africa News Agency Sites site","potentialAction":[{"@type":"SearchAction","target":{"@type":"EntryPoint","urlTemplate":"https:\/\/www.africa-press.net\/cameroun\/?s={search_term_string}"},"query-input":{"@type":"PropertyValueSpecification","valueRequired":true,"valueName":"search_term_string"}}],"inLanguage":"fr-FR"},{"@type":"Person","@id":"https:\/\/www.africa-press.net\/cameroun\/#\/schema\/person\/2b1cf3cd81a31e3cd26889ca66d677f1","name":"cfeditorfr"}]}},"_links":{"self":[{"href":"https:\/\/www.africa-press.net\/cameroun\/wp-json\/wp\/v2\/posts\/23727","targetHints":{"allow":["GET"]}}],"collection":[{"href":"https:\/\/www.africa-press.net\/cameroun\/wp-json\/wp\/v2\/posts"}],"about":[{"href":"https:\/\/www.africa-press.net\/cameroun\/wp-json\/wp\/v2\/types\/post"}],"author":[{"embeddable":true,"href":"https:\/\/www.africa-press.net\/cameroun\/wp-json\/wp\/v2\/users\/82"}],"replies":[{"embeddable":true,"href":"https:\/\/www.africa-press.net\/cameroun\/wp-json\/wp\/v2\/comments?post=23727"}],"version-history":[{"count":0,"href":"https:\/\/www.africa-press.net\/cameroun\/wp-json\/wp\/v2\/posts\/23727\/revisions"}],"wp:featuredmedia":[{"embeddable":true,"href":"https:\/\/www.africa-press.net\/cameroun\/wp-json\/wp\/v2\/media\/23726"}],"wp:attachment":[{"href":"https:\/\/www.africa-press.net\/cameroun\/wp-json\/wp\/v2\/media?parent=23727"}],"wp:term":[{"taxonomy":"category","embeddable":true,"href":"https:\/\/www.africa-press.net\/cameroun\/wp-json\/wp\/v2\/categories?post=23727"},{"taxonomy":"post_tag","embeddable":true,"href":"https:\/\/www.africa-press.net\/cameroun\/wp-json\/wp\/v2\/tags?post=23727"}],"curies":[{"name":"wp","href":"https:\/\/api.w.org\/{rel}","templated":true}]}}