{"id":23730,"date":"2022-07-18T12:54:59","date_gmt":"2022-07-18T12:54:59","guid":{"rendered":"https:\/\/www.africa-press.net\/cameroun\/politique\/cybercriminalite-le-journaliste-et-lanceur-dalertes-boris-bertolt-accuse-les-autorites-camerounaises-davoir-desactive-ses-plateformes-facebook"},"modified":"2022-07-18T15:10:41","modified_gmt":"2022-07-18T15:10:41","slug":"cybercriminalite-le-journaliste-et-lanceur-dalertes-boris-bertolt-accuse-les-autorites-camerounaises-davoir-desactive-ses-plateformes-facebook","status":"publish","type":"post","link":"https:\/\/www.africa-press.net\/cameroun\/toutes-les-actualites\/cybercriminalite-le-journaliste-et-lanceur-dalertes-boris-bertolt-accuse-les-autorites-camerounaises-davoir-desactive-ses-plateformes-facebook","title":{"rendered":"Cybercriminalit\u00e9: Le journaliste et lanceur d\u2019alertes Boris Bertolt accuse les autorit\u00e9s camerounaises d\u2019avoir d\u00e9sactiv\u00e9 ses plateformes Facebook"},"content":{"rendered":"<p><span style=\"color: #ff6600\"><strong>Africa-Press &#8211; Cameroun. <\/strong><\/span>Il y a bient\u00f4t un mois, la page et le compte Facebook Boris Bertolt, appartenant au journaliste et lanceur d\u2019alerte en question, sont rest\u00e9s inactifs depuis le 22 juin 2022. Ce n\u2019est que ce lundi 18 juillet 2022, qu\u2019ils ont recommenc\u00e9 \u00e0 fonctionner, et que leur propri\u00e9taire a recommenc\u00e9 \u00e0 publier sur ses plateformes. Boris Bertolt a tenu \u00e0 faire une mise au point, dans laquelle il accuse les autorit\u00e9s camerounaises d\u2019avoir d\u00e9sactiv\u00e9 ses plateformes \u00e0 travers des man\u0153uvres aupr\u00e8s de Meta.<\/p>\n<p>Plus grave encore, il pointe du doigt le ministre d\u2019Etat, secr\u00e9taire g\u00e9n\u00e9ral de la pr\u00e9sidence de la R\u00e9publique, Ferdinand Ngoh Ngoh. \u00ab Mon compte Facebook Boris Bertolt et ma page Facebook Boris Bertolt ont \u00e9t\u00e9 victimes le 22 juin 2022 d\u2019une attaque informatique commandit\u00e9e et financ\u00e9e par le secr\u00e9taire g\u00e9n\u00e9ral de la pr\u00e9sidence de la R\u00e9publique, l\u2019homme \u00e0 la punk, Ferdinand Ngoh Ngoh. En collaboration avec des informaticiens de l\u2019ANTIC (Agence nationale des technologies de l\u2019information et de la communication) et du BIR (Bataillon d\u2019intervention rapide), ils ont r\u00e9ussi \u00e0 d\u00e9-certifier la page Boris Bertolt, d\u00e9-publi\u00e9 la page Boris Bertolt, puis d\u00e9sactiv\u00e9 le compte Facebook Boris Bertolt \u00bb, accuse-t-il. Pour l\u2019ancien journaliste de Le Jour et de Mutations, ce haut commis de l\u2019Etat tente de le museler.<\/p>\n<p><b>Voici l\u2019int\u00e9gralit\u00e9 de la mise au point de Boris Bertolt :<\/b><\/p>\n<p><b>J\u2019ACCUSE FERDINAND NGOH NGOH ALLIAS L&rsquo;HOMME A LA PUNK ET SON CLAN DE VOULOIR ME MUSELER<\/b><\/p>\n<p>Cher (e) s ami(e)s, je me suis abstenu depuis plusieurs semaines d\u2019effectuer le moindre commentaire sur mon absence de Facebook. Cependant, compte tenu de la gravit\u00e9 de la situation, je suis dans l\u2019obligation morale de vous apporter certaines clarifications sur cette longue absence.<\/p>\n<p>1) Mon compte Facebook Boris Bertolt et ma page Facebook Boris Bertolt ont \u00e9t\u00e9 victimes le 22 juin 2022 d\u2019une attaque informatique commandit\u00e9e et financ\u00e9e par le secr\u00e9taire g\u00e9n\u00e9ral de la pr\u00e9sidence de la R\u00e9publique, l\u2019homme \u00e0 la punk, Ferdinand Ngoh Ngoh. En collaboration avec des informaticiens de l\u2019ANTIC et du BIR, ils ont r\u00e9ussi \u00e0 decertifier la page Boris Bertolt, depubli\u00e9 la page Boris Bertolt, puis d\u00e9sactiv\u00e9 le compte Facebook Boris Bertolt.<\/p>\n<p>2) Ces attaques s\u2019inscrivent dans un projet plus vaste de mon \u00e9limination, y compris physique. Tenez-vous tranquilles, au moment o\u00f9 je constate que j&rsquo;ai \u00e9t\u00e9 d\u00e9sactiv\u00e9, le temps pour moi de m&rsquo;enqu\u00e9rir de la situation, les commnditaires avaient d\u00e9j\u00e0 diffus\u00e9 l&rsquo;information sur les r\u00e9seaux et m\u00eame pay\u00e9 des pages Facebook pour annoncer en grande pompe que \u00ab BORIS BERTOLT A ETE CHASSE DES RESEAUX SOCIAUX PAR FACEBOOK \u00bb.<\/p>\n<p>3) Je me r\u00e9serve pour l\u2019instant d\u2019apporter d\u2019autres pr\u00e9cisions sur ce complot criminel dont le seul dessein est de m\u2019emp\u00eacher dans le cadre de leur projet de succ\u00e9der \u00e0 Paul Biya \u00e0 tous les prix, des informations cr\u00e9dibles sur le pillage organis\u00e9 de l\u2019Etat.<\/p>\n<p>4) Malgr\u00e9 cette menace (vous ne pouvez imaginer ce que je traverse au quotidien), j\u2019ai d\u00e9cid\u00e9 de ne pas abandonner au NOM DE NOTRE LIBERT\u00c9 \u00c0 TOUS ET AU NOM DU DROIT DE VIGILANCE SUR LA MARCHE DE NOTRE PAYS CAR LE CAMEROUN APPARTIENT \u00c0 TOUS.<\/p>\n<p>5) Au nom de tout cela et gr\u00e2ce \u00e0 l\u2019appui des \u00e2mes de bonne volont\u00e9<\/p>\n<p>La page Facebook Boris Bertolt avait dans un premier temps \u00e9t\u00e9 r\u00e9tablie. J&rsquo;avais d&rsquo;ailleurs annonc\u00e9 mon retour. L\u2019\u00e9quipe du BIR et de l\u2019ANTIC qui sont sous l\u2019autorit\u00e9 de l\u2019homme \u00e0 la punk l\u2019a encore attaqu\u00e9 et elle avait de nouveau \u00e9t\u00e9 depubli\u00e9.<\/p>\n<p>6) Ce qu&rsquo;ils ne savaient pas c&rsquo;est que des investigations plus approfondies \u00e9taient d\u00e9j\u00e0 en cours chez Facebook qui a d\u00e9couvert que ce clan mafieux tentait de limiter la libert\u00e9 d&rsquo;expression sur leur r\u00e9seau social. Cette fois-ci c&rsquo;est le compte Boris Bertolt et la page qui ont \u00e9t\u00e9 restitu\u00e9s par Facefook. Et ce n&rsquo;est pas fini. Non seulement Facebook m&rsquo;a pr\u00e9sent\u00e9 ses excuses comme vous le verrez, mais en plus de cela a ouvert une enqu\u00eate pour comprendre comment ces voyous ont man\u0153uvr\u00e9. Car, la promotion de la libert\u00e9, de la d\u00e9mocratie sont aux fondements de l&rsquo;entreprise Facebook.<\/p>\n<p>AU FINAL JE N&rsquo;AI DONC JAMAIS ETE CHASSE DE FACEBOOK PAR FACEBOOK. MAIS C&rsquo;EST UN CLAN AU SEIN DU GOUVERNEMENT DE PAUL BIYA QUI A PLANIFIE, ORGANISE ET MANOEUVRE POUR QUE JE SOIS DEFINITIVEMENT MUSELE.<\/p>\n<p>La v\u00e9rit\u00e9 c&rsquo;est que je n&rsquo;ai plus peur que mon compte et ma page soient attaqu\u00e9s car ils me permettront de d\u00e9montrer donc d\u00e9finitivement \u00e0 Facebook qu&rsquo;une horde de bandits porte atteinte syst\u00e9matiquement \u00e0 leurs valeurs. Et au final ils pourront amener Facebook \u00e0 prot\u00e9ger d\u00e9finitivement mon compte et ma page.<\/p>\n<p>La brutalit\u00e9, la force physique ne peuvent jamais venir \u00e0 bout de l&rsquo;intelligence. TOUT EST DANS LA TETE.<\/p>\n<p>Nous allons nous battre pour pr\u00e9server nos droits et nos libert\u00e9s. Afin de contourner leurs techniques de censure digne des dictateurs tropicaux, abonnez-vous massivement sur la nouvelle page Facebook l&rsquo;information sur le Cameroun. Voici le lien et faites le plus rapidement possible.<\/p>\n<p>https:\/\/www.facebook.com\/borisbertolt.bauer<\/p>\n<p>Rien n\u2019est fini tant que ce n\u2019est pas fini. La lutta continua. Le po\u00e8te et dramaturge allemand Bertolt Brech disait : \u00ab Celui qui combat peut perdre, mais celui qui ne combat pas a d\u00e9j\u00e0 perdu \u00bb. D\u00e8s lors la seule v\u00e9ritable issue que nous avons, c&rsquo;est de nous battre pour nos droits, nos libert\u00e9 et un Cameroun meilleur. Y compris dans les moments les plus difficiles et les plus incertains. Car c&rsquo;est souvent dans ces circonstances que se dessinent les sir\u00e8nes de l&rsquo;espoir.<\/p>\n<p>We will overcome (nous vaincrons).<\/p>\n<p>Ainsi va la R\u00e9publique<\/p>\n<p><strong>Pour plus d&rsquo;informations et d&rsquo;analyses sur la <a href=\"https:\/\/www.africa-press.net\/cameroun\">Cameroun<\/a>, suivez <a href=\"https:\/\/www.africa-press.net\/\">Africa-Press<\/a><\/strong><\/p>\n","protected":false},"excerpt":{"rendered":"<p>Africa-Press &#8211; Cameroun. Il y a bient\u00f4t un mois, la page et le compte Facebook Boris Bertolt, appartenant au journaliste et lanceur d\u2019alerte en question, sont rest\u00e9s inactifs depuis le 22 juin 2022. Ce n\u2019est que ce lundi 18 juillet 2022, qu\u2019ils ont recommenc\u00e9 \u00e0 fonctionner, et que leur propri\u00e9taire a recommenc\u00e9 \u00e0 publier sur [&hellip;]<\/p>\n","protected":false},"author":82,"featured_media":23729,"comment_status":"open","ping_status":"closed","sticky":false,"template":"","format":"standard","meta":{"footnotes":""},"categories":[21,11,10],"tags":[36,50,49],"class_list":["post-23730","post","type-post","status-publish","format-standard","has-post-thumbnail","hentry","category-communaute","category-homepage-french","category-toutes-les-actualites","tag-africa-press","tag-africa-press-cameroun","tag-cameroun"],"yoast_head":"<!-- This site is optimized with the Yoast SEO Premium plugin v26.1 (Yoast SEO v27.0) - https:\/\/yoast.com\/product\/yoast-seo-premium-wordpress\/ -->\n<title>Cybercriminalit\u00e9: Le journaliste et lanceur d\u2019alertes Boris Bertolt accuse les autorit\u00e9s camerounaises d\u2019avoir d\u00e9sactiv\u00e9 ses plateformes Facebook - Cameroun<\/title>\n<meta name=\"description\" content=\"Il y a bient\u00f4t un mois, la page et le compte Facebook Boris Bertolt, appartenant au journaliste et lanceur d\u2019alerte en q ...\" \/>\n<meta name=\"robots\" content=\"index, follow, max-snippet:-1, max-image-preview:large, max-video-preview:-1\" \/>\n<link rel=\"canonical\" href=\"https:\/\/www.africa-press.net\/cameroun\/toutes-les-actualites\/cybercriminalite-le-journaliste-et-lanceur-dalertes-boris-bertolt-accuse-les-autorites-camerounaises-davoir-desactive-ses-plateformes-facebook\" \/>\n<meta property=\"og:locale\" content=\"fr_FR\" \/>\n<meta property=\"og:type\" content=\"article\" \/>\n<meta property=\"og:title\" content=\"Cybercriminalit\u00e9: Le journaliste et lanceur d\u2019alertes Boris Bertolt accuse les autorit\u00e9s camerounaises d\u2019avoir d\u00e9sactiv\u00e9 ses plateformes Facebook\" \/>\n<meta property=\"og:description\" content=\"Il y a bient\u00f4t un mois, la page et le compte Facebook Boris Bertolt, appartenant au journaliste et lanceur d\u2019alerte en q ...\" \/>\n<meta property=\"og:url\" content=\"https:\/\/www.africa-press.net\/cameroun\/toutes-les-actualites\/cybercriminalite-le-journaliste-et-lanceur-dalertes-boris-bertolt-accuse-les-autorites-camerounaises-davoir-desactive-ses-plateformes-facebook\" \/>\n<meta property=\"og:site_name\" content=\"Cameroun\" \/>\n<meta property=\"article:published_time\" content=\"2022-07-18T12:54:59+00:00\" \/>\n<meta property=\"article:modified_time\" content=\"2022-07-18T15:10:41+00:00\" \/>\n<meta property=\"og:image\" content=\"https:\/\/static.africa-press.net\/cameroun\/sites\/57\/2022\/07\/img-62d577b5d0103.jpg\" \/>\n\t<meta property=\"og:image:width\" content=\"800\" \/>\n\t<meta property=\"og:image:height\" content=\"518\" \/>\n\t<meta property=\"og:image:type\" content=\"image\/jpeg\" \/>\n<meta name=\"author\" content=\"cfeditorfr\" \/>\n<meta name=\"twitter:card\" content=\"summary_large_image\" \/>\n<meta name=\"twitter:label1\" content=\"\u00c9crit par\" \/>\n\t<meta name=\"twitter:data1\" content=\"cfeditorfr\" \/>\n\t<meta name=\"twitter:label2\" content=\"Dur\u00e9e de lecture estim\u00e9e\" \/>\n\t<meta name=\"twitter:data2\" content=\"5 minutes\" \/>\n<script type=\"application\/ld+json\" class=\"yoast-schema-graph\">{\"@context\":\"https:\/\/schema.org\",\"@graph\":[{\"@type\":\"Article\",\"@id\":\"https:\/\/www.africa-press.net\/cameroun\/toutes-les-actualites\/cybercriminalite-le-journaliste-et-lanceur-dalertes-boris-bertolt-accuse-les-autorites-camerounaises-davoir-desactive-ses-plateformes-facebook#article\",\"isPartOf\":{\"@id\":\"https:\/\/www.africa-press.net\/cameroun\/toutes-les-actualites\/cybercriminalite-le-journaliste-et-lanceur-dalertes-boris-bertolt-accuse-les-autorites-camerounaises-davoir-desactive-ses-plateformes-facebook\"},\"author\":{\"name\":\"cfeditorfr\",\"@id\":\"https:\/\/www.africa-press.net\/cameroun\/#\/schema\/person\/2b1cf3cd81a31e3cd26889ca66d677f1\"},\"headline\":\"Cybercriminalit\u00e9: Le journaliste et lanceur d\u2019alertes Boris Bertolt accuse les autorit\u00e9s camerounaises d\u2019avoir d\u00e9sactiv\u00e9 ses plateformes Facebook\",\"datePublished\":\"2022-07-18T12:54:59+00:00\",\"dateModified\":\"2022-07-18T15:10:41+00:00\",\"mainEntityOfPage\":{\"@id\":\"https:\/\/www.africa-press.net\/cameroun\/toutes-les-actualites\/cybercriminalite-le-journaliste-et-lanceur-dalertes-boris-bertolt-accuse-les-autorites-camerounaises-davoir-desactive-ses-plateformes-facebook\"},\"wordCount\":1034,\"commentCount\":0,\"image\":{\"@id\":\"https:\/\/www.africa-press.net\/cameroun\/toutes-les-actualites\/cybercriminalite-le-journaliste-et-lanceur-dalertes-boris-bertolt-accuse-les-autorites-camerounaises-davoir-desactive-ses-plateformes-facebook#primaryimage\"},\"thumbnailUrl\":\"https:\/\/static.africa-press.net\/cameroun\/sites\/57\/2022\/07\/img-62d577b5d0103.jpg\",\"keywords\":[\"Africa Press\",\"Africa Press-Cameroun\",\"Cameroun\"],\"articleSection\":[\"Communaut\u00e9\",\"homepage-french\",\"Toutes les actualit\u00e9s\"],\"inLanguage\":\"fr-FR\",\"potentialAction\":[{\"@type\":\"CommentAction\",\"name\":\"Comment\",\"target\":[\"https:\/\/www.africa-press.net\/cameroun\/toutes-les-actualites\/cybercriminalite-le-journaliste-et-lanceur-dalertes-boris-bertolt-accuse-les-autorites-camerounaises-davoir-desactive-ses-plateformes-facebook#respond\"]}]},{\"@type\":\"WebPage\",\"@id\":\"https:\/\/www.africa-press.net\/cameroun\/toutes-les-actualites\/cybercriminalite-le-journaliste-et-lanceur-dalertes-boris-bertolt-accuse-les-autorites-camerounaises-davoir-desactive-ses-plateformes-facebook\",\"url\":\"https:\/\/www.africa-press.net\/cameroun\/toutes-les-actualites\/cybercriminalite-le-journaliste-et-lanceur-dalertes-boris-bertolt-accuse-les-autorites-camerounaises-davoir-desactive-ses-plateformes-facebook\",\"name\":\"Cybercriminalit\u00e9: Le journaliste et lanceur d\u2019alertes Boris Bertolt accuse les autorit\u00e9s camerounaises d\u2019avoir d\u00e9sactiv\u00e9 ses plateformes Facebook - Cameroun\",\"isPartOf\":{\"@id\":\"https:\/\/www.africa-press.net\/cameroun\/#website\"},\"primaryImageOfPage\":{\"@id\":\"https:\/\/www.africa-press.net\/cameroun\/toutes-les-actualites\/cybercriminalite-le-journaliste-et-lanceur-dalertes-boris-bertolt-accuse-les-autorites-camerounaises-davoir-desactive-ses-plateformes-facebook#primaryimage\"},\"image\":{\"@id\":\"https:\/\/www.africa-press.net\/cameroun\/toutes-les-actualites\/cybercriminalite-le-journaliste-et-lanceur-dalertes-boris-bertolt-accuse-les-autorites-camerounaises-davoir-desactive-ses-plateformes-facebook#primaryimage\"},\"thumbnailUrl\":\"https:\/\/static.africa-press.net\/cameroun\/sites\/57\/2022\/07\/img-62d577b5d0103.jpg\",\"datePublished\":\"2022-07-18T12:54:59+00:00\",\"dateModified\":\"2022-07-18T15:10:41+00:00\",\"author\":{\"@id\":\"https:\/\/www.africa-press.net\/cameroun\/#\/schema\/person\/2b1cf3cd81a31e3cd26889ca66d677f1\"},\"description\":\"Il y a bient\u00f4t un mois, la page et le compte Facebook Boris Bertolt, appartenant au journaliste et lanceur d\u2019alerte en q ...\",\"breadcrumb\":{\"@id\":\"https:\/\/www.africa-press.net\/cameroun\/toutes-les-actualites\/cybercriminalite-le-journaliste-et-lanceur-dalertes-boris-bertolt-accuse-les-autorites-camerounaises-davoir-desactive-ses-plateformes-facebook#breadcrumb\"},\"inLanguage\":\"fr-FR\",\"potentialAction\":[{\"@type\":\"ReadAction\",\"target\":[\"https:\/\/www.africa-press.net\/cameroun\/toutes-les-actualites\/cybercriminalite-le-journaliste-et-lanceur-dalertes-boris-bertolt-accuse-les-autorites-camerounaises-davoir-desactive-ses-plateformes-facebook\"]}]},{\"@type\":\"ImageObject\",\"inLanguage\":\"fr-FR\",\"@id\":\"https:\/\/www.africa-press.net\/cameroun\/toutes-les-actualites\/cybercriminalite-le-journaliste-et-lanceur-dalertes-boris-bertolt-accuse-les-autorites-camerounaises-davoir-desactive-ses-plateformes-facebook#primaryimage\",\"url\":\"https:\/\/static.africa-press.net\/cameroun\/sites\/57\/2022\/07\/img-62d577b5d0103.jpg\",\"contentUrl\":\"https:\/\/static.africa-press.net\/cameroun\/sites\/57\/2022\/07\/img-62d577b5d0103.jpg\",\"width\":800,\"height\":518,\"caption\":\"Cybercriminalit\u00e9: Le journaliste et lanceur d\u2019alertes Boris Bertolt accuse les autorit\u00e9s camerounaises d\u2019avoir d\u00e9sactiv\u00e9 ses plateformes Facebook\"},{\"@type\":\"BreadcrumbList\",\"@id\":\"https:\/\/www.africa-press.net\/cameroun\/toutes-les-actualites\/cybercriminalite-le-journaliste-et-lanceur-dalertes-boris-bertolt-accuse-les-autorites-camerounaises-davoir-desactive-ses-plateformes-facebook#breadcrumb\",\"itemListElement\":[{\"@type\":\"ListItem\",\"position\":1,\"name\":\"Accueil\",\"item\":\"https:\/\/www.africa-press.net\/cameroun\/\"},{\"@type\":\"ListItem\",\"position\":2,\"name\":\"Cybercriminalit\u00e9: Le journaliste et lanceur d\u2019alertes Boris Bertolt accuse les autorit\u00e9s camerounaises d\u2019avoir d\u00e9sactiv\u00e9 ses plateformes Facebook\"}]},{\"@type\":\"WebSite\",\"@id\":\"https:\/\/www.africa-press.net\/cameroun\/#website\",\"url\":\"https:\/\/www.africa-press.net\/cameroun\/\",\"name\":\"Cameroun\",\"description\":\"Just another Africa News Agency Sites site\",\"potentialAction\":[{\"@type\":\"SearchAction\",\"target\":{\"@type\":\"EntryPoint\",\"urlTemplate\":\"https:\/\/www.africa-press.net\/cameroun\/?s={search_term_string}\"},\"query-input\":{\"@type\":\"PropertyValueSpecification\",\"valueRequired\":true,\"valueName\":\"search_term_string\"}}],\"inLanguage\":\"fr-FR\"},{\"@type\":\"Person\",\"@id\":\"https:\/\/www.africa-press.net\/cameroun\/#\/schema\/person\/2b1cf3cd81a31e3cd26889ca66d677f1\",\"name\":\"cfeditorfr\"}]}<\/script>\n<!-- \/ Yoast SEO Premium plugin. -->","yoast_head_json":{"title":"Cybercriminalit\u00e9: Le journaliste et lanceur d\u2019alertes Boris Bertolt accuse les autorit\u00e9s camerounaises d\u2019avoir d\u00e9sactiv\u00e9 ses plateformes Facebook - Cameroun","description":"Il y a bient\u00f4t un mois, la page et le compte Facebook Boris Bertolt, appartenant au journaliste et lanceur d\u2019alerte en q ...","robots":{"index":"index","follow":"follow","max-snippet":"max-snippet:-1","max-image-preview":"max-image-preview:large","max-video-preview":"max-video-preview:-1"},"canonical":"https:\/\/www.africa-press.net\/cameroun\/toutes-les-actualites\/cybercriminalite-le-journaliste-et-lanceur-dalertes-boris-bertolt-accuse-les-autorites-camerounaises-davoir-desactive-ses-plateformes-facebook","og_locale":"fr_FR","og_type":"article","og_title":"Cybercriminalit\u00e9: Le journaliste et lanceur d\u2019alertes Boris Bertolt accuse les autorit\u00e9s camerounaises d\u2019avoir d\u00e9sactiv\u00e9 ses plateformes Facebook","og_description":"Il y a bient\u00f4t un mois, la page et le compte Facebook Boris Bertolt, appartenant au journaliste et lanceur d\u2019alerte en q ...","og_url":"https:\/\/www.africa-press.net\/cameroun\/toutes-les-actualites\/cybercriminalite-le-journaliste-et-lanceur-dalertes-boris-bertolt-accuse-les-autorites-camerounaises-davoir-desactive-ses-plateformes-facebook","og_site_name":"Cameroun","article_published_time":"2022-07-18T12:54:59+00:00","article_modified_time":"2022-07-18T15:10:41+00:00","og_image":[{"width":800,"height":518,"url":"https:\/\/static.africa-press.net\/cameroun\/sites\/57\/2022\/07\/img-62d577b5d0103.jpg","type":"image\/jpeg"}],"author":"cfeditorfr","twitter_card":"summary_large_image","twitter_misc":{"\u00c9crit par":"cfeditorfr","Dur\u00e9e de lecture estim\u00e9e":"5 minutes"},"schema":{"@context":"https:\/\/schema.org","@graph":[{"@type":"Article","@id":"https:\/\/www.africa-press.net\/cameroun\/toutes-les-actualites\/cybercriminalite-le-journaliste-et-lanceur-dalertes-boris-bertolt-accuse-les-autorites-camerounaises-davoir-desactive-ses-plateformes-facebook#article","isPartOf":{"@id":"https:\/\/www.africa-press.net\/cameroun\/toutes-les-actualites\/cybercriminalite-le-journaliste-et-lanceur-dalertes-boris-bertolt-accuse-les-autorites-camerounaises-davoir-desactive-ses-plateformes-facebook"},"author":{"name":"cfeditorfr","@id":"https:\/\/www.africa-press.net\/cameroun\/#\/schema\/person\/2b1cf3cd81a31e3cd26889ca66d677f1"},"headline":"Cybercriminalit\u00e9: Le journaliste et lanceur d\u2019alertes Boris Bertolt accuse les autorit\u00e9s camerounaises d\u2019avoir d\u00e9sactiv\u00e9 ses plateformes Facebook","datePublished":"2022-07-18T12:54:59+00:00","dateModified":"2022-07-18T15:10:41+00:00","mainEntityOfPage":{"@id":"https:\/\/www.africa-press.net\/cameroun\/toutes-les-actualites\/cybercriminalite-le-journaliste-et-lanceur-dalertes-boris-bertolt-accuse-les-autorites-camerounaises-davoir-desactive-ses-plateformes-facebook"},"wordCount":1034,"commentCount":0,"image":{"@id":"https:\/\/www.africa-press.net\/cameroun\/toutes-les-actualites\/cybercriminalite-le-journaliste-et-lanceur-dalertes-boris-bertolt-accuse-les-autorites-camerounaises-davoir-desactive-ses-plateformes-facebook#primaryimage"},"thumbnailUrl":"https:\/\/static.africa-press.net\/cameroun\/sites\/57\/2022\/07\/img-62d577b5d0103.jpg","keywords":["Africa Press","Africa Press-Cameroun","Cameroun"],"articleSection":["Communaut\u00e9","homepage-french","Toutes les actualit\u00e9s"],"inLanguage":"fr-FR","potentialAction":[{"@type":"CommentAction","name":"Comment","target":["https:\/\/www.africa-press.net\/cameroun\/toutes-les-actualites\/cybercriminalite-le-journaliste-et-lanceur-dalertes-boris-bertolt-accuse-les-autorites-camerounaises-davoir-desactive-ses-plateformes-facebook#respond"]}]},{"@type":"WebPage","@id":"https:\/\/www.africa-press.net\/cameroun\/toutes-les-actualites\/cybercriminalite-le-journaliste-et-lanceur-dalertes-boris-bertolt-accuse-les-autorites-camerounaises-davoir-desactive-ses-plateformes-facebook","url":"https:\/\/www.africa-press.net\/cameroun\/toutes-les-actualites\/cybercriminalite-le-journaliste-et-lanceur-dalertes-boris-bertolt-accuse-les-autorites-camerounaises-davoir-desactive-ses-plateformes-facebook","name":"Cybercriminalit\u00e9: Le journaliste et lanceur d\u2019alertes Boris Bertolt accuse les autorit\u00e9s camerounaises d\u2019avoir d\u00e9sactiv\u00e9 ses plateformes Facebook - Cameroun","isPartOf":{"@id":"https:\/\/www.africa-press.net\/cameroun\/#website"},"primaryImageOfPage":{"@id":"https:\/\/www.africa-press.net\/cameroun\/toutes-les-actualites\/cybercriminalite-le-journaliste-et-lanceur-dalertes-boris-bertolt-accuse-les-autorites-camerounaises-davoir-desactive-ses-plateformes-facebook#primaryimage"},"image":{"@id":"https:\/\/www.africa-press.net\/cameroun\/toutes-les-actualites\/cybercriminalite-le-journaliste-et-lanceur-dalertes-boris-bertolt-accuse-les-autorites-camerounaises-davoir-desactive-ses-plateformes-facebook#primaryimage"},"thumbnailUrl":"https:\/\/static.africa-press.net\/cameroun\/sites\/57\/2022\/07\/img-62d577b5d0103.jpg","datePublished":"2022-07-18T12:54:59+00:00","dateModified":"2022-07-18T15:10:41+00:00","author":{"@id":"https:\/\/www.africa-press.net\/cameroun\/#\/schema\/person\/2b1cf3cd81a31e3cd26889ca66d677f1"},"description":"Il y a bient\u00f4t un mois, la page et le compte Facebook Boris Bertolt, appartenant au journaliste et lanceur d\u2019alerte en q ...","breadcrumb":{"@id":"https:\/\/www.africa-press.net\/cameroun\/toutes-les-actualites\/cybercriminalite-le-journaliste-et-lanceur-dalertes-boris-bertolt-accuse-les-autorites-camerounaises-davoir-desactive-ses-plateformes-facebook#breadcrumb"},"inLanguage":"fr-FR","potentialAction":[{"@type":"ReadAction","target":["https:\/\/www.africa-press.net\/cameroun\/toutes-les-actualites\/cybercriminalite-le-journaliste-et-lanceur-dalertes-boris-bertolt-accuse-les-autorites-camerounaises-davoir-desactive-ses-plateformes-facebook"]}]},{"@type":"ImageObject","inLanguage":"fr-FR","@id":"https:\/\/www.africa-press.net\/cameroun\/toutes-les-actualites\/cybercriminalite-le-journaliste-et-lanceur-dalertes-boris-bertolt-accuse-les-autorites-camerounaises-davoir-desactive-ses-plateformes-facebook#primaryimage","url":"https:\/\/static.africa-press.net\/cameroun\/sites\/57\/2022\/07\/img-62d577b5d0103.jpg","contentUrl":"https:\/\/static.africa-press.net\/cameroun\/sites\/57\/2022\/07\/img-62d577b5d0103.jpg","width":800,"height":518,"caption":"Cybercriminalit\u00e9: Le journaliste et lanceur d\u2019alertes Boris Bertolt accuse les autorit\u00e9s camerounaises d\u2019avoir d\u00e9sactiv\u00e9 ses plateformes Facebook"},{"@type":"BreadcrumbList","@id":"https:\/\/www.africa-press.net\/cameroun\/toutes-les-actualites\/cybercriminalite-le-journaliste-et-lanceur-dalertes-boris-bertolt-accuse-les-autorites-camerounaises-davoir-desactive-ses-plateformes-facebook#breadcrumb","itemListElement":[{"@type":"ListItem","position":1,"name":"Accueil","item":"https:\/\/www.africa-press.net\/cameroun\/"},{"@type":"ListItem","position":2,"name":"Cybercriminalit\u00e9: Le journaliste et lanceur d\u2019alertes Boris Bertolt accuse les autorit\u00e9s camerounaises d\u2019avoir d\u00e9sactiv\u00e9 ses plateformes Facebook"}]},{"@type":"WebSite","@id":"https:\/\/www.africa-press.net\/cameroun\/#website","url":"https:\/\/www.africa-press.net\/cameroun\/","name":"Cameroun","description":"Just another Africa News Agency Sites site","potentialAction":[{"@type":"SearchAction","target":{"@type":"EntryPoint","urlTemplate":"https:\/\/www.africa-press.net\/cameroun\/?s={search_term_string}"},"query-input":{"@type":"PropertyValueSpecification","valueRequired":true,"valueName":"search_term_string"}}],"inLanguage":"fr-FR"},{"@type":"Person","@id":"https:\/\/www.africa-press.net\/cameroun\/#\/schema\/person\/2b1cf3cd81a31e3cd26889ca66d677f1","name":"cfeditorfr"}]}},"_links":{"self":[{"href":"https:\/\/www.africa-press.net\/cameroun\/wp-json\/wp\/v2\/posts\/23730","targetHints":{"allow":["GET"]}}],"collection":[{"href":"https:\/\/www.africa-press.net\/cameroun\/wp-json\/wp\/v2\/posts"}],"about":[{"href":"https:\/\/www.africa-press.net\/cameroun\/wp-json\/wp\/v2\/types\/post"}],"author":[{"embeddable":true,"href":"https:\/\/www.africa-press.net\/cameroun\/wp-json\/wp\/v2\/users\/82"}],"replies":[{"embeddable":true,"href":"https:\/\/www.africa-press.net\/cameroun\/wp-json\/wp\/v2\/comments?post=23730"}],"version-history":[{"count":0,"href":"https:\/\/www.africa-press.net\/cameroun\/wp-json\/wp\/v2\/posts\/23730\/revisions"}],"wp:featuredmedia":[{"embeddable":true,"href":"https:\/\/www.africa-press.net\/cameroun\/wp-json\/wp\/v2\/media\/23729"}],"wp:attachment":[{"href":"https:\/\/www.africa-press.net\/cameroun\/wp-json\/wp\/v2\/media?parent=23730"}],"wp:term":[{"taxonomy":"category","embeddable":true,"href":"https:\/\/www.africa-press.net\/cameroun\/wp-json\/wp\/v2\/categories?post=23730"},{"taxonomy":"post_tag","embeddable":true,"href":"https:\/\/www.africa-press.net\/cameroun\/wp-json\/wp\/v2\/tags?post=23730"}],"curies":[{"name":"wp","href":"https:\/\/api.w.org\/{rel}","templated":true}]}}