{"id":23733,"date":"2022-07-18T13:04:05","date_gmt":"2022-07-18T13:04:05","guid":{"rendered":"https:\/\/www.africa-press.net\/cameroun\/politique\/cameroun-crise-anglophone-medecins-sans-frontieres-ferme-ses-bureaux-de-mamfe-et-kumba"},"modified":"2022-07-18T15:11:35","modified_gmt":"2022-07-18T15:11:35","slug":"cameroun-crise-anglophone-medecins-sans-frontieres-ferme-ses-bureaux-de-mamfe-et-kumba","status":"publish","type":"post","link":"https:\/\/www.africa-press.net\/cameroun\/toutes-les-actualites\/cameroun-crise-anglophone-medecins-sans-frontieres-ferme-ses-bureaux-de-mamfe-et-kumba","title":{"rendered":"Cameroun-Crise anglophone\u00a0: M\u00e9decins sans fronti\u00e8res ferme ses bureaux de Mamfe et Kumba"},"content":{"rendered":"<p><span style=\"color: #ff6600\"><strong>Africa-Press &#8211; Cameroun. <\/strong><\/span>Cette fermeture prendra effet le 1er ao\u00fbt, entra\u00eenant ainsi la fin des contrats de la majorit\u00e9 du personnel de l\u2019association.<\/p>\n<p>M\u00e9decins Sans Fronti\u00e8res a pris la d\u00e9cision de fermer ses bureaux \u00e0 Kumba et Mamfe, dans la r\u00e9gion Sud-Ouest du Cameroun.<\/p>\n<p>Cette d\u00e9cision intervient quelque mois apr\u00e8s la suspension fin mars des activit\u00e9s de M\u00e9decins sans fronti\u00e8res dans le sud-ouest du pays en raison de l\u2019arrestation en d\u00e9cembre dernier de deux employ\u00e9s de l\u2019organisation, puis en janvier de deux autres.<\/p>\n<p>\u00ab Dans le contexte actuel, MSF ne peut maintenir son personnel sur place sans avoir de visibilit\u00e9 quant \u00e0 sa capacit\u00e9 \u00e0 reprendre des activit\u00e9s qui ne mettent pas en danger ses \u00e9quipes, notamment sur le plan juridique \u00bb, souligne l\u2019ONG.<\/p>\n<p>MSF travaille \u00e0 la lib\u00e9ration de ses quatre collaborateurs, d\u00e9tenus de mani\u00e8re injustifi\u00e9e depuis d\u00e9cembre 2021 et janvier 2022. Si deux d\u2019entre eux ont \u00e9t\u00e9 lib\u00e9r\u00e9s sous conditions en mai dernier, deux sont encore emprisonn\u00e9s et tous sont encore sous le coup d\u2019une proc\u00e9dure judiciaire, li\u00e9e \u00e0 leur engagement professionnel, qui consiste \u00e0 fournir une assistance m\u00e9dicale sans discrimination ethnique, politique ou religieuse.<\/p>\n<p>\u00ab Nous avons en ce moment quatre coll\u00e8gues qui sont en d\u00e9tention, deux ont \u00e9t\u00e9 lib\u00e9r\u00e9s en mai de mani\u00e8re conditionnelle, et deux sont toujours en prison \u00e0 Bu\u00e9a ; on attend la justice, ils vont aller devant le tribunal, \u00e7a va commencer maintenant en ao\u00fbt, et dans cette situation, on ne peut pas garantir la s\u00e9curit\u00e9 pour nos coll\u00e8gues \u00bb, a indiqu\u00e9 Gisa Kohler, directrice des op\u00e9rations de MSF au Cameroun selon RFI.<\/p>\n<p>Et apr\u00e8s\u2026 on voulait n\u00e9gocier avec le gouvernement de mani\u00e8re \u00e0 travailler sans risquer d\u2019avoir des coll\u00e8gues en d\u00e9tention\u2026 Et juste qu\u2019ici, on n\u2019a pas r\u00e9ussi \u00e0 le faire, et c\u2019est pourquoi on voulait concentrer toutes nos forces et nos activit\u00e9s sur les lib\u00e9rations de nos coll\u00e8gues \u00bb, a-t-il ajout\u00e9.<\/p>\n<p>L\u2019organisation continuera de travailler \u00e0 la lib\u00e9ration des employ\u00e9s de MSF et de poursuivre le dialogue avec les autorit\u00e9s, pour la mise en place de conditions permettant de mener les activit\u00e9s de l\u2019association dans un environnement s\u00fbr et s\u00e9curis\u00e9.<\/p>\n<p>MSF envisage de revoir n\u00e9anmoins cette d\u00e9cision apr\u00e8s le proc\u00e8s de ses employ\u00e9s et en fonction de ses \u00e9changes avec le gouvernement. L\u2019association garde espoir dans la possibilit\u00e9 d\u2019obtenir des autorit\u00e9s des conditions adapt\u00e9es \u00e0 son travail aupr\u00e8s des populations de la r\u00e9gion, sans que ses \u00e9quipes ne risquent de poursuites judiciaires.<\/p>\n<p><strong>Pour plus d&rsquo;informations et d&rsquo;analyses sur la <a href=\"https:\/\/www.africa-press.net\/cameroun\">Cameroun<\/a>, suivez <a href=\"https:\/\/www.africa-press.net\/\">Africa-Press<\/a><\/strong><\/p>\n","protected":false},"excerpt":{"rendered":"<p>Africa-Press &#8211; Cameroun. Cette fermeture prendra effet le 1er ao\u00fbt, entra\u00eenant ainsi la fin des contrats de la majorit\u00e9 du personnel de l\u2019association. M\u00e9decins Sans Fronti\u00e8res a pris la d\u00e9cision de fermer ses bureaux \u00e0 Kumba et Mamfe, dans la r\u00e9gion Sud-Ouest du Cameroun. Cette d\u00e9cision intervient quelque mois apr\u00e8s la suspension fin mars des [&hellip;]<\/p>\n","protected":false},"author":82,"featured_media":23732,"comment_status":"open","ping_status":"closed","sticky":false,"template":"","format":"standard","meta":{"footnotes":""},"categories":[21,11,10],"tags":[36,50,49],"class_list":["post-23733","post","type-post","status-publish","format-standard","has-post-thumbnail","hentry","category-communaute","category-homepage-french","category-toutes-les-actualites","tag-africa-press","tag-africa-press-cameroun","tag-cameroun"],"yoast_head":"<!-- This site is optimized with the Yoast SEO Premium plugin v26.1 (Yoast SEO v27.0) - https:\/\/yoast.com\/product\/yoast-seo-premium-wordpress\/ -->\n<title>Cameroun-Crise anglophone\u00a0: M\u00e9decins sans fronti\u00e8res ferme ses bureaux de Mamfe et Kumba - Cameroun<\/title>\n<meta name=\"description\" content=\"Cette fermeture prendra effet le 1er ao\u00fbt, entra\u00eenant ainsi la fin des contrats de la majorit\u00e9 du personnel de l\u2019associa ...\" \/>\n<meta name=\"robots\" content=\"index, follow, max-snippet:-1, max-image-preview:large, max-video-preview:-1\" \/>\n<link rel=\"canonical\" href=\"https:\/\/www.africa-press.net\/cameroun\/toutes-les-actualites\/cameroun-crise-anglophone-medecins-sans-frontieres-ferme-ses-bureaux-de-mamfe-et-kumba\" \/>\n<meta property=\"og:locale\" content=\"fr_FR\" \/>\n<meta property=\"og:type\" content=\"article\" \/>\n<meta property=\"og:title\" content=\"Cameroun-Crise anglophone\u00a0: M\u00e9decins sans fronti\u00e8res ferme ses bureaux de Mamfe et Kumba\" \/>\n<meta property=\"og:description\" content=\"Cette fermeture prendra effet le 1er ao\u00fbt, entra\u00eenant ainsi la fin des contrats de la majorit\u00e9 du personnel de l\u2019associa ...\" \/>\n<meta property=\"og:url\" content=\"https:\/\/www.africa-press.net\/cameroun\/toutes-les-actualites\/cameroun-crise-anglophone-medecins-sans-frontieres-ferme-ses-bureaux-de-mamfe-et-kumba\" \/>\n<meta property=\"og:site_name\" content=\"Cameroun\" \/>\n<meta property=\"article:published_time\" content=\"2022-07-18T13:04:05+00:00\" \/>\n<meta property=\"article:modified_time\" content=\"2022-07-18T15:11:35+00:00\" \/>\n<meta property=\"og:image\" content=\"https:\/\/static.africa-press.net\/cameroun\/sites\/57\/2022\/07\/img-62d577f965253.jpg\" \/>\n\t<meta property=\"og:image:width\" content=\"765\" \/>\n\t<meta property=\"og:image:height\" content=\"510\" \/>\n\t<meta property=\"og:image:type\" content=\"image\/jpeg\" \/>\n<meta name=\"author\" content=\"cfeditorfr\" \/>\n<meta name=\"twitter:card\" content=\"summary_large_image\" \/>\n<meta name=\"twitter:label1\" content=\"\u00c9crit par\" \/>\n\t<meta name=\"twitter:data1\" content=\"cfeditorfr\" \/>\n\t<meta name=\"twitter:label2\" content=\"Dur\u00e9e de lecture estim\u00e9e\" \/>\n\t<meta name=\"twitter:data2\" content=\"2 minutes\" \/>\n<script type=\"application\/ld+json\" class=\"yoast-schema-graph\">{\"@context\":\"https:\/\/schema.org\",\"@graph\":[{\"@type\":\"Article\",\"@id\":\"https:\/\/www.africa-press.net\/cameroun\/toutes-les-actualites\/cameroun-crise-anglophone-medecins-sans-frontieres-ferme-ses-bureaux-de-mamfe-et-kumba#article\",\"isPartOf\":{\"@id\":\"https:\/\/www.africa-press.net\/cameroun\/toutes-les-actualites\/cameroun-crise-anglophone-medecins-sans-frontieres-ferme-ses-bureaux-de-mamfe-et-kumba\"},\"author\":{\"name\":\"cfeditorfr\",\"@id\":\"https:\/\/www.africa-press.net\/cameroun\/#\/schema\/person\/2b1cf3cd81a31e3cd26889ca66d677f1\"},\"headline\":\"Cameroun-Crise anglophone\u00a0: M\u00e9decins sans fronti\u00e8res ferme ses bureaux de Mamfe et Kumba\",\"datePublished\":\"2022-07-18T13:04:05+00:00\",\"dateModified\":\"2022-07-18T15:11:35+00:00\",\"mainEntityOfPage\":{\"@id\":\"https:\/\/www.africa-press.net\/cameroun\/toutes-les-actualites\/cameroun-crise-anglophone-medecins-sans-frontieres-ferme-ses-bureaux-de-mamfe-et-kumba\"},\"wordCount\":482,\"commentCount\":0,\"image\":{\"@id\":\"https:\/\/www.africa-press.net\/cameroun\/toutes-les-actualites\/cameroun-crise-anglophone-medecins-sans-frontieres-ferme-ses-bureaux-de-mamfe-et-kumba#primaryimage\"},\"thumbnailUrl\":\"https:\/\/static.africa-press.net\/cameroun\/sites\/57\/2022\/07\/img-62d577f965253.jpg\",\"keywords\":[\"Africa Press\",\"Africa Press-Cameroun\",\"Cameroun\"],\"articleSection\":[\"Communaut\u00e9\",\"homepage-french\",\"Toutes les actualit\u00e9s\"],\"inLanguage\":\"fr-FR\",\"potentialAction\":[{\"@type\":\"CommentAction\",\"name\":\"Comment\",\"target\":[\"https:\/\/www.africa-press.net\/cameroun\/toutes-les-actualites\/cameroun-crise-anglophone-medecins-sans-frontieres-ferme-ses-bureaux-de-mamfe-et-kumba#respond\"]}]},{\"@type\":\"WebPage\",\"@id\":\"https:\/\/www.africa-press.net\/cameroun\/toutes-les-actualites\/cameroun-crise-anglophone-medecins-sans-frontieres-ferme-ses-bureaux-de-mamfe-et-kumba\",\"url\":\"https:\/\/www.africa-press.net\/cameroun\/toutes-les-actualites\/cameroun-crise-anglophone-medecins-sans-frontieres-ferme-ses-bureaux-de-mamfe-et-kumba\",\"name\":\"Cameroun-Crise anglophone\u00a0: M\u00e9decins sans fronti\u00e8res ferme ses bureaux de Mamfe et Kumba - Cameroun\",\"isPartOf\":{\"@id\":\"https:\/\/www.africa-press.net\/cameroun\/#website\"},\"primaryImageOfPage\":{\"@id\":\"https:\/\/www.africa-press.net\/cameroun\/toutes-les-actualites\/cameroun-crise-anglophone-medecins-sans-frontieres-ferme-ses-bureaux-de-mamfe-et-kumba#primaryimage\"},\"image\":{\"@id\":\"https:\/\/www.africa-press.net\/cameroun\/toutes-les-actualites\/cameroun-crise-anglophone-medecins-sans-frontieres-ferme-ses-bureaux-de-mamfe-et-kumba#primaryimage\"},\"thumbnailUrl\":\"https:\/\/static.africa-press.net\/cameroun\/sites\/57\/2022\/07\/img-62d577f965253.jpg\",\"datePublished\":\"2022-07-18T13:04:05+00:00\",\"dateModified\":\"2022-07-18T15:11:35+00:00\",\"author\":{\"@id\":\"https:\/\/www.africa-press.net\/cameroun\/#\/schema\/person\/2b1cf3cd81a31e3cd26889ca66d677f1\"},\"description\":\"Cette fermeture prendra effet le 1er ao\u00fbt, entra\u00eenant ainsi la fin des contrats de la majorit\u00e9 du personnel de l\u2019associa ...\",\"breadcrumb\":{\"@id\":\"https:\/\/www.africa-press.net\/cameroun\/toutes-les-actualites\/cameroun-crise-anglophone-medecins-sans-frontieres-ferme-ses-bureaux-de-mamfe-et-kumba#breadcrumb\"},\"inLanguage\":\"fr-FR\",\"potentialAction\":[{\"@type\":\"ReadAction\",\"target\":[\"https:\/\/www.africa-press.net\/cameroun\/toutes-les-actualites\/cameroun-crise-anglophone-medecins-sans-frontieres-ferme-ses-bureaux-de-mamfe-et-kumba\"]}]},{\"@type\":\"ImageObject\",\"inLanguage\":\"fr-FR\",\"@id\":\"https:\/\/www.africa-press.net\/cameroun\/toutes-les-actualites\/cameroun-crise-anglophone-medecins-sans-frontieres-ferme-ses-bureaux-de-mamfe-et-kumba#primaryimage\",\"url\":\"https:\/\/static.africa-press.net\/cameroun\/sites\/57\/2022\/07\/img-62d577f965253.jpg\",\"contentUrl\":\"https:\/\/static.africa-press.net\/cameroun\/sites\/57\/2022\/07\/img-62d577f965253.jpg\",\"width\":765,\"height\":510,\"caption\":\"Cameroun-Crise anglophone\u00a0: M\u00e9decins sans fronti\u00e8res ferme ses bureaux de Mamfe et Kumba\"},{\"@type\":\"BreadcrumbList\",\"@id\":\"https:\/\/www.africa-press.net\/cameroun\/toutes-les-actualites\/cameroun-crise-anglophone-medecins-sans-frontieres-ferme-ses-bureaux-de-mamfe-et-kumba#breadcrumb\",\"itemListElement\":[{\"@type\":\"ListItem\",\"position\":1,\"name\":\"Accueil\",\"item\":\"https:\/\/www.africa-press.net\/cameroun\/\"},{\"@type\":\"ListItem\",\"position\":2,\"name\":\"Cameroun-Crise anglophone\u00a0: M\u00e9decins sans fronti\u00e8res ferme ses bureaux de Mamfe et Kumba\"}]},{\"@type\":\"WebSite\",\"@id\":\"https:\/\/www.africa-press.net\/cameroun\/#website\",\"url\":\"https:\/\/www.africa-press.net\/cameroun\/\",\"name\":\"Cameroun\",\"description\":\"Just another Africa News Agency Sites site\",\"potentialAction\":[{\"@type\":\"SearchAction\",\"target\":{\"@type\":\"EntryPoint\",\"urlTemplate\":\"https:\/\/www.africa-press.net\/cameroun\/?s={search_term_string}\"},\"query-input\":{\"@type\":\"PropertyValueSpecification\",\"valueRequired\":true,\"valueName\":\"search_term_string\"}}],\"inLanguage\":\"fr-FR\"},{\"@type\":\"Person\",\"@id\":\"https:\/\/www.africa-press.net\/cameroun\/#\/schema\/person\/2b1cf3cd81a31e3cd26889ca66d677f1\",\"name\":\"cfeditorfr\"}]}<\/script>\n<!-- \/ Yoast SEO Premium plugin. -->","yoast_head_json":{"title":"Cameroun-Crise anglophone\u00a0: M\u00e9decins sans fronti\u00e8res ferme ses bureaux de Mamfe et Kumba - Cameroun","description":"Cette fermeture prendra effet le 1er ao\u00fbt, entra\u00eenant ainsi la fin des contrats de la majorit\u00e9 du personnel de l\u2019associa ...","robots":{"index":"index","follow":"follow","max-snippet":"max-snippet:-1","max-image-preview":"max-image-preview:large","max-video-preview":"max-video-preview:-1"},"canonical":"https:\/\/www.africa-press.net\/cameroun\/toutes-les-actualites\/cameroun-crise-anglophone-medecins-sans-frontieres-ferme-ses-bureaux-de-mamfe-et-kumba","og_locale":"fr_FR","og_type":"article","og_title":"Cameroun-Crise anglophone\u00a0: M\u00e9decins sans fronti\u00e8res ferme ses bureaux de Mamfe et Kumba","og_description":"Cette fermeture prendra effet le 1er ao\u00fbt, entra\u00eenant ainsi la fin des contrats de la majorit\u00e9 du personnel de l\u2019associa ...","og_url":"https:\/\/www.africa-press.net\/cameroun\/toutes-les-actualites\/cameroun-crise-anglophone-medecins-sans-frontieres-ferme-ses-bureaux-de-mamfe-et-kumba","og_site_name":"Cameroun","article_published_time":"2022-07-18T13:04:05+00:00","article_modified_time":"2022-07-18T15:11:35+00:00","og_image":[{"width":765,"height":510,"url":"https:\/\/static.africa-press.net\/cameroun\/sites\/57\/2022\/07\/img-62d577f965253.jpg","type":"image\/jpeg"}],"author":"cfeditorfr","twitter_card":"summary_large_image","twitter_misc":{"\u00c9crit par":"cfeditorfr","Dur\u00e9e de lecture estim\u00e9e":"2 minutes"},"schema":{"@context":"https:\/\/schema.org","@graph":[{"@type":"Article","@id":"https:\/\/www.africa-press.net\/cameroun\/toutes-les-actualites\/cameroun-crise-anglophone-medecins-sans-frontieres-ferme-ses-bureaux-de-mamfe-et-kumba#article","isPartOf":{"@id":"https:\/\/www.africa-press.net\/cameroun\/toutes-les-actualites\/cameroun-crise-anglophone-medecins-sans-frontieres-ferme-ses-bureaux-de-mamfe-et-kumba"},"author":{"name":"cfeditorfr","@id":"https:\/\/www.africa-press.net\/cameroun\/#\/schema\/person\/2b1cf3cd81a31e3cd26889ca66d677f1"},"headline":"Cameroun-Crise anglophone\u00a0: M\u00e9decins sans fronti\u00e8res ferme ses bureaux de Mamfe et Kumba","datePublished":"2022-07-18T13:04:05+00:00","dateModified":"2022-07-18T15:11:35+00:00","mainEntityOfPage":{"@id":"https:\/\/www.africa-press.net\/cameroun\/toutes-les-actualites\/cameroun-crise-anglophone-medecins-sans-frontieres-ferme-ses-bureaux-de-mamfe-et-kumba"},"wordCount":482,"commentCount":0,"image":{"@id":"https:\/\/www.africa-press.net\/cameroun\/toutes-les-actualites\/cameroun-crise-anglophone-medecins-sans-frontieres-ferme-ses-bureaux-de-mamfe-et-kumba#primaryimage"},"thumbnailUrl":"https:\/\/static.africa-press.net\/cameroun\/sites\/57\/2022\/07\/img-62d577f965253.jpg","keywords":["Africa Press","Africa Press-Cameroun","Cameroun"],"articleSection":["Communaut\u00e9","homepage-french","Toutes les actualit\u00e9s"],"inLanguage":"fr-FR","potentialAction":[{"@type":"CommentAction","name":"Comment","target":["https:\/\/www.africa-press.net\/cameroun\/toutes-les-actualites\/cameroun-crise-anglophone-medecins-sans-frontieres-ferme-ses-bureaux-de-mamfe-et-kumba#respond"]}]},{"@type":"WebPage","@id":"https:\/\/www.africa-press.net\/cameroun\/toutes-les-actualites\/cameroun-crise-anglophone-medecins-sans-frontieres-ferme-ses-bureaux-de-mamfe-et-kumba","url":"https:\/\/www.africa-press.net\/cameroun\/toutes-les-actualites\/cameroun-crise-anglophone-medecins-sans-frontieres-ferme-ses-bureaux-de-mamfe-et-kumba","name":"Cameroun-Crise anglophone\u00a0: M\u00e9decins sans fronti\u00e8res ferme ses bureaux de Mamfe et Kumba - Cameroun","isPartOf":{"@id":"https:\/\/www.africa-press.net\/cameroun\/#website"},"primaryImageOfPage":{"@id":"https:\/\/www.africa-press.net\/cameroun\/toutes-les-actualites\/cameroun-crise-anglophone-medecins-sans-frontieres-ferme-ses-bureaux-de-mamfe-et-kumba#primaryimage"},"image":{"@id":"https:\/\/www.africa-press.net\/cameroun\/toutes-les-actualites\/cameroun-crise-anglophone-medecins-sans-frontieres-ferme-ses-bureaux-de-mamfe-et-kumba#primaryimage"},"thumbnailUrl":"https:\/\/static.africa-press.net\/cameroun\/sites\/57\/2022\/07\/img-62d577f965253.jpg","datePublished":"2022-07-18T13:04:05+00:00","dateModified":"2022-07-18T15:11:35+00:00","author":{"@id":"https:\/\/www.africa-press.net\/cameroun\/#\/schema\/person\/2b1cf3cd81a31e3cd26889ca66d677f1"},"description":"Cette fermeture prendra effet le 1er ao\u00fbt, entra\u00eenant ainsi la fin des contrats de la majorit\u00e9 du personnel de l\u2019associa ...","breadcrumb":{"@id":"https:\/\/www.africa-press.net\/cameroun\/toutes-les-actualites\/cameroun-crise-anglophone-medecins-sans-frontieres-ferme-ses-bureaux-de-mamfe-et-kumba#breadcrumb"},"inLanguage":"fr-FR","potentialAction":[{"@type":"ReadAction","target":["https:\/\/www.africa-press.net\/cameroun\/toutes-les-actualites\/cameroun-crise-anglophone-medecins-sans-frontieres-ferme-ses-bureaux-de-mamfe-et-kumba"]}]},{"@type":"ImageObject","inLanguage":"fr-FR","@id":"https:\/\/www.africa-press.net\/cameroun\/toutes-les-actualites\/cameroun-crise-anglophone-medecins-sans-frontieres-ferme-ses-bureaux-de-mamfe-et-kumba#primaryimage","url":"https:\/\/static.africa-press.net\/cameroun\/sites\/57\/2022\/07\/img-62d577f965253.jpg","contentUrl":"https:\/\/static.africa-press.net\/cameroun\/sites\/57\/2022\/07\/img-62d577f965253.jpg","width":765,"height":510,"caption":"Cameroun-Crise anglophone\u00a0: M\u00e9decins sans fronti\u00e8res ferme ses bureaux de Mamfe et Kumba"},{"@type":"BreadcrumbList","@id":"https:\/\/www.africa-press.net\/cameroun\/toutes-les-actualites\/cameroun-crise-anglophone-medecins-sans-frontieres-ferme-ses-bureaux-de-mamfe-et-kumba#breadcrumb","itemListElement":[{"@type":"ListItem","position":1,"name":"Accueil","item":"https:\/\/www.africa-press.net\/cameroun\/"},{"@type":"ListItem","position":2,"name":"Cameroun-Crise anglophone\u00a0: M\u00e9decins sans fronti\u00e8res ferme ses bureaux de Mamfe et Kumba"}]},{"@type":"WebSite","@id":"https:\/\/www.africa-press.net\/cameroun\/#website","url":"https:\/\/www.africa-press.net\/cameroun\/","name":"Cameroun","description":"Just another Africa News Agency Sites site","potentialAction":[{"@type":"SearchAction","target":{"@type":"EntryPoint","urlTemplate":"https:\/\/www.africa-press.net\/cameroun\/?s={search_term_string}"},"query-input":{"@type":"PropertyValueSpecification","valueRequired":true,"valueName":"search_term_string"}}],"inLanguage":"fr-FR"},{"@type":"Person","@id":"https:\/\/www.africa-press.net\/cameroun\/#\/schema\/person\/2b1cf3cd81a31e3cd26889ca66d677f1","name":"cfeditorfr"}]}},"_links":{"self":[{"href":"https:\/\/www.africa-press.net\/cameroun\/wp-json\/wp\/v2\/posts\/23733","targetHints":{"allow":["GET"]}}],"collection":[{"href":"https:\/\/www.africa-press.net\/cameroun\/wp-json\/wp\/v2\/posts"}],"about":[{"href":"https:\/\/www.africa-press.net\/cameroun\/wp-json\/wp\/v2\/types\/post"}],"author":[{"embeddable":true,"href":"https:\/\/www.africa-press.net\/cameroun\/wp-json\/wp\/v2\/users\/82"}],"replies":[{"embeddable":true,"href":"https:\/\/www.africa-press.net\/cameroun\/wp-json\/wp\/v2\/comments?post=23733"}],"version-history":[{"count":0,"href":"https:\/\/www.africa-press.net\/cameroun\/wp-json\/wp\/v2\/posts\/23733\/revisions"}],"wp:featuredmedia":[{"embeddable":true,"href":"https:\/\/www.africa-press.net\/cameroun\/wp-json\/wp\/v2\/media\/23732"}],"wp:attachment":[{"href":"https:\/\/www.africa-press.net\/cameroun\/wp-json\/wp\/v2\/media?parent=23733"}],"wp:term":[{"taxonomy":"category","embeddable":true,"href":"https:\/\/www.africa-press.net\/cameroun\/wp-json\/wp\/v2\/categories?post=23733"},{"taxonomy":"post_tag","embeddable":true,"href":"https:\/\/www.africa-press.net\/cameroun\/wp-json\/wp\/v2\/tags?post=23733"}],"curies":[{"name":"wp","href":"https:\/\/api.w.org\/{rel}","templated":true}]}}